{"id":61746,"date":"2022-09-03T09:25:48","date_gmt":"2022-09-03T09:25:48","guid":{"rendered":"https:\/\/www.shqiperia.com\/blog\/?p=61746"},"modified":"2022-09-03T09:25:48","modified_gmt":"2022-09-03T09:25:48","slug":"moska-kercenon-shba-me-lufte-berthamore-nje-fije-peri-e-ndan-boten-nga-shperthimi-i-bombave-nukleare","status":"publish","type":"post","link":"https:\/\/www.shqiperia.com\/blog\/moska-kercenon-shba-me-lufte-berthamore-nje-fije-peri-e-ndan-boten-nga-shperthimi-i-bombave-nukleare\/","title":{"rendered":"Moska k\u00ebrc\u00ebnon SHBA me luft\u00eb b\u00ebrthamore, nj\u00eb fije peri e ndan bot\u00ebn nga shp\u00ebrthimi i bombave nukleare"},"content":{"rendered":"<div style=\"padding: 0px;margin: auto;width: 1200px;color: #000000;font-family: sans-serif;font-size: medium\" class=\"c-main\">\n<div style=\"padding: 0px 100px 0px 0px;margin: 0px 0px 15px\" class=\"c-header-content\">\n<p><img data-recalc-dims=\"1\" loading=\"lazy\" decoding=\"async\" data-attachment-id=\"61747\" data-permalink=\"https:\/\/www.shqiperia.com\/blog\/moska-kercenon-shba-me-lufte-berthamore-nje-fije-peri-e-ndan-boten-nga-shperthimi-i-bombave-nukleare\/800-0-63131335ade5b\/\" data-orig-file=\"https:\/\/i0.wp.com\/www.shqiperia.com\/blog\/wp-content\/uploads\/2022\/09\/800-0-63131335ade5b.png?fit=800%2C563&amp;ssl=1\" data-orig-size=\"800,563\" data-comments-opened=\"1\" data-image-meta=\"{&quot;aperture&quot;:&quot;0&quot;,&quot;credit&quot;:&quot;&quot;,&quot;camera&quot;:&quot;&quot;,&quot;caption&quot;:&quot;&quot;,&quot;created_timestamp&quot;:&quot;0&quot;,&quot;copyright&quot;:&quot;&quot;,&quot;focal_length&quot;:&quot;0&quot;,&quot;iso&quot;:&quot;0&quot;,&quot;shutter_speed&quot;:&quot;0&quot;,&quot;title&quot;:&quot;&quot;,&quot;orientation&quot;:&quot;0&quot;}\" data-image-title=\"-800-0-63131335ade5b\" data-image-description=\"\" data-image-caption=\"\" data-medium-file=\"https:\/\/i0.wp.com\/www.shqiperia.com\/blog\/wp-content\/uploads\/2022\/09\/800-0-63131335ade5b.png?fit=300%2C211&amp;ssl=1\" data-large-file=\"https:\/\/i0.wp.com\/www.shqiperia.com\/blog\/wp-content\/uploads\/2022\/09\/800-0-63131335ade5b.png?fit=800%2C563&amp;ssl=1\" class=\"alignnone  wp-image-61747\" alt=\"\" src=\"https:\/\/i0.wp.com\/www.shqiperia.com\/blog\/wp-content\/uploads\/2022\/09\/800-0-63131335ade5b.png?resize=458%2C322&#038;ssl=1\" width=\"458\" height=\"322\" srcset=\"https:\/\/i0.wp.com\/www.shqiperia.com\/blog\/wp-content\/uploads\/2022\/09\/800-0-63131335ade5b.png?resize=300%2C211&amp;ssl=1 300w, https:\/\/i0.wp.com\/www.shqiperia.com\/blog\/wp-content\/uploads\/2022\/09\/800-0-63131335ade5b.png?resize=768%2C540&amp;ssl=1 768w, https:\/\/i0.wp.com\/www.shqiperia.com\/blog\/wp-content\/uploads\/2022\/09\/800-0-63131335ade5b.png?resize=450%2C317&amp;ssl=1 450w, https:\/\/i0.wp.com\/www.shqiperia.com\/blog\/wp-content\/uploads\/2022\/09\/800-0-63131335ade5b.png?resize=600%2C422&amp;ssl=1 600w, https:\/\/i0.wp.com\/www.shqiperia.com\/blog\/wp-content\/uploads\/2022\/09\/800-0-63131335ade5b.png?resize=400%2C282&amp;ssl=1 400w, https:\/\/i0.wp.com\/www.shqiperia.com\/blog\/wp-content\/uploads\/2022\/09\/800-0-63131335ade5b.png?w=800&amp;ssl=1 800w\" sizes=\"auto, (max-width: 458px) 100vw, 458px\" \/><\/p>\n<p>3 Shtator 2022<\/p>\n<p>Paralajm\u00ebrimi i Mosk\u00ebs p\u00ebr Uashingtonin \u00ebsht\u00eb nj\u00eb k\u00ebrc\u00ebnim i v\u00ebrtet\u00eb. &#8220;Ne paralajm\u00ebrojm\u00eb Shtetet e Bashkuara kund\u00ebr marrjes s\u00eb hapave provokues, duke p\u00ebrfshir\u00eb furnizimin (p\u00ebr Ukrain\u00ebn) t\u00eb arm\u00ebve gjithnj\u00eb e m\u00eb shum\u00eb afatgjata dhe m\u00eb shkat\u00ebrruese,&#8221; tha z\u00ebvend\u00ebs ministri i jasht\u00ebm rus Sergei Ryabkov n\u00eb nj\u00eb intervist\u00eb me televizionin Rossya-24. Sipas Rusis\u00eb, shkurt, tani ka vet\u00ebm nj\u00eb &#8220;vij\u00eb shum\u00eb t\u00eb holl\u00eb p\u00ebr t\u00eb ndar\u00eb Shtetet e Bashkuara nga b\u00ebrja pal\u00eb e konfliktit&#8221;. Forcat e pacipa anti-ruse, k\u00ebrc\u00ebnoi ai, nuk duhet t\u00eb mashtrojn\u00eb veten se \u00e7do gj\u00eb do t\u00eb mbetet e pandryshuar sapo t\u00eb kaloj\u00eb kjo vij\u00eb. Ryabkov kujtoi doktrin\u00ebn ushtarake t\u00eb vendit, e cila parashikon p\u00ebrdorimin e arm\u00ebve b\u00ebrthamore n\u00eb rast t\u00eb nj\u00eb k\u00ebrc\u00ebnimi p\u00ebr ekzistenc\u00ebn e shtetit rus. \u00a0&#8220;Demonizimi i Rusis\u00eb filloi n\u00eb SHBA shum\u00eb koh\u00eb p\u00ebrpara operacionit t\u00eb posa\u00e7\u00ebm ushtarak (n\u00eb Ukrain\u00eb),&#8221; shtoi Ryabkov n\u00eb TV. Q\u00eb nga dekada e par\u00eb e shekullit t\u00eb 21-t\u00eb, z\u00ebvend\u00ebs ministri k\u00ebmb\u00ebnguli: &#8220;Elitat politike amerikane kan\u00eb adoptuar nj\u00eb tregim anti-rus, me fjal\u00eb t\u00eb tjera, p\u00ebrralla q\u00eb nuk kan\u00eb t\u00eb b\u00ebjn\u00eb fare me realitetin.&#8221; Sipas Ryabkov, nj\u00eb tregim i till\u00eb &#8220;sh\u00ebrben si nj\u00eb ekran p\u00ebr t\u00eb mbuluar d\u00ebshtimet e tyre, grindjet e tyre politike t\u00eb brendshme dhe problemet, t\u00eb cilat po shumohen n\u00eb shoq\u00ebrin\u00eb amerikane.&#8221;<\/p>\n<p>Lavrov k\u00ebrc\u00ebnon Moldavin\u00eb<\/p>\n<p>Gjuha ruse pas \u00e7do dite d\u00ebshtimi n\u00eb Ukrain\u00eb ka filluar t\u00eb b\u00ebhet m\u00eb e larmishme p\u00ebrsa i p\u00ebrket k\u00ebrc\u00ebnimee. Ministri i Jasht\u00ebm i Rusis\u00eb, Sergei Lavrov ka paralajm\u00ebruar Moldavin\u00eb se mund t\u00eb p\u00ebsoj\u00eb fatin e Ukrain\u00ebs n\u00ebse nuk zgjidhet me dialog t\u00eb drejt\u00ebp\u00ebrdrejt\u00eb konflikti n\u00eb Tiraspol. Kreu i diplomacis\u00eb ruse pretendon se Kishinau zyrtar \u201cnuk d\u00ebshiron nj\u00eb dialog t\u00eb drejtp\u00ebrdrejt\u00eb me Tiraspol-in\u201d dhe \u201cpo mb\u00ebshtet nj\u00eb zgjidhje jodiplomatike t\u00eb konfliktit\u201d. Lavrov i premtoi gjithashtu se \u201cai do t\u00eb b\u00ebj\u00eb gjith\u00e7ka p\u00ebr t\u00eb mbrojtur popullsin\u00eb rusishtfol\u00ebse t\u00eb Moldavis\u00eb dhe Transnistris\u00eb\u201d. \u201cT\u00eb mos harrojm\u00eb se n\u00eb Moldavi, p\u00ebrve\u00e7 Transnistris\u00eb, \u00ebsht\u00eb edhe Gagauzia, e cila gjithashtu k\u00ebrkon nj\u00eb status t\u00eb ve\u00e7ant\u00eb\u201d, deklaroi Lavrov. \u201cBesoj se autoritetet moldave do t\u00eb veprojn\u00eb drejt, n\u00ebse heqin dor\u00eb nga loj\u00ebrat gjeopolitike t\u00eb imponuara nga Per\u00ebndimi dhe mendojn\u00eb p\u00ebr interesat e qytetar\u00ebve, t\u00eb cil\u00ebt momentalisht jetojn\u00eb t\u00eb sigurt\u00eb\u201d, deklaroi Lavrov. N\u00eb t\u00eb nj\u00ebjt\u00ebn koh\u00eb, presidentja e Republik\u00ebs s\u00eb Moldavis\u00eb, Maia Sandu, tha edhe nj\u00eb her\u00eb Kishinau zyrtar d\u00ebshiron ta zgjidh\u00eb konfliktin n\u00eb Transnistria, rajonin separatist pro-rus n\u00eb m\u00ebnyr\u00eb \u201cpaq\u00ebsore\u201d dhe u zotua se do t\u00eb shkoj\u00eb n\u00eb Gagauzia p\u00ebr t\u00eb biseduar nga af\u00ebr me njer\u00ebzit q\u00eb protestojn\u00eb atje.<\/p>\n<p>Putin ndryshon planet?<\/p>\n<p>Rusia ka d\u00ebshtuar t\u00eb arrij\u00eb nj\u00eb nga q\u00ebllimet e saj kryesore n\u00eb Ukrain\u00eb pas m\u00eb shum\u00eb se gjasht\u00eb muajve t\u00eb funksionimit t\u00eb pushtimit t\u00eb t\u00eb gjith\u00eb rajonit t\u00eb Donetskut. Rusia, kujtojm\u00eb, ka arritur t\u00eb pushtoj\u00eb rajonin lindor t\u00eb Luganskut, por luftimet jasht\u00ebzakonisht t\u00eb ashpra vazhdojn\u00eb n\u00eb t\u00eb gjith\u00eb Donetskun. Si rezultat, presidenti rus u detyrua t\u00eb ndryshoj\u00eb afatin p\u00ebr pushtimin e Donetskut nga 31 gushti deri m\u00eb 15 shtator, sipas selis\u00eb s\u00eb forcave t\u00eb armatosura ukrainase. Ushtria ukrainase thot\u00eb se forcat ruse po rigrumohen p\u00ebr t\u00eb rritur numrin e trupave n\u00eb per\u00ebndim t\u00eb qytetit Donetsk. Qendra k\u00ebrkimore e SH.B.A.-s\u00eb, Instituti p\u00ebr Luft\u00ebn, tha se nuk kishte &#8220;gjasa&#8221; q\u00eb Rusia t\u00eb ishte n\u00eb gjendje t\u00eb pushtonte t\u00eb gjith\u00eb Donetskun deri n\u00eb 15 shtator. Presidenti i Rusis\u00eb, Vladimir Putin, ka b\u00ebr\u00eb nj\u00eb deklarat\u00eb t\u00eb fort\u00eb, nd\u00ebrsa tha se Ukraina \u00ebsht\u00eb \u201cenklav\u00eb anti-ruse\u201d dhe eliminimi i saj \u00ebsht\u00eb nj\u00eb prej q\u00ebllimeve t\u00eb luft\u00ebs q\u00eb ka nisur Rusia m\u00eb shum\u00eb se gjasht\u00eb muaj m\u00eb par\u00eb.<\/p>\n<p>Putin: Ukraina \u00ebsht\u00eb nj\u00eb enklav\u00eb, duhet ta eliminojm\u00eb patjet\u00ebr<\/p>\n<p>Putin e b\u00ebri k\u00ebt\u00eb deklarat\u00eb gjat\u00eb nj\u00eb takimi me disa nx\u00ebn\u00ebs n\u00eb Kaliningrad, sipas agjencis\u00eb s\u00eb lajmeve Interfax.\u00a0 \u201cP\u00ebr k\u00ebt\u00eb arsye njer\u00ebzit tan\u00eb jan\u00eb duke luftuar atje. Ne jemi duke mbrojtur banor\u00ebt e Donbasit dhe vet\u00eb Rusis\u00eb\u201d- deklaroi ai. Enklava \u00ebsht\u00eb nj\u00eb territor i huaj q\u00eb rrethohet nga nj\u00eb territor tjet\u00ebr. Me nj\u00eb formulim t\u00eb till\u00eb, lideri i Kremlinit ka shp\u00ebrfaqur synimet p\u00ebr pron\u00ebsi t\u00eb gjith\u00eb Ukrain\u00ebs fqinje. Deklarimi zyrtar nga ana e Rusis\u00eb p\u00ebr luft\u00ebn n\u00eb Ukrain\u00eb ka qen\u00eb \u201c\u00e7lirimi\u201d i rajoneve Donjeck dhe Luhansk nga nacionalist\u00ebt ukrainas. Presidenti rus, Vladimir Putin, ka urdh\u00ebruar pushtimin e Ukrain\u00ebs m\u00eb 24 shkurt.<\/p>\n<p>Gazeta Sot<\/p>\n<div style=\"padding: 0px;margin: 0px\" class=\"c-article_info\">\n<div style=\"padding: 0px;margin: 0px;width: auto;align-items: center\" class=\"c-article_writer\">\n<div style=\"padding: 0px;margin: 0px\" class=\"c-writers_content\"><\/div>\n<\/div>\n<\/div>\n<div style=\"padding: 0px;margin: 15px 0px 0px;clear: both\" class=\"addthis_inline_share_toolbox\" data-url=\"https:\/\/sot.com.al\/bota\/moska-kercenon-shba-me-lufte-berthamore-nje-fije-peri-e-ndan-boten-nga-shpe-i534077\" data-title=\"Moska k\u00ebrc\u00ebnon SHBA me luft\u00eb b\u00ebrthamore, nj\u00eb fije peri e ndan bot\u00ebn nga shp\u00ebrthimi i bombave nukleare\" data-description=\"Paralajm\u00ebrimi i Mosk\u00ebs p\u00ebr Uashingtonin \u00ebsht\u00eb nj\u00eb k\u00ebrc\u00ebnim i v\u00ebrtet\u00eb\">\n<div style=\"padding: 0px;margin: 0px;font-size: 0px;line-height: 0\" class=\"at-resp-share-element at-style-responsive addthis-smartlayers addthis-animated at4-show\" id=\"atstbx\" aria-labelledby=\"at-f9c1a60a-826f-4403-ba71-136f46bbb6d3\">\n<div style=\"padding: 0px;margin: 0px\" class=\"at-share-btn-elements\"><\/div>\n<\/div>\n<\/div>\n<\/div>\n<\/div>\n<div style=\"padding: 0px;margin: auto;width: 1200px;color: #000000;font-family: sans-serif;font-size: medium\" class=\"c-main\">\n<div style=\"padding: 0px;margin: 0px\" class=\"c-flexy flex-m\">\n<div style=\"padding: 0px 80px 0px 0px;margin: 0px;flex: 1 1 auto\" class=\"c-open-content c-left\">\n<div style=\"padding: 0px;margin: 0px\" class=\"open-a-content\">\n<div style=\"padding: 0px;margin: 0px 0px 30px\" class=\"horizontal imazhiim\"><\/div>\n<\/div>\n<\/div>\n<\/div>\n<\/div>\n","protected":false},"excerpt":{"rendered":"<p>3 Shtator 2022 Paralajm\u00ebrimi i Mosk\u00ebs p\u00ebr Uashingtonin \u00ebsht\u00eb nj\u00eb k\u00ebrc\u00ebnim i v\u00ebrtet\u00eb. &#8220;Ne paralajm\u00ebrojm\u00eb Shtetet e Bashkuara kund\u00ebr marrjes s\u00eb hapave provokues, duke p\u00ebrfshir\u00eb furnizimin (p\u00ebr Ukrain\u00ebn) t\u00eb arm\u00ebve gjithnj\u00eb e m\u00eb shum\u00eb afatgjata dhe m\u00eb shkat\u00ebrruese,&#8221; tha z\u00ebvend\u00ebs ministri i jasht\u00ebm rus Sergei Ryabkov n\u00eb nj\u00eb intervist\u00eb me televizionin Rossya-24. Sipas Rusis\u00eb, shkurt, [&hellip;]<\/p>\n","protected":false},"author":9,"featured_media":61747,"comment_status":"open","ping_status":"open","sticky":false,"template":"","format":"standard","meta":{"jetpack_post_was_ever_published":false,"_jetpack_newsletter_access":"","_jetpack_dont_email_post_to_subs":false,"_jetpack_newsletter_tier_id":0,"_jetpack_memberships_contains_paywalled_content":false,"_jetpack_memberships_contains_paid_content":false,"footnotes":"","jetpack_publicize_message":"","jetpack_publicize_feature_enabled":true,"jetpack_social_post_already_shared":true,"jetpack_social_options":{"image_generator_settings":{"template":"highway","default_image_id":0,"font":"","enabled":false},"version":2}},"categories":[27,2,35],"tags":[],"class_list":["post-61746","post","type-post","status-publish","format-standard","has-post-thumbnail","hentry","category-blogu-i-udhetarit","category-politika","category-shoqerore"],"jetpack_publicize_connections":[],"jetpack_featured_media_url":"https:\/\/i0.wp.com\/www.shqiperia.com\/blog\/wp-content\/uploads\/2022\/09\/800-0-63131335ade5b.png?fit=800%2C563&ssl=1","jetpack_sharing_enabled":true,"jetpack_shortlink":"https:\/\/wp.me\/p5Z6wp-g3U","jetpack-related-posts":[{"id":46407,"url":"https:\/\/www.shqiperia.com\/blog\/konflikti-rusia-paralajmeron-shba-ne-mos-i-sillni-anijet-luftarake-ne-detin-e-zi-ndryshe-do-te-keni-pasoja\/","url_meta":{"origin":61746,"position":0},"title":"Konflikti\/ Rusia paralajm\u00ebron SHBA-n\u00eb: Mos i sillni anijet luftarake n\u00eb Detin e Zi, ndryshe do t\u00eb keni pasoja","author":"Kurt Farka","date":"April 14, 2021","format":false,"excerpt":"Konflikti\/ Rusia paralajm\u00ebron SHBA-n\u00eb: Mos i sillni anijet luftarake n\u00eb Detin e Zi, ndryshe do t\u00eb keni pasoja 13 PRILL 2021 Moska aneksoi Krimen\u00eb nga Ukraina n\u00eb 2014 dhe dy anije luftarake t\u00eb SHBA do t\u00eb mb\u00ebrrijn\u00eb n\u00eb Detin e Zi k\u00ebt\u00eb jav\u00eb n\u00eb mes t\u00eb nj\u00eb p\u00ebrshkall\u00ebzimi n\u00eb luftimet\u2026","rel":"","context":"In &quot;Blogu i Udh\u00ebtarit&quot;","block_context":{"text":"Blogu i Udh\u00ebtarit","link":"https:\/\/www.shqiperia.com\/blog\/category\/blogu-i-udhetarit\/"},"img":{"alt_text":"","src":"https:\/\/i0.wp.com\/www.shqiperia.com\/blog\/wp-content\/uploads\/2021\/04\/640-0-6075c56f33d36.jpg?fit=640%2C367&ssl=1&resize=350%2C200","width":350,"height":200,"srcset":"https:\/\/i0.wp.com\/www.shqiperia.com\/blog\/wp-content\/uploads\/2021\/04\/640-0-6075c56f33d36.jpg?fit=640%2C367&ssl=1&resize=350%2C200 1x, https:\/\/i0.wp.com\/www.shqiperia.com\/blog\/wp-content\/uploads\/2021\/04\/640-0-6075c56f33d36.jpg?fit=640%2C367&ssl=1&resize=525%2C300 1.5x"},"classes":[]},{"id":72222,"url":"https:\/\/www.shqiperia.com\/blog\/takimi-blinken-qin-gang-dash-bisedime-te-sinqerta-dhe-te-drejtperdrejta%e2%80%8b%e2%80%8b%e2%80%8b%e2%80%8b%e2%80%8b%e2%80%8b%e2%80%8b\/","url_meta":{"origin":61746,"position":1},"title":"Takimi Blinken-Qin Gang, DASH: &#8211; Bisedime t\u00eb sinqerta dhe t\u00eb drejtp\u00ebrdrejta\u200b\u200b\u200b\u200b\u200b\u200b\u200b","author":"Kurt Farka","date":"June 19, 2023","format":false,"excerpt":"19 Qershor 2023 Sekretari amerikan i Shtetit Antony Blinken dhe ministri i jasht\u00ebm kinez Qin Gang zhvilluan bisedime \u201ct\u00eb sinqerta\u201d dhe \u201ct\u00eb drejtp\u00ebrdrejta\u201d n\u00eb Pekin t\u00eb diel\u00ebn, tha Departamenti i Shtetit, nd\u00ebrsa Shtetet e Bashkuara dhe Kina k\u00ebrkojn\u00eb t\u00eb stabilizojn\u00eb marr\u00ebdh\u00ebniet dypal\u00ebshe mes tensioneve n\u00eb rritje. Gjat\u00eb takimit shtat\u00eb or\u00eb\u2026","rel":"","context":"In &quot;Blogu i Udh\u00ebtarit&quot;","block_context":{"text":"Blogu i Udh\u00ebtarit","link":"https:\/\/www.shqiperia.com\/blog\/category\/blogu-i-udhetarit\/"},"img":{"alt_text":"","src":"https:\/\/i0.wp.com\/www.shqiperia.com\/blog\/wp-content\/uploads\/2023\/06\/800-0-05188c4981f166482dec168f5e542e98-1.jpg?fit=800%2C451&ssl=1&resize=350%2C200","width":350,"height":200,"srcset":"https:\/\/i0.wp.com\/www.shqiperia.com\/blog\/wp-content\/uploads\/2023\/06\/800-0-05188c4981f166482dec168f5e542e98-1.jpg?fit=800%2C451&ssl=1&resize=350%2C200 1x, https:\/\/i0.wp.com\/www.shqiperia.com\/blog\/wp-content\/uploads\/2023\/06\/800-0-05188c4981f166482dec168f5e542e98-1.jpg?fit=800%2C451&ssl=1&resize=525%2C300 1.5x, https:\/\/i0.wp.com\/www.shqiperia.com\/blog\/wp-content\/uploads\/2023\/06\/800-0-05188c4981f166482dec168f5e542e98-1.jpg?fit=800%2C451&ssl=1&resize=700%2C400 2x"},"classes":[]},{"id":80927,"url":"https:\/\/www.shqiperia.com\/blog\/voa-a-po-e-humb-perendimi-betejen-me-kinen-per-zemren-e-serbise\/","url_meta":{"origin":61746,"position":2},"title":"VOA: A po e humb Per\u00ebndimi betej\u00ebn me Kin\u00ebn p\u00ebr zemr\u00ebn e Serbis\u00eb?","author":"Kurt Farka","date":"May 10, 2024","format":false,"excerpt":"10 Maji 2025 Vizita e presidentit kinez Xi Jinping n\u00eb Serbi k\u00ebt\u00eb jav\u00eb nxorri n\u00eb rrug\u00eb nj\u00eb num\u00ebr t\u00eb madh njer\u00ebzish q\u00eb mbanin flamujt serb\u00eb dhe kinez\u00eb dhe thekson miq\u00ebsin\u00eb e \u201c\u00e7elikt\u00eb\u201d t\u00eb t\u00eb dy vendeve. N\u00eb Per\u00ebndim, kjo ngriti shum\u00eb pik\u00ebpyetje p\u00ebr rolin e ardhsh\u00ebm t\u00eb Serbis\u00eb n\u00eb Evrop\u00eb.\u2026","rel":"","context":"In &quot;Blogu i Udh\u00ebtarit&quot;","block_context":{"text":"Blogu i Udh\u00ebtarit","link":"https:\/\/www.shqiperia.com\/blog\/category\/blogu-i-udhetarit\/"},"img":{"alt_text":"","src":"https:\/\/i0.wp.com\/www.shqiperia.com\/blog\/wp-content\/uploads\/2024\/05\/800-0-663e6b02ba700.jpg?fit=800%2C455&ssl=1&resize=350%2C200","width":350,"height":200,"srcset":"https:\/\/i0.wp.com\/www.shqiperia.com\/blog\/wp-content\/uploads\/2024\/05\/800-0-663e6b02ba700.jpg?fit=800%2C455&ssl=1&resize=350%2C200 1x, https:\/\/i0.wp.com\/www.shqiperia.com\/blog\/wp-content\/uploads\/2024\/05\/800-0-663e6b02ba700.jpg?fit=800%2C455&ssl=1&resize=525%2C300 1.5x, https:\/\/i0.wp.com\/www.shqiperia.com\/blog\/wp-content\/uploads\/2024\/05\/800-0-663e6b02ba700.jpg?fit=800%2C455&ssl=1&resize=700%2C400 2x"},"classes":[]},{"id":76308,"url":"https:\/\/www.shqiperia.com\/blog\/vampiret-do-te-pushtojne-shtetet-e-bashkuara\/","url_meta":{"origin":61746,"position":3},"title":"&#8220;Vampir\u00ebt&#8221; do t\u00eb pushtojn\u00eb Shtetet e Bashkuara","author":"Kurt Farka","date":"December 12, 2023","format":false,"excerpt":"\u00a0 12 Dhjetor 2023 Shtetet e Bashkuara t\u00eb Amerik\u00ebs n\u00eb t\u00eb ardhmen do t\u00eb ndeshen me nj\u00eb problem q\u00eb duket se ka dal\u00eb drejtp\u00ebrdrejt nga nj\u00eb film horror, por q\u00eb \u00ebsht\u00eb thjesht nj\u00eb nga pasojat e panum\u00ebrta t\u00eb ndryshimeve klimatike. Po flasim p\u00ebr pushtimin e vampir\u00ebve, t\u00eb cil\u00ebt me s\u00ebmundjet\u2026","rel":"","context":"In &quot;Blogu i Udh\u00ebtarit&quot;","block_context":{"text":"Blogu i Udh\u00ebtarit","link":"https:\/\/www.shqiperia.com\/blog\/category\/blogu-i-udhetarit\/"},"img":{"alt_text":"","src":"https:\/\/i0.wp.com\/www.shqiperia.com\/blog\/wp-content\/uploads\/2023\/12\/08020E80000005DC-4112884-image-a-21_1484219974436.jpg?fit=634%2C437&ssl=1&resize=350%2C200","width":350,"height":200,"srcset":"https:\/\/i0.wp.com\/www.shqiperia.com\/blog\/wp-content\/uploads\/2023\/12\/08020E80000005DC-4112884-image-a-21_1484219974436.jpg?fit=634%2C437&ssl=1&resize=350%2C200 1x, https:\/\/i0.wp.com\/www.shqiperia.com\/blog\/wp-content\/uploads\/2023\/12\/08020E80000005DC-4112884-image-a-21_1484219974436.jpg?fit=634%2C437&ssl=1&resize=525%2C300 1.5x"},"classes":[]},{"id":67047,"url":"https:\/\/www.shqiperia.com\/blog\/kthehet-pas-nje-viti-ne-rome-afresku-i-herkulit-veprat-e-kthyera-vlejne-me-shume-se-20-milione-dollare\/","url_meta":{"origin":61746,"position":4},"title":"Kthehet pas nj\u00eb viti n\u00eb Rom\u00eb afresku i Herkulit. &#8211; Veprat e kthyera vlejn\u00eb m\u00eb shum\u00eb se 20 milion\u00eb dollar\u00eb","author":"Kurt Farka","date":"January 31, 2023","format":false,"excerpt":"31 Janar 2023 Nj\u00eb afresk n\u00eb t\u00eb cilin shfaqet Herkuli, u kthye n\u00eb Itali t\u00eb h\u00ebn\u00ebn, s\u00eb bashku me 59 pjes\u00eb t\u00eb tjera t\u00eb lashta t\u00eb trafikuara ilegalisht n\u00eb Shtetet e Bashkuara. Ver\u00ebn e kaluar, autoritetet amerikane njoftuan se afresku dhe dhjet\u00ebra objekte t\u00eb tjera t\u00eb trafikuara, t\u00eb cilat p\u00ebrfunduan\u2026","rel":"","context":"In &quot;Arte&quot;","block_context":{"text":"Arte","link":"https:\/\/www.shqiperia.com\/blog\/category\/arte\/"},"img":{"alt_text":"","src":"https:\/\/i0.wp.com\/www.shqiperia.com\/blog\/wp-content\/uploads\/2023\/01\/herkul-728x430-1-1.png?fit=653%2C430&ssl=1&resize=350%2C200","width":350,"height":200,"srcset":"https:\/\/i0.wp.com\/www.shqiperia.com\/blog\/wp-content\/uploads\/2023\/01\/herkul-728x430-1-1.png?fit=653%2C430&ssl=1&resize=350%2C200 1x, https:\/\/i0.wp.com\/www.shqiperia.com\/blog\/wp-content\/uploads\/2023\/01\/herkul-728x430-1-1.png?fit=653%2C430&ssl=1&resize=525%2C300 1.5x"},"classes":[]},{"id":47595,"url":"https:\/\/www.shqiperia.com\/blog\/ja-kujt-i-shpall-lufte-shba-nje-paralajmerim-per-te-gjithe-qeveritaret-e-botes\/","url_meta":{"origin":61746,"position":5},"title":"Ja kujt i shpall luft\u00eb SHBA. Nj\u00eb paralajm\u00ebrim p\u00ebr t\u00eb gjith\u00eb qeveritar\u00ebt e bot\u00ebs.","author":"Kurt Farka","date":"June 4, 2021","format":false,"excerpt":"Ja kujt i shpall luft\u00eb SHBA. Nj\u00eb paralajm\u00ebrim p\u00ebr t\u00eb gjith\u00eb qeveritar\u00ebt e bot\u00ebs. 4 QERSHOR 2021 Ekspert\u00ebt thon\u00eb se shpallja e luft\u00ebs kund\u00ebr korrupsionit si nj\u00eb p\u00ebrpar\u00ebsi themelore e interesave t\u00eb siguris\u00eb komb\u00ebtare nga Sht\u00ebpia e Bardh\u00eb, \u00ebsht\u00eb nj\u00eb paralajm\u00ebrim p\u00ebr aktor\u00ebt e korruptuar n\u00eb shkall\u00eb globale. Kolegia Keida\u2026","rel":"","context":"In &quot;Blogu i Udh\u00ebtarit&quot;","block_context":{"text":"Blogu i Udh\u00ebtarit","link":"https:\/\/www.shqiperia.com\/blog\/category\/blogu-i-udhetarit\/"},"img":{"alt_text":"","src":"https:\/\/i0.wp.com\/www.shqiperia.com\/blog\/wp-content\/uploads\/2021\/06\/640-0-60ba5c35539f5.jpg?fit=640%2C387&ssl=1&resize=350%2C200","width":350,"height":200,"srcset":"https:\/\/i0.wp.com\/www.shqiperia.com\/blog\/wp-content\/uploads\/2021\/06\/640-0-60ba5c35539f5.jpg?fit=640%2C387&ssl=1&resize=350%2C200 1x, https:\/\/i0.wp.com\/www.shqiperia.com\/blog\/wp-content\/uploads\/2021\/06\/640-0-60ba5c35539f5.jpg?fit=640%2C387&ssl=1&resize=525%2C300 1.5x"},"classes":[]}],"_links":{"self":[{"href":"https:\/\/www.shqiperia.com\/blog\/wp-json\/wp\/v2\/posts\/61746","targetHints":{"allow":["GET"]}}],"collection":[{"href":"https:\/\/www.shqiperia.com\/blog\/wp-json\/wp\/v2\/posts"}],"about":[{"href":"https:\/\/www.shqiperia.com\/blog\/wp-json\/wp\/v2\/types\/post"}],"author":[{"embeddable":true,"href":"https:\/\/www.shqiperia.com\/blog\/wp-json\/wp\/v2\/users\/9"}],"replies":[{"embeddable":true,"href":"https:\/\/www.shqiperia.com\/blog\/wp-json\/wp\/v2\/comments?post=61746"}],"version-history":[{"count":1,"href":"https:\/\/www.shqiperia.com\/blog\/wp-json\/wp\/v2\/posts\/61746\/revisions"}],"predecessor-version":[{"id":61748,"href":"https:\/\/www.shqiperia.com\/blog\/wp-json\/wp\/v2\/posts\/61746\/revisions\/61748"}],"wp:featuredmedia":[{"embeddable":true,"href":"https:\/\/www.shqiperia.com\/blog\/wp-json\/wp\/v2\/media\/61747"}],"wp:attachment":[{"href":"https:\/\/www.shqiperia.com\/blog\/wp-json\/wp\/v2\/media?parent=61746"}],"wp:term":[{"taxonomy":"category","embeddable":true,"href":"https:\/\/www.shqiperia.com\/blog\/wp-json\/wp\/v2\/categories?post=61746"},{"taxonomy":"post_tag","embeddable":true,"href":"https:\/\/www.shqiperia.com\/blog\/wp-json\/wp\/v2\/tags?post=61746"}],"curies":[{"name":"wp","href":"https:\/\/api.w.org\/{rel}","templated":true}]}}