{"id":61740,"date":"2022-09-02T21:27:45","date_gmt":"2022-09-02T21:27:45","guid":{"rendered":"https:\/\/www.shqiperia.com\/blog\/?p=61740"},"modified":"2022-09-02T21:30:25","modified_gmt":"2022-09-02T21:30:25","slug":"zbulohet-varri-3000-vjecar-i-nje-prifti-ne-peru","status":"publish","type":"post","link":"https:\/\/www.shqiperia.com\/blog\/zbulohet-varri-3000-vjecar-i-nje-prifti-ne-peru\/","title":{"rendered":"Zbulohet varri 3000-vje\u00e7ar i nj\u00eb prifti n\u00eb Peru"},"content":{"rendered":"<div class=\"c-header-content\">\n<h1><img data-recalc-dims=\"1\" loading=\"lazy\" decoding=\"async\" data-attachment-id=\"61741\" data-permalink=\"https:\/\/www.shqiperia.com\/blog\/zbulohet-varri-3000-vjecar-i-nje-prifti-ne-peru\/640-0-rhjjpg-1662029485\/\" data-orig-file=\"https:\/\/i0.wp.com\/www.shqiperia.com\/blog\/wp-content\/uploads\/2022\/09\/640-0-rhjjpg-1662029485.jpg?fit=640%2C388&amp;ssl=1\" data-orig-size=\"640,388\" data-comments-opened=\"1\" data-image-meta=\"{&quot;aperture&quot;:&quot;0&quot;,&quot;credit&quot;:&quot;&quot;,&quot;camera&quot;:&quot;&quot;,&quot;caption&quot;:&quot;&quot;,&quot;created_timestamp&quot;:&quot;0&quot;,&quot;copyright&quot;:&quot;&quot;,&quot;focal_length&quot;:&quot;0&quot;,&quot;iso&quot;:&quot;0&quot;,&quot;shutter_speed&quot;:&quot;0&quot;,&quot;title&quot;:&quot;&quot;,&quot;orientation&quot;:&quot;0&quot;}\" data-image-title=\"-640-0-rhjjpg-1662029485\" data-image-description=\"\" data-image-caption=\"\" data-medium-file=\"https:\/\/i0.wp.com\/www.shqiperia.com\/blog\/wp-content\/uploads\/2022\/09\/640-0-rhjjpg-1662029485.jpg?fit=300%2C182&amp;ssl=1\" data-large-file=\"https:\/\/i0.wp.com\/www.shqiperia.com\/blog\/wp-content\/uploads\/2022\/09\/640-0-rhjjpg-1662029485.jpg?fit=640%2C388&amp;ssl=1\" class=\"alignnone wp-image-61741\" alt=\"\" src=\"https:\/\/i0.wp.com\/www.shqiperia.com\/blog\/wp-content\/uploads\/2022\/09\/640-0-rhjjpg-1662029485.jpg?resize=588%2C357&#038;ssl=1\" width=\"588\" height=\"357\" srcset=\"https:\/\/i0.wp.com\/www.shqiperia.com\/blog\/wp-content\/uploads\/2022\/09\/640-0-rhjjpg-1662029485.jpg?resize=300%2C182&amp;ssl=1 300w, https:\/\/i0.wp.com\/www.shqiperia.com\/blog\/wp-content\/uploads\/2022\/09\/640-0-rhjjpg-1662029485.jpg?resize=450%2C273&amp;ssl=1 450w, https:\/\/i0.wp.com\/www.shqiperia.com\/blog\/wp-content\/uploads\/2022\/09\/640-0-rhjjpg-1662029485.jpg?resize=600%2C364&amp;ssl=1 600w, https:\/\/i0.wp.com\/www.shqiperia.com\/blog\/wp-content\/uploads\/2022\/09\/640-0-rhjjpg-1662029485.jpg?resize=400%2C243&amp;ssl=1 400w, https:\/\/i0.wp.com\/www.shqiperia.com\/blog\/wp-content\/uploads\/2022\/09\/640-0-rhjjpg-1662029485.jpg?w=640&amp;ssl=1 640w\" sizes=\"auto, (max-width: 588px) 100vw, 588px\" \/><\/h1>\n<div class=\"top-open-content\">\n<div class=\"c-flexy\">\n<div class=\"c-article_info\"><span class=\"open-a-date\">1 Shtator 2022<\/span><\/div>\n<\/div>\n<\/div>\n<\/div>\n<div class=\"all-content\">\n<p><em>Nj\u00eb grup arkeolog\u00ebsh japonez\u00eb dhe peruan kan\u00eb zbuluar varrin e atij q\u00eb besohet se \u00ebsht\u00eb udh\u00ebheq\u00ebsi i par\u00eb t\u00eb Perus\u00eb s\u00eb lasht\u00eb. I pag\u00ebzuar varri i \u201cPriftit t\u00eb Pututos\u201d besohet se ai \u00ebsht\u00eb 3000-vje\u00e7ar dhe s\u00eb bashku me t\u00eb u gjet\u00ebn edhe instrumente muzikore t\u00eb b\u00ebra nga guaska deti.<\/em><\/p>\n<p>Nj\u00eb grup arkeolog\u00ebsh japonez\u00eb dhe peruan\u00eb kan\u00eb zbuluar varrin e nj\u00eb prifti 3000-vje\u00e7ar, s\u00eb bashku me instrumentet muzikore t\u00eb b\u00ebra nga guaska deti, n\u00eb veri t\u00eb Perus\u00eb.<\/p>\n<p><em>&#8220;Ne kemi zbuluar nj\u00eb nga udh\u00ebheq\u00ebsit e par\u00eb t\u00eb Perus\u00eb s\u00eb lasht\u00eb 3000 vje\u00e7are n\u00eb vendin arkeologjik Pacopampa&#8221; n\u00eb rajonin e Cajamarca, 900 km n\u00eb veri t\u00eb Lim\u00ebs,&#8221;<\/em><span>\u00a0<\/span>shpjegoi arkeologu Juan Pablo Villanueva.<\/p>\n<p><em>\u201cP\u00ebr shkak t\u00eb karakteristikave t\u00eb gjetura, ne e kemi pag\u00ebzuar si varrin e \u201cPriftit t\u00eb Pututos\u201d<\/em>, shtoi ai. Pututos jan\u00eb guaska k\u00ebrpudhash q\u00eb ting\u00ebllonin si bori.<a href=\"https:\/\/www.oranews.tv\/lajmet-e-fundit\"><\/a><\/p>\n<p>Varri n\u00eb Pacopampa ishte brenda nj\u00eb vrime konike me diamet\u00ebr nj\u00eb met\u00ebr, t\u00eb vulosur me nj\u00eb shk\u00ebmb q\u00eb peshonte m\u00eb shum\u00eb se gjysm\u00eb ton.<\/p>\n<p>Prifti besohet se ishte mes 25 deri n\u00eb 35 vje\u00e7. N\u00eb an\u00ebn e tij u vendos\u00ebn 12 pututos nga brigjet e Tumbes dhe Guayaquil (Ekuador, 800 km), sipas studiuesve.<\/p>\n<p><em>&#8220;Konteksti funerar zbulon se personazhi mbante nj\u00eb post t\u00eb r\u00ebnd\u00ebsish\u00ebm, sepse ai kishte objekte me vler\u00eb n\u00eb distanca n\u00eb bot\u00ebn e Andeve,&#8221;<\/em><span>\u00a0<\/span>shpjegoi Villanueva.<\/p>\n<p><em>\u201cAi do t\u00eb ishte nj\u00eb nga udh\u00ebheq\u00ebsit e par\u00eb t\u00eb qytet\u00ebrimit n\u00eb mal\u00ebsit\u00eb veriore t\u00eb Perus\u00eb\u201d,<\/em><span>\u00a0<\/span>sakt\u00ebsoi ai.<\/p>\n<p>N\u00eb vend u gjet\u00ebn edhe sende sht\u00ebpiake, gjerdan\u00eb t\u00eb punuar me guaska t\u00eb bardha dhe malakit (gur jeshil) dhe vath\u00eb guri.<\/p>\n<p><em>&#8220;Njer\u00ebzit e 3,000 viteve m\u00eb par\u00eb ndoshta erdh\u00ebn k\u00ebtu p\u00ebr pelegrinazh,<\/em>&#8221; shtoi ai.<\/p>\n<p><img data-recalc-dims=\"1\" loading=\"lazy\" decoding=\"async\" data-attachment-id=\"61742\" data-permalink=\"https:\/\/www.shqiperia.com\/blog\/zbulohet-varri-3000-vjecar-i-nje-prifti-ne-peru\/640-0-tomp-1662029692\/\" data-orig-file=\"https:\/\/i0.wp.com\/www.shqiperia.com\/blog\/wp-content\/uploads\/2022\/09\/640-0-tomp-1662029692.jpg?fit=640%2C360&amp;ssl=1\" data-orig-size=\"640,360\" data-comments-opened=\"1\" data-image-meta=\"{&quot;aperture&quot;:&quot;0&quot;,&quot;credit&quot;:&quot;&quot;,&quot;camera&quot;:&quot;&quot;,&quot;caption&quot;:&quot;&quot;,&quot;created_timestamp&quot;:&quot;0&quot;,&quot;copyright&quot;:&quot;&quot;,&quot;focal_length&quot;:&quot;0&quot;,&quot;iso&quot;:&quot;0&quot;,&quot;shutter_speed&quot;:&quot;0&quot;,&quot;title&quot;:&quot;&quot;,&quot;orientation&quot;:&quot;0&quot;}\" data-image-title=\"-640-0-tomp-1662029692\" data-image-description=\"\" data-image-caption=\"\" data-medium-file=\"https:\/\/i0.wp.com\/www.shqiperia.com\/blog\/wp-content\/uploads\/2022\/09\/640-0-tomp-1662029692.jpg?fit=300%2C169&amp;ssl=1\" data-large-file=\"https:\/\/i0.wp.com\/www.shqiperia.com\/blog\/wp-content\/uploads\/2022\/09\/640-0-tomp-1662029692.jpg?fit=640%2C360&amp;ssl=1\" class=\"alignnone wp-image-61742\" alt=\"\" src=\"https:\/\/i0.wp.com\/www.shqiperia.com\/blog\/wp-content\/uploads\/2022\/09\/640-0-tomp-1662029692.jpg?resize=621%2C350&#038;ssl=1\" width=\"621\" height=\"350\" srcset=\"https:\/\/i0.wp.com\/www.shqiperia.com\/blog\/wp-content\/uploads\/2022\/09\/640-0-tomp-1662029692.jpg?resize=300%2C169&amp;ssl=1 300w, https:\/\/i0.wp.com\/www.shqiperia.com\/blog\/wp-content\/uploads\/2022\/09\/640-0-tomp-1662029692.jpg?resize=450%2C253&amp;ssl=1 450w, https:\/\/i0.wp.com\/www.shqiperia.com\/blog\/wp-content\/uploads\/2022\/09\/640-0-tomp-1662029692.jpg?resize=600%2C338&amp;ssl=1 600w, https:\/\/i0.wp.com\/www.shqiperia.com\/blog\/wp-content\/uploads\/2022\/09\/640-0-tomp-1662029692.jpg?resize=400%2C225&amp;ssl=1 400w, https:\/\/i0.wp.com\/www.shqiperia.com\/blog\/wp-content\/uploads\/2022\/09\/640-0-tomp-1662029692.jpg?w=640&amp;ssl=1 640w\" sizes=\"auto, (max-width: 621px) 100vw, 621px\" \/><\/p>\n<p>Arkeolog\u00ebt vler\u00ebsojn\u00eb se ky prift ka jetuar rreth vitit 1000 p.e.s., pra shekuj para \u201cZonj\u00ebs s\u00eb Pacopamp\u00ebs\u201d dhe \u201cPrift\u00ebrinjve t\u00eb Gjarprit Jaguar\u201d, t\u00eb zbuluar n\u00eb t\u00eb nj\u00ebjtin vend arkeologjik dhe nga i nj\u00ebjti ekip studiuesish, p\u00ebrkat\u00ebsisht n\u00eb vitin 2009 dhe 2015.<\/p>\n<p><span class=\"c-writers_name\">Nga Besmira Pelushaj<\/span><\/p>\n<\/div>\n","protected":false},"excerpt":{"rendered":"<p>1 Shtator 2022 Nj\u00eb grup arkeolog\u00ebsh japonez\u00eb dhe peruan kan\u00eb zbuluar varrin e atij q\u00eb besohet se \u00ebsht\u00eb udh\u00ebheq\u00ebsi i par\u00eb t\u00eb Perus\u00eb s\u00eb lasht\u00eb. I pag\u00ebzuar varri i \u201cPriftit t\u00eb Pututos\u201d besohet se ai \u00ebsht\u00eb 3000-vje\u00e7ar dhe s\u00eb bashku me t\u00eb u gjet\u00ebn edhe instrumente muzikore t\u00eb b\u00ebra nga guaska deti. Nj\u00eb grup arkeolog\u00ebsh [&hellip;]<\/p>\n","protected":false},"author":9,"featured_media":61741,"comment_status":"open","ping_status":"open","sticky":false,"template":"","format":"standard","meta":{"jetpack_post_was_ever_published":false,"_jetpack_newsletter_access":"","_jetpack_dont_email_post_to_subs":false,"_jetpack_newsletter_tier_id":0,"_jetpack_memberships_contains_paywalled_content":false,"_jetpack_memberships_contains_paid_content":false,"footnotes":"","jetpack_publicize_message":"","jetpack_publicize_feature_enabled":true,"jetpack_social_post_already_shared":true,"jetpack_social_options":{"image_generator_settings":{"template":"highway","default_image_id":0,"font":"","enabled":false},"version":2}},"categories":[85,10,86],"tags":[],"class_list":["post-61740","post","type-post","status-publish","format-standard","has-post-thumbnail","hentry","category-histori","category-kultura","category-trashegimi-kulturore"],"jetpack_publicize_connections":[],"jetpack_featured_media_url":"https:\/\/i0.wp.com\/www.shqiperia.com\/blog\/wp-content\/uploads\/2022\/09\/640-0-rhjjpg-1662029485.jpg?fit=640%2C388&ssl=1","jetpack_sharing_enabled":true,"jetpack_shortlink":"https:\/\/wp.me\/p5Z6wp-g3O","jetpack-related-posts":[{"id":31748,"url":"https:\/\/www.shqiperia.com\/blog\/zbulohet-vendi-i-shenjte-2600-vjecar-ne-rome-mendohej-se-ishte-varri-i-mbretit-qe-themeloi-qytetin\/","url_meta":{"origin":61740,"position":0},"title":"Zbulohet vendi i shenjt\u00eb 2600-vje\u00e7ar n\u00eb Rom\u00eb, mendohej se ishte varri i mbretit q\u00eb themeloi qytetin","author":"Kurt Farka","date":"February 24, 2020","format":false,"excerpt":"Zbulohet vendi i shenjt\u00eb 2600-vje\u00e7ar n\u00eb Rom\u00eb, mendohej se ishte varri i mbretit q\u00eb themeloi qytetin 23 shkurt \u00a02020 Nj\u00eb varr i lasht\u00eb q\u00eb besohet se ishte edhe \u201cbanesa e fundit\u201d e Mbretit legjendar t\u00eb Rom\u00ebs, Romulit, \u00ebsht\u00eb zbuluar p\u00ebr publikun p\u00ebr her\u00eb t\u00eb par\u00eb, p\u00ebrmes fotografive. Edhe pse specialist\u00ebt\u2026","rel":"","context":"In &quot;Histori&quot;","block_context":{"text":"Histori","link":"https:\/\/www.shqiperia.com\/blog\/category\/histori\/"},"img":{"alt_text":"","src":"https:\/\/i0.wp.com\/www.shqiperia.com\/blog\/wp-content\/uploads\/2020\/02\/25022422-8029065-image-a-143_1582291348748-768x505-1.jpg?fit=768%2C416&ssl=1&resize=350%2C200","width":350,"height":200,"srcset":"https:\/\/i0.wp.com\/www.shqiperia.com\/blog\/wp-content\/uploads\/2020\/02\/25022422-8029065-image-a-143_1582291348748-768x505-1.jpg?fit=768%2C416&ssl=1&resize=350%2C200 1x, https:\/\/i0.wp.com\/www.shqiperia.com\/blog\/wp-content\/uploads\/2020\/02\/25022422-8029065-image-a-143_1582291348748-768x505-1.jpg?fit=768%2C416&ssl=1&resize=525%2C300 1.5x, https:\/\/i0.wp.com\/www.shqiperia.com\/blog\/wp-content\/uploads\/2020\/02\/25022422-8029065-image-a-143_1582291348748-768x505-1.jpg?fit=768%2C416&ssl=1&resize=700%2C400 2x"},"classes":[]},{"id":79066,"url":"https:\/\/www.shqiperia.com\/blog\/arkeologet-zbulojne-varrin-antik-i-mbushur-me-thesare-ari-mendohet-se-i-kushtohej\/","url_meta":{"origin":61740,"position":1},"title":"Arkeolog\u00ebt zbulojn\u00eb varrin antik i mbushur me thesare ari, mendohet se i kushtohej\u2026","author":"Kurt Farka","date":"March 9, 2024","format":false,"excerpt":"9 Mars 2024 Arkeolog\u00ebt zbuluan\u00a0nj\u00eb varr 1200-vje\u00e7ar\u00a0t\u00eb mbushur me thesare ari. Ministria e Kultur\u00ebs e Panamas\u00eb (MiCultura) publikoi nj\u00eb deklarat\u00eb p\u00ebr shtyp n\u00eb gjuh\u00ebn spanjolle n\u00eb lidhje me zbulimin m\u00eb 1 mars. Varri, i cili u gjet n\u00eb provinc\u00ebn Cocl\u00e9 t\u00eb Panamas\u00eb, u nd\u00ebrtua dhe iu kushtua nj\u00eb \u2018per\u00ebndie\u2019 midis\u2026","rel":"","context":"In &quot;Blogu i Udh\u00ebtarit&quot;","block_context":{"text":"Blogu i Udh\u00ebtarit","link":"https:\/\/www.shqiperia.com\/blog\/category\/blogu-i-udhetarit\/"},"img":{"alt_text":"","src":"https:\/\/i0.wp.com\/www.shqiperia.com\/blog\/wp-content\/uploads\/2024\/03\/ari-770x433-1.jpg?fit=770%2C433&ssl=1&resize=350%2C200","width":350,"height":200,"srcset":"https:\/\/i0.wp.com\/www.shqiperia.com\/blog\/wp-content\/uploads\/2024\/03\/ari-770x433-1.jpg?fit=770%2C433&ssl=1&resize=350%2C200 1x, https:\/\/i0.wp.com\/www.shqiperia.com\/blog\/wp-content\/uploads\/2024\/03\/ari-770x433-1.jpg?fit=770%2C433&ssl=1&resize=525%2C300 1.5x, https:\/\/i0.wp.com\/www.shqiperia.com\/blog\/wp-content\/uploads\/2024\/03\/ari-770x433-1.jpg?fit=770%2C433&ssl=1&resize=700%2C400 2x"},"classes":[]},{"id":52370,"url":"https:\/\/www.shqiperia.com\/blog\/zbulimet-e-artit-ne-2021-nga-pikura-e-rembrand-tek-qyteti-3-mije-vjecar-ne-egjipt\/","url_meta":{"origin":61740,"position":2},"title":"Zbulimet e artit n\u00eb 2021, nga pikura e Rembrand tek qyteti 3 mij\u00eb vje\u00e7ar n\u00eb Egjipt","author":"Kurt Farka","date":"December 14, 2021","format":false,"excerpt":"Zbulimet e artit n\u00eb 2021, nga pikura e Rembrand tek qyteti 3 mij\u00eb vje\u00e7ar n\u00eb Egjipt 11 Dhjetor 2021 Nga pikura e Rembrand dhe deri tek qyteti 3 mij\u00eb vje\u00e7ar n\u00eb Egjipt jan\u00eb disa nga zbulimet m\u00eb emocionuese t\u00eb artit dhe dizajnit p\u00ebr vitin 2021. Kronika ju njeh me gjejtjet\u2026","rel":"","context":"In &quot;Arte&quot;","block_context":{"text":"Arte","link":"https:\/\/www.shqiperia.com\/blog\/category\/arte\/"},"img":{"alt_text":"","src":"https:\/\/i0.wp.com\/www.shqiperia.com\/blog\/wp-content\/uploads\/2021\/12\/640-0-8jpg-1639233274.jpg?fit=640%2C371&ssl=1&resize=350%2C200","width":350,"height":200,"srcset":"https:\/\/i0.wp.com\/www.shqiperia.com\/blog\/wp-content\/uploads\/2021\/12\/640-0-8jpg-1639233274.jpg?fit=640%2C371&ssl=1&resize=350%2C200 1x, https:\/\/i0.wp.com\/www.shqiperia.com\/blog\/wp-content\/uploads\/2021\/12\/640-0-8jpg-1639233274.jpg?fit=640%2C371&ssl=1&resize=525%2C300 1.5x"},"classes":[]},{"id":46291,"url":"https:\/\/www.shqiperia.com\/blog\/zbulohet-nje-varr-i-lashte-mbreteror-kinez\/","url_meta":{"origin":61740,"position":3},"title":"Zbulohet nj\u00eb varr i lasht\u00eb mbret\u00ebror kinez","author":"Kurt Farka","date":"April 11, 2021","format":false,"excerpt":"Zbulohet nj\u00eb varr i lasht\u00eb mbret\u00ebror kinez Arkeolog\u00ebt kinez\u00eb kan\u00eb zbuluar nj\u00eb varr antik q\u00eb daton nga Periudha e Pranver\u00ebs dhe Vjesht\u00ebs (770-476 para Krishtit) n\u00eb varrezat Xuyang n\u00eb Luoyang, n\u00eb provinc\u00ebn qendrore kineze t\u00eb Henan. \u00cbsht\u00eb vler\u00ebsuar se varri i p\u00ebrkiste nj\u00eb fisniku ose mbreti nga popullata Luhun Rong,\u2026","rel":"","context":"In &quot;Histori&quot;","block_context":{"text":"Histori","link":"https:\/\/www.shqiperia.com\/blog\/category\/histori\/"},"img":{"alt_text":"","src":"https:\/\/i0.wp.com\/www.shqiperia.com\/blog\/wp-content\/uploads\/2021\/04\/aa-3-696x418-1-Copy.jpeg?fit=696%2C368&ssl=1&resize=350%2C200","width":350,"height":200,"srcset":"https:\/\/i0.wp.com\/www.shqiperia.com\/blog\/wp-content\/uploads\/2021\/04\/aa-3-696x418-1-Copy.jpeg?fit=696%2C368&ssl=1&resize=350%2C200 1x, https:\/\/i0.wp.com\/www.shqiperia.com\/blog\/wp-content\/uploads\/2021\/04\/aa-3-696x418-1-Copy.jpeg?fit=696%2C368&ssl=1&resize=525%2C300 1.5x"},"classes":[]},{"id":95986,"url":"https:\/\/www.shqiperia.com\/blog\/6-zbulime-arkeologjike-qe-mahniten-boten-ne-vitin-2025\/","url_meta":{"origin":61740,"position":4},"title":"6 zbulime arkeologjike q\u00eb mahnit\u00ebn bot\u00ebn n\u00eb vitin 2025","author":"Kurt Farka","date":"December 25, 2025","format":false,"excerpt":"25 Dhjetor 2025 N\u00eb vitin 2025, arkeologjia u transformua nga teknologjia moderne dhe g\u00ebrmimet klasike. ADN-ja e lasht\u00eb rind\u00ebrtoi prejardhjen e nj\u00eb egjiptiani q\u00eb jetoi n\u00eb koh\u00ebn e piramidave, imazhet satelitore zbuluan struktura gjigante gjuetie n\u00eb Ande, nd\u00ebrsa hart\u00ebzimi n\u00ebnujor solli n\u00eb drit\u00eb anije t\u00eb fundosura t\u00eb Luft\u00ebs s\u00eb Dyt\u00eb\u2026","rel":"","context":"In &quot;Blogu i Udh\u00ebtarit&quot;","block_context":{"text":"Blogu i Udh\u00ebtarit","link":"https:\/\/www.shqiperia.com\/blog\/category\/blogu-i-udhetarit\/"},"img":{"alt_text":"","src":"https:\/\/i0.wp.com\/www.shqiperia.com\/blog\/wp-content\/uploads\/2025\/12\/auto_Screenshot_51765974884-1.png?fit=900%2C554&ssl=1&resize=350%2C200","width":350,"height":200,"srcset":"https:\/\/i0.wp.com\/www.shqiperia.com\/blog\/wp-content\/uploads\/2025\/12\/auto_Screenshot_51765974884-1.png?fit=900%2C554&ssl=1&resize=350%2C200 1x, https:\/\/i0.wp.com\/www.shqiperia.com\/blog\/wp-content\/uploads\/2025\/12\/auto_Screenshot_51765974884-1.png?fit=900%2C554&ssl=1&resize=525%2C300 1.5x, https:\/\/i0.wp.com\/www.shqiperia.com\/blog\/wp-content\/uploads\/2025\/12\/auto_Screenshot_51765974884-1.png?fit=900%2C554&ssl=1&resize=700%2C400 2x"},"classes":[]},{"id":74671,"url":"https:\/\/www.shqiperia.com\/blog\/arkeologet-zbuluan-nje-pirun-peshkimi-metalik-1700-vjecar-ne-turqi\/","url_meta":{"origin":61740,"position":5},"title":"Arkeolog\u00ebt zbuluan nj\u00eb pirun peshkimi metalik 1700-vje\u00e7ar n\u00eb Turqi!","author":"Kurt Farka","date":"October 6, 2023","format":false,"excerpt":"6 Tetor 2023 Arkeolog\u00ebt kan\u00eb zbuluar nj\u00eb pirun tresh t\u00eb lasht\u00eb hekuri n\u00eb Turqin\u00eb veriper\u00ebndimore, i cili besohet se \u00ebsht\u00eb p\u00ebrdorur p\u00ebr peshkim n\u00eb qytetin antik t\u00eb Assos. I vendosur n\u00eb lagjen Ayvacik t\u00eb Kanakale, qyteti antik \u00ebsht\u00eb nj\u00eb d\u00ebshmi e historis\u00eb me mbetjet e rr\u00ebnojave n\u00eb tok\u00eb dhe artefakte\u2026","rel":"","context":"In &quot;Histori&quot;","block_context":{"text":"Histori","link":"https:\/\/www.shqiperia.com\/blog\/category\/histori\/"},"img":{"alt_text":"","src":"https:\/\/i0.wp.com\/www.shqiperia.com\/blog\/wp-content\/uploads\/2023\/10\/A5E1D57C-82B2-4171-B45B-4122F9687DBD.jpeg?fit=597%2C375&ssl=1&resize=350%2C200","width":350,"height":200,"srcset":"https:\/\/i0.wp.com\/www.shqiperia.com\/blog\/wp-content\/uploads\/2023\/10\/A5E1D57C-82B2-4171-B45B-4122F9687DBD.jpeg?fit=597%2C375&ssl=1&resize=350%2C200 1x, https:\/\/i0.wp.com\/www.shqiperia.com\/blog\/wp-content\/uploads\/2023\/10\/A5E1D57C-82B2-4171-B45B-4122F9687DBD.jpeg?fit=597%2C375&ssl=1&resize=525%2C300 1.5x"},"classes":[]}],"_links":{"self":[{"href":"https:\/\/www.shqiperia.com\/blog\/wp-json\/wp\/v2\/posts\/61740","targetHints":{"allow":["GET"]}}],"collection":[{"href":"https:\/\/www.shqiperia.com\/blog\/wp-json\/wp\/v2\/posts"}],"about":[{"href":"https:\/\/www.shqiperia.com\/blog\/wp-json\/wp\/v2\/types\/post"}],"author":[{"embeddable":true,"href":"https:\/\/www.shqiperia.com\/blog\/wp-json\/wp\/v2\/users\/9"}],"replies":[{"embeddable":true,"href":"https:\/\/www.shqiperia.com\/blog\/wp-json\/wp\/v2\/comments?post=61740"}],"version-history":[{"count":1,"href":"https:\/\/www.shqiperia.com\/blog\/wp-json\/wp\/v2\/posts\/61740\/revisions"}],"predecessor-version":[{"id":61743,"href":"https:\/\/www.shqiperia.com\/blog\/wp-json\/wp\/v2\/posts\/61740\/revisions\/61743"}],"wp:featuredmedia":[{"embeddable":true,"href":"https:\/\/www.shqiperia.com\/blog\/wp-json\/wp\/v2\/media\/61741"}],"wp:attachment":[{"href":"https:\/\/www.shqiperia.com\/blog\/wp-json\/wp\/v2\/media?parent=61740"}],"wp:term":[{"taxonomy":"category","embeddable":true,"href":"https:\/\/www.shqiperia.com\/blog\/wp-json\/wp\/v2\/categories?post=61740"},{"taxonomy":"post_tag","embeddable":true,"href":"https:\/\/www.shqiperia.com\/blog\/wp-json\/wp\/v2\/tags?post=61740"}],"curies":[{"name":"wp","href":"https:\/\/api.w.org\/{rel}","templated":true}]}}