{"id":61737,"date":"2022-09-02T21:15:24","date_gmt":"2022-09-02T21:15:24","guid":{"rendered":"https:\/\/www.shqiperia.com\/blog\/?p=61737"},"modified":"2022-09-02T21:15:24","modified_gmt":"2022-09-02T21:15:24","slug":"alfred-cako-me-jashte-matriksit-se-shpejti-ne-rtv-ora","status":"publish","type":"post","link":"https:\/\/www.shqiperia.com\/blog\/alfred-cako-me-jashte-matriksit-se-shpejti-ne-rtv-ora\/","title":{"rendered":"Alfred \u00c7ako me &#8220;Jasht\u00eb Matriksit&#8221; s\u00eb shpejti n\u00eb RTV Ora"},"content":{"rendered":"<div class=\"c-header-content\">\n<div class=\"top-open-content\">\n<div class=\"c-flexy\">\n<div class=\"c-article_info\">\n<div id=\"attachment_61738\" style=\"width: 548px\" class=\"wp-caption alignnone\"><img data-recalc-dims=\"1\" loading=\"lazy\" decoding=\"async\" aria-describedby=\"caption-attachment-61738\" data-attachment-id=\"61738\" data-permalink=\"https:\/\/www.shqiperia.com\/blog\/alfred-cako-me-jashte-matriksit-se-shpejti-ne-rtv-ora\/alfred-cako-4\/\" data-orig-file=\"https:\/\/i0.wp.com\/www.shqiperia.com\/blog\/wp-content\/uploads\/2022\/09\/Alfred-Cako.jpg?fit=1280%2C720&amp;ssl=1\" data-orig-size=\"1280,720\" data-comments-opened=\"1\" data-image-meta=\"{&quot;aperture&quot;:&quot;0&quot;,&quot;credit&quot;:&quot;&quot;,&quot;camera&quot;:&quot;&quot;,&quot;caption&quot;:&quot;&quot;,&quot;created_timestamp&quot;:&quot;0&quot;,&quot;copyright&quot;:&quot;&quot;,&quot;focal_length&quot;:&quot;0&quot;,&quot;iso&quot;:&quot;0&quot;,&quot;shutter_speed&quot;:&quot;0&quot;,&quot;title&quot;:&quot;&quot;,&quot;orientation&quot;:&quot;0&quot;}\" data-image-title=\"Alfred \u00c7ako\" data-image-description=\"\" data-image-caption=\"&lt;p&gt;Alfred \u00c7ako&lt;\/p&gt;\n\" data-medium-file=\"https:\/\/i0.wp.com\/www.shqiperia.com\/blog\/wp-content\/uploads\/2022\/09\/Alfred-Cako.jpg?fit=300%2C169&amp;ssl=1\" data-large-file=\"https:\/\/i0.wp.com\/www.shqiperia.com\/blog\/wp-content\/uploads\/2022\/09\/Alfred-Cako.jpg?fit=1024%2C576&amp;ssl=1\" class=\" wp-image-61738\" alt=\"\" src=\"https:\/\/i0.wp.com\/www.shqiperia.com\/blog\/wp-content\/uploads\/2022\/09\/Alfred-Cako.jpg?resize=538%2C303&#038;ssl=1\" width=\"538\" height=\"303\" srcset=\"https:\/\/i0.wp.com\/www.shqiperia.com\/blog\/wp-content\/uploads\/2022\/09\/Alfred-Cako.jpg?resize=300%2C169&amp;ssl=1 300w, https:\/\/i0.wp.com\/www.shqiperia.com\/blog\/wp-content\/uploads\/2022\/09\/Alfred-Cako.jpg?resize=1024%2C576&amp;ssl=1 1024w, https:\/\/i0.wp.com\/www.shqiperia.com\/blog\/wp-content\/uploads\/2022\/09\/Alfred-Cako.jpg?resize=768%2C432&amp;ssl=1 768w, https:\/\/i0.wp.com\/www.shqiperia.com\/blog\/wp-content\/uploads\/2022\/09\/Alfred-Cako.jpg?resize=450%2C253&amp;ssl=1 450w, https:\/\/i0.wp.com\/www.shqiperia.com\/blog\/wp-content\/uploads\/2022\/09\/Alfred-Cako.jpg?resize=600%2C338&amp;ssl=1 600w, https:\/\/i0.wp.com\/www.shqiperia.com\/blog\/wp-content\/uploads\/2022\/09\/Alfred-Cako.jpg?resize=400%2C225&amp;ssl=1 400w, https:\/\/i0.wp.com\/www.shqiperia.com\/blog\/wp-content\/uploads\/2022\/09\/Alfred-Cako.jpg?w=1280&amp;ssl=1 1280w\" sizes=\"auto, (max-width: 538px) 100vw, 538px\" \/><p id=\"caption-attachment-61738\" class=\"wp-caption-text\">Alfred \u00c7ako<\/p><\/div>\n<\/div>\n<div class=\"c-article_info\"><span class=\"open-a-date\">2 Shtator 2022<\/span><\/div>\n<\/div>\n<\/div>\n<\/div>\n<div class=\"all-content\">\n<div class=\"framiim\" data-mce-contenteditable=\"false\"><\/div>\n<p>S\u00eb shpejti n\u00eb RTV ORA News, nis emisioni m\u00eb i ri \u201cJasht\u00eb Matriksit\u201d n\u00ebn moderimin e Alfred Cakos.<\/p>\n<p>Idet\u00eb e tij se \u00e7far\u00eb do t\u00eb trajtoj\u00eb n\u00eb emision, ky i fundit i paraqiti n\u00eb nj\u00eb intervist\u00eb p\u00ebr Ora News, me gazetarin Sebastian Zonja.<\/p>\n<p>Ndryshimet e politik\u00ebs n\u00eb Shqip\u00ebri, lufta n\u00eb Ukrain\u00eb, marr\u00ebdh\u00ebniet mes Turqis\u00eb e Greqis\u00eb e shum\u00eb \u00e7\u00ebshtje t\u00eb tjera do t\u00eb gjejn\u00eb hap\u00ebsir\u00eb n\u00eb emisionin e Alfred \u00c7akos.<\/p>\n<p><em><strong>Alfred Cako:<\/strong><span>\u00a0<\/span>Synoj q\u00eb brezin e ri ta m\u00ebsoj dhe t\u00eb ndikoj\u00eb p\u00ebr ta edukuar n\u00eb dy drejtime, s\u00eb pari t\u00eb m\u00ebsojn\u00eb shkaqet e historis\u00eb q\u00eb mesa kemi mund\u00ebsi t\u00eb p\u00ebrpiqemi t\u00eb mos p\u00ebrs\u00ebritim gabimet, dhe e dyta \u00ebsht\u00eb fakti q\u00eb mua m\u00eb p\u00eblqen q\u00eb rinia jon\u00eb &#8211; duke m\u00ebsuar se \u00e7far\u00eb ndodh n\u00eb skutat ku merren vendimet e politik\u00ebs bot\u00ebrore, &#8211; t\u00eb jen\u00eb t\u00eb ditur t\u00eb men\u00e7ur. Q\u00eb t\u00eb rinjt\u00eb q\u00eb do t\u00eb marrin postet e administrat\u00ebs dhe drejtimin e shtetit shqiptar, duke pasur informacione se \u00e7far\u00eb ndodh dhe duke ditur historin\u00eb se nga vjen raca shqiptare, askush nuk mund t\u00eb vij t\u00eb na trysnoj\u00eb ne.<\/em><\/p>\n<p><em>Mendoj se ky \u00ebsht\u00eb shekulli i shqiptar\u00ebve p\u00ebr shum\u00eb shkaqe dhe mendoj se k\u00ebt\u00eb do e kem nj\u00eb nga temat e emisionit. Mendoj se \u00ebsht\u00eb 10-vje\u00e7ari i shqiptar\u00ebve, do t\u00eb ket\u00eb nj\u00eb riform\u00ebsim t\u00eb Ballkanit, ku n\u00eb ndryshim nga shekulli i kaluar pesha politike e shqiptar\u00ebve n\u00eb rajon do t\u00eb rritet. \u00a0Qeverit\u00eb shkojn\u00eb e ikin, kombi ngelet.<\/em><\/p>\n<p><strong>Sebastian Zonja: Si do ta trajtoje luft\u00ebn n\u00eb Ukrain\u00eb?<\/strong><\/p>\n<p><em><strong>Alfred Cako<\/strong>: Kam qen\u00eb i dyzuar se Lindja e Per\u00ebndimi jan\u00eb bashk\u00eb n\u00eb k\u00ebt\u00eb akt, dhe p\u00ebrs\u00ebri vazhdoj\u00eb t\u00eb dyshoj\u00eb se kjo \u00ebsht\u00eb nj\u00eb sken\u00eb e madhe e elit\u00ebs bot\u00ebrore q\u00eb duan t\u00eb realizojn\u00eb agjend\u00ebn e shpopullimit.<\/em><\/p>\n<p><strong>Sebastian Zonja: Pse do t\u00eb zgjerohet kaq shum\u00eb Open Balkan?<\/strong><\/p>\n<p><em><strong>Alfred Cako<\/strong>: Deri sa k\u00ebtu merr pjes\u00eb Aleksand\u00ebr Soros \u00ebsht\u00eb n\u00eb interes t\u00eb tyre. K\u00ebrkojn\u00eb t\u00eb bashkojn\u00eb nj\u00eb treg t\u00eb p\u00ebrbashk\u00ebt, do p\u00ebrpiqen t\u00eb b\u00ebjn\u00eb dhe nj\u00eb qend\u00ebr t\u00eb madhe financiare. \u00cbsht\u00eb n\u00eb plan q\u00eb bursa ballkanike m\u00eb e madhe do b\u00ebhet n\u00eb Tiran\u00eb.<\/em><\/p>\n<p><strong>Sebastian Zonja: Ky Aleksandri edhe Turqin\u00eb e ka n\u00eb dor\u00eb?<\/strong><\/p>\n<p><em><strong>Alfred Cako:<\/strong><span>\u00a0<\/span>Ata kan\u00eb n\u00eb dor\u00eb Amerik\u00ebn e jo Turqin\u00eb, ata kan\u00eb n\u00eb dor\u00eb Kin\u00ebn Rusi. Un\u00eb mendoj se do t\u00eb ket\u00eb nj\u00eb luft\u00eb Greqi-Turqi. Turqia do t\u00eb ndahet n\u00eb tre shtete.<\/em><\/p>\n<p><strong><em>P\u00ebrgatiti Anila Kolgjini.<\/em><\/strong><\/p>\n<\/div>\n","protected":false},"excerpt":{"rendered":"<p>2 Shtator 2022 S\u00eb shpejti n\u00eb RTV ORA News, nis emisioni m\u00eb i ri \u201cJasht\u00eb Matriksit\u201d n\u00ebn moderimin e Alfred Cakos. Idet\u00eb e tij se \u00e7far\u00eb do t\u00eb trajtoj\u00eb n\u00eb emision, ky i fundit i paraqiti n\u00eb nj\u00eb intervist\u00eb p\u00ebr Ora News, me gazetarin Sebastian Zonja. Ndryshimet e politik\u00ebs n\u00eb Shqip\u00ebri, lufta n\u00eb Ukrain\u00eb, marr\u00ebdh\u00ebniet [&hellip;]<\/p>\n","protected":false},"author":9,"featured_media":61738,"comment_status":"open","ping_status":"open","sticky":false,"template":"","format":"standard","meta":{"jetpack_post_was_ever_published":false,"_jetpack_newsletter_access":"","_jetpack_dont_email_post_to_subs":false,"_jetpack_newsletter_tier_id":0,"_jetpack_memberships_contains_paywalled_content":false,"_jetpack_memberships_contains_paid_content":false,"footnotes":"","jetpack_publicize_message":"","jetpack_publicize_feature_enabled":true,"jetpack_social_post_already_shared":true,"jetpack_social_options":{"image_generator_settings":{"template":"highway","default_image_id":0,"font":"","enabled":false},"version":2}},"categories":[27,1,14],"tags":[],"class_list":["post-61737","post","type-post","status-publish","format-standard","has-post-thumbnail","hentry","category-blogu-i-udhetarit","category-njoftime-shtypi","category-press-releases"],"jetpack_publicize_connections":[],"jetpack_featured_media_url":"https:\/\/i0.wp.com\/www.shqiperia.com\/blog\/wp-content\/uploads\/2022\/09\/Alfred-Cako.jpg?fit=1280%2C720&ssl=1","jetpack_sharing_enabled":true,"jetpack_shortlink":"https:\/\/wp.me\/p5Z6wp-g3L","jetpack-related-posts":[{"id":37170,"url":"https:\/\/www.shqiperia.com\/blog\/alfred-cako-plas-bomben-antenat-5g-tek-senatoriumi-po-vrasin-te-semuret\/","url_meta":{"origin":61737,"position":0},"title":"Alfred Cako plas \u2018bomb\u00ebn\u2019: Antenat 5G tek senatoriumi po vrasin t\u00eb s\u00ebmur\u00ebt","author":"Kurt Farka","date":"August 13, 2020","format":false,"excerpt":"Alfred Cako plas \u2018bomb\u00ebn\u2019: Antenat 5G tek senatoriumi po vrasin t\u00eb s\u00ebmur\u00ebt Nga\u00a0 Gazeta Telegraf 10 Gusht, 2020 Konspiracionisti dhe studiuesi i njohur, Alfred Cako, pas shum\u00eb e shum\u00eb reagimeve mbi situat\u00ebn e koronavirusit ka hedhur edhe sot dyshime p\u00ebr s\u00ebmundjen q\u00eb ka gjunj\u00ebzuar bot\u00ebn. P\u00ebrmes nj\u00eb postimi n\u00eb Facebook,\u2026","rel":"","context":"In &quot;Blogu i Udh\u00ebtarit&quot;","block_context":{"text":"Blogu i Udh\u00ebtarit","link":"https:\/\/www.shqiperia.com\/blog\/category\/blogu-i-udhetarit\/"},"img":{"alt_text":"","src":"https:\/\/i0.wp.com\/www.shqiperia.com\/blog\/wp-content\/uploads\/2020\/08\/Antenat-tek-Sanotariumi.jpg?fit=545%2C305&ssl=1&resize=350%2C200","width":350,"height":200,"srcset":"https:\/\/i0.wp.com\/www.shqiperia.com\/blog\/wp-content\/uploads\/2020\/08\/Antenat-tek-Sanotariumi.jpg?fit=545%2C305&ssl=1&resize=350%2C200 1x, https:\/\/i0.wp.com\/www.shqiperia.com\/blog\/wp-content\/uploads\/2020\/08\/Antenat-tek-Sanotariumi.jpg?fit=545%2C305&ssl=1&resize=525%2C300 1.5x"},"classes":[]},{"id":40396,"url":"https:\/\/www.shqiperia.com\/blog\/alfred-cako-parashikimi-ekziston-nje-plan-i-fshehte-per-3-karantina-do-te-hidhet-nje-virus-tjeter\/","url_meta":{"origin":61737,"position":1},"title":"Alfred Cako\u00a0 &#8211; Parashikimi: &#8211; &#8220;Ekziston nj\u00eb plan i fsheht\u00eb p\u00ebr 3 karantina, do t\u00eb hidhet nj\u00eb virus tjet\u00ebr\u2026&#8221;","author":"Kurt Farka","date":"November 1, 2020","format":false,"excerpt":"Alfred Cako\u00a0 - Parashikimi: - \"Ekziston nj\u00eb plan i fsheht\u00eb p\u00ebr 3 karantina, do t\u00eb hidhet nj\u00eb virus tjet\u00ebr\u2026\" 1 N\u00cbNTOR 2020 Si \u00e7do jav\u00eb tanim\u00eb, konspiracionisti Alfred Cako ishte i ftuar n\u00eb studion e emisionit \u201cE Diell\u201d, m\u00eb konkretisht n\u00eb rubrik\u00ebn \u201cRrethi Katror\u201d. Cako paralajm\u00ebroi se sipas tij do\u2026","rel":"","context":"In &quot;Blogu i Udh\u00ebtarit&quot;","block_context":{"text":"Blogu i Udh\u00ebtarit","link":"https:\/\/www.shqiperia.com\/blog\/category\/blogu-i-udhetarit\/"},"img":{"alt_text":"","src":"https:\/\/i0.wp.com\/www.shqiperia.com\/blog\/wp-content\/uploads\/2020\/11\/640-0-5f9f0e98e393a.jpg?fit=640%2C360&ssl=1&resize=350%2C200","width":350,"height":200,"srcset":"https:\/\/i0.wp.com\/www.shqiperia.com\/blog\/wp-content\/uploads\/2020\/11\/640-0-5f9f0e98e393a.jpg?fit=640%2C360&ssl=1&resize=350%2C200 1x, https:\/\/i0.wp.com\/www.shqiperia.com\/blog\/wp-content\/uploads\/2020\/11\/640-0-5f9f0e98e393a.jpg?fit=640%2C360&ssl=1&resize=525%2C300 1.5x"},"classes":[]},{"id":65191,"url":"https:\/\/www.shqiperia.com\/blog\/protesta-dhe-samiti-cako-nuk-do-kete-perplasje-berisha-dhe-meta-luajne-ne-mbrojtje\/","url_meta":{"origin":61737,"position":2},"title":"Protesta dhe samiti, Cako: &#8211; Nuk do ket\u00eb p\u00ebrplasje, Berisha dhe Meta luajn\u00eb n\u00eb mbrojtje","author":"Kurt Farka","date":"December 6, 2022","format":false,"excerpt":"6 dhjetor 2022 Alfred Cako p\u00ebrjashton mund\u00ebsin\u00eb e tensioneve nes\u00ebr. N\u00eb \"Drejt\" n\u00eb Rtv Ora, ai thot\u00eb se nuk \u00ebsht\u00eb ky q\u00ebllimi i opozit\u00ebs. Protesta dhe samiti, Cako: - Nuk do ket\u00eb p\u00ebrplasje, Berisha dhe Meta luajn\u00eb n\u00eb mbrojtje Cako:\u00a0Jo nuk mendoj. Berisha luan n\u00eb mbrojtje me Met\u00ebn. Duan ti\u2026","rel":"","context":"In &quot;Blogu i Udh\u00ebtarit&quot;","block_context":{"text":"Blogu i Udh\u00ebtarit","link":"https:\/\/www.shqiperia.com\/blog\/category\/blogu-i-udhetarit\/"},"img":{"alt_text":"","src":"https:\/\/i0.wp.com\/www.shqiperia.com\/blog\/wp-content\/uploads\/2022\/12\/600-388-31a915b534781f5f6a067700f50836de-1.jpg?fit=600%2C351&ssl=1&resize=350%2C200","width":350,"height":200,"srcset":"https:\/\/i0.wp.com\/www.shqiperia.com\/blog\/wp-content\/uploads\/2022\/12\/600-388-31a915b534781f5f6a067700f50836de-1.jpg?fit=600%2C351&ssl=1&resize=350%2C200 1x, https:\/\/i0.wp.com\/www.shqiperia.com\/blog\/wp-content\/uploads\/2022\/12\/600-388-31a915b534781f5f6a067700f50836de-1.jpg?fit=600%2C351&ssl=1&resize=525%2C300 1.5x"},"classes":[]},{"id":37890,"url":"https:\/\/www.shqiperia.com\/blog\/alfred-cako-ja-cdo-ndodhe-me-koronavirus-ne-fund-te-shtatorit\/","url_meta":{"origin":61737,"position":3},"title":"Alfred Cako: &#8211; Ja cdo ndodhe me koronavirus ne fund te shtatorit","author":"Kurt Farka","date":"September 1, 2020","format":false,"excerpt":"Alfred Cako: - Ja cdo ndodhe me koronavirus ne fund te shtatorit gusht \u00a02020 Kons.piracionisti Alfred Cako ka dal\u00eb me nj\u00eb tjet\u00ebr postim n\u00eb rrjetion social Facebook me nj\u00eb tjet\u00ebr teori, n\u00eb lidhje me pand.emin\u00eb e Covid 19. Cako, thekson se COVID \u00ebsht\u00eb nj\u00eb plan p\u00ebr t\u00eb zhdukur popullsin\u00eb e\u2026","rel":"","context":"In &quot;Blogu i Udh\u00ebtarit&quot;","block_context":{"text":"Blogu i Udh\u00ebtarit","link":"https:\/\/www.shqiperia.com\/blog\/category\/blogu-i-udhetarit\/"},"img":{"alt_text":"","src":"https:\/\/i0.wp.com\/www.shqiperia.com\/blog\/wp-content\/uploads\/2020\/09\/Alfred-Cako.png?fit=630%2C353&ssl=1&resize=350%2C200","width":350,"height":200,"srcset":"https:\/\/i0.wp.com\/www.shqiperia.com\/blog\/wp-content\/uploads\/2020\/09\/Alfred-Cako.png?fit=630%2C353&ssl=1&resize=350%2C200 1x, https:\/\/i0.wp.com\/www.shqiperia.com\/blog\/wp-content\/uploads\/2020\/09\/Alfred-Cako.png?fit=630%2C353&ssl=1&resize=525%2C300 1.5x"},"classes":[]},{"id":38985,"url":"https:\/\/www.shqiperia.com\/blog\/koronavirusi-alfred-cako-jep-alarmin-ndaloni-ja-cfare-shkakton-termometri-ne-balle\/","url_meta":{"origin":61737,"position":4},"title":"Koronavirusi, \u00a0Alfred Cako jep alarmin: &#8211; Ndaloni! Ja \u00e7far\u00eb shkakton termometri n\u00eb ball\u00eb","author":"Kurt Farka","date":"September 27, 2020","format":false,"excerpt":"Koronavirusi, \u00a0Alfred Cako jep alarmin: - Ndaloni! Ja \u00e7far\u00eb shkakton termometri n\u00eb ball\u00eb 27 SHTATOR 2020 Konspiracionisti Alfred Cako, e ka shprehur publikisht se nuk beson n\u00eb ekzistenc\u00ebn e virusit COVID-19. Ai tha se\u00ebsht\u00eb, kund\u00ebr mask\u00ebs, e tampon\u00ebve q\u00eb p\u00ebr t\u00eb jan\u00eb nj\u00eb mashtrim t\u00eb madh. Gjithashtu shtoi se ata\u2026","rel":"","context":"In &quot;Blogu i Udh\u00ebtarit&quot;","block_context":{"text":"Blogu i Udh\u00ebtarit","link":"https:\/\/www.shqiperia.com\/blog\/category\/blogu-i-udhetarit\/"},"img":{"alt_text":"","src":"https:\/\/i0.wp.com\/www.shqiperia.com\/blog\/wp-content\/uploads\/2020\/09\/800-0-5f70db1b74f06.jpg?fit=800%2C486&ssl=1&resize=350%2C200","width":350,"height":200,"srcset":"https:\/\/i0.wp.com\/www.shqiperia.com\/blog\/wp-content\/uploads\/2020\/09\/800-0-5f70db1b74f06.jpg?fit=800%2C486&ssl=1&resize=350%2C200 1x, https:\/\/i0.wp.com\/www.shqiperia.com\/blog\/wp-content\/uploads\/2020\/09\/800-0-5f70db1b74f06.jpg?fit=800%2C486&ssl=1&resize=525%2C300 1.5x, https:\/\/i0.wp.com\/www.shqiperia.com\/blog\/wp-content\/uploads\/2020\/09\/800-0-5f70db1b74f06.jpg?fit=800%2C486&ssl=1&resize=700%2C400 2x"},"classes":[]},{"id":39837,"url":"https:\/\/www.shqiperia.com\/blog\/alfred-cako-shqiperia-do-izolohet-ne-daten\/","url_meta":{"origin":61737,"position":5},"title":"Alfred Cako: &#8211; Shqip\u00ebria do izolohet n\u00eb dat\u00ebn\u2026","author":"Kurt Farka","date":"October 18, 2020","format":false,"excerpt":"Alfred Cako: - Shqip\u00ebria do izolohet n\u00eb dat\u00ebn\u2026 18 TETOR 2020 Konspiracionisti Alfred Cako b\u00ebri nj\u00eb deklarat\u00eb t\u00eb bujshme p\u00ebr at\u00eb \u00e7far\u00eb na pret lidhur me luft\u00ebn ndaj koronaviorusit. Cako aludoi se e gjith\u00eb Evropa do t\u00eb p\u00ebrjetoj nj\u00eb karantin\u00eb t\u00eb dyt\u00eb m\u00eb dat\u00eb 25 tetor, nd\u00ebrsa vendi yn\u00eb do\u2026","rel":"","context":"In &quot;Blogu i Udh\u00ebtarit&quot;","block_context":{"text":"Blogu i Udh\u00ebtarit","link":"https:\/\/www.shqiperia.com\/blog\/category\/blogu-i-udhetarit\/"},"img":{"alt_text":"","src":"https:\/\/i0.wp.com\/www.shqiperia.com\/blog\/wp-content\/uploads\/2020\/10\/800-0-5f8c80ce7cf0f.jpg?fit=800%2C447&ssl=1&resize=350%2C200","width":350,"height":200,"srcset":"https:\/\/i0.wp.com\/www.shqiperia.com\/blog\/wp-content\/uploads\/2020\/10\/800-0-5f8c80ce7cf0f.jpg?fit=800%2C447&ssl=1&resize=350%2C200 1x, https:\/\/i0.wp.com\/www.shqiperia.com\/blog\/wp-content\/uploads\/2020\/10\/800-0-5f8c80ce7cf0f.jpg?fit=800%2C447&ssl=1&resize=525%2C300 1.5x, https:\/\/i0.wp.com\/www.shqiperia.com\/blog\/wp-content\/uploads\/2020\/10\/800-0-5f8c80ce7cf0f.jpg?fit=800%2C447&ssl=1&resize=700%2C400 2x"},"classes":[]}],"_links":{"self":[{"href":"https:\/\/www.shqiperia.com\/blog\/wp-json\/wp\/v2\/posts\/61737","targetHints":{"allow":["GET"]}}],"collection":[{"href":"https:\/\/www.shqiperia.com\/blog\/wp-json\/wp\/v2\/posts"}],"about":[{"href":"https:\/\/www.shqiperia.com\/blog\/wp-json\/wp\/v2\/types\/post"}],"author":[{"embeddable":true,"href":"https:\/\/www.shqiperia.com\/blog\/wp-json\/wp\/v2\/users\/9"}],"replies":[{"embeddable":true,"href":"https:\/\/www.shqiperia.com\/blog\/wp-json\/wp\/v2\/comments?post=61737"}],"version-history":[{"count":1,"href":"https:\/\/www.shqiperia.com\/blog\/wp-json\/wp\/v2\/posts\/61737\/revisions"}],"predecessor-version":[{"id":61739,"href":"https:\/\/www.shqiperia.com\/blog\/wp-json\/wp\/v2\/posts\/61737\/revisions\/61739"}],"wp:featuredmedia":[{"embeddable":true,"href":"https:\/\/www.shqiperia.com\/blog\/wp-json\/wp\/v2\/media\/61738"}],"wp:attachment":[{"href":"https:\/\/www.shqiperia.com\/blog\/wp-json\/wp\/v2\/media?parent=61737"}],"wp:term":[{"taxonomy":"category","embeddable":true,"href":"https:\/\/www.shqiperia.com\/blog\/wp-json\/wp\/v2\/categories?post=61737"},{"taxonomy":"post_tag","embeddable":true,"href":"https:\/\/www.shqiperia.com\/blog\/wp-json\/wp\/v2\/tags?post=61737"}],"curies":[{"name":"wp","href":"https:\/\/api.w.org\/{rel}","templated":true}]}}