{"id":61728,"date":"2022-09-02T11:01:26","date_gmt":"2022-09-02T11:01:26","guid":{"rendered":"https:\/\/www.shqiperia.com\/blog\/?p=61728"},"modified":"2022-09-02T11:19:00","modified_gmt":"2022-09-02T11:19:00","slug":"erdogan-i-vuri-kembet-ne-nje-kepuce-edi-rama-fillon-leshimin-e-gylenisteve-per-ti-bere-fresk-sulltanit-policia-turke-zbarkon-ne-tirane","status":"publish","type":"post","link":"https:\/\/www.shqiperia.com\/blog\/erdogan-i-vuri-kembet-ne-nje-kepuce-edi-rama-fillon-leshimin-e-gylenisteve-per-ti-bere-fresk-sulltanit-policia-turke-zbarkon-ne-tirane\/","title":{"rendered":"Erdogan i vuri \u201ck\u00ebmb\u00ebt n\u00eb nj\u00eb k\u00ebpuc\u00eb\u201d, Edi Rama fillon l\u00ebshimin e gylenist\u00ebve p\u00ebr t\u2019i b\u00ebr\u00eb fresk \u201cSulltanit\u201d. &#8211; Policia turke zbarkon n\u00eb Tiran\u00eb"},"content":{"rendered":"<p>Edi Rama &#8211; Erdogan<\/p>\n<p>2 Shtator 2022<\/p>\n<p>Gazeta Sot<\/p>\n<p>Kryeministri Edi Rama mesa duket ka nisur zbatimin e urdhrit t\u00eb presidentit turk Recep Tayip Erdogan p\u00ebr t\u00eb goditur kund\u00ebrshtar\u00ebt e tij gylenist\u00eb q\u00eb strehon n\u00eb Shqip\u00ebri, t\u00eb cil\u00ebt jan\u00eb n\u00eb k\u00ebrkim p\u00ebr vepra t\u00eb ndryshe penale nga autoritetet turke. Sinjalet u dhan\u00eb q\u00eb nga takimi i kreut t\u00eb qeveris\u00eb me Erdoganin n\u00eb Turqi p\u00ebr ceremonin\u00eb zyrtare t\u00eb Loj\u00ebrave t\u00eb Solidaritetit Islamik, ku ishte e p\u00ebrfshir\u00eb edhe skuadra olimpike shqiptare. Gazeta \u201cSOT\u201d e raportoi pak dit\u00eb m\u00eb par\u00eb se Erdogan e ka thirrur Ram\u00ebn n\u00eb zyr\u00eb dhe nga burimet, presidenti turk i ka k\u00ebrkuar llogari n\u00eb m\u00ebnyr\u00eb t\u00eb prer\u00eb kreut t\u00eb qeveris\u00eb shqiptare p\u00ebr mosmbajtjen e premtimit p\u00ebr kokat e gylenist\u00ebve.<\/p>\n<p>Takimi ishte i ftoht\u00eb dhe nuk prodhoi asgj\u00eb pozitive edhe pse Rama shkoi me ide dhe synime t\u00eb qarta p\u00ebr tu pajtuar. Edhe presidenca turke nuk dha asnj\u00eb detaj rreth takimit. P\u00ebr t\u2019i rregulluar k\u00ebto marr\u00ebdh\u00ebnie, Rama ka nisur zbatimin e urdhrave t\u00eb Erdogan. Arrestimi i Faruk Ozer, i cili kryente mashtrime p\u00ebrmes kriptomonedhave, ka sjell\u00eb n\u00eb Shqip\u00ebri nj\u00eb delegacion t\u00eb lart\u00eb turk.<\/p>\n<p><strong>Sinjalet e Erdogan<\/strong><\/p>\n<p>Ky delegacion i lart\u00eb turk, ka\u00a0 kryer nj\u00eb vizit\u00eb n\u00eb Policin\u00eb e Shtetit, me q\u00ebllim shprehjen e fal\u00ebnderimeve p\u00ebr kapjen e shtetasit shum\u00eb t\u00eb k\u00ebrkuar. Delegacioni kryesohej nga Zv\/drejtori i P\u00ebrgjithsh\u00ebm i Policis\u00eb turke, nj\u00ebkoh\u00ebsisht edhe Drejtor i Departamentit t\u00eb Krimit t\u00eb Organizuar, Resul Holo?lu. Ata u prit\u00ebn n\u00eb Tiran\u00eb nga Drejtori i P\u00ebrgjithsh\u00ebm i Policis\u00eb s\u00eb Shtetit i caktuar n\u00eb detyr\u00eb, Drejtues i Lart\u00eb Tonin Vocaj, dhe drejtues t\u00eb tjer\u00eb t\u00eb lart\u00eb t\u00eb Policis\u00eb s\u00eb Shtetit.\u00a0\u00a0 Holo?lu, n\u00eb em\u00ebr t\u00eb Drejtorit t\u00eb P\u00ebrgjithsh\u00ebm t\u00eb Policis\u00eb turke dhe t\u00eb Ministrit t\u00eb Brendsh\u00ebm turk, i shprehu Vocajt dhe Policis\u00eb shqiptare, p\u00ebr realizimin me sukses t\u00eb operacionit p\u00ebr kapjen e t\u00eb shum\u00ebk\u00ebrkuarit. Faruk Ozer u prangos gjat\u00eb operacionit \u201cBrain\u201d, t\u00eb zhvilluar nga Policia e Elbasanit, n\u00eb bashk\u00ebpunim me FAST Albania dhe DVP Vlor\u00eb, m\u00eb dat\u00eb 30.08.2022, ku u kap n\u00eb Himar\u00eb, 28-vje\u00e7ari turk i shpallur n\u00eb k\u00ebrkim nd\u00ebrkomb\u00ebtar p\u00ebr veprat penale \u201cKrijimi i organizat\u00ebs kriminale\u201d dhe &#8220;Mashtrimi me pasoja t\u00eb r\u00ebnda\u201d.<\/p>\n<p><strong>Priten goditje t\u00eb tjera<\/strong><\/p>\n<p>Me l\u00ebvizjet e fundit nga t\u00eb dyja pal\u00ebt, mesa duket marr\u00ebdh\u00ebniet kan\u00eb ndryshuar. Pra, me goditjen e kund\u00ebrshtarit t\u00eb Ankaras\u00eb, sikund\u00ebr \u00ebsht\u00eb arrestimi i Ozer, autoritet shqiptare t\u00eb \u201curdh\u00ebruara\u201d edhe nga kryeministri Rama, po tregojn\u00eb se jan\u00eb t\u00eb vendosur p\u00ebr t\u00eb \u00e7uar deri n\u00eb fund \u201camanetin\u201d e presidentit Erdogan, duke arrestuar nj\u00eb pjes\u00eb t\u00eb mir\u00eb t\u00eb armiqve, pse jo dhe gylenist\u00ebve q\u00eb strehohen n\u00eb Tiran\u00eb, me q\u00ebllim ekstradimin e tyre drejt shtetit turk, P\u00ebr t\u00eb treguar se akujt jan\u00eb shkrir\u00eb dhe kryeministri Rama po tenton me \u00e7do kusht t\u00eb rregulloj\u00eb marr\u00ebdh\u00ebniet, Erdogan ka b\u00ebr\u00eb nj\u00eb kthes\u00eb t\u00eb madhe dit\u00ebt e fundit. Sinjalet jan\u00eb dh\u00ebn\u00eb edhe n\u00eb takimin e fundit dit\u00ebn e djeshme n\u00eb samitin \u201cBallkani i hapur\u201d. P\u00ebrve\u00e7 Aleksandar Vu\u00e7i\u00e7, kryeministrit t\u00eb Maqedonis\u00eb s\u00eb Veriut, Dimitar Kova\u00e7evski, kryeministrit t\u00eb Malit t\u00eb Zi, Dritan Abazovic, kryetarit t\u00eb K\u00ebshillit t\u00eb Ministrave t\u00eb Bosnje-Hercegovin\u00ebs Zoran Tegeltija, ministri i Jasht\u00ebm i Hungaris\u00eb, Peter Szijjarto, n\u00eb takim ishte dhe ministri i Jasht\u00ebm turk, Mevlut \u00c7avusoglu. Gjithashtu, mediat turke s\u00eb fundmi, kan\u00eb lavd\u00ebruar fjalimin e kryeministrit Rama, n\u00eb Forumin e 17-t\u00eb Strategjik t\u00eb Bled-it, ku kritikoi Bashkimin Evropian dhe nxori si shp\u00ebtimtare Turqin\u00eb p\u00ebr vendin ton\u00eb n\u00eb rastet m\u00eb t\u00eb v\u00ebshtira. Se \u00e7far\u00eb ka ndodhur n\u00eb prapasken\u00eb, pritet t\u00eb zbulohet shum\u00eb shpejt, por nj\u00eb gj\u00eb \u00ebsht\u00eb e sigurt\u00eb: Urdhri i Erdogan ndaj kryeministrit Edi Rama p\u00ebr t\u2019i dor\u00ebzuar \u201ckokat\u201d e gylenist\u00ebve ka filluar.<\/p>\n","protected":false},"excerpt":{"rendered":"<p>Edi Rama &#8211; Erdogan 2 Shtator 2022 Gazeta Sot Kryeministri Edi Rama mesa duket ka nisur zbatimin e urdhrit t\u00eb presidentit turk Recep Tayip Erdogan p\u00ebr t\u00eb goditur kund\u00ebrshtar\u00ebt e tij gylenist\u00eb q\u00eb strehon n\u00eb Shqip\u00ebri, t\u00eb cil\u00ebt jan\u00eb n\u00eb k\u00ebrkim p\u00ebr vepra t\u00eb ndryshe penale nga autoritetet turke. Sinjalet u dhan\u00eb q\u00eb nga takimi [&hellip;]<\/p>\n","protected":false},"author":9,"featured_media":61730,"comment_status":"open","ping_status":"open","sticky":false,"template":"","format":"standard","meta":{"jetpack_post_was_ever_published":false,"_jetpack_newsletter_access":"","_jetpack_dont_email_post_to_subs":false,"_jetpack_newsletter_tier_id":0,"_jetpack_memberships_contains_paywalled_content":false,"_jetpack_memberships_contains_paid_content":false,"footnotes":"","jetpack_publicize_message":"","jetpack_publicize_feature_enabled":true,"jetpack_social_post_already_shared":true,"jetpack_social_options":{"image_generator_settings":{"template":"highway","default_image_id":0,"font":"","enabled":false},"version":2}},"categories":[27,2,35],"tags":[],"class_list":["post-61728","post","type-post","status-publish","format-standard","has-post-thumbnail","hentry","category-blogu-i-udhetarit","category-politika","category-shoqerore"],"jetpack_publicize_connections":[],"jetpack_featured_media_url":"https:\/\/i0.wp.com\/www.shqiperia.com\/blog\/wp-content\/uploads\/2022\/09\/Edi-Rama-Erdogan.jpg?fit=942%2C540&ssl=1","jetpack_sharing_enabled":true,"jetpack_shortlink":"https:\/\/wp.me\/p5Z6wp-g3C","jetpack-related-posts":[{"id":64007,"url":"https:\/\/www.shqiperia.com\/blog\/rama-refuzon-dhe-bojkoton-pritjen-per-diten-e-republikes-ne-ambasaden-turke-erdogani-terheq-mjeket-dhe-infermieret-nga-spitali-i-fierit\/","url_meta":{"origin":61728,"position":0},"title":"Rama refuzon dhe bojkoton pritjen p\u00ebr Dit\u00ebn e Republik\u00ebs n\u00eb ambasad\u00ebn turke. &#8211; Erdogani\u00a0t\u00ebrheq mjek\u00ebt dhe infermier\u00ebt nga spitali i Fierit","author":"Kurt Farka","date":"November 5, 2022","format":false,"excerpt":"NGA Rigels SELIMAN Thellohet ftohja mes kryeministrit Edi Rama dhe presidentit t\u00eb Turqis\u00eb, Rexhep Taip Erdogan. Prej jav\u00ebsh n\u00eb korridor\u00ebt e medias dhe politik\u00ebs flitet p\u00ebr nj\u00eb krisje t\u00eb raporteve t\u00eb Ram\u00ebs me Erdogan, nd\u00ebrsa q\u00eb \u00e7do dit\u00eb q\u00eb kalon nj\u00eb gj\u00eb e till\u00eb faktohet edhe m\u00eb shum\u00eb. M\u00eb 29\u2026","rel":"","context":"In &quot;Blogu i Udh\u00ebtarit&quot;","block_context":{"text":"Blogu i Udh\u00ebtarit","link":"https:\/\/www.shqiperia.com\/blog\/category\/blogu-i-udhetarit\/"},"img":{"alt_text":"","src":"https:\/\/i0.wp.com\/www.shqiperia.com\/blog\/wp-content\/uploads\/2022\/11\/800-0-63663abb09723.jpg?fit=800%2C450&ssl=1&resize=350%2C200","width":350,"height":200,"srcset":"https:\/\/i0.wp.com\/www.shqiperia.com\/blog\/wp-content\/uploads\/2022\/11\/800-0-63663abb09723.jpg?fit=800%2C450&ssl=1&resize=350%2C200 1x, https:\/\/i0.wp.com\/www.shqiperia.com\/blog\/wp-content\/uploads\/2022\/11\/800-0-63663abb09723.jpg?fit=800%2C450&ssl=1&resize=525%2C300 1.5x, https:\/\/i0.wp.com\/www.shqiperia.com\/blog\/wp-content\/uploads\/2022\/11\/800-0-63663abb09723.jpg?fit=800%2C450&ssl=1&resize=700%2C400 2x"},"classes":[]},{"id":43864,"url":"https:\/\/www.shqiperia.com\/blog\/rama-zbulon-marreveshjen-me-erdogan-per-gjirokastren-nje-investim-te-konsiderueshem-ne-nje-tjeter-zone\/","url_meta":{"origin":61728,"position":1},"title":"Rama zbulon marr\u00ebveshjen me Erdogan p\u00ebr Gjirokastr\u00ebn: Nj\u00eb investim t\u00eb konsideruesh\u00ebm n\u00eb nj\u00eb tjet\u00ebr zon\u00eb","author":"Kurt Farka","date":"February 7, 2021","format":false,"excerpt":"Rama zbulon marr\u00ebveshjen me Erdogan p\u00ebr Gjirokastr\u00ebn: Nj\u00eb investim t\u00eb konsideruesh\u00ebm n\u00eb nj\u00eb tjet\u00ebr zon\u00eb 7 SHKURT 2021 Kryeministri i vendit, Edi Rama, ka zbuluar k\u00ebt\u00eb t\u00eb diel nj\u00eb tjet\u00ebr marr\u00ebveshje t\u00eb firmosur me qeverin\u00eb turke t\u00eb Recep Tayip Erdogan. P\u00ebrve\u00e7 Spitalit t\u00eb Fierit, i cili ka nisur tashm\u00eb pun\u00ebn\u2026","rel":"","context":"In &quot;Blogu i Udh\u00ebtarit&quot;","block_context":{"text":"Blogu i Udh\u00ebtarit","link":"https:\/\/www.shqiperia.com\/blog\/category\/blogu-i-udhetarit\/"},"img":{"alt_text":"","src":"https:\/\/i0.wp.com\/www.shqiperia.com\/blog\/wp-content\/uploads\/2021\/02\/640-0-601f9af8a77fd.jpg?fit=640%2C350&ssl=1&resize=350%2C200","width":350,"height":200,"srcset":"https:\/\/i0.wp.com\/www.shqiperia.com\/blog\/wp-content\/uploads\/2021\/02\/640-0-601f9af8a77fd.jpg?fit=640%2C350&ssl=1&resize=350%2C200 1x, https:\/\/i0.wp.com\/www.shqiperia.com\/blog\/wp-content\/uploads\/2021\/02\/640-0-601f9af8a77fd.jpg?fit=640%2C350&ssl=1&resize=525%2C300 1.5x"},"classes":[]},{"id":53217,"url":"https:\/\/www.shqiperia.com\/blog\/cfare-po-planifikohet-pas-takimit-me-ramen-erdogan-pret-vucic-ne-ankara-ja-cfare-shkruajne-mediat-turke\/","url_meta":{"origin":61728,"position":2},"title":"\u00c7far\u00eb po planifikohet? &#8211; Pas takimit me Ram\u00ebn, Erdogan pret Vu\u00e7i\u00e7 n\u00eb Ankara, ja \u00e7far\u00eb shkruajn\u00eb mediat turke","author":"Kurt Farka","date":"January 18, 2022","format":false,"excerpt":"\u00c7far\u00eb po planifikohet? - Pas takimit me Ram\u00ebn, Erdogan pret Vu\u00e7i\u00e7 n\u00eb Ankara, ja \u00e7far\u00eb shkruajn\u00eb mediat turke 18 JANAR 2022 Nj\u00eb dit\u00eb pas takimit me kryeministrin Edi Rama n\u00eb Tiran\u00eb ku ishte i pranish\u00ebm n\u00eb nj\u00eb vizit\u00eb zyrtare, presidenti turk Recep Tayyip Erdogan do t\u00eb pres\u00eb n\u00eb Turqi, presidentin\u2026","rel":"","context":"In &quot;Blogu i Udh\u00ebtarit&quot;","block_context":{"text":"Blogu i Udh\u00ebtarit","link":"https:\/\/www.shqiperia.com\/blog\/category\/blogu-i-udhetarit\/"},"img":{"alt_text":"","src":"https:\/\/i0.wp.com\/www.shqiperia.com\/blog\/wp-content\/uploads\/2022\/01\/Erdogan-Vucic.png?fit=800%2C431&ssl=1&resize=350%2C200","width":350,"height":200,"srcset":"https:\/\/i0.wp.com\/www.shqiperia.com\/blog\/wp-content\/uploads\/2022\/01\/Erdogan-Vucic.png?fit=800%2C431&ssl=1&resize=350%2C200 1x, https:\/\/i0.wp.com\/www.shqiperia.com\/blog\/wp-content\/uploads\/2022\/01\/Erdogan-Vucic.png?fit=800%2C431&ssl=1&resize=525%2C300 1.5x, https:\/\/i0.wp.com\/www.shqiperia.com\/blog\/wp-content\/uploads\/2022\/01\/Erdogan-Vucic.png?fit=800%2C431&ssl=1&resize=700%2C400 2x"},"classes":[]},{"id":63198,"url":"https:\/\/www.shqiperia.com\/blog\/rama-vizite-te-paparalajmeruar-ne-ankara-heshtje-per-cfare-u-bisedu\/","url_meta":{"origin":61728,"position":3},"title":"Rama vizit\u00eb t\u00eb paparalajm\u00ebruar n\u00eb Ankara &#8211; Heshtje per \u00e7far\u00eb u bisedu","author":"Kurt Farka","date":"October 12, 2022","format":false,"excerpt":"12 Tetor 2022 Brenda dy muajsh, Kryeministri Edi Rama u rikthye dje n\u00eb Turqi ku n\u00eb kompleksin presidencial n\u00eb Ankara takoi mikun e tij Presidentin Taip Erdogan. P\u00ebrve\u00e7 publikimit t\u00eb fotove, asnj\u00ebri prej bashk\u00ebbiseduesve nuk publikoi p\u00ebr \u00e7far\u00eb u bisedua mes tyre. Zyra e Kryeministrit Rama nuk dha informacione mbi\u2026","rel":"","context":"In &quot;Njoftime Shtypi&quot;","block_context":{"text":"Njoftime Shtypi","link":"https:\/\/www.shqiperia.com\/blog\/category\/njoftime-shtypi\/"},"img":{"alt_text":"","src":"https:\/\/i0.wp.com\/www.shqiperia.com\/blog\/wp-content\/uploads\/2022\/10\/rama-erdogan-1.jpg?fit=1200%2C675&ssl=1&resize=350%2C200","width":350,"height":200,"srcset":"https:\/\/i0.wp.com\/www.shqiperia.com\/blog\/wp-content\/uploads\/2022\/10\/rama-erdogan-1.jpg?fit=1200%2C675&ssl=1&resize=350%2C200 1x, https:\/\/i0.wp.com\/www.shqiperia.com\/blog\/wp-content\/uploads\/2022\/10\/rama-erdogan-1.jpg?fit=1200%2C675&ssl=1&resize=525%2C300 1.5x, https:\/\/i0.wp.com\/www.shqiperia.com\/blog\/wp-content\/uploads\/2022\/10\/rama-erdogan-1.jpg?fit=1200%2C675&ssl=1&resize=700%2C400 2x, https:\/\/i0.wp.com\/www.shqiperia.com\/blog\/wp-content\/uploads\/2022\/10\/rama-erdogan-1.jpg?fit=1200%2C675&ssl=1&resize=1050%2C600 3x"},"classes":[]},{"id":53195,"url":"https:\/\/www.shqiperia.com\/blog\/rama-po-i-ben-presion-evropes-vizita-e-erdogan-jehone-ne-mediat-nderkombetare\/","url_meta":{"origin":61728,"position":4},"title":"Rama po i b\u00ebn presion Evrop\u00ebs. &#8211; Vizita e Erdogan, jehon\u00eb n\u00eb mediat nd\u00ebrkomb\u00ebtare","author":"Kurt Farka","date":"January 17, 2022","format":false,"excerpt":"Rama po i b\u00ebn presion Evrop\u00ebs. - Vizita e Erdogan, jehon\u00eb n\u00eb mediat nd\u00ebrkomb\u00ebtare - 17 janar 2022 Vizita e Presidentit turk, Recep Tayip Erdogan n\u00eb Shqip\u00ebri ka marr\u00eb v\u00ebmendjen edhe t\u00eb mediave t\u00eb huaja. Kan\u00eb qen\u00eb mediat turke, t\u00eb cilat shkruajn\u00eb se ajo q\u00eb bie n\u00eb sy \u00ebsht\u00eb prania\u2026","rel":"","context":"In &quot;Blogu i Udh\u00ebtarit&quot;","block_context":{"text":"Blogu i Udh\u00ebtarit","link":"https:\/\/www.shqiperia.com\/blog\/category\/blogu-i-udhetarit\/"},"img":{"alt_text":"","src":"https:\/\/i0.wp.com\/www.shqiperia.com\/blog\/wp-content\/uploads\/2022\/01\/ERDOGAN-RAMA.png?fit=770%2C410&ssl=1&resize=350%2C200","width":350,"height":200,"srcset":"https:\/\/i0.wp.com\/www.shqiperia.com\/blog\/wp-content\/uploads\/2022\/01\/ERDOGAN-RAMA.png?fit=770%2C410&ssl=1&resize=350%2C200 1x, https:\/\/i0.wp.com\/www.shqiperia.com\/blog\/wp-content\/uploads\/2022\/01\/ERDOGAN-RAMA.png?fit=770%2C410&ssl=1&resize=525%2C300 1.5x, https:\/\/i0.wp.com\/www.shqiperia.com\/blog\/wp-content\/uploads\/2022\/01\/ERDOGAN-RAMA.png?fit=770%2C410&ssl=1&resize=700%2C400 2x"},"classes":[]},{"id":19391,"url":"https:\/\/www.shqiperia.com\/blog\/revista-austriake-qeveria-ben-bashke-drogen-fene-blerjen-e-votive\/","url_meta":{"origin":61728,"position":5},"title":"Revista austriake: Qeveria b\u00ebn bashk\u00eb drog\u00ebn, fen\u00eb, blerjen e votive. &#8211;","author":"Kurt Farka","date":"April 8, 2019","format":false,"excerpt":"Revista austriake: Qeveria b\u00ebn bashk\u00eb drog\u00ebn, fen\u00eb, blerjen e votive. - 08\/04\/19 Nga: mapo.al Nj\u00eb revist\u00eb austriake ka publikuar nj\u00eb raportim p\u00ebr situat\u00ebn e fundit n\u00eb Shqip\u00ebri, duke v\u00ebn\u00eb theksin sidomos n\u00eb zgjedhjet p\u00ebr Komunitetin Mysliman dhe tek protestat e fundit t\u00eb opozit\u00ebs. Revista PanEuropa \u00ebsht\u00eb organ i l\u00ebvizjes PanEuropan\u2026","rel":"","context":"In &quot;Blogu i Udh\u00ebtarit&quot;","block_context":{"text":"Blogu i Udh\u00ebtarit","link":"https:\/\/www.shqiperia.com\/blog\/category\/blogu-i-udhetarit\/"},"img":{"alt_text":"","src":"https:\/\/i0.wp.com\/www.shqiperia.com\/blog\/wp-content\/uploads\/2019\/04\/albanien.jpg?fit=685%2C312&ssl=1&resize=350%2C200","width":350,"height":200,"srcset":"https:\/\/i0.wp.com\/www.shqiperia.com\/blog\/wp-content\/uploads\/2019\/04\/albanien.jpg?fit=685%2C312&ssl=1&resize=350%2C200 1x, https:\/\/i0.wp.com\/www.shqiperia.com\/blog\/wp-content\/uploads\/2019\/04\/albanien.jpg?fit=685%2C312&ssl=1&resize=525%2C300 1.5x"},"classes":[]}],"_links":{"self":[{"href":"https:\/\/www.shqiperia.com\/blog\/wp-json\/wp\/v2\/posts\/61728","targetHints":{"allow":["GET"]}}],"collection":[{"href":"https:\/\/www.shqiperia.com\/blog\/wp-json\/wp\/v2\/posts"}],"about":[{"href":"https:\/\/www.shqiperia.com\/blog\/wp-json\/wp\/v2\/types\/post"}],"author":[{"embeddable":true,"href":"https:\/\/www.shqiperia.com\/blog\/wp-json\/wp\/v2\/users\/9"}],"replies":[{"embeddable":true,"href":"https:\/\/www.shqiperia.com\/blog\/wp-json\/wp\/v2\/comments?post=61728"}],"version-history":[{"count":6,"href":"https:\/\/www.shqiperia.com\/blog\/wp-json\/wp\/v2\/posts\/61728\/revisions"}],"predecessor-version":[{"id":61736,"href":"https:\/\/www.shqiperia.com\/blog\/wp-json\/wp\/v2\/posts\/61728\/revisions\/61736"}],"wp:featuredmedia":[{"embeddable":true,"href":"https:\/\/www.shqiperia.com\/blog\/wp-json\/wp\/v2\/media\/61730"}],"wp:attachment":[{"href":"https:\/\/www.shqiperia.com\/blog\/wp-json\/wp\/v2\/media?parent=61728"}],"wp:term":[{"taxonomy":"category","embeddable":true,"href":"https:\/\/www.shqiperia.com\/blog\/wp-json\/wp\/v2\/categories?post=61728"},{"taxonomy":"post_tag","embeddable":true,"href":"https:\/\/www.shqiperia.com\/blog\/wp-json\/wp\/v2\/tags?post=61728"}],"curies":[{"name":"wp","href":"https:\/\/api.w.org\/{rel}","templated":true}]}}