{"id":61725,"date":"2022-09-02T10:38:54","date_gmt":"2022-09-02T10:38:54","guid":{"rendered":"https:\/\/www.shqiperia.com\/blog\/?p=61725"},"modified":"2022-09-02T10:38:54","modified_gmt":"2022-09-02T10:38:54","slug":"ardi-veliu-paguhej-30-mije-euro-ne-muaj-nga-ervis-martinaj","status":"publish","type":"post","link":"https:\/\/www.shqiperia.com\/blog\/ardi-veliu-paguhej-30-mije-euro-ne-muaj-nga-ervis-martinaj\/","title":{"rendered":"Ardi Veliu paguhej 30 mij\u00eb euro n\u00eb muaj nga Ervis Martinaj"},"content":{"rendered":"<p><img data-recalc-dims=\"1\" loading=\"lazy\" decoding=\"async\" data-attachment-id=\"61726\" data-permalink=\"https:\/\/www.shqiperia.com\/blog\/ardi-veliu-paguhej-30-mije-euro-ne-muaj-nga-ervis-martinaj\/1564033578_euro780x405696x361696x361\/\" data-orig-file=\"https:\/\/i0.wp.com\/www.shqiperia.com\/blog\/wp-content\/uploads\/2022\/09\/1564033578_euro780x405696x361696x361.jpg?fit=780%2C440&amp;ssl=1\" data-orig-size=\"780,440\" data-comments-opened=\"1\" data-image-meta=\"{&quot;aperture&quot;:&quot;0&quot;,&quot;credit&quot;:&quot;&quot;,&quot;camera&quot;:&quot;&quot;,&quot;caption&quot;:&quot;&quot;,&quot;created_timestamp&quot;:&quot;0&quot;,&quot;copyright&quot;:&quot;&quot;,&quot;focal_length&quot;:&quot;0&quot;,&quot;iso&quot;:&quot;0&quot;,&quot;shutter_speed&quot;:&quot;0&quot;,&quot;title&quot;:&quot;&quot;,&quot;orientation&quot;:&quot;0&quot;}\" data-image-title=\"1564033578_euro780x405696x361696x361\" data-image-description=\"\" data-image-caption=\"\" data-medium-file=\"https:\/\/i0.wp.com\/www.shqiperia.com\/blog\/wp-content\/uploads\/2022\/09\/1564033578_euro780x405696x361696x361.jpg?fit=300%2C169&amp;ssl=1\" data-large-file=\"https:\/\/i0.wp.com\/www.shqiperia.com\/blog\/wp-content\/uploads\/2022\/09\/1564033578_euro780x405696x361696x361.jpg?fit=780%2C440&amp;ssl=1\" class=\"alignnone  wp-image-61726\" alt=\"\" src=\"https:\/\/i0.wp.com\/www.shqiperia.com\/blog\/wp-content\/uploads\/2022\/09\/1564033578_euro780x405696x361696x361.jpg?resize=612%2C345&#038;ssl=1\" width=\"612\" height=\"345\" srcset=\"https:\/\/i0.wp.com\/www.shqiperia.com\/blog\/wp-content\/uploads\/2022\/09\/1564033578_euro780x405696x361696x361.jpg?resize=300%2C169&amp;ssl=1 300w, https:\/\/i0.wp.com\/www.shqiperia.com\/blog\/wp-content\/uploads\/2022\/09\/1564033578_euro780x405696x361696x361.jpg?resize=768%2C433&amp;ssl=1 768w, https:\/\/i0.wp.com\/www.shqiperia.com\/blog\/wp-content\/uploads\/2022\/09\/1564033578_euro780x405696x361696x361.jpg?resize=450%2C254&amp;ssl=1 450w, https:\/\/i0.wp.com\/www.shqiperia.com\/blog\/wp-content\/uploads\/2022\/09\/1564033578_euro780x405696x361696x361.jpg?resize=600%2C338&amp;ssl=1 600w, https:\/\/i0.wp.com\/www.shqiperia.com\/blog\/wp-content\/uploads\/2022\/09\/1564033578_euro780x405696x361696x361.jpg?resize=400%2C226&amp;ssl=1 400w, https:\/\/i0.wp.com\/www.shqiperia.com\/blog\/wp-content\/uploads\/2022\/09\/1564033578_euro780x405696x361696x361.jpg?w=780&amp;ssl=1 780w\" sizes=\"auto, (max-width: 612px) 100vw, 612px\" \/><\/p>\n<p>2 Shtator 2022.<\/p>\n<p>Kreu i Partis\u00eb Demokratike Sali Berisha e ka lidhur largimin nga detyra t\u00eb Drejtorit t\u00eb P\u00ebrgjithsh\u00ebm t\u00eb Policis\u00eb s\u00eb Shtetit Gledis Nano me kontejnerin e drog\u00ebs. Sipas tij at\u00eb nuk mund ta hiqte kurr askush tjet\u00ebr p\u00ebrve\u00e7 kryeministrit.<\/p>\n<p>Nd\u00ebr t\u00eb tjera Berisha thot\u00eb se Ardi Veliu paguhej 30 mij\u00eb euro n\u00eb muaj nga Ervis Martinaj.<\/p>\n<p><strong>Sali Berisha:<\/strong><span>\u00a0<\/span><em>Un\u00eb nuk kam respekt mbi Gledis Nanon se u zgjodh mbi kritere partiake, por largimi i tij ishte politik. Thon\u00eb se largimi i tij kishte lidhje me kontejnerin q\u00eb u la 5 muaj n\u00eb port derisa t\u00eb dilte kokaina. Thuhet tjetra ky takoi Jeton Lamin i cili nd\u00ebr t\u00eb tjera i tha se Ardi Veliu paguhej 30 mij\u00eb euro n\u00eb muaj nga Ervis Martinaj. Zhvillimi \u00ebsht\u00eb brenda familjes Rama. At\u00eb nuk mund ta hiqte kurr askush tjet\u00ebr p\u00ebrve\u00e7 kryeministrit. Ka rregulla policia e shtetit. Ky u hoq p\u00ebr afera t\u00eb ram\u00ebs. Ardi Veliun e ka heq p\u00ebr veten e tij p\u00ebr familjen e tij.<\/em><\/p>\n<p><span>Nga OraNews<\/span><\/p>\n","protected":false},"excerpt":{"rendered":"<p>2 Shtator 2022. Kreu i Partis\u00eb Demokratike Sali Berisha e ka lidhur largimin nga detyra t\u00eb Drejtorit t\u00eb P\u00ebrgjithsh\u00ebm t\u00eb Policis\u00eb s\u00eb Shtetit Gledis Nano me kontejnerin e drog\u00ebs. Sipas tij at\u00eb nuk mund ta hiqte kurr askush tjet\u00ebr p\u00ebrve\u00e7 kryeministrit. Nd\u00ebr t\u00eb tjera Berisha thot\u00eb se Ardi Veliu paguhej 30 mij\u00eb euro n\u00eb muaj [&hellip;]<\/p>\n","protected":false},"author":9,"featured_media":61726,"comment_status":"open","ping_status":"open","sticky":false,"template":"","format":"standard","meta":{"jetpack_post_was_ever_published":false,"_jetpack_newsletter_access":"","_jetpack_dont_email_post_to_subs":false,"_jetpack_newsletter_tier_id":0,"_jetpack_memberships_contains_paywalled_content":false,"_jetpack_memberships_contains_paid_content":false,"footnotes":"","jetpack_publicize_message":"","jetpack_publicize_feature_enabled":true,"jetpack_social_post_already_shared":true,"jetpack_social_options":{"image_generator_settings":{"template":"highway","default_image_id":0,"font":"","enabled":false},"version":2}},"categories":[27,2,35],"tags":[],"class_list":["post-61725","post","type-post","status-publish","format-standard","has-post-thumbnail","hentry","category-blogu-i-udhetarit","category-politika","category-shoqerore"],"jetpack_publicize_connections":[],"jetpack_featured_media_url":"https:\/\/i0.wp.com\/www.shqiperia.com\/blog\/wp-content\/uploads\/2022\/09\/1564033578_euro780x405696x361696x361.jpg?fit=780%2C440&ssl=1","jetpack_sharing_enabled":true,"jetpack_shortlink":"https:\/\/wp.me\/p5Z6wp-g3z","jetpack-related-posts":[{"id":42206,"url":"https:\/\/www.shqiperia.com\/blog\/cfare-ben-ardi-veliu-dhe-shefi-krimit-ekonomik-shperthen-myslim-murrizi-dhe-leshon-paralajmerimin-e-forte-javen-tjeter-do-sjell-filmime\/","url_meta":{"origin":61725,"position":0},"title":"\u201c\u00c7far\u00eb b\u00ebn Ardi Veliu dhe shefi Krimit Ekonomik?\u201d, shp\u00ebrthen Myslim Murrizi dhe l\u00ebshon paralajm\u00ebrimin e fort\u00eb: Jav\u00ebn tjet\u00ebr do sjell filmime!","author":"Kurt Farka","date":"December 23, 2020","format":false,"excerpt":"\u201c\u00c7far\u00eb b\u00ebn Ardi Veliu dhe shefi Krimit Ekonomik?\u201d, shp\u00ebrthen Myslim Murrizi dhe l\u00ebshon paralajm\u00ebrimin e fort\u00eb: Jav\u00ebn tjet\u00ebr do sjell filmime! 23 DHJETOR 2020 FacebookWhatsAppTwitterEmail Deputeti Myslim Murrizi denoncoi sot aktivitetin e sektorit Call Center n\u00eb Shqip\u00ebri, duke cituar media t\u00eb huaja q\u00eb sipas tij thon\u00eb se ky biznes xhiron\u2026","rel":"","context":"In &quot;Blogu i Udh\u00ebtarit&quot;","block_context":{"text":"Blogu i Udh\u00ebtarit","link":"https:\/\/www.shqiperia.com\/blog\/category\/blogu-i-udhetarit\/"},"img":{"alt_text":"","src":"https:\/\/i0.wp.com\/www.shqiperia.com\/blog\/wp-content\/uploads\/2020\/12\/800-0-5fe328d837485.jpg?fit=643%2C343&ssl=1&resize=350%2C200","width":350,"height":200,"srcset":"https:\/\/i0.wp.com\/www.shqiperia.com\/blog\/wp-content\/uploads\/2020\/12\/800-0-5fe328d837485.jpg?fit=643%2C343&ssl=1&resize=350%2C200 1x, https:\/\/i0.wp.com\/www.shqiperia.com\/blog\/wp-content\/uploads\/2020\/12\/800-0-5fe328d837485.jpg?fit=643%2C343&ssl=1&resize=525%2C300 1.5x"},"classes":[]},{"id":62575,"url":"https:\/\/www.shqiperia.com\/blog\/u-konfliktua-me-garden-artan-hoxha-ervis-martinaj-per-mua-e-kane-ekzekutuar\/","url_meta":{"origin":61725,"position":1},"title":"&#8220;U konfliktua me Gard\u00ebn&#8230;&#8221;, Artan Hoxha: &#8211; Ervis Martinaj p\u00ebr mua e kan\u00eb ekzekutuar!","author":"Kurt Farka","date":"September 23, 2022","format":false,"excerpt":"23 Shtator 2022 Gazetari investigativ Artan Hoxha beson se Ervis Martinaj \u00ebsht\u00eb rr\u00ebmbyer nga persona t\u00eb veshur si polic\u00eb, t\u00eb cil\u00ebt e kan\u00eb ekzekutuar. Duke folur p\u00ebr fatin e personit m\u00eb t\u00eb p\u00ebrfolur nga bota e krimit n\u00eb Shqip\u00ebri, Hoxha zbuloi disa detaje p\u00ebr lidhjet e Martinajt, si dhe ngriti\u2026","rel":"","context":"In &quot;Blogu i Udh\u00ebtarit&quot;","block_context":{"text":"Blogu i Udh\u00ebtarit","link":"https:\/\/www.shqiperia.com\/blog\/category\/blogu-i-udhetarit\/"},"img":{"alt_text":"","src":"https:\/\/i0.wp.com\/www.shqiperia.com\/blog\/wp-content\/uploads\/2022\/09\/800-0-632cc5ed4f4a2.jpg?fit=800%2C479&ssl=1&resize=350%2C200","width":350,"height":200,"srcset":"https:\/\/i0.wp.com\/www.shqiperia.com\/blog\/wp-content\/uploads\/2022\/09\/800-0-632cc5ed4f4a2.jpg?fit=800%2C479&ssl=1&resize=350%2C200 1x, https:\/\/i0.wp.com\/www.shqiperia.com\/blog\/wp-content\/uploads\/2022\/09\/800-0-632cc5ed4f4a2.jpg?fit=800%2C479&ssl=1&resize=525%2C300 1.5x, https:\/\/i0.wp.com\/www.shqiperia.com\/blog\/wp-content\/uploads\/2022\/09\/800-0-632cc5ed4f4a2.jpg?fit=800%2C479&ssl=1&resize=700%2C400 2x"},"classes":[]},{"id":65704,"url":"https:\/\/www.shqiperia.com\/blog\/si-e-paralajmeroi-vete-vis-martinaj-kontrollin-ne-shtepine-e-tij-mesazhet-qe-shkembeu-me-familjaret-kujdes-mund-te\/","url_meta":{"origin":61725,"position":2},"title":"Si e paralajm\u00ebroi vet\u00eb Vis Martinaj kontrollin n\u00eb sht\u00ebpin\u00eb e tij, mesazhet q\u00eb shk\u00ebmbeu me familjar\u00ebt: &#8211; \u201cKujdes, mund t\u00eb&#8230;\u201d","author":"Kurt Farka","date":"December 27, 2022","format":false,"excerpt":"27 Dhjetor 2022 FNSH dhe RENEA-t zhvilluan dit\u00ebn e djeshme nj\u00eb operacion k\u00ebrkimi n\u00eb banes\u00ebn e t\u00eb shum\u00ebk\u00ebrkuarit Ervis Martinaj, dhe familjar\u00ebve t\u00eb tij, ku u gjet nj\u00eb arsenal arm\u00ebsh. Arm\u00ebt ishin fshehur n\u00eb kosheret e blet\u00ebve, nd\u00ebrsa n\u00eb k\u00ebt\u00eb sasi arm\u00ebsh dhe municionesh, kishte element\u00eb q\u00eb kryesisht gjenden n\u00eb\u2026","rel":"","context":"In &quot;Blogu i Udh\u00ebtarit&quot;","block_context":{"text":"Blogu i Udh\u00ebtarit","link":"https:\/\/www.shqiperia.com\/blog\/category\/blogu-i-udhetarit\/"},"img":{"alt_text":"","src":"https:\/\/i0.wp.com\/www.shqiperia.com\/blog\/wp-content\/uploads\/2022\/12\/640-0-5c738163c68aaa2459842ee453493db2.jpg?fit=640%2C361&ssl=1&resize=350%2C200","width":350,"height":200,"srcset":"https:\/\/i0.wp.com\/www.shqiperia.com\/blog\/wp-content\/uploads\/2022\/12\/640-0-5c738163c68aaa2459842ee453493db2.jpg?fit=640%2C361&ssl=1&resize=350%2C200 1x, https:\/\/i0.wp.com\/www.shqiperia.com\/blog\/wp-content\/uploads\/2022\/12\/640-0-5c738163c68aaa2459842ee453493db2.jpg?fit=640%2C361&ssl=1&resize=525%2C300 1.5x"},"classes":[]},{"id":65684,"url":"https:\/\/www.shqiperia.com\/blog\/gazetarja-nje-telefonate-e-pergjuar-nga-burgu-ngriti-ne-kembe-policine-detaje-te-reja-per-ervis-martinaj\/","url_meta":{"origin":61725,"position":3},"title":"Gazetarja: Nj\u00eb telefonat\u00eb e p\u00ebrgjuar nga burgu, ngriti n\u00eb k\u00ebmb\u00eb Policin\u00eb. &#8211; Detaje t\u00eb reja per Ervis Martinaj","author":"Kurt Farka","date":"December 26, 2022","format":false,"excerpt":"26 Dhjetor 2022 Detaje t\u00eb reja dalin n\u00eb drit\u00eb n\u00eb lidhje me kontrollet sot n\u00eb banes\u00ebn e shum\u00eb t\u00eb k\u00ebrkuarit Ervis Martinajt, i cili rezulton i zhdukur q\u00eb prej muajt gusht. Po ashtu kontrolle jan\u00eb ushtruar dhe n\u00eb banesat e dy xhaxhallar\u00ebve t\u00eb tij, Rakip dhe Faik Martinaj. Gazetarja Klodiana\u2026","rel":"","context":"In &quot;Blogu i Udh\u00ebtarit&quot;","block_context":{"text":"Blogu i Udh\u00ebtarit","link":"https:\/\/www.shqiperia.com\/blog\/category\/blogu-i-udhetarit\/"},"img":{"alt_text":"","src":"https:\/\/i0.wp.com\/www.shqiperia.com\/blog\/wp-content\/uploads\/2022\/12\/Capture-322-770x433-1.jpg?fit=770%2C433&ssl=1&resize=350%2C200","width":350,"height":200,"srcset":"https:\/\/i0.wp.com\/www.shqiperia.com\/blog\/wp-content\/uploads\/2022\/12\/Capture-322-770x433-1.jpg?fit=770%2C433&ssl=1&resize=350%2C200 1x, https:\/\/i0.wp.com\/www.shqiperia.com\/blog\/wp-content\/uploads\/2022\/12\/Capture-322-770x433-1.jpg?fit=770%2C433&ssl=1&resize=525%2C300 1.5x, https:\/\/i0.wp.com\/www.shqiperia.com\/blog\/wp-content\/uploads\/2022\/12\/Capture-322-770x433-1.jpg?fit=770%2C433&ssl=1&resize=700%2C400 2x"},"classes":[]},{"id":61396,"url":"https:\/\/www.shqiperia.com\/blog\/arrestimi-i-agjentit-te-operacionales-artan-hoxha-zbardh-telefonaten-me-ervis-martinajn-u-conte-zarfin-6-shefave-te-komisariateve\/","url_meta":{"origin":61725,"position":4},"title":"Arrestimi i agjentit t\u00eb Operacionales\/ Artan Hoxha zbardh telefonat\u00ebn me Ervis Martinajn: &#8211; U \u00e7onte \u201czarfin\u201d 6 shefave t\u00eb komisariateve&#8230;","author":"Kurt Farka","date":"August 24, 2022","format":false,"excerpt":"24 Gusht 2022 Jeton Lami, me detyr\u00eb agjent pran\u00eb Forcave Operacionale n\u00eb policin\u00eb e Lezh\u00ebs u arrestua dit\u00ebn e sotme n\u00ebn akuz\u00eb p\u00ebr shp\u00ebrdorim detyre, pasi dyshohet se ka ndihmuar t\u00eb shum\u00ebk\u00ebrkuarin e drejt\u00ebsis\u00eb, Ervis Martinaj t\u00eb arratiset. P\u00ebr k\u00ebt\u00eb ka reaguar dhe gazetari Artan Hoxha, i cili ka kujtuar\u2026","rel":"","context":"In &quot;Blogu i Udh\u00ebtarit&quot;","block_context":{"text":"Blogu i Udh\u00ebtarit","link":"https:\/\/www.shqiperia.com\/blog\/category\/blogu-i-udhetarit\/"},"img":{"alt_text":"","src":"https:\/\/i0.wp.com\/www.shqiperia.com\/blog\/wp-content\/uploads\/2022\/08\/640-0-6306237745cbc.jpeg?fit=640%2C320&ssl=1&resize=350%2C200","width":350,"height":200,"srcset":"https:\/\/i0.wp.com\/www.shqiperia.com\/blog\/wp-content\/uploads\/2022\/08\/640-0-6306237745cbc.jpeg?fit=640%2C320&ssl=1&resize=350%2C200 1x, https:\/\/i0.wp.com\/www.shqiperia.com\/blog\/wp-content\/uploads\/2022\/08\/640-0-6306237745cbc.jpeg?fit=640%2C320&ssl=1&resize=525%2C300 1.5x"},"classes":[]},{"id":61610,"url":"https:\/\/www.shqiperia.com\/blog\/gazetari-ben-deklaraten-e-forte-ervis-martinaj-ka-blere-dy-vila-perballe-shtepise-se-edi-rames\/","url_meta":{"origin":61725,"position":5},"title":"Gazetari b\u00ebn deklarat\u00ebn e fort\u00eb: &#8211; Ervis Martinaj ka bler\u00eb dy vila p\u00ebrball\u00eb sht\u00ebpis\u00eb s\u00eb Edi Ram\u00ebs","author":"Kurt Farka","date":"August 29, 2022","format":false,"excerpt":"29 Gusht 2022 \"... kund\u00ebr Martinajt jan\u00eb b\u00ebr\u00eb bashk\u00eb 7 banda, ish-ortak\u00eb t\u00eb tij n\u00eb biznes q\u00eb krijuan nj\u00eb struktur\u00eb t\u00eb ngjashme me \u201cLos Pepes\u201d n\u00eb Kolumbi\". Gazetari Artan Hoxha ka zbuluar dit\u00ebn e sotme detaje nga jeta e Ervis Martinajt. B\u00ebjm\u00eb me dije se ky i fundit \u00ebsht\u00eb n\u00eb\u2026","rel":"","context":"In &quot;Blogu i Udh\u00ebtarit&quot;","block_context":{"text":"Blogu i Udh\u00ebtarit","link":"https:\/\/www.shqiperia.com\/blog\/category\/blogu-i-udhetarit\/"},"img":{"alt_text":"","src":"https:\/\/i0.wp.com\/www.shqiperia.com\/blog\/wp-content\/uploads\/2022\/08\/640-0-630ccd53f13c5.png?fit=640%2C360&ssl=1&resize=350%2C200","width":350,"height":200,"srcset":"https:\/\/i0.wp.com\/www.shqiperia.com\/blog\/wp-content\/uploads\/2022\/08\/640-0-630ccd53f13c5.png?fit=640%2C360&ssl=1&resize=350%2C200 1x, https:\/\/i0.wp.com\/www.shqiperia.com\/blog\/wp-content\/uploads\/2022\/08\/640-0-630ccd53f13c5.png?fit=640%2C360&ssl=1&resize=525%2C300 1.5x"},"classes":[]}],"_links":{"self":[{"href":"https:\/\/www.shqiperia.com\/blog\/wp-json\/wp\/v2\/posts\/61725","targetHints":{"allow":["GET"]}}],"collection":[{"href":"https:\/\/www.shqiperia.com\/blog\/wp-json\/wp\/v2\/posts"}],"about":[{"href":"https:\/\/www.shqiperia.com\/blog\/wp-json\/wp\/v2\/types\/post"}],"author":[{"embeddable":true,"href":"https:\/\/www.shqiperia.com\/blog\/wp-json\/wp\/v2\/users\/9"}],"replies":[{"embeddable":true,"href":"https:\/\/www.shqiperia.com\/blog\/wp-json\/wp\/v2\/comments?post=61725"}],"version-history":[{"count":1,"href":"https:\/\/www.shqiperia.com\/blog\/wp-json\/wp\/v2\/posts\/61725\/revisions"}],"predecessor-version":[{"id":61727,"href":"https:\/\/www.shqiperia.com\/blog\/wp-json\/wp\/v2\/posts\/61725\/revisions\/61727"}],"wp:featuredmedia":[{"embeddable":true,"href":"https:\/\/www.shqiperia.com\/blog\/wp-json\/wp\/v2\/media\/61726"}],"wp:attachment":[{"href":"https:\/\/www.shqiperia.com\/blog\/wp-json\/wp\/v2\/media?parent=61725"}],"wp:term":[{"taxonomy":"category","embeddable":true,"href":"https:\/\/www.shqiperia.com\/blog\/wp-json\/wp\/v2\/categories?post=61725"},{"taxonomy":"post_tag","embeddable":true,"href":"https:\/\/www.shqiperia.com\/blog\/wp-json\/wp\/v2\/tags?post=61725"}],"curies":[{"name":"wp","href":"https:\/\/api.w.org\/{rel}","templated":true}]}}