{"id":61722,"date":"2022-09-02T10:28:57","date_gmt":"2022-09-02T10:28:57","guid":{"rendered":"https:\/\/www.shqiperia.com\/blog\/?p=61722"},"modified":"2022-09-02T10:28:57","modified_gmt":"2022-09-02T10:28:57","slug":"vjen-kthesa-drastike-vendi-perfshihet-nga-rrebeshet-dhe-renie-temperaturash-por-si-do-te-na-surprizoje-moti-javen-e-ardhshme","status":"publish","type":"post","link":"https:\/\/www.shqiperia.com\/blog\/vjen-kthesa-drastike-vendi-perfshihet-nga-rrebeshet-dhe-renie-temperaturash-por-si-do-te-na-surprizoje-moti-javen-e-ardhshme\/","title":{"rendered":"Vjen kthesa drastike\/ Vendi p\u00ebrfshihet nga rrebeshet dhe r\u00ebnie temperaturash, por si do t\u00eb na surprizoj\u00eb moti jav\u00ebn e ardhshme"},"content":{"rendered":"<p><img data-recalc-dims=\"1\" loading=\"lazy\" decoding=\"async\" data-attachment-id=\"61723\" data-permalink=\"https:\/\/www.shqiperia.com\/blog\/vjen-kthesa-drastike-vendi-perfshihet-nga-rrebeshet-dhe-renie-temperaturash-por-si-do-te-na-surprizoje-moti-javen-e-ardhshme\/800-0-284e173df7b1b0f1e687a725e894fecc\/\" data-orig-file=\"https:\/\/i0.wp.com\/www.shqiperia.com\/blog\/wp-content\/uploads\/2022\/09\/800-0-284e173df7b1b0f1e687a725e894fecc.jpg?fit=800%2C467&amp;ssl=1\" data-orig-size=\"800,467\" data-comments-opened=\"1\" data-image-meta=\"{&quot;aperture&quot;:&quot;0&quot;,&quot;credit&quot;:&quot;&quot;,&quot;camera&quot;:&quot;&quot;,&quot;caption&quot;:&quot;&quot;,&quot;created_timestamp&quot;:&quot;0&quot;,&quot;copyright&quot;:&quot;&quot;,&quot;focal_length&quot;:&quot;0&quot;,&quot;iso&quot;:&quot;0&quot;,&quot;shutter_speed&quot;:&quot;0&quot;,&quot;title&quot;:&quot;&quot;,&quot;orientation&quot;:&quot;0&quot;}\" data-image-title=\"-800-0-284e173df7b1b0f1e687a725e894fecc\" data-image-description=\"\" data-image-caption=\"\" data-medium-file=\"https:\/\/i0.wp.com\/www.shqiperia.com\/blog\/wp-content\/uploads\/2022\/09\/800-0-284e173df7b1b0f1e687a725e894fecc.jpg?fit=300%2C175&amp;ssl=1\" data-large-file=\"https:\/\/i0.wp.com\/www.shqiperia.com\/blog\/wp-content\/uploads\/2022\/09\/800-0-284e173df7b1b0f1e687a725e894fecc.jpg?fit=800%2C467&amp;ssl=1\" class=\"alignnone  wp-image-61723\" alt=\"\" src=\"https:\/\/i0.wp.com\/www.shqiperia.com\/blog\/wp-content\/uploads\/2022\/09\/800-0-284e173df7b1b0f1e687a725e894fecc.jpg?resize=499%2C291&#038;ssl=1\" width=\"499\" height=\"291\" srcset=\"https:\/\/i0.wp.com\/www.shqiperia.com\/blog\/wp-content\/uploads\/2022\/09\/800-0-284e173df7b1b0f1e687a725e894fecc.jpg?resize=300%2C175&amp;ssl=1 300w, https:\/\/i0.wp.com\/www.shqiperia.com\/blog\/wp-content\/uploads\/2022\/09\/800-0-284e173df7b1b0f1e687a725e894fecc.jpg?resize=768%2C448&amp;ssl=1 768w, https:\/\/i0.wp.com\/www.shqiperia.com\/blog\/wp-content\/uploads\/2022\/09\/800-0-284e173df7b1b0f1e687a725e894fecc.jpg?resize=450%2C263&amp;ssl=1 450w, https:\/\/i0.wp.com\/www.shqiperia.com\/blog\/wp-content\/uploads\/2022\/09\/800-0-284e173df7b1b0f1e687a725e894fecc.jpg?resize=600%2C350&amp;ssl=1 600w, https:\/\/i0.wp.com\/www.shqiperia.com\/blog\/wp-content\/uploads\/2022\/09\/800-0-284e173df7b1b0f1e687a725e894fecc.jpg?resize=400%2C234&amp;ssl=1 400w, https:\/\/i0.wp.com\/www.shqiperia.com\/blog\/wp-content\/uploads\/2022\/09\/800-0-284e173df7b1b0f1e687a725e894fecc.jpg?w=800&amp;ssl=1 800w\" sizes=\"auto, (max-width: 499px) 100vw, 499px\" \/><\/p>\n<p>2 Shtator 2022<\/p>\n<p>Dita e sotme ka nisur me nj\u00eb r\u00ebnie t\u00eb ndjeshme temperaturash. Moti parshikohet me vran\u00ebsira dhe intervale kthjellimi. Reshjet e shiu kan\u00eb nisur q\u00eb n\u00eb or\u00ebt e para t\u00eb 24-or\u00ebshit p\u00ebrgjat\u00eb vij\u00ebs bregdetare, dhe gradualisht reshjet e shiut do t\u00eb shtrihen edhe n\u00eb pjes\u00ebn tjet\u00ebr t\u00eb vendit me intensitet mesatar.N\u00eb mbremje reshjet e shiut humbasin intensitet dhe territor duke mbetur prezente vet\u00ebm n\u00eb pjes\u00ebn juglindore t\u00eb vendit.<\/p>\n<p>Kjo r\u00ebnie temperaturash e shoq\u00ebruar me rreshje shiu do t\u00eb zgjas\u00eb vet\u00ebm brenda 24 or\u00ebshit t\u00eb sot\u00ebm, pasi dit\u00ebn e nes\u00ebrme temperaturat rriten me 2 grad\u00eb dhe kthjellimet rikthehen n\u00eb rang territori.<\/p>\n<p>Edhe dita e diel, nj\u00ebsoj si e shtuna parashikohet me vran\u00ebsira dhe intervale kthjellimi dhe temperatura deri n\u00eb 30 grad\u00eb celcius maksimumi.<\/p>\n<p>\u00cbsht\u00eb e h\u00ebna e jav\u00ebs s\u00eb ardhshme ajo q\u00eb rrit akoma m\u00eb shum\u00eb temeraturat, p\u00ebr t\u00eb vazhduar kjo rritje p\u00ebr gjat\u00eb gjith\u00eb jav\u00ebs. Moti do t\u00eb vijoj\u00eb kryesisht i kthjell\u00ebt deri n\u00eb mesin e jav\u00ebs q\u00eb presim ku pritet t\u00eb rikthehen temperaturat 33-34 grade celcius.<\/p>\n","protected":false},"excerpt":{"rendered":"<p>2 Shtator 2022 Dita e sotme ka nisur me nj\u00eb r\u00ebnie t\u00eb ndjeshme temperaturash. Moti parshikohet me vran\u00ebsira dhe intervale kthjellimi. Reshjet e shiu kan\u00eb nisur q\u00eb n\u00eb or\u00ebt e para t\u00eb 24-or\u00ebshit p\u00ebrgjat\u00eb vij\u00ebs bregdetare, dhe gradualisht reshjet e shiut do t\u00eb shtrihen edhe n\u00eb pjes\u00ebn tjet\u00ebr t\u00eb vendit me intensitet mesatar.N\u00eb mbremje reshjet [&hellip;]<\/p>\n","protected":false},"author":9,"featured_media":61723,"comment_status":"open","ping_status":"open","sticky":false,"template":"","format":"standard","meta":{"jetpack_post_was_ever_published":false,"_jetpack_newsletter_access":"","_jetpack_dont_email_post_to_subs":false,"_jetpack_newsletter_tier_id":0,"_jetpack_memberships_contains_paywalled_content":false,"_jetpack_memberships_contains_paid_content":false,"footnotes":"","jetpack_publicize_message":"","jetpack_publicize_feature_enabled":true,"jetpack_social_post_already_shared":true,"jetpack_social_options":{"image_generator_settings":{"template":"highway","default_image_id":0,"font":"","enabled":false},"version":2}},"categories":[27,14],"tags":[],"class_list":["post-61722","post","type-post","status-publish","format-standard","has-post-thumbnail","hentry","category-blogu-i-udhetarit","category-press-releases"],"jetpack_publicize_connections":[],"jetpack_featured_media_url":"https:\/\/i0.wp.com\/www.shqiperia.com\/blog\/wp-content\/uploads\/2022\/09\/800-0-284e173df7b1b0f1e687a725e894fecc.jpg?fit=800%2C467&ssl=1","jetpack_sharing_enabled":true,"jetpack_shortlink":"https:\/\/wp.me\/p5Z6wp-g3w","jetpack-related-posts":[{"id":36776,"url":"https:\/\/www.shqiperia.com\/blog\/njihuni-me-parashikimin-e-motit-per-javen-e-ardhshme-ditet-qe-do-te-shoqerohen-me-reshje-shiu-dhe\/","url_meta":{"origin":61722,"position":0},"title":"Njihuni me parashikimin e motit p\u00ebr jav\u00ebn e ardhshme\/ Dit\u00ebt q\u00eb do t\u00eb shoq\u00ebrohen me reshje shiu dhe\u2026","author":"Kurt Farka","date":"August 2, 2020","format":false,"excerpt":"Njihuni me parashikimin e motit p\u00ebr jav\u00ebn e ardhshme\/ Dit\u00ebt q\u00eb do t\u00eb shoq\u00ebrohen me reshje shiu dhe\u2026 2 gusht 2020 Gjat\u00eb jav\u00ebs s\u00eb ardhshme do t\u00eb ket\u00eb reshje shiu p\u00ebr disa dit\u00eb me radh\u00ebs. Sipas Sh\u00ebrbimit Meteorologjik Ushtarak, p\u00ebrve\u00e7 reshjeve t\u00eb shiut, do t\u00eb ket\u00eb edhe r\u00ebnie temperaturash n\u00eb\u2026","rel":"","context":"In &quot;Blogu i Udh\u00ebtarit&quot;","block_context":{"text":"Blogu i Udh\u00ebtarit","link":"https:\/\/www.shqiperia.com\/blog\/category\/blogu-i-udhetarit\/"},"img":{"alt_text":"","src":"https:\/\/i0.wp.com\/www.shqiperia.com\/blog\/wp-content\/uploads\/2020\/08\/motiii.jpg?fit=960%2C720&ssl=1&resize=350%2C200","width":350,"height":200,"srcset":"https:\/\/i0.wp.com\/www.shqiperia.com\/blog\/wp-content\/uploads\/2020\/08\/motiii.jpg?fit=960%2C720&ssl=1&resize=350%2C200 1x, https:\/\/i0.wp.com\/www.shqiperia.com\/blog\/wp-content\/uploads\/2020\/08\/motiii.jpg?fit=960%2C720&ssl=1&resize=525%2C300 1.5x, https:\/\/i0.wp.com\/www.shqiperia.com\/blog\/wp-content\/uploads\/2020\/08\/motiii.jpg?fit=960%2C720&ssl=1&resize=700%2C400 2x"},"classes":[]},{"id":87143,"url":"https:\/\/www.shqiperia.com\/blog\/reshje-shiu-e-bore-ja-si-do-te-jete-moti-sot\/","url_meta":{"origin":61722,"position":1},"title":"Reshje shiu e bore, ja si do t\u00eb jet\u00eb moti sot","author":"Kurt Farka","date":"December 6, 2024","format":false,"excerpt":"6 Dhjetor 2024 Sot dit\u00eb e Premte vendi yn\u00eb do t\u00eb ndikohet nga kushte atmosferike t\u00eb paq\u00ebndrueshme p\u00ebr shkak t\u00eb masave ajrore t\u00eb lag\u00ebshta me origjin\u00eb per\u00ebndimore. Moti parashikohet me vran\u00ebsira mesatare deri t\u00eb dendura si dhe intervale t\u00eb her\u00ebpashershme dhe afatshkurtra me kthjellime (diell) kryesisht p\u00ebrgjat\u00eb vij\u00ebs bregdetare e\u2026","rel":"","context":"In &quot;Blogu i Udh\u00ebtarit&quot;","block_context":{"text":"Blogu i Udh\u00ebtarit","link":"https:\/\/www.shqiperia.com\/blog\/category\/blogu-i-udhetarit\/"},"img":{"alt_text":"","src":"https:\/\/i0.wp.com\/www.shqiperia.com\/blog\/wp-content\/uploads\/2024\/12\/reshje-shiu.jpg?fit=768%2C432&ssl=1&resize=350%2C200","width":350,"height":200,"srcset":"https:\/\/i0.wp.com\/www.shqiperia.com\/blog\/wp-content\/uploads\/2024\/12\/reshje-shiu.jpg?fit=768%2C432&ssl=1&resize=350%2C200 1x, https:\/\/i0.wp.com\/www.shqiperia.com\/blog\/wp-content\/uploads\/2024\/12\/reshje-shiu.jpg?fit=768%2C432&ssl=1&resize=525%2C300 1.5x, https:\/\/i0.wp.com\/www.shqiperia.com\/blog\/wp-content\/uploads\/2024\/12\/reshje-shiu.jpg?fit=768%2C432&ssl=1&resize=700%2C400 2x"},"classes":[]},{"id":84225,"url":"https:\/\/www.shqiperia.com\/blog\/shi-dhe-renie-temperaturash-njihuni-me-parashikimin-e-motit-per-javen-e-ardhshme\/","url_meta":{"origin":61722,"position":2},"title":"Shi dhe r\u00ebnie temperaturash\/ Njihuni me parashikimin e motit p\u00ebr jav\u00ebn e ardhshme","author":"Kurt Farka","date":"September 8, 2024","format":false,"excerpt":"8 Shtator 2024 Pas nj\u00eb vere \u201cp\u00ebrv\u00ebluese\u201d me temperatura t\u00eb larta (madje m\u00eb t\u00eb larta se mesataret mujore klimatike) tashm\u00eb duket se tabloja meteorologjike ndryshon plot\u00ebsisht. Sipas Sh\u00ebrbimit Meteorologjik Ushtarak, kjo p\u00ebr shkak se tashm\u00eb mbi vendin ton\u00eb (dhe jo vet\u00ebm dhe n\u00eb nj\u00eb pjes\u00eb t\u00eb europ\u00ebs) pritet dep\u00ebrtimi i\u2026","rel":"","context":"In &quot;Blogu i Udh\u00ebtarit&quot;","block_context":{"text":"Blogu i Udh\u00ebtarit","link":"https:\/\/www.shqiperia.com\/blog\/category\/blogu-i-udhetarit\/"},"img":{"alt_text":"","src":"https:\/\/i0.wp.com\/www.shqiperia.com\/blog\/wp-content\/uploads\/2024\/09\/Diell-e-shi-parashikimi-i-motit-per-javen-e-ardhshme-Insajderi.org_.jpg?fit=800%2C450&ssl=1&resize=350%2C200","width":350,"height":200,"srcset":"https:\/\/i0.wp.com\/www.shqiperia.com\/blog\/wp-content\/uploads\/2024\/09\/Diell-e-shi-parashikimi-i-motit-per-javen-e-ardhshme-Insajderi.org_.jpg?fit=800%2C450&ssl=1&resize=350%2C200 1x, https:\/\/i0.wp.com\/www.shqiperia.com\/blog\/wp-content\/uploads\/2024\/09\/Diell-e-shi-parashikimi-i-motit-per-javen-e-ardhshme-Insajderi.org_.jpg?fit=800%2C450&ssl=1&resize=525%2C300 1.5x, https:\/\/i0.wp.com\/www.shqiperia.com\/blog\/wp-content\/uploads\/2024\/09\/Diell-e-shi-parashikimi-i-motit-per-javen-e-ardhshme-Insajderi.org_.jpg?fit=800%2C450&ssl=1&resize=700%2C400 2x"},"classes":[]},{"id":38398,"url":"https:\/\/www.shqiperia.com\/blog\/moti-merr-kthesen-e-papritur-mesoni-si-pritet-te-jete-koha-gjate-gjithe-kesaj-jave-dhe-zonat-qe-do-te-perfshihen-nga-reshjet-e-shiut\/","url_meta":{"origin":61722,"position":3},"title":"Moti merr kthes\u00ebn e papritur, m\u00ebsoni si pritet t\u00eb jet\u00eb koha gjat\u00eb gjith\u00eb k\u00ebsaj jave dhe zonat q\u00eb do t\u00eb p\u00ebrfshihen nga reshjet e shiut","author":"Kurt Farka","date":"September 14, 2020","format":false,"excerpt":"Moti merr kthes\u00ebn e papritur, m\u00ebsoni si pritet t\u00eb jet\u00eb koha gjat\u00eb gjith\u00eb k\u00ebsaj jave dhe zonat q\u00eb do t\u00eb p\u00ebrfshihen nga reshjet e shiut 14 SHTATOR 2020 Dita e sotme do t\u00eb ket\u00eb mot me alternime kthjellimesh dhe vran\u00ebsira t\u00eb cilat n\u00eb or\u00ebt e mesdit\u00ebs n\u00eb relievet malore do\u2026","rel":"","context":"In &quot;Blogu i Udh\u00ebtarit&quot;","block_context":{"text":"Blogu i Udh\u00ebtarit","link":"https:\/\/www.shqiperia.com\/blog\/category\/blogu-i-udhetarit\/"},"img":{"alt_text":"","src":"https:\/\/i0.wp.com\/www.shqiperia.com\/blog\/wp-content\/uploads\/2020\/09\/800-0-5f5efbf7a34e1.jpg?fit=800%2C482&ssl=1&resize=350%2C200","width":350,"height":200,"srcset":"https:\/\/i0.wp.com\/www.shqiperia.com\/blog\/wp-content\/uploads\/2020\/09\/800-0-5f5efbf7a34e1.jpg?fit=800%2C482&ssl=1&resize=350%2C200 1x, https:\/\/i0.wp.com\/www.shqiperia.com\/blog\/wp-content\/uploads\/2020\/09\/800-0-5f5efbf7a34e1.jpg?fit=800%2C482&ssl=1&resize=525%2C300 1.5x, https:\/\/i0.wp.com\/www.shqiperia.com\/blog\/wp-content\/uploads\/2020\/09\/800-0-5f5efbf7a34e1.jpg?fit=800%2C482&ssl=1&resize=700%2C400 2x"},"classes":[]},{"id":95197,"url":"https:\/\/www.shqiperia.com\/blog\/ja-cfare-pritet-te-ndodhe-me-temperaturat\/","url_meta":{"origin":61722,"position":4},"title":"Ja \u00e7far\u00eb pritet t\u00eb ndodh\u00eb me temperaturat","author":"Kurt Farka","date":"November 27, 2025","format":false,"excerpt":"27 Nentor 2025 Dit\u00ebn e premte vendi yn\u00eb do t\u00eb ndikohet nga kushte atmosferike t\u00eb paq\u00ebndrueshme. Moti parashikohet t\u00eb jet\u00eb me vran\u00ebsira mesatare e t\u00eb denduar. Reshjet e shiut priten t\u00eb jen\u00eb prezente q\u00eb n\u00eb or\u00ebt e para t\u00eb 24-or\u00ebshit deri n\u00eb or\u00ebt e mesdit\u00ebs n\u00eb pjes\u00ebn m\u00eb t\u00eb madhe\u2026","rel":"","context":"In &quot;Blogu i Udh\u00ebtarit&quot;","block_context":{"text":"Blogu i Udh\u00ebtarit","link":"https:\/\/www.shqiperia.com\/blog\/category\/blogu-i-udhetarit\/"},"img":{"alt_text":"","src":"https:\/\/i0.wp.com\/www.shqiperia.com\/blog\/wp-content\/uploads\/2025\/11\/640-0-1742797637x640-0-moti-shiu-2-698-705.jpg?fit=640%2C360&ssl=1&resize=350%2C200","width":350,"height":200,"srcset":"https:\/\/i0.wp.com\/www.shqiperia.com\/blog\/wp-content\/uploads\/2025\/11\/640-0-1742797637x640-0-moti-shiu-2-698-705.jpg?fit=640%2C360&ssl=1&resize=350%2C200 1x, https:\/\/i0.wp.com\/www.shqiperia.com\/blog\/wp-content\/uploads\/2025\/11\/640-0-1742797637x640-0-moti-shiu-2-698-705.jpg?fit=640%2C360&ssl=1&resize=525%2C300 1.5x"},"classes":[]},{"id":63096,"url":"https:\/\/www.shqiperia.com\/blog\/moti-renie-e-ndjeshme-temperaturash-dhe-rrebeshe-shiu\/","url_meta":{"origin":61722,"position":5},"title":"Moti: &#8211; R\u00ebnie e ndjeshme temperaturash dhe rrebeshe shiu","author":"Kurt Farka","date":"October 10, 2022","format":false,"excerpt":"10 Tetor 2022 Java ka nisur me dominimin e vran\u00ebsirave t\u00eb shpeshta gjat\u00eb dit\u00ebs s\u00eb sotme, duke b\u00ebr\u00eb q\u00eb t\u00eb kemi alternime kthjellimesh dhe vran\u00ebsirash. Sipas meteorologut t\u00eb MeteoAlb, Hakil Osmani, pritet q\u00eb t\u00eb ket\u00eb shtim t\u00eb vran\u00ebsirave n\u00eb or\u00ebt e mbr\u00ebmjes q\u00eb do t\u00eb sjellin dhe reshje shiu, si\u2026","rel":"","context":"In &quot;Blogu i Udh\u00ebtarit&quot;","block_context":{"text":"Blogu i Udh\u00ebtarit","link":"https:\/\/www.shqiperia.com\/blog\/category\/blogu-i-udhetarit\/"},"img":{"alt_text":"","src":"https:\/\/i0.wp.com\/www.shqiperia.com\/blog\/wp-content\/uploads\/2022\/10\/640-0-6343cc9e4b381.jpg?fit=640%2C397&ssl=1&resize=350%2C200","width":350,"height":200,"srcset":"https:\/\/i0.wp.com\/www.shqiperia.com\/blog\/wp-content\/uploads\/2022\/10\/640-0-6343cc9e4b381.jpg?fit=640%2C397&ssl=1&resize=350%2C200 1x, https:\/\/i0.wp.com\/www.shqiperia.com\/blog\/wp-content\/uploads\/2022\/10\/640-0-6343cc9e4b381.jpg?fit=640%2C397&ssl=1&resize=525%2C300 1.5x"},"classes":[]}],"_links":{"self":[{"href":"https:\/\/www.shqiperia.com\/blog\/wp-json\/wp\/v2\/posts\/61722","targetHints":{"allow":["GET"]}}],"collection":[{"href":"https:\/\/www.shqiperia.com\/blog\/wp-json\/wp\/v2\/posts"}],"about":[{"href":"https:\/\/www.shqiperia.com\/blog\/wp-json\/wp\/v2\/types\/post"}],"author":[{"embeddable":true,"href":"https:\/\/www.shqiperia.com\/blog\/wp-json\/wp\/v2\/users\/9"}],"replies":[{"embeddable":true,"href":"https:\/\/www.shqiperia.com\/blog\/wp-json\/wp\/v2\/comments?post=61722"}],"version-history":[{"count":1,"href":"https:\/\/www.shqiperia.com\/blog\/wp-json\/wp\/v2\/posts\/61722\/revisions"}],"predecessor-version":[{"id":61724,"href":"https:\/\/www.shqiperia.com\/blog\/wp-json\/wp\/v2\/posts\/61722\/revisions\/61724"}],"wp:featuredmedia":[{"embeddable":true,"href":"https:\/\/www.shqiperia.com\/blog\/wp-json\/wp\/v2\/media\/61723"}],"wp:attachment":[{"href":"https:\/\/www.shqiperia.com\/blog\/wp-json\/wp\/v2\/media?parent=61722"}],"wp:term":[{"taxonomy":"category","embeddable":true,"href":"https:\/\/www.shqiperia.com\/blog\/wp-json\/wp\/v2\/categories?post=61722"},{"taxonomy":"post_tag","embeddable":true,"href":"https:\/\/www.shqiperia.com\/blog\/wp-json\/wp\/v2\/tags?post=61722"}],"curies":[{"name":"wp","href":"https:\/\/api.w.org\/{rel}","templated":true}]}}