{"id":61713,"date":"2022-09-02T09:51:31","date_gmt":"2022-09-02T09:51:31","guid":{"rendered":"https:\/\/www.shqiperia.com\/blog\/?p=61713"},"modified":"2022-09-02T09:51:31","modified_gmt":"2022-09-02T09:51:31","slug":"vucic-kujton-takimin-e-pare-te-rames-pas-70-viteve-te-takimit-te-titos-me-enver-hoxhen","status":"publish","type":"post","link":"https:\/\/www.shqiperia.com\/blog\/vucic-kujton-takimin-e-pare-te-rames-pas-70-viteve-te-takimit-te-titos-me-enver-hoxhen\/","title":{"rendered":"Vu\u00e7i\u00e7 kujton takimin e par\u00eb t\u00eb Ram\u00ebs pas 70 viteve t\u00eb takimit t\u00eb Titos me Enver Hoxh\u00ebn"},"content":{"rendered":"<div class=\"c-header-content\">\n<div id=\"attachment_61714\" style=\"width: 566px\" class=\"wp-caption alignnone\"><img data-recalc-dims=\"1\" loading=\"lazy\" decoding=\"async\" aria-describedby=\"caption-attachment-61714\" data-attachment-id=\"61714\" data-permalink=\"https:\/\/www.shqiperia.com\/blog\/vucic-kujton-takimin-e-pare-te-rames-pas-70-viteve-te-takimit-te-titos-me-enver-hoxhen\/edi-rama-aleksandar-vucic-2\/\" data-orig-file=\"https:\/\/i0.wp.com\/www.shqiperia.com\/blog\/wp-content\/uploads\/2022\/09\/edi-rama-aleksandar-vucic.jpg?fit=1200%2C675&amp;ssl=1\" data-orig-size=\"1200,675\" data-comments-opened=\"1\" data-image-meta=\"{&quot;aperture&quot;:&quot;0&quot;,&quot;credit&quot;:&quot;&quot;,&quot;camera&quot;:&quot;&quot;,&quot;caption&quot;:&quot;&quot;,&quot;created_timestamp&quot;:&quot;0&quot;,&quot;copyright&quot;:&quot;&quot;,&quot;focal_length&quot;:&quot;0&quot;,&quot;iso&quot;:&quot;0&quot;,&quot;shutter_speed&quot;:&quot;0&quot;,&quot;title&quot;:&quot;&quot;,&quot;orientation&quot;:&quot;0&quot;}\" data-image-title=\"edi rama aleksandar vucic\" data-image-description=\"\" data-image-caption=\"&lt;p&gt;edi rama aleksandar vucic&lt;\/p&gt;\n\" data-medium-file=\"https:\/\/i0.wp.com\/www.shqiperia.com\/blog\/wp-content\/uploads\/2022\/09\/edi-rama-aleksandar-vucic.jpg?fit=300%2C169&amp;ssl=1\" data-large-file=\"https:\/\/i0.wp.com\/www.shqiperia.com\/blog\/wp-content\/uploads\/2022\/09\/edi-rama-aleksandar-vucic.jpg?fit=1024%2C576&amp;ssl=1\" class=\" wp-image-61714\" alt=\"\" src=\"https:\/\/i0.wp.com\/www.shqiperia.com\/blog\/wp-content\/uploads\/2022\/09\/edi-rama-aleksandar-vucic.jpg?resize=556%2C313&#038;ssl=1\" width=\"556\" height=\"313\" srcset=\"https:\/\/i0.wp.com\/www.shqiperia.com\/blog\/wp-content\/uploads\/2022\/09\/edi-rama-aleksandar-vucic.jpg?resize=300%2C169&amp;ssl=1 300w, https:\/\/i0.wp.com\/www.shqiperia.com\/blog\/wp-content\/uploads\/2022\/09\/edi-rama-aleksandar-vucic.jpg?resize=1024%2C576&amp;ssl=1 1024w, https:\/\/i0.wp.com\/www.shqiperia.com\/blog\/wp-content\/uploads\/2022\/09\/edi-rama-aleksandar-vucic.jpg?resize=768%2C432&amp;ssl=1 768w, https:\/\/i0.wp.com\/www.shqiperia.com\/blog\/wp-content\/uploads\/2022\/09\/edi-rama-aleksandar-vucic.jpg?resize=450%2C253&amp;ssl=1 450w, https:\/\/i0.wp.com\/www.shqiperia.com\/blog\/wp-content\/uploads\/2022\/09\/edi-rama-aleksandar-vucic.jpg?resize=600%2C338&amp;ssl=1 600w, https:\/\/i0.wp.com\/www.shqiperia.com\/blog\/wp-content\/uploads\/2022\/09\/edi-rama-aleksandar-vucic.jpg?resize=400%2C225&amp;ssl=1 400w, https:\/\/i0.wp.com\/www.shqiperia.com\/blog\/wp-content\/uploads\/2022\/09\/edi-rama-aleksandar-vucic.jpg?w=1200&amp;ssl=1 1200w\" sizes=\"auto, (max-width: 556px) 100vw, 556px\" \/><p id=\"caption-attachment-61714\" class=\"wp-caption-text\">edi rama aleksandar vucic<\/p><\/div>\n<div class=\"top-open-content\">\n<div class=\"c-flexy\">\n<div class=\"c-article_info\"><span class=\"open-a-date\">2 Shtator 2022<\/span><\/div>\n<\/div>\n<\/div>\n<\/div>\n<div class=\"all-content\">\n<p>Presidenti serb Aleksand\u00ebr Vu\u00e7i\u00e7 kujtoi takimin e par\u00eb t\u00eb tij me Edi Ram\u00ebn 70 vite pas takimit t\u00eb Titos me Enver Hoxh\u00ebn.<\/p>\n<p><em>\u201cM\u00eb kujtohet takimi i par\u00eb pas 70 vjet\u00ebsh, pas takimit t\u00eb Titos dhe Enver Hoxh\u00ebs, kur u takuam un\u00eb dhe Rama. Ishte nj\u00eb takim me nj\u00eb energji t\u00eb jasht\u00ebzakonshme politike e diplomatike.<\/em><\/p>\n<p><em>Nd\u00ebrkoh\u00eb k\u00ebto takime sot jan\u00eb takime miq\u00ebsore.<\/em><\/p>\n<p><em>Por gjithashtu dhe komunitetet tona, bizneset. Un\u00eb jam shum\u00eb krenar t\u00eb them q\u00eb kemi marr\u00ebdh\u00ebniet m\u00eb t\u00eb mira n\u00eb histori mes Beogradit dhe Shkupit. Besoj do t\u00eb ishte nj\u00eb vendim i zgjuar q\u00eb k\u00ebto marr\u00ebdh\u00ebnie t\u00eb ruhen edhe n\u00eb dekadat q\u00eb do t\u00eb vijn\u00eb.<\/em><\/p>\n<p><em>T\u00eb gjitha k\u00ebto marr\u00ebveshje konkrete shpresoj t\u00eb kontribuojn\u00eb m\u00eb tej n\u00eb miq\u00ebsin\u00eb mes vendeve dhe m\u00eb tej.<\/em><\/p>\n<p><em>Besoj t\u00eb gjitha k\u00ebto arritje konkrete do t\u00eb kontribuojn\u00eb p\u00ebr p\u00ebrparimin e rajonit. P\u00ebrpjekjet tona t\u00eb p\u00ebrbashk\u00ebta do t\u00eb japin edhe nj\u00eb forc\u00eb m\u00eb t\u00eb madhe q\u00eb do t\u00eb injektohet n\u00eb projektin ton\u00eb, &#8220;<span>\u00a0<\/span><\/em>tha ai.<\/p>\n<p><span class=\"c-writers_name\">Nga OraNews<\/span><\/p>\n<\/div>\n","protected":false},"excerpt":{"rendered":"<p>2 Shtator 2022 Presidenti serb Aleksand\u00ebr Vu\u00e7i\u00e7 kujtoi takimin e par\u00eb t\u00eb tij me Edi Ram\u00ebn 70 vite pas takimit t\u00eb Titos me Enver Hoxh\u00ebn. \u201cM\u00eb kujtohet takimi i par\u00eb pas 70 vjet\u00ebsh, pas takimit t\u00eb Titos dhe Enver Hoxh\u00ebs, kur u takuam un\u00eb dhe Rama. Ishte nj\u00eb takim me nj\u00eb energji t\u00eb jasht\u00ebzakonshme politike [&hellip;]<\/p>\n","protected":false},"author":9,"featured_media":61714,"comment_status":"open","ping_status":"open","sticky":false,"template":"","format":"standard","meta":{"jetpack_post_was_ever_published":false,"_jetpack_newsletter_access":"","_jetpack_dont_email_post_to_subs":false,"_jetpack_newsletter_tier_id":0,"_jetpack_memberships_contains_paywalled_content":false,"_jetpack_memberships_contains_paid_content":false,"footnotes":"","jetpack_publicize_message":"","jetpack_publicize_feature_enabled":true,"jetpack_social_post_already_shared":true,"jetpack_social_options":{"image_generator_settings":{"template":"highway","default_image_id":0,"font":"","enabled":false},"version":2}},"categories":[27,2,35],"tags":[],"class_list":["post-61713","post","type-post","status-publish","format-standard","has-post-thumbnail","hentry","category-blogu-i-udhetarit","category-politika","category-shoqerore"],"jetpack_publicize_connections":[],"jetpack_featured_media_url":"https:\/\/i0.wp.com\/www.shqiperia.com\/blog\/wp-content\/uploads\/2022\/09\/edi-rama-aleksandar-vucic.jpg?fit=1200%2C675&ssl=1","jetpack_sharing_enabled":true,"jetpack_shortlink":"https:\/\/wp.me\/p5Z6wp-g3n","jetpack-related-posts":[{"id":83693,"url":"https:\/\/www.shqiperia.com\/blog\/cfare-i-kerkoi-tito-enverit-ne-telegramin-e-fshehte-me-48\/","url_meta":{"origin":61713,"position":0},"title":"\u00c7far\u00eb i k\u00ebrkoi Tito Enverit n\u00eb telegramin e fsheht\u00eb m\u00eb \u201848!","author":"Kurt Farka","date":"August 25, 2024","format":false,"excerpt":"25 Gusht 2024 Nga Prof. Dr. Elmas LECI* Pjesa e Par\u00eb Arkivat n\u00eb Shqip\u00ebri e Mosk\u00eb tregojn\u00eb edhe p\u00ebr rolin e Shqip\u00ebris\u00eb n\u00eb gjeopolitik\u00ebn e dikurshme sovjetike. Ka plot fakte, q\u00eb \u00e7uan n\u00eb prishjen e Stalinit me Titon, si \u00e7\u00ebshtja e Federat\u00ebs Ballkanike, anashkalimi i Mosk\u00ebs nga Beogradi, deri te\u2026","rel":"","context":"In &quot;Blogu i Udh\u00ebtarit&quot;","block_context":{"text":"Blogu i Udh\u00ebtarit","link":"https:\/\/www.shqiperia.com\/blog\/category\/blogu-i-udhetarit\/"},"img":{"alt_text":"","src":"https:\/\/i0.wp.com\/www.shqiperia.com\/blog\/wp-content\/uploads\/2024\/08\/440972578_10220472172314675_4739755541193449669_n.jpg?fit=720%2C489&ssl=1&resize=350%2C200","width":350,"height":200,"srcset":"https:\/\/i0.wp.com\/www.shqiperia.com\/blog\/wp-content\/uploads\/2024\/08\/440972578_10220472172314675_4739755541193449669_n.jpg?fit=720%2C489&ssl=1&resize=350%2C200 1x, https:\/\/i0.wp.com\/www.shqiperia.com\/blog\/wp-content\/uploads\/2024\/08\/440972578_10220472172314675_4739755541193449669_n.jpg?fit=720%2C489&ssl=1&resize=525%2C300 1.5x, https:\/\/i0.wp.com\/www.shqiperia.com\/blog\/wp-content\/uploads\/2024\/08\/440972578_10220472172314675_4739755541193449669_n.jpg?fit=720%2C489&ssl=1&resize=700%2C400 2x"},"classes":[]},{"id":7549,"url":"https:\/\/www.shqiperia.com\/blog\/deklarata-e-13-majit-1948-e-enver-hoxhes-ne-mbledhje-te-byrose-isha-vartes-i-titos-nuk-e-kuptoja-independencen-faksimile\/","url_meta":{"origin":61713,"position":1},"title":"Deklarata e 13 majit 1948 e Enver Hoxh\u00ebs n\u00eb mbledhje t\u00eb Byros\u00eb: Isha vart\u00ebs i Titos, nuk e kuptoja independenc\u00ebn. (Faksimile)-","author":"Kurt Farka","date":"May 17, 2018","format":false,"excerpt":"Deklarata e 13 majit 1948 e Enver Hoxh\u00ebs n\u00eb mbledhje t\u00eb Byros\u00eb: Isha vart\u00ebs i Titos, nuk e kuptoja independenc\u00ebn -70 vjet m\u00eb par\u00eb, m\u00eb 13.5.1948, n\u00eb mbledhjen e Byros\u00eb Politike t\u00eb Komitetit Qendror t\u00eb Partis\u00eb Komuniste Shqiptare, kreu i saj, n\u00eb analiz\u00eb t\u00eb situat\u00ebs se re q\u00eb po zhvillohej\u2026","rel":"","context":"In &quot;Njoftime Shtypi&quot;","block_context":{"text":"Njoftime Shtypi","link":"https:\/\/www.shqiperia.com\/blog\/category\/njoftime-shtypi\/"},"img":{"alt_text":"","src":"https:\/\/i0.wp.com\/www.shqiperia.com\/blog\/wp-content\/uploads\/2018\/05\/enveri-dhe-tito-1.jpg?fit=1200%2C630&ssl=1&resize=350%2C200","width":350,"height":200,"srcset":"https:\/\/i0.wp.com\/www.shqiperia.com\/blog\/wp-content\/uploads\/2018\/05\/enveri-dhe-tito-1.jpg?fit=1200%2C630&ssl=1&resize=350%2C200 1x, https:\/\/i0.wp.com\/www.shqiperia.com\/blog\/wp-content\/uploads\/2018\/05\/enveri-dhe-tito-1.jpg?fit=1200%2C630&ssl=1&resize=525%2C300 1.5x, https:\/\/i0.wp.com\/www.shqiperia.com\/blog\/wp-content\/uploads\/2018\/05\/enveri-dhe-tito-1.jpg?fit=1200%2C630&ssl=1&resize=700%2C400 2x, https:\/\/i0.wp.com\/www.shqiperia.com\/blog\/wp-content\/uploads\/2018\/05\/enveri-dhe-tito-1.jpg?fit=1200%2C630&ssl=1&resize=1050%2C600 3x"},"classes":[]},{"id":53217,"url":"https:\/\/www.shqiperia.com\/blog\/cfare-po-planifikohet-pas-takimit-me-ramen-erdogan-pret-vucic-ne-ankara-ja-cfare-shkruajne-mediat-turke\/","url_meta":{"origin":61713,"position":2},"title":"\u00c7far\u00eb po planifikohet? &#8211; Pas takimit me Ram\u00ebn, Erdogan pret Vu\u00e7i\u00e7 n\u00eb Ankara, ja \u00e7far\u00eb shkruajn\u00eb mediat turke","author":"Kurt Farka","date":"January 18, 2022","format":false,"excerpt":"\u00c7far\u00eb po planifikohet? - Pas takimit me Ram\u00ebn, Erdogan pret Vu\u00e7i\u00e7 n\u00eb Ankara, ja \u00e7far\u00eb shkruajn\u00eb mediat turke 18 JANAR 2022 Nj\u00eb dit\u00eb pas takimit me kryeministrin Edi Rama n\u00eb Tiran\u00eb ku ishte i pranish\u00ebm n\u00eb nj\u00eb vizit\u00eb zyrtare, presidenti turk Recep Tayyip Erdogan do t\u00eb pres\u00eb n\u00eb Turqi, presidentin\u2026","rel":"","context":"In &quot;Blogu i Udh\u00ebtarit&quot;","block_context":{"text":"Blogu i Udh\u00ebtarit","link":"https:\/\/www.shqiperia.com\/blog\/category\/blogu-i-udhetarit\/"},"img":{"alt_text":"","src":"https:\/\/i0.wp.com\/www.shqiperia.com\/blog\/wp-content\/uploads\/2022\/01\/Erdogan-Vucic.png?fit=800%2C431&ssl=1&resize=350%2C200","width":350,"height":200,"srcset":"https:\/\/i0.wp.com\/www.shqiperia.com\/blog\/wp-content\/uploads\/2022\/01\/Erdogan-Vucic.png?fit=800%2C431&ssl=1&resize=350%2C200 1x, https:\/\/i0.wp.com\/www.shqiperia.com\/blog\/wp-content\/uploads\/2022\/01\/Erdogan-Vucic.png?fit=800%2C431&ssl=1&resize=525%2C300 1.5x, https:\/\/i0.wp.com\/www.shqiperia.com\/blog\/wp-content\/uploads\/2022\/01\/Erdogan-Vucic.png?fit=800%2C431&ssl=1&resize=700%2C400 2x"},"classes":[]},{"id":65867,"url":"https:\/\/www.shqiperia.com\/blog\/vucic-avokat-i-rames-kurti-enderron-te-jete-enver-hoxha-prandaj-nuk-e-duron-dot-ramen\/","url_meta":{"origin":61713,"position":3},"title":"Vu\u00e7i\u00e7 \u201cavokat\u2019 i Ram\u00ebs: &#8211; Kurti \u00ebnd\u00ebrron t\u00eb jet\u00eb Enver Hoxha, prandaj nuk e duron dot Ram\u00ebn","author":"Kurt Farka","date":"December 30, 2022","format":false,"excerpt":"- 30 Dhjetor 2022 Nga OraNews Presidenti i Serbis\u00eb, Aleksand\u00ebr Vu\u00e7i\u00e7, ka th\u00ebn\u00eb sot se kryeministri i Kosov\u00ebs, Albin Kurti \u00ebsht\u00eb vazhdim\u00ebsi e ideologjis\u00eb s\u00eb Enver Hoxh\u00ebs, Nazi Xhafer Dev\u00ebs dhe Lidhjes s\u00eb Prizrenit. \u201cT\u00eb gjitha planet dhe programet e tyre bazohen n\u00eb Lidhjen e par\u00eb t\u00eb Prizrenit nga viti\u2026","rel":"","context":"In &quot;Blogu i Udh\u00ebtarit&quot;","block_context":{"text":"Blogu i Udh\u00ebtarit","link":"https:\/\/www.shqiperia.com\/blog\/category\/blogu-i-udhetarit\/"},"img":{"alt_text":"","src":"https:\/\/i0.wp.com\/www.shqiperia.com\/blog\/wp-content\/uploads\/2022\/12\/rama-vucic.jpg?fit=1200%2C675&ssl=1&resize=350%2C200","width":350,"height":200,"srcset":"https:\/\/i0.wp.com\/www.shqiperia.com\/blog\/wp-content\/uploads\/2022\/12\/rama-vucic.jpg?fit=1200%2C675&ssl=1&resize=350%2C200 1x, https:\/\/i0.wp.com\/www.shqiperia.com\/blog\/wp-content\/uploads\/2022\/12\/rama-vucic.jpg?fit=1200%2C675&ssl=1&resize=525%2C300 1.5x, https:\/\/i0.wp.com\/www.shqiperia.com\/blog\/wp-content\/uploads\/2022\/12\/rama-vucic.jpg?fit=1200%2C675&ssl=1&resize=700%2C400 2x, https:\/\/i0.wp.com\/www.shqiperia.com\/blog\/wp-content\/uploads\/2022\/12\/rama-vucic.jpg?fit=1200%2C675&ssl=1&resize=1050%2C600 3x"},"classes":[]},{"id":94371,"url":"https:\/\/www.shqiperia.com\/blog\/vrasjet-e-komunisteve-gjate-luftes-me-urdher-te-enver-hoxhes-si-i-shpetoi-prites-sadik-premtja\/","url_meta":{"origin":61713,"position":4},"title":"Vrasjet e komunist\u00ebve gjat\u00eb luft\u00ebs me urdh\u00ebr t\u00eb Enver Hoxh\u00ebs! &#8211; Si i shp\u00ebtoi prit\u00ebs Sadik Premtja","author":"Kurt Farka","date":"October 23, 2025","format":false,"excerpt":"23 Tetor 2025 Nga: PROF. DR. ELMAS LECI Edhe nj\u00eb her\u00eb k\u00ebto dit\u00eb l\u00ebviz n\u00eb ajrin ton\u00eb t\u00eb ndotur politik pyetja: Enver Hoxha ka qene \u201cShenjt apo Djall\u201d?! Pyetjes s\u00eb m\u00ebsip\u00ebrme po i japim p\u00ebrgjigje n\u00eb vijim me fakte, me pushkatimet q\u00eb porositur vet\u00eb Enver Hoxha me firm\u00ebn e tij\u2026","rel":"","context":"In &quot;Blogu i Udh\u00ebtarit&quot;","block_context":{"text":"Blogu i Udh\u00ebtarit","link":"https:\/\/www.shqiperia.com\/blog\/category\/blogu-i-udhetarit\/"},"img":{"alt_text":"","src":"https:\/\/i0.wp.com\/www.shqiperia.com\/blog\/wp-content\/uploads\/2025\/10\/enver-hoxha4.jpg?fit=1190%2C667&ssl=1&resize=350%2C200","width":350,"height":200,"srcset":"https:\/\/i0.wp.com\/www.shqiperia.com\/blog\/wp-content\/uploads\/2025\/10\/enver-hoxha4.jpg?fit=1190%2C667&ssl=1&resize=350%2C200 1x, https:\/\/i0.wp.com\/www.shqiperia.com\/blog\/wp-content\/uploads\/2025\/10\/enver-hoxha4.jpg?fit=1190%2C667&ssl=1&resize=525%2C300 1.5x, https:\/\/i0.wp.com\/www.shqiperia.com\/blog\/wp-content\/uploads\/2025\/10\/enver-hoxha4.jpg?fit=1190%2C667&ssl=1&resize=700%2C400 2x, https:\/\/i0.wp.com\/www.shqiperia.com\/blog\/wp-content\/uploads\/2025\/10\/enver-hoxha4.jpg?fit=1190%2C667&ssl=1&resize=1050%2C600 3x"},"classes":[]},{"id":29387,"url":"https:\/\/www.shqiperia.com\/blog\/zbulohet-data-dhe-arsyeja-aleksandar-vucic-vizite-dyditore-ne-tirane\/","url_meta":{"origin":61713,"position":5},"title":"Zbulohet data dhe arsyeja, Aleksandar Vu\u00e7i\u00e7 vizit\u00eb dyditore n\u00eb Tiran\u00eb","author":"Kurt Farka","date":"December 17, 2019","format":false,"excerpt":"Zbulohet data dhe arsyeja, Aleksandar Vu\u00e7i\u00e7 vizit\u00eb dyditore n\u00eb Tiran\u00eb 16 Dhjetor 2019 Aleksand\u00ebr Vu\u00e7i\u00e7 do t\u00eb jet\u00eb n\u00eb nj\u00eb vizit\u00eb zyrtare n\u00eb Shqip\u00ebri. Presidenca serbe ka njoftuar se Vu\u00e7i\u00e7 do t\u00eb q\u00ebndroj\u00eb n\u00eb Shqip\u00ebri n\u00eb 20-21 dhjetor. Sipas njoftimit, Vu\u00e7i\u00e7 do t\u00eb marr\u00eb pjes\u00eb n\u00eb takimin e lider\u00ebve t\u00eb\u2026","rel":"","context":"In &quot;Blogu i Udh\u00ebtarit&quot;","block_context":{"text":"Blogu i Udh\u00ebtarit","link":"https:\/\/www.shqiperia.com\/blog\/category\/blogu-i-udhetarit\/"},"img":{"alt_text":"","src":"https:\/\/i0.wp.com\/www.shqiperia.com\/blog\/wp-content\/uploads\/2019\/12\/vucic-rama.jpg?fit=640%2C463&ssl=1&resize=350%2C200","width":350,"height":200,"srcset":"https:\/\/i0.wp.com\/www.shqiperia.com\/blog\/wp-content\/uploads\/2019\/12\/vucic-rama.jpg?fit=640%2C463&ssl=1&resize=350%2C200 1x, https:\/\/i0.wp.com\/www.shqiperia.com\/blog\/wp-content\/uploads\/2019\/12\/vucic-rama.jpg?fit=640%2C463&ssl=1&resize=525%2C300 1.5x"},"classes":[]}],"_links":{"self":[{"href":"https:\/\/www.shqiperia.com\/blog\/wp-json\/wp\/v2\/posts\/61713","targetHints":{"allow":["GET"]}}],"collection":[{"href":"https:\/\/www.shqiperia.com\/blog\/wp-json\/wp\/v2\/posts"}],"about":[{"href":"https:\/\/www.shqiperia.com\/blog\/wp-json\/wp\/v2\/types\/post"}],"author":[{"embeddable":true,"href":"https:\/\/www.shqiperia.com\/blog\/wp-json\/wp\/v2\/users\/9"}],"replies":[{"embeddable":true,"href":"https:\/\/www.shqiperia.com\/blog\/wp-json\/wp\/v2\/comments?post=61713"}],"version-history":[{"count":1,"href":"https:\/\/www.shqiperia.com\/blog\/wp-json\/wp\/v2\/posts\/61713\/revisions"}],"predecessor-version":[{"id":61715,"href":"https:\/\/www.shqiperia.com\/blog\/wp-json\/wp\/v2\/posts\/61713\/revisions\/61715"}],"wp:featuredmedia":[{"embeddable":true,"href":"https:\/\/www.shqiperia.com\/blog\/wp-json\/wp\/v2\/media\/61714"}],"wp:attachment":[{"href":"https:\/\/www.shqiperia.com\/blog\/wp-json\/wp\/v2\/media?parent=61713"}],"wp:term":[{"taxonomy":"category","embeddable":true,"href":"https:\/\/www.shqiperia.com\/blog\/wp-json\/wp\/v2\/categories?post=61713"},{"taxonomy":"post_tag","embeddable":true,"href":"https:\/\/www.shqiperia.com\/blog\/wp-json\/wp\/v2\/tags?post=61713"}],"curies":[{"name":"wp","href":"https:\/\/api.w.org\/{rel}","templated":true}]}}