{"id":61710,"date":"2022-09-02T09:17:08","date_gmt":"2022-09-02T09:17:08","guid":{"rendered":"https:\/\/www.shqiperia.com\/blog\/?p=61710"},"modified":"2022-09-02T09:17:08","modified_gmt":"2022-09-02T09:17:08","slug":"cdo-dite-shohim-te-shtohen-duke-e-zbukuruar-bregun-e-lumit","status":"publish","type":"post","link":"https:\/\/www.shqiperia.com\/blog\/cdo-dite-shohim-te-shtohen-duke-e-zbukuruar-bregun-e-lumit\/","title":{"rendered":"\u00c7do dit\u00eb shohim t\u00eb shtohen, duke e zbukuruar bregun e lumit."},"content":{"rendered":"<p><img data-recalc-dims=\"1\" loading=\"lazy\" decoding=\"async\" data-attachment-id=\"61711\" data-permalink=\"https:\/\/www.shqiperia.com\/blog\/cdo-dite-shohim-te-shtohen-duke-e-zbukuruar-bregun-e-lumit\/118693999_3397700790276754_1296482583667566794_n\/\" data-orig-file=\"https:\/\/i0.wp.com\/www.shqiperia.com\/blog\/wp-content\/uploads\/2022\/09\/118693999_3397700790276754_1296482583667566794_n.jpg?fit=1120%2C668&amp;ssl=1\" data-orig-size=\"1120,668\" data-comments-opened=\"1\" data-image-meta=\"{&quot;aperture&quot;:&quot;0&quot;,&quot;credit&quot;:&quot;&quot;,&quot;camera&quot;:&quot;&quot;,&quot;caption&quot;:&quot;&quot;,&quot;created_timestamp&quot;:&quot;0&quot;,&quot;copyright&quot;:&quot;&quot;,&quot;focal_length&quot;:&quot;0&quot;,&quot;iso&quot;:&quot;0&quot;,&quot;shutter_speed&quot;:&quot;0&quot;,&quot;title&quot;:&quot;&quot;,&quot;orientation&quot;:&quot;0&quot;}\" data-image-title=\"118693999_3397700790276754_1296482583667566794_n\" data-image-description=\"\" data-image-caption=\"\" data-medium-file=\"https:\/\/i0.wp.com\/www.shqiperia.com\/blog\/wp-content\/uploads\/2022\/09\/118693999_3397700790276754_1296482583667566794_n.jpg?fit=300%2C179&amp;ssl=1\" data-large-file=\"https:\/\/i0.wp.com\/www.shqiperia.com\/blog\/wp-content\/uploads\/2022\/09\/118693999_3397700790276754_1296482583667566794_n.jpg?fit=1024%2C611&amp;ssl=1\" class=\"alignnone  wp-image-61711\" alt=\"\" src=\"https:\/\/i0.wp.com\/www.shqiperia.com\/blog\/wp-content\/uploads\/2022\/09\/118693999_3397700790276754_1296482583667566794_n.jpg?resize=499%2C298&#038;ssl=1\" width=\"499\" height=\"298\" srcset=\"https:\/\/i0.wp.com\/www.shqiperia.com\/blog\/wp-content\/uploads\/2022\/09\/118693999_3397700790276754_1296482583667566794_n.jpg?resize=300%2C179&amp;ssl=1 300w, https:\/\/i0.wp.com\/www.shqiperia.com\/blog\/wp-content\/uploads\/2022\/09\/118693999_3397700790276754_1296482583667566794_n.jpg?resize=1024%2C611&amp;ssl=1 1024w, https:\/\/i0.wp.com\/www.shqiperia.com\/blog\/wp-content\/uploads\/2022\/09\/118693999_3397700790276754_1296482583667566794_n.jpg?resize=768%2C458&amp;ssl=1 768w, https:\/\/i0.wp.com\/www.shqiperia.com\/blog\/wp-content\/uploads\/2022\/09\/118693999_3397700790276754_1296482583667566794_n.jpg?resize=450%2C268&amp;ssl=1 450w, https:\/\/i0.wp.com\/www.shqiperia.com\/blog\/wp-content\/uploads\/2022\/09\/118693999_3397700790276754_1296482583667566794_n.jpg?resize=600%2C358&amp;ssl=1 600w, https:\/\/i0.wp.com\/www.shqiperia.com\/blog\/wp-content\/uploads\/2022\/09\/118693999_3397700790276754_1296482583667566794_n.jpg?resize=400%2C239&amp;ssl=1 400w, https:\/\/i0.wp.com\/www.shqiperia.com\/blog\/wp-content\/uploads\/2022\/09\/118693999_3397700790276754_1296482583667566794_n.jpg?w=1120&amp;ssl=1 1120w\" sizes=\"auto, (max-width: 499px) 100vw, 499px\" \/><\/p>\n<p><span>2 Shtator 2022<\/span><\/p>\n<p>Nga Ajet Nallbani<\/p>\n<p><span>Kjo specie \u00ebsht\u00eb b\u00ebr\u00eb koh\u00ebt e fundit banore e lumit Osum. \u00c7do dit\u00eb shohim t\u00eb shtohen, duke e zbukuruar bregun e lumit. Ndalojm\u00eb k\u00ebmb\u00ebt dhe i v\u00ebshtrojm\u00eb me k\u00ebnaq\u00ebsi. <\/span><\/p>\n<p><span>Sot, nj\u00eb shok i revoltuar m\u00eb tha: &#8211; Nj\u00eb injorant e pash me nj\u00eb &#8220;lejlek&#8221; n\u00eb dor\u00eb. Sigurisht t\u00eb gjith\u00eb u revoltuam! Kur do ndal dora injorante nga shkat\u00ebrimet ? (specia \u00ebsht\u00eb &#8220;airone&#8221;, ndoshta &#8220;gabbiano&#8221;, apo shapk\u00eb me emrin Egreta garzeta).<\/span><\/p>\n<p>Huazuar nga FB: A. Nallbani<\/p>\n","protected":false},"excerpt":{"rendered":"<p>2 Shtator 2022 Nga Ajet Nallbani Kjo specie \u00ebsht\u00eb b\u00ebr\u00eb koh\u00ebt e fundit banore e lumit Osum. \u00c7do dit\u00eb shohim t\u00eb shtohen, duke e zbukuruar bregun e lumit. Ndalojm\u00eb k\u00ebmb\u00ebt dhe i v\u00ebshtrojm\u00eb me k\u00ebnaq\u00ebsi. Sot, nj\u00eb shok i revoltuar m\u00eb tha: &#8211; Nj\u00eb injorant e pash me nj\u00eb &#8220;lejlek&#8221; n\u00eb dor\u00eb. Sigurisht t\u00eb gjith\u00eb [&hellip;]<\/p>\n","protected":false},"author":9,"featured_media":61711,"comment_status":"open","ping_status":"open","sticky":false,"template":"","format":"standard","meta":{"jetpack_post_was_ever_published":false,"_jetpack_newsletter_access":"","_jetpack_dont_email_post_to_subs":false,"_jetpack_newsletter_tier_id":0,"_jetpack_memberships_contains_paywalled_content":false,"_jetpack_memberships_contains_paid_content":false,"footnotes":"","jetpack_publicize_message":"","jetpack_publicize_feature_enabled":true,"jetpack_social_post_already_shared":true,"jetpack_social_options":{"image_generator_settings":{"template":"highway","default_image_id":0,"font":"","enabled":false},"version":2}},"categories":[27,14,35],"tags":[],"class_list":["post-61710","post","type-post","status-publish","format-standard","has-post-thumbnail","hentry","category-blogu-i-udhetarit","category-press-releases","category-shoqerore"],"jetpack_publicize_connections":[],"jetpack_featured_media_url":"https:\/\/i0.wp.com\/www.shqiperia.com\/blog\/wp-content\/uploads\/2022\/09\/118693999_3397700790276754_1296482583667566794_n.jpg?fit=1120%2C668&ssl=1","jetpack_sharing_enabled":true,"jetpack_shortlink":"https:\/\/wp.me\/p5Z6wp-g3k","jetpack-related-posts":[{"id":32767,"url":"https:\/\/www.shqiperia.com\/blog\/ne-moshen-85-vjecare-piktori-hasan-nallbani-vjen-me-nje-ekspozite-te-re\/","url_meta":{"origin":61710,"position":0},"title":"N\u00eb mosh\u00ebn 85 vje\u00e7are piktori Hasan Nallbani vjen me nj\u00eb ekspozit\u00eb t\u00eb re","author":"Kurt Farka","date":"March 26, 2020","format":false,"excerpt":"N\u00eb mosh\u00ebn 85 vje\u00e7are piktori Hasan Nallbani vjen me nj\u00eb ekspozit\u00eb t\u00eb re 18 Janar, 2020 N\u00eb emisionin chic n\u00eb News24 do t\u00eb flasim p\u00ebr piktorin e mir\u00ebnjohur Hasan Nallbani. \u00cbsht\u00eb pik\u00ebrisht platforma Harabel Contemporary q\u00eb ka krijuar nj\u00eb moment krejt\u00ebsisht t\u00eb ve\u00e7ant\u00eb, dedikuar k\u00ebtij artisti shum\u00eb t\u00eb njohur, q\u00eb\u2026","rel":"","context":"In &quot;Arte&quot;","block_context":{"text":"Arte","link":"https:\/\/www.shqiperia.com\/blog\/category\/arte\/"},"img":{"alt_text":"","src":"https:\/\/i0.wp.com\/www.shqiperia.com\/blog\/wp-content\/uploads\/2020\/03\/Hasan-Nallbani.jpg?fit=1200%2C630&ssl=1&resize=350%2C200","width":350,"height":200,"srcset":"https:\/\/i0.wp.com\/www.shqiperia.com\/blog\/wp-content\/uploads\/2020\/03\/Hasan-Nallbani.jpg?fit=1200%2C630&ssl=1&resize=350%2C200 1x, https:\/\/i0.wp.com\/www.shqiperia.com\/blog\/wp-content\/uploads\/2020\/03\/Hasan-Nallbani.jpg?fit=1200%2C630&ssl=1&resize=525%2C300 1.5x, https:\/\/i0.wp.com\/www.shqiperia.com\/blog\/wp-content\/uploads\/2020\/03\/Hasan-Nallbani.jpg?fit=1200%2C630&ssl=1&resize=700%2C400 2x, https:\/\/i0.wp.com\/www.shqiperia.com\/blog\/wp-content\/uploads\/2020\/03\/Hasan-Nallbani.jpg?fit=1200%2C630&ssl=1&resize=1050%2C600 3x"},"classes":[]},{"id":88904,"url":"https:\/\/www.shqiperia.com\/blog\/permbyten-pas-cdo-shiu-si-u-harrua-karpeni-i-100-fshatrave\/","url_meta":{"origin":61710,"position":1},"title":"P\u00ebrmbyten pas \u00e7do shiu, si u harrua Karpeni i \u2018100 Fshatrave\u2019","author":"Kurt Farka","date":"February 2, 2025","format":false,"excerpt":"2 Shkurt 2025 Referuar projektit t\u00eb 100 fshatrave nd\u00ebrhyrja n\u00eb Karpen do t\u00eb ishte shum\u00eb-dimensionale. Ajo do t\u00eb fokusohej n\u00eb infrastruktur\u00ebn e domosdoshme, q\u00eb p\u00ebrfshin kanalizime, uj\u00eb dhe drita. Gjithashtu parashikonte ta kthente n\u00eb nj\u00eb treg t\u00eb madh artizanal dhe t\u00eb produkteve bujq\u00ebsore rrug\u00ebn e braktisur t\u00eb fshatit. Kjo ishte\u2026","rel":"","context":"In &quot;Blogu i Udh\u00ebtarit&quot;","block_context":{"text":"Blogu i Udh\u00ebtarit","link":"https:\/\/www.shqiperia.com\/blog\/category\/blogu-i-udhetarit\/"},"img":{"alt_text":"","src":"https:\/\/i0.wp.com\/www.shqiperia.com\/blog\/wp-content\/uploads\/2025\/02\/66666_sd.jpg?fit=1200%2C675&ssl=1&resize=350%2C200","width":350,"height":200,"srcset":"https:\/\/i0.wp.com\/www.shqiperia.com\/blog\/wp-content\/uploads\/2025\/02\/66666_sd.jpg?fit=1200%2C675&ssl=1&resize=350%2C200 1x, https:\/\/i0.wp.com\/www.shqiperia.com\/blog\/wp-content\/uploads\/2025\/02\/66666_sd.jpg?fit=1200%2C675&ssl=1&resize=525%2C300 1.5x, https:\/\/i0.wp.com\/www.shqiperia.com\/blog\/wp-content\/uploads\/2025\/02\/66666_sd.jpg?fit=1200%2C675&ssl=1&resize=700%2C400 2x, https:\/\/i0.wp.com\/www.shqiperia.com\/blog\/wp-content\/uploads\/2025\/02\/66666_sd.jpg?fit=1200%2C675&ssl=1&resize=1050%2C600 3x"},"classes":[]},{"id":36137,"url":"https:\/\/www.shqiperia.com\/blog\/ajet-nallbani-ndal-dores-se-krimit-ndaj-monumenteve-konceptin-e-konservimit-e-kane-zevendesuar-me-rindertim\/","url_meta":{"origin":61710,"position":2},"title":"Ajet Nallbani: &#8211; Ndal dor\u00ebs s\u00eb krimit ndaj monumenteve, konceptin e konservimit e kan\u00eb z\u00ebvend\u00ebsuar me rind\u00ebrtim","author":"Kurt Farka","date":"July 9, 2020","format":false,"excerpt":"Ajet Nallbani: - Ndal dor\u00ebs s\u00eb krimit ndaj monumenteve, konceptin e konservimit e kan\u00eb z\u00ebvend\u00ebsuar me rind\u00ebrtim 8 Korrik 2020 Monumentet e kultur\u00ebs p\u00ebrballen me probleme nga m\u00eb t\u00eb ndryshmet, ku p\u00ebr d\u00ebmtimet sipas specialist\u00ebve t\u00eb fush\u00ebs s\u00eb trash\u00ebgimis\u00eb kulturore p\u00ebrgjegj\u00ebsia \u00ebsht\u00eb e institucioneve. N\u00eb reagimet e tyre ata shprehen\u2026","rel":"","context":"In &quot;Blogu i Udh\u00ebtarit&quot;","block_context":{"text":"Blogu i Udh\u00ebtarit","link":"https:\/\/www.shqiperia.com\/blog\/category\/blogu-i-udhetarit\/"},"img":{"alt_text":"","src":"https:\/\/i0.wp.com\/www.shqiperia.com\/blog\/wp-content\/uploads\/2020\/07\/Prof.-Ajet-Nallbani-2.jpg?fit=640%2C369&ssl=1&resize=350%2C200","width":350,"height":200,"srcset":"https:\/\/i0.wp.com\/www.shqiperia.com\/blog\/wp-content\/uploads\/2020\/07\/Prof.-Ajet-Nallbani-2.jpg?fit=640%2C369&ssl=1&resize=350%2C200 1x, https:\/\/i0.wp.com\/www.shqiperia.com\/blog\/wp-content\/uploads\/2020\/07\/Prof.-Ajet-Nallbani-2.jpg?fit=640%2C369&ssl=1&resize=525%2C300 1.5x"},"classes":[]},{"id":18005,"url":"https:\/\/www.shqiperia.com\/blog\/rrenojat-e-kishes-se-shen-gjergjit-brataj-vlore\/","url_meta":{"origin":61710,"position":3},"title":"Rr\u00ebnojat e Kish\u00ebs s\u00eb Sh\u00ebn Gjergjit. Brataj \u2013 Vlore. &#8211;","author":"Kurt Farka","date":"March 3, 2019","format":false,"excerpt":"Rr\u00ebnojat e Kish\u00ebs s\u00eb Sh\u00ebn Gjergjit. Brataj \u2013 Vlore. -(Album Foto). Viti\/koha e nd\u00ebrtimit: Shek. X-XI. Vendndodhja: Fshati Brataj, Bashkia Selenic\u00eb. P\u00ebrshkrimi: Rr\u00ebnojat e Kish\u00ebs s\u00eb Sh\u00ebn Gjergjit ndodhen n\u00eb bregun e djatht\u00eb t\u00eb lumit Shushic\u00eb, n\u00eb fshatin Brataj. Kisha ruhet n\u00eb gjendje rr\u00ebnoj\u00eb me mure q\u00eb arrin deri 2-3\u2026","rel":"","context":"In &quot;Histori&quot;","block_context":{"text":"Histori","link":"https:\/\/www.shqiperia.com\/blog\/category\/histori\/"},"img":{"alt_text":"","src":"https:\/\/i0.wp.com\/www.shqiperia.com\/blog\/wp-content\/uploads\/2019\/03\/Rr%C3%ABnojat-e-Kish%C3%ABs-s%C3%AB-Sh%C3%ABn-Gjergjit.-Brataj-%E2%80%93-Vlore.-7.jpg?fit=834%2C460&ssl=1&resize=350%2C200","width":350,"height":200,"srcset":"https:\/\/i0.wp.com\/www.shqiperia.com\/blog\/wp-content\/uploads\/2019\/03\/Rr%C3%ABnojat-e-Kish%C3%ABs-s%C3%AB-Sh%C3%ABn-Gjergjit.-Brataj-%E2%80%93-Vlore.-7.jpg?fit=834%2C460&ssl=1&resize=350%2C200 1x, https:\/\/i0.wp.com\/www.shqiperia.com\/blog\/wp-content\/uploads\/2019\/03\/Rr%C3%ABnojat-e-Kish%C3%ABs-s%C3%AB-Sh%C3%ABn-Gjergjit.-Brataj-%E2%80%93-Vlore.-7.jpg?fit=834%2C460&ssl=1&resize=525%2C300 1.5x, https:\/\/i0.wp.com\/www.shqiperia.com\/blog\/wp-content\/uploads\/2019\/03\/Rr%C3%ABnojat-e-Kish%C3%ABs-s%C3%AB-Sh%C3%ABn-Gjergjit.-Brataj-%E2%80%93-Vlore.-7.jpg?fit=834%2C460&ssl=1&resize=700%2C400 2x"},"classes":[]},{"id":19424,"url":"https:\/\/www.shqiperia.com\/blog\/bregu-i-lumit-tabaku-thirrje-avokatit-te-popullit-dhe-ambasadoreve-shihni-si-po-dhunohen-njerezit-dhe-pronat\/","url_meta":{"origin":61710,"position":4},"title":"\u201cBregu i Lumit\u201d, Tabaku thirrje Avokatit t\u00eb Popullit dhe ambasador\u00ebve: Shihni si po dhunohen njer\u00ebzit dhe pronat! &#8211;","author":"Kurt Farka","date":"April 9, 2019","format":false,"excerpt":"\u201cBregu i Lumit\u201d, Tabaku thirrje Avokatit t\u00eb Popullit dhe ambasador\u00ebve: Shihni si po dhunohen njer\u00ebzit dhe pronat! - 9 Prill, 2019 Jorida Tabaku, ish-deputetja e PD ka p\u00ebrshkruar situat\u00ebn e r\u00ebnd\u00eb n\u00eb Bregun e Lumit dhe i ka b\u00ebr\u00eb thirrje qytetar\u00ebve t\u00eb Tiran\u00ebs t\u00eb vijn\u00eb e t\u2019i bashkohen k\u00ebtyre 30\u2026","rel":"","context":"In &quot;Blogu i Udh\u00ebtarit&quot;","block_context":{"text":"Blogu i Udh\u00ebtarit","link":"https:\/\/www.shqiperia.com\/blog\/category\/blogu-i-udhetarit\/"},"img":{"alt_text":"","src":"https:\/\/i0.wp.com\/www.shqiperia.com\/blog\/wp-content\/uploads\/2019\/04\/Banoret-e-Bregut-te-Lumit-Tirane-2.jpg?fit=1200%2C653&ssl=1&resize=350%2C200","width":350,"height":200,"srcset":"https:\/\/i0.wp.com\/www.shqiperia.com\/blog\/wp-content\/uploads\/2019\/04\/Banoret-e-Bregut-te-Lumit-Tirane-2.jpg?fit=1200%2C653&ssl=1&resize=350%2C200 1x, https:\/\/i0.wp.com\/www.shqiperia.com\/blog\/wp-content\/uploads\/2019\/04\/Banoret-e-Bregut-te-Lumit-Tirane-2.jpg?fit=1200%2C653&ssl=1&resize=525%2C300 1.5x, https:\/\/i0.wp.com\/www.shqiperia.com\/blog\/wp-content\/uploads\/2019\/04\/Banoret-e-Bregut-te-Lumit-Tirane-2.jpg?fit=1200%2C653&ssl=1&resize=700%2C400 2x, https:\/\/i0.wp.com\/www.shqiperia.com\/blog\/wp-content\/uploads\/2019\/04\/Banoret-e-Bregut-te-Lumit-Tirane-2.jpg?fit=1200%2C653&ssl=1&resize=1050%2C600 3x"},"classes":[]},{"id":8510,"url":"https:\/\/www.shqiperia.com\/blog\/kisha-shen-konstandini-dhe-helena\/","url_meta":{"origin":61710,"position":5},"title":"Kisha Sh\u00ebn Konstandini dhe Helena","author":"Kurt Farka","date":"June 7, 2018","format":false,"excerpt":"Kisha Sh\u00ebn Konstandini dhe Helena Nga: Ajt Nallbani. Kisha Sh\u00ebn Konstandini dhe Helena. Shek. XVII MONUMENT KULTURE MBROHET NGA SHTETI Esht\u00eb nj\u00eb nd\u00ebrtim n\u00eb form\u00eb kat\u00ebk\u00ebnd\u00ebshi me \u00e7ati druri mbuluar me tjegulla dhe mure guri t\u00eb lidhura me lla\u00e7 balte dhe breza druri. Nga piktira murale qe \u00ebsht\u00eb \u201cviti prej\u2026","rel":"","context":"In &quot;Arte&quot;","block_context":{"text":"Arte","link":"https:\/\/www.shqiperia.com\/blog\/category\/arte\/"},"img":{"alt_text":"","src":"https:\/\/i0.wp.com\/www.shqiperia.com\/blog\/wp-content\/uploads\/2018\/06\/18920236_1453532381360281_5445083284401838238_n-Copy.jpg?fit=544%2C344&ssl=1&resize=350%2C200","width":350,"height":200,"srcset":"https:\/\/i0.wp.com\/www.shqiperia.com\/blog\/wp-content\/uploads\/2018\/06\/18920236_1453532381360281_5445083284401838238_n-Copy.jpg?fit=544%2C344&ssl=1&resize=350%2C200 1x, https:\/\/i0.wp.com\/www.shqiperia.com\/blog\/wp-content\/uploads\/2018\/06\/18920236_1453532381360281_5445083284401838238_n-Copy.jpg?fit=544%2C344&ssl=1&resize=525%2C300 1.5x"},"classes":[]}],"_links":{"self":[{"href":"https:\/\/www.shqiperia.com\/blog\/wp-json\/wp\/v2\/posts\/61710","targetHints":{"allow":["GET"]}}],"collection":[{"href":"https:\/\/www.shqiperia.com\/blog\/wp-json\/wp\/v2\/posts"}],"about":[{"href":"https:\/\/www.shqiperia.com\/blog\/wp-json\/wp\/v2\/types\/post"}],"author":[{"embeddable":true,"href":"https:\/\/www.shqiperia.com\/blog\/wp-json\/wp\/v2\/users\/9"}],"replies":[{"embeddable":true,"href":"https:\/\/www.shqiperia.com\/blog\/wp-json\/wp\/v2\/comments?post=61710"}],"version-history":[{"count":1,"href":"https:\/\/www.shqiperia.com\/blog\/wp-json\/wp\/v2\/posts\/61710\/revisions"}],"predecessor-version":[{"id":61712,"href":"https:\/\/www.shqiperia.com\/blog\/wp-json\/wp\/v2\/posts\/61710\/revisions\/61712"}],"wp:featuredmedia":[{"embeddable":true,"href":"https:\/\/www.shqiperia.com\/blog\/wp-json\/wp\/v2\/media\/61711"}],"wp:attachment":[{"href":"https:\/\/www.shqiperia.com\/blog\/wp-json\/wp\/v2\/media?parent=61710"}],"wp:term":[{"taxonomy":"category","embeddable":true,"href":"https:\/\/www.shqiperia.com\/blog\/wp-json\/wp\/v2\/categories?post=61710"},{"taxonomy":"post_tag","embeddable":true,"href":"https:\/\/www.shqiperia.com\/blog\/wp-json\/wp\/v2\/tags?post=61710"}],"curies":[{"name":"wp","href":"https:\/\/api.w.org\/{rel}","templated":true}]}}