{"id":61707,"date":"2022-09-02T08:33:56","date_gmt":"2022-09-02T08:33:56","guid":{"rendered":"https:\/\/www.shqiperia.com\/blog\/?p=61707"},"modified":"2022-09-02T08:35:36","modified_gmt":"2022-09-02T08:35:36","slug":"regjimi-snjeh-ligj-dhe-norme-salianji-per-shembjet-ne-prestige-resort-mesazh-mafioz-qeveritar-qe-godet-investitoret-dhe-shantazhon-mediat","status":"publish","type":"post","link":"https:\/\/www.shqiperia.com\/blog\/regjimi-snjeh-ligj-dhe-norme-salianji-per-shembjet-ne-prestige-resort-mesazh-mafioz-qeveritar-qe-godet-investitoret-dhe-shantazhon-mediat\/","title":{"rendered":"\u201cRegjimi s\u2019njeh ligj dhe norm\u00eb\u201d, Salianji p\u00ebr shembjet n\u00eb \u2018Prestige Resort\u2019: &#8211; Mesazh mafioz qeveritar q\u00eb godet investitor\u00ebt dhe shantazhon mediat!"},"content":{"rendered":"<p><img data-recalc-dims=\"1\" loading=\"lazy\" decoding=\"async\" data-attachment-id=\"61708\" data-permalink=\"https:\/\/www.shqiperia.com\/blog\/regjimi-snjeh-ligj-dhe-norme-salianji-per-shembjet-ne-prestige-resort-mesazh-mafioz-qeveritar-qe-godet-investitoret-dhe-shantazhon-mediat\/salianji22222-770x420\/\" data-orig-file=\"https:\/\/i0.wp.com\/www.shqiperia.com\/blog\/wp-content\/uploads\/2022\/09\/salianji22222-770x420-1.jpg?fit=770%2C420&amp;ssl=1\" data-orig-size=\"770,420\" data-comments-opened=\"1\" data-image-meta=\"{&quot;aperture&quot;:&quot;0&quot;,&quot;credit&quot;:&quot;&quot;,&quot;camera&quot;:&quot;&quot;,&quot;caption&quot;:&quot;&quot;,&quot;created_timestamp&quot;:&quot;0&quot;,&quot;copyright&quot;:&quot;&quot;,&quot;focal_length&quot;:&quot;0&quot;,&quot;iso&quot;:&quot;0&quot;,&quot;shutter_speed&quot;:&quot;0&quot;,&quot;title&quot;:&quot;&quot;,&quot;orientation&quot;:&quot;0&quot;}\" data-image-title=\"salianji22222-770&#215;420\" data-image-description=\"\" data-image-caption=\"\" data-medium-file=\"https:\/\/i0.wp.com\/www.shqiperia.com\/blog\/wp-content\/uploads\/2022\/09\/salianji22222-770x420-1.jpg?fit=300%2C164&amp;ssl=1\" data-large-file=\"https:\/\/i0.wp.com\/www.shqiperia.com\/blog\/wp-content\/uploads\/2022\/09\/salianji22222-770x420-1.jpg?fit=770%2C420&amp;ssl=1\" class=\"alignnone wp-image-61708\" alt=\"\" src=\"https:\/\/i0.wp.com\/www.shqiperia.com\/blog\/wp-content\/uploads\/2022\/09\/salianji22222-770x420-1.jpg?resize=565%2C309&#038;ssl=1\" width=\"565\" height=\"309\" srcset=\"https:\/\/i0.wp.com\/www.shqiperia.com\/blog\/wp-content\/uploads\/2022\/09\/salianji22222-770x420-1.jpg?resize=300%2C164&amp;ssl=1 300w, https:\/\/i0.wp.com\/www.shqiperia.com\/blog\/wp-content\/uploads\/2022\/09\/salianji22222-770x420-1.jpg?resize=768%2C419&amp;ssl=1 768w, https:\/\/i0.wp.com\/www.shqiperia.com\/blog\/wp-content\/uploads\/2022\/09\/salianji22222-770x420-1.jpg?resize=450%2C245&amp;ssl=1 450w, https:\/\/i0.wp.com\/www.shqiperia.com\/blog\/wp-content\/uploads\/2022\/09\/salianji22222-770x420-1.jpg?resize=600%2C327&amp;ssl=1 600w, https:\/\/i0.wp.com\/www.shqiperia.com\/blog\/wp-content\/uploads\/2022\/09\/salianji22222-770x420-1.jpg?resize=400%2C218&amp;ssl=1 400w, https:\/\/i0.wp.com\/www.shqiperia.com\/blog\/wp-content\/uploads\/2022\/09\/salianji22222-770x420-1.jpg?w=770&amp;ssl=1 770w\" sizes=\"auto, (max-width: 565px) 100vw, 565px\" \/><\/p>\n<p>2 Shtator 2022<\/p>\n<p>Deputeti i Partis\u00eb Demokratike, Ervin Salianji ka reaguar n\u00eb lidhje me shembjet e paligjshme q\u00eb po ndodhin n\u00eb \u2018Prestige Resort\u2019, ku edhe pse gjith\u00e7ka \u00ebsht\u00eb me leje, IKMT ka zbarkuar n\u00eb resort me nj\u00eb urdh\u00ebr antiligjor.<\/p>\n<div id=\"beacon_86eb9487ad\"><span><\/span><\/div>\n<p>P\u00ebrmes nj\u00eb mesazhi n\u00eb \u2018Facebook\u2019 Salianji thekson se ky \u00ebsht\u00eb mesazhi m\u00eb i qart\u00eb i abuzimit shtet\u00ebror. Sipas Salianjit b\u00ebhet fjal\u00eb p\u00ebr nj\u00eb mesazh mafioz qeveritar q\u00eb godet investitor\u00ebt.<\/p>\n<p><strong>REAGIMI I SALIANJIT<\/strong><\/p>\n<p>Regjimi nuk njeh ligj dhe norm\u00eb, shkel dhe dhunon \u00e7do norm\u00eb demokratike, p\u00ebrpiqet t\u00eb dhunoj\u00eb dhe godas\u00eb cilindo q\u00eb mendon ndryshe!<\/p>\n<p>Nd\u00ebrkoh\u00eb q\u00eb Shqip\u00ebria po mbytet nga kioskat e nd\u00ebrtimeve pa leje dhe po zaptohet nga miqt\u00eb e regjimit \u00e7do cop\u00eb bregdet Edi Rama urdh\u00ebron sulmin ndaj \u201cPrestig Resort\u201d n\u00eb sezon turistik, p\u00ebrdor institucionet shtet\u00ebrore si lodra personale, pa paralajm\u00ebrim, pa shkres\u00eb, n\u00eb shkelje t\u00eb ligjit dhe pa dh\u00ebn\u00eb mund\u00ebsit\u00eb e mbrojtjes dhe garancive ligjore dhe para gjykat\u00ebs! Ky \u00ebsht\u00eb mesazhi m\u00eb i qart\u00eb i abuzimit shtet\u00ebror! \u00cbsht\u00eb mesazhi mafizoz qeveritar q\u00eb godet investitor\u00ebt, q\u00eb shantazhon mediat n\u00ebp\u00ebrmjet abuzimit me asetet shtet\u00ebrore!<\/p>\n<p>Damka e turpit nuk i mbetet qeveris\u00eb s\u00eb Ram\u00ebs por d\u00ebmton dhe turizmin, tremb investitor\u00ebt! Pas 20 vitesh politik\u00eb Rama kthehet me moton t\u00eb shkat\u00ebrrohen resortet t\u00eb mbijn\u00eb kioskat!<\/p>\n<p>Gazeta Shqiptare<\/p>\n","protected":false},"excerpt":{"rendered":"<p>2 Shtator 2022 Deputeti i Partis\u00eb Demokratike, Ervin Salianji ka reaguar n\u00eb lidhje me shembjet e paligjshme q\u00eb po ndodhin n\u00eb \u2018Prestige Resort\u2019, ku edhe pse gjith\u00e7ka \u00ebsht\u00eb me leje, IKMT ka zbarkuar n\u00eb resort me nj\u00eb urdh\u00ebr antiligjor. P\u00ebrmes nj\u00eb mesazhi n\u00eb \u2018Facebook\u2019 Salianji thekson se ky \u00ebsht\u00eb mesazhi m\u00eb i qart\u00eb i abuzimit [&hellip;]<\/p>\n","protected":false},"author":9,"featured_media":61708,"comment_status":"open","ping_status":"open","sticky":false,"template":"","format":"standard","meta":{"jetpack_post_was_ever_published":false,"_jetpack_newsletter_access":"","_jetpack_dont_email_post_to_subs":false,"_jetpack_newsletter_tier_id":0,"_jetpack_memberships_contains_paywalled_content":false,"_jetpack_memberships_contains_paid_content":false,"footnotes":"","jetpack_publicize_message":"","jetpack_publicize_feature_enabled":true,"jetpack_social_post_already_shared":true,"jetpack_social_options":{"image_generator_settings":{"template":"highway","default_image_id":0,"font":"","enabled":false},"version":2}},"categories":[27,2,35],"tags":[],"class_list":["post-61707","post","type-post","status-publish","format-standard","has-post-thumbnail","hentry","category-blogu-i-udhetarit","category-politika","category-shoqerore"],"jetpack_publicize_connections":[],"jetpack_featured_media_url":"https:\/\/i0.wp.com\/www.shqiperia.com\/blog\/wp-content\/uploads\/2022\/09\/salianji22222-770x420-1.jpg?fit=770%2C420&ssl=1","jetpack_sharing_enabled":true,"jetpack_shortlink":"https:\/\/wp.me\/p5Z6wp-g3h","jetpack-related-posts":[{"id":85099,"url":"https:\/\/www.shqiperia.com\/blog\/denimi-dhe-burgosjen-e-ervin-salianjit-jam-i-tronditur-nga-vendimi-edhe-miqte-e-mi-socialiste-jane-befasuar\/","url_meta":{"origin":61707,"position":0},"title":"D\u00ebnimi dhe burgosjen e Ervin Salianjit: &#8211; Jam i tronditur nga vendimi, edhe miqt\u00eb e mi socialist\u00eb jan\u00eb befasuar","author":"Kurt Farka","date":"September 28, 2024","format":false,"excerpt":"28 Shtator 2024 N\u00ebnkryetari i Partis\u00eb Demokratike, Agrin Gjekmarkaj, ka komentuar s\u00ebrish d\u00ebnimin dhe burgosjen e Ervin Salianjit, p\u00ebr kall\u00ebzim t\u00eb rrem\u00eb, lidhur me dosjen \u2018Babale\u2019. I ftuar n\u00eb studion e emisionit \u2018Kjo Jav\u00eb\u2019 n\u00eb News24, Gjekamarkaj tha se ishte i tronditur nga vendimi, teksa theksoi se priste q\u00eb Salianji\u2026","rel":"","context":"In &quot;Blogu i Udh\u00ebtarit&quot;","block_context":{"text":"Blogu i Udh\u00ebtarit","link":"https:\/\/www.shqiperia.com\/blog\/category\/blogu-i-udhetarit\/"},"img":{"alt_text":"","src":"https:\/\/i0.wp.com\/www.shqiperia.com\/blog\/wp-content\/uploads\/2024\/09\/gjekmarkaj2.jpg?fit=896%2C540&ssl=1&resize=350%2C200","width":350,"height":200,"srcset":"https:\/\/i0.wp.com\/www.shqiperia.com\/blog\/wp-content\/uploads\/2024\/09\/gjekmarkaj2.jpg?fit=896%2C540&ssl=1&resize=350%2C200 1x, https:\/\/i0.wp.com\/www.shqiperia.com\/blog\/wp-content\/uploads\/2024\/09\/gjekmarkaj2.jpg?fit=896%2C540&ssl=1&resize=525%2C300 1.5x, https:\/\/i0.wp.com\/www.shqiperia.com\/blog\/wp-content\/uploads\/2024\/09\/gjekmarkaj2.jpg?fit=896%2C540&ssl=1&resize=700%2C400 2x"},"classes":[]},{"id":56308,"url":"https:\/\/www.shqiperia.com\/blog\/ervin-salianji-si-mund-te-ndodh-bashkimi-i-partise-demokratike-ka-vetem-nje-rruge\/","url_meta":{"origin":61707,"position":1},"title":"Ervin Salianji si mund t\u00eb ndodh bashkimi i Partis\u00eb Demokratike: &#8211; Ka vet\u00ebm nj\u00eb rrug\u00eb","author":"Kurt Farka","date":"April 3, 2022","format":false,"excerpt":"Ervin Salianji si mund t\u00eb ndodh bashkimi i Partis\u00eb Demokratike: - Ka vet\u00ebm nj\u00eb rrug\u00eb 3 PRILL 2022 Deputeti i Partis\u00eb Demokratike, Ervin Salianji ka qen\u00eb i pranish\u00ebm n\u00eb Kor\u00e7\u00eb, n\u00eb vigjilje t\u00eb strukturave t\u00eb reja q\u00eb pritet t\u00eb zgjidhen n\u00eb \u00e7do sektor. Mesazhi i deputetit ishte i qart\u00eb. Ai\u2026","rel":"","context":"In &quot;Politika&quot;","block_context":{"text":"Politika","link":"https:\/\/www.shqiperia.com\/blog\/category\/politika\/"},"img":{"alt_text":"","src":"https:\/\/i0.wp.com\/www.shqiperia.com\/blog\/wp-content\/uploads\/2022\/04\/800-0-a4b79a5163425ea0011607fecb087441.jpg?fit=800%2C474&ssl=1&resize=350%2C200","width":350,"height":200,"srcset":"https:\/\/i0.wp.com\/www.shqiperia.com\/blog\/wp-content\/uploads\/2022\/04\/800-0-a4b79a5163425ea0011607fecb087441.jpg?fit=800%2C474&ssl=1&resize=350%2C200 1x, https:\/\/i0.wp.com\/www.shqiperia.com\/blog\/wp-content\/uploads\/2022\/04\/800-0-a4b79a5163425ea0011607fecb087441.jpg?fit=800%2C474&ssl=1&resize=525%2C300 1.5x, https:\/\/i0.wp.com\/www.shqiperia.com\/blog\/wp-content\/uploads\/2022\/04\/800-0-a4b79a5163425ea0011607fecb087441.jpg?fit=800%2C474&ssl=1&resize=700%2C400 2x"},"classes":[]},{"id":96874,"url":"https:\/\/www.shqiperia.com\/blog\/pavaresisht-tensioneve-me-berishen-dhe-noken-ervin-salianji-i-bashkohet-protestes-se-pd-se\/","url_meta":{"origin":61707,"position":2},"title":"Pavar\u00ebsisht tensioneve me Berish\u00ebn dhe Nok\u00ebn\/ Ervin Salianji i bashkohet protest\u00ebs s\u00eb PD-s\u00eb","author":"Kurt Farka","date":"January 24, 2026","format":false,"excerpt":"24 Janar 2025 Ish-deputeti i Partis\u00eb Demokratike, Ervin Salianji ka mb\u00ebrritur n\u00eb protest\u00ebn e opozit\u00ebs para kryeministris\u00eb. Demokrati \u00ebsht\u00eb i shoq\u00ebruar nga disa mb\u00ebshtet\u00ebs t\u00eb tij. Pran\u00eb Salianjit q\u00ebndrojn\u00eb Valbona M\u00ebhilli, Ilir Vrenozi, por edhe persona t\u00eb tjer\u00eb q\u00eb mb\u00ebshtesin kauz\u00ebn e tij. Kujtojm\u00eb se prej disa muajsh mes Ervin\u2026","rel":"","context":"In &quot;Blogu i Udh\u00ebtarit&quot;","block_context":{"text":"Blogu i Udh\u00ebtarit","link":"https:\/\/www.shqiperia.com\/blog\/category\/blogu-i-udhetarit\/"},"img":{"alt_text":"","src":"https:\/\/i0.wp.com\/www.shqiperia.com\/blog\/wp-content\/uploads\/2026\/01\/600-388-capturepng-1769273902.png?fit=600%2C388&ssl=1&resize=350%2C200","width":350,"height":200,"srcset":"https:\/\/i0.wp.com\/www.shqiperia.com\/blog\/wp-content\/uploads\/2026\/01\/600-388-capturepng-1769273902.png?fit=600%2C388&ssl=1&resize=350%2C200 1x, https:\/\/i0.wp.com\/www.shqiperia.com\/blog\/wp-content\/uploads\/2026\/01\/600-388-capturepng-1769273902.png?fit=600%2C388&ssl=1&resize=525%2C300 1.5x"},"classes":[]},{"id":95773,"url":"https:\/\/www.shqiperia.com\/blog\/salianji-spak-ka-faktuar-krimin-qeveritar-pengimi-i-drejtesise-nuk-shpeton-askend-nga-pergjegjesia\/","url_meta":{"origin":61707,"position":3},"title":"Salianji: &#8211; SPAK ka faktuar krimin qeveritar! Pengimi i drejt\u00ebsis\u00eb nuk shp\u00ebton ask\u00ebnd nga p\u00ebrgjegj\u00ebsia!","author":"Kurt Farka","date":"December 21, 2025","format":false,"excerpt":"21 Dhjetor 2025 Ish-deputeti i Partis\u00eb Demokratike, Ervin Salianji, ka reaguar lidhur me hetimet e SPAK, duke deklaruar se dosjet q\u00eb lidhen me ministren dhe zv.kryeministren Belinda Balluku dhe Agjencin\u00eb Komb\u00ebtare t\u00eb Shoq\u00ebris\u00eb s\u00eb Informacionit (AKSH) p\u00ebrb\u00ebjn\u00eb prova q\u00eb, sipas tij, fundosin qeverin\u00eb Rama. \u201cBalluku\u201d dhe AKSH-i dy dosjet q\u00eb\u2026","rel":"","context":"In &quot;Blogu i Udh\u00ebtarit&quot;","block_context":{"text":"Blogu i Udh\u00ebtarit","link":"https:\/\/www.shqiperia.com\/blog\/category\/blogu-i-udhetarit\/"},"img":{"alt_text":"","src":"https:\/\/i0.wp.com\/www.shqiperia.com\/blog\/wp-content\/uploads\/2025\/12\/salianji7.jpg?fit=1200%2C800&ssl=1&resize=350%2C200","width":350,"height":200,"srcset":"https:\/\/i0.wp.com\/www.shqiperia.com\/blog\/wp-content\/uploads\/2025\/12\/salianji7.jpg?fit=1200%2C800&ssl=1&resize=350%2C200 1x, https:\/\/i0.wp.com\/www.shqiperia.com\/blog\/wp-content\/uploads\/2025\/12\/salianji7.jpg?fit=1200%2C800&ssl=1&resize=525%2C300 1.5x, https:\/\/i0.wp.com\/www.shqiperia.com\/blog\/wp-content\/uploads\/2025\/12\/salianji7.jpg?fit=1200%2C800&ssl=1&resize=700%2C400 2x, https:\/\/i0.wp.com\/www.shqiperia.com\/blog\/wp-content\/uploads\/2025\/12\/salianji7.jpg?fit=1200%2C800&ssl=1&resize=1050%2C600 3x"},"classes":[]},{"id":87446,"url":"https:\/\/www.shqiperia.com\/blog\/rama-si-hibatullah-akhundzada-salianji-leter-nga-qelia-6\/","url_meta":{"origin":61707,"position":4},"title":"Rama si Hibatullah Akhundzada! &#8211; Salianji let\u00ebr nga qelia 6.","author":"Kurt Farka","date":"December 15, 2024","format":false,"excerpt":"15 Dhjetor 2024 Ish-ligjv\u00ebn\u00ebsi demokrat Ervin Salianji, me an\u00eb t\u00eb nj\u00eb letre t\u00eb radh\u00ebs nga qelia 6 n\u00eb Fier, ka krahasuar kryeministrin Edi Rama me liderin e taleban\u00ebve, Hibatullah Akhundzada. Salianji deklaron se Rama p\u00ebr Kushtetut\u00eb imponon karakterin e tij dhe p\u00ebr qeveri, personalitetin e tij. \u201cHumbja e shpirtit p\u00ebr\u2026","rel":"","context":"In &quot;Blogu i Udh\u00ebtarit&quot;","block_context":{"text":"Blogu i Udh\u00ebtarit","link":"https:\/\/www.shqiperia.com\/blog\/category\/blogu-i-udhetarit\/"},"img":{"alt_text":"","src":"https:\/\/i0.wp.com\/www.shqiperia.com\/blog\/wp-content\/uploads\/2024\/12\/Ervin-Salianji.jpg?resize=350%2C200&ssl=1","width":350,"height":200,"srcset":"https:\/\/i0.wp.com\/www.shqiperia.com\/blog\/wp-content\/uploads\/2024\/12\/Ervin-Salianji.jpg?resize=350%2C200&ssl=1 1x, https:\/\/i0.wp.com\/www.shqiperia.com\/blog\/wp-content\/uploads\/2024\/12\/Ervin-Salianji.jpg?resize=525%2C300&ssl=1 1.5x"},"classes":[]},{"id":98218,"url":"https:\/\/www.shqiperia.com\/blog\/shqiptaret-kerkojne-doreheqjen-e-rames-ervin-salianji-lereni-ramen-te-dorehiqet-berisha\/","url_meta":{"origin":61707,"position":5},"title":"Shqiptaret kerkojne doreheqjen e Rames. Ervin Salianji &#8211; Lereni Ramen, te dorehiqet Berisha.","author":"Kurt Farka","date":"March 8, 2026","format":false,"excerpt":"8 Mars 2026 Ervin Salianji ka zhvilluar k\u00ebt\u00eb t\u00eb diel nj\u00eb takim me demokrat\u00ebt n\u00eb Vlor\u00eb, teksa ka komentuar zhvillimet m\u00eb t\u00eb fundit politike n\u00eb vend. Sipas Salianjit, shteti ka degraduar dhe Shqip\u00ebria ndodhet n\u00eb situat\u00eb alarmante. Ai u shpreh kritik edhe ndaj opozit\u00ebs dhe Sali Berish\u00ebs, teksa ka deklaruar\u2026","rel":"","context":"In &quot;Press Releases&quot;","block_context":{"text":"Press Releases","link":"https:\/\/www.shqiperia.com\/blog\/category\/press-releases\/"},"img":{"alt_text":"","src":"https:\/\/i0.wp.com\/www.shqiperia.com\/blog\/wp-content\/uploads\/2026\/03\/salianji-1.jpg?fit=1200%2C720&ssl=1&resize=350%2C200","width":350,"height":200,"srcset":"https:\/\/i0.wp.com\/www.shqiperia.com\/blog\/wp-content\/uploads\/2026\/03\/salianji-1.jpg?fit=1200%2C720&ssl=1&resize=350%2C200 1x, https:\/\/i0.wp.com\/www.shqiperia.com\/blog\/wp-content\/uploads\/2026\/03\/salianji-1.jpg?fit=1200%2C720&ssl=1&resize=525%2C300 1.5x, https:\/\/i0.wp.com\/www.shqiperia.com\/blog\/wp-content\/uploads\/2026\/03\/salianji-1.jpg?fit=1200%2C720&ssl=1&resize=700%2C400 2x, https:\/\/i0.wp.com\/www.shqiperia.com\/blog\/wp-content\/uploads\/2026\/03\/salianji-1.jpg?fit=1200%2C720&ssl=1&resize=1050%2C600 3x"},"classes":[]}],"_links":{"self":[{"href":"https:\/\/www.shqiperia.com\/blog\/wp-json\/wp\/v2\/posts\/61707","targetHints":{"allow":["GET"]}}],"collection":[{"href":"https:\/\/www.shqiperia.com\/blog\/wp-json\/wp\/v2\/posts"}],"about":[{"href":"https:\/\/www.shqiperia.com\/blog\/wp-json\/wp\/v2\/types\/post"}],"author":[{"embeddable":true,"href":"https:\/\/www.shqiperia.com\/blog\/wp-json\/wp\/v2\/users\/9"}],"replies":[{"embeddable":true,"href":"https:\/\/www.shqiperia.com\/blog\/wp-json\/wp\/v2\/comments?post=61707"}],"version-history":[{"count":1,"href":"https:\/\/www.shqiperia.com\/blog\/wp-json\/wp\/v2\/posts\/61707\/revisions"}],"predecessor-version":[{"id":61709,"href":"https:\/\/www.shqiperia.com\/blog\/wp-json\/wp\/v2\/posts\/61707\/revisions\/61709"}],"wp:featuredmedia":[{"embeddable":true,"href":"https:\/\/www.shqiperia.com\/blog\/wp-json\/wp\/v2\/media\/61708"}],"wp:attachment":[{"href":"https:\/\/www.shqiperia.com\/blog\/wp-json\/wp\/v2\/media?parent=61707"}],"wp:term":[{"taxonomy":"category","embeddable":true,"href":"https:\/\/www.shqiperia.com\/blog\/wp-json\/wp\/v2\/categories?post=61707"},{"taxonomy":"post_tag","embeddable":true,"href":"https:\/\/www.shqiperia.com\/blog\/wp-json\/wp\/v2\/tags?post=61707"}],"curies":[{"name":"wp","href":"https:\/\/api.w.org\/{rel}","templated":true}]}}