{"id":61701,"date":"2022-09-01T22:43:39","date_gmt":"2022-09-01T22:43:39","guid":{"rendered":"https:\/\/www.shqiperia.com\/blog\/?p=61701"},"modified":"2022-09-01T22:45:59","modified_gmt":"2022-09-01T22:45:59","slug":"klodiana-lala-zbulon-pse-u-shkarkua-gledis-nano-u-perplas-me-cucin-per","status":"publish","type":"post","link":"https:\/\/www.shqiperia.com\/blog\/klodiana-lala-zbulon-pse-u-shkarkua-gledis-nano-u-perplas-me-cucin-per\/","title":{"rendered":"Klodiana Lala zbulon pse u shkarkua Gledis Nano: &#8211; U p\u00ebrplas me \u00c7u\u00e7in p\u00ebr&#8230;"},"content":{"rendered":"<div class=\"c-main\">\n<div class=\"c-header-content\">\n<div class=\"c-article_info\">\n<div class=\"c-article_writer\">\n<div class=\"c-writers_content\"><\/div>\n<\/div>\n<\/div>\n<\/div>\n<\/div>\n<div class=\"c-main\">\n<div class=\"c-flexy flex-m\">\n<div class=\"c-open-content c-left\">\n<div class=\"open-a-content\">\n<div id=\"attachment_61702\" style=\"width: 578px\" class=\"wp-caption alignnone\"><img data-recalc-dims=\"1\" loading=\"lazy\" decoding=\"async\" aria-describedby=\"caption-attachment-61702\" data-attachment-id=\"61702\" data-permalink=\"https:\/\/www.shqiperia.com\/blog\/klodiana-lala-zbulon-pse-u-shkarkua-gledis-nano-u-perplas-me-cucin-per\/etleva-lalaj\/\" data-orig-file=\"https:\/\/i0.wp.com\/www.shqiperia.com\/blog\/wp-content\/uploads\/2022\/09\/Etleva-Lalaj.jpg?fit=800%2C505&amp;ssl=1\" data-orig-size=\"800,505\" data-comments-opened=\"1\" data-image-meta=\"{&quot;aperture&quot;:&quot;0&quot;,&quot;credit&quot;:&quot;&quot;,&quot;camera&quot;:&quot;&quot;,&quot;caption&quot;:&quot;&quot;,&quot;created_timestamp&quot;:&quot;0&quot;,&quot;copyright&quot;:&quot;&quot;,&quot;focal_length&quot;:&quot;0&quot;,&quot;iso&quot;:&quot;0&quot;,&quot;shutter_speed&quot;:&quot;0&quot;,&quot;title&quot;:&quot;&quot;,&quot;orientation&quot;:&quot;0&quot;}\" data-image-title=\"Etleva Lalaj\" data-image-description=\"\" data-image-caption=\"&lt;p&gt;Etleva Lalaj&lt;\/p&gt;\n\" data-medium-file=\"https:\/\/i0.wp.com\/www.shqiperia.com\/blog\/wp-content\/uploads\/2022\/09\/Etleva-Lalaj.jpg?fit=300%2C189&amp;ssl=1\" data-large-file=\"https:\/\/i0.wp.com\/www.shqiperia.com\/blog\/wp-content\/uploads\/2022\/09\/Etleva-Lalaj.jpg?fit=800%2C505&amp;ssl=1\" class=\" wp-image-61702\" alt=\"\" src=\"https:\/\/i0.wp.com\/www.shqiperia.com\/blog\/wp-content\/uploads\/2022\/09\/Etleva-Lalaj.jpg?resize=568%2C358&#038;ssl=1\" width=\"568\" height=\"358\" srcset=\"https:\/\/i0.wp.com\/www.shqiperia.com\/blog\/wp-content\/uploads\/2022\/09\/Etleva-Lalaj.jpg?resize=300%2C189&amp;ssl=1 300w, https:\/\/i0.wp.com\/www.shqiperia.com\/blog\/wp-content\/uploads\/2022\/09\/Etleva-Lalaj.jpg?resize=768%2C485&amp;ssl=1 768w, https:\/\/i0.wp.com\/www.shqiperia.com\/blog\/wp-content\/uploads\/2022\/09\/Etleva-Lalaj.jpg?resize=450%2C284&amp;ssl=1 450w, https:\/\/i0.wp.com\/www.shqiperia.com\/blog\/wp-content\/uploads\/2022\/09\/Etleva-Lalaj.jpg?resize=600%2C379&amp;ssl=1 600w, https:\/\/i0.wp.com\/www.shqiperia.com\/blog\/wp-content\/uploads\/2022\/09\/Etleva-Lalaj.jpg?resize=400%2C253&amp;ssl=1 400w, https:\/\/i0.wp.com\/www.shqiperia.com\/blog\/wp-content\/uploads\/2022\/09\/Etleva-Lalaj.jpg?w=800&amp;ssl=1 800w\" sizes=\"auto, (max-width: 568px) 100vw, 568px\" \/><p id=\"caption-attachment-61702\" class=\"wp-caption-text\">Etleva Lalaj<\/p><\/div>\n<p>1 Shtator 2022<\/p>\n<p>&#8230;&#8221;Kishte t\u00eb b\u00ebnte me disa sasi kokaine n\u00eb portin e Durr\u00ebsit&#8221;&#8230;.<\/p>\n<p>Gazetarja Klodiana Lala duke komentuar shkarkimin e Gledis Nanos si Drejtor i P\u00ebrgjithsh\u00ebm i Policis\u00eb.<\/p>\n<p>Lala tha se sipas informacioneve q\u00eb dispononte, Nano kishte patur p\u00ebrplasje t\u00eb forta me Ministrin e Brendsh\u00ebm p\u00ebr \u00e7\u00ebshtje t\u00eb nxehta.<\/p>\n<p>\u201cKishte koh\u00eb q\u00eb kishte sh\u00ebkputur kontaktet me Ministrin e Brendsh\u00ebm. P\u00ebrplasje p\u00ebr \u00e7\u00ebshtjen e em\u00ebrimeve, p\u00ebrplasje p\u00ebr efektiv\u00eb q\u00eb kishte dyshime se ishin financuar nga krimi i organizuar. Kishte t\u00eb b\u00ebnte me disa sasi kokaine n\u00eb portin e Durr\u00ebsit. N\u00eb k\u00ebt\u00eb sens, ministri i k\u00ebrkoi dor\u00ebheqjen. Zoti Nano pretendonte se nuk kishte asnj\u00eb arsye p\u00ebr ta dh\u00ebn\u00eb, se n\u00eb 10 muaj nuk kishte patur koh\u00ebn e mjaftueshme.<\/p>\n<p>N\u00ebse s\u2019ka p\u00ebrmbushur Gledis Nano objektivat, pas tij duhet t\u00eb jepte dor\u00ebheqjen ministri\u201d, tha Lala.<\/p>\n<p>Gazeta Sot<\/p>\n<\/div>\n<\/div>\n<\/div>\n<\/div>\n","protected":false},"excerpt":{"rendered":"<p>1 Shtator 2022 &#8230;&#8221;Kishte t\u00eb b\u00ebnte me disa sasi kokaine n\u00eb portin e Durr\u00ebsit&#8221;&#8230;. Gazetarja Klodiana Lala duke komentuar shkarkimin e Gledis Nanos si Drejtor i P\u00ebrgjithsh\u00ebm i Policis\u00eb. Lala tha se sipas informacioneve q\u00eb dispononte, Nano kishte patur p\u00ebrplasje t\u00eb forta me Ministrin e Brendsh\u00ebm p\u00ebr \u00e7\u00ebshtje t\u00eb nxehta. \u201cKishte koh\u00eb q\u00eb kishte sh\u00ebkputur [&hellip;]<\/p>\n","protected":false},"author":9,"featured_media":61702,"comment_status":"open","ping_status":"open","sticky":false,"template":"","format":"standard","meta":{"jetpack_post_was_ever_published":false,"_jetpack_newsletter_access":"","_jetpack_dont_email_post_to_subs":false,"_jetpack_newsletter_tier_id":0,"_jetpack_memberships_contains_paywalled_content":false,"_jetpack_memberships_contains_paid_content":false,"footnotes":"","jetpack_publicize_message":"","jetpack_publicize_feature_enabled":true,"jetpack_social_post_already_shared":true,"jetpack_social_options":{"image_generator_settings":{"template":"highway","default_image_id":0,"font":"","enabled":false},"version":2}},"categories":[27,2,35],"tags":[],"class_list":["post-61701","post","type-post","status-publish","format-standard","has-post-thumbnail","hentry","category-blogu-i-udhetarit","category-politika","category-shoqerore"],"jetpack_publicize_connections":[],"jetpack_featured_media_url":"https:\/\/i0.wp.com\/www.shqiperia.com\/blog\/wp-content\/uploads\/2022\/09\/Etleva-Lalaj.jpg?fit=800%2C505&ssl=1","jetpack_sharing_enabled":true,"jetpack_shortlink":"https:\/\/wp.me\/p5Z6wp-g3b","jetpack-related-posts":[{"id":46782,"url":"https:\/\/www.shqiperia.com\/blog\/ngjarja-ndodhi-ne-sy-te-policise-klodiana-lala-jep-detajet-nga-vrasja-ne-elbasan-pd-kishte-sinjalizuar\/","url_meta":{"origin":61701,"position":0},"title":"\u201cNgjarja ndodhi n\u00eb sy t\u00eb policis\u00eb\u201d, Klodiana Lala jep detajet nga vrasja n\u00eb Elbasan: PD kishte sinjalizuar &#8230;","author":"Kurt Farka","date":"April 21, 2021","format":false,"excerpt":"\u201cNgjarja ndodhi n\u00eb sy t\u00eb policis\u00eb\u201d, Klodiana Lala jep detajet nga vrasja n\u00eb Elbasan: PD kishte sinjalizuar ... 21 PRILL 2021 Vrasja e Pjerin Xhuvanit ka p\u00ebrgjakur sot qytetin e Elbasanit.Gazetarja Klodiana Lala ka deklaruar se ngjarja ka ndodhur para syve t\u00eb policis\u00eb. Pjerin Xhuvani q\u00eb nd\u00ebrroi jet\u00eb sot \u00ebsht\u00eb\u2026","rel":"","context":"In &quot;Blogu i Udh\u00ebtarit&quot;","block_context":{"text":"Blogu i Udh\u00ebtarit","link":"https:\/\/www.shqiperia.com\/blog\/category\/blogu-i-udhetarit\/"},"img":{"alt_text":"","src":"https:\/\/i0.wp.com\/www.shqiperia.com\/blog\/wp-content\/uploads\/2021\/04\/unnamed-2.jpg?fit=512%2C247&ssl=1&resize=350%2C200","width":350,"height":200},"classes":[]},{"id":61678,"url":"https:\/\/www.shqiperia.com\/blog\/zbardhen-prapaskenat-e-shkarkimit-te-gledis-nanos-si-refuzoi-te-jepte-doreheqjen-dhe-debatet-me-ministrin\/","url_meta":{"origin":61701,"position":1},"title":"Zbardhen PRAPASKENAT e shkarkimit t\u00eb Gledis Nanos. &#8211; Si refuzoi t\u00eb jepte dor\u00ebheqjen dhe debatet me ministrin&#8230;","author":"Kurt Farka","date":"September 1, 2022","format":false,"excerpt":"1 Shtator 2022 Prej dit\u00ebsh flitej p\u00ebr dor\u00ebheqjen e Gledis Nanos, teksa dit\u00ebn e sotme k\u00ebshilli i ministrave vendosi ta shkarkoj\u00eb si Drejtor t\u00eb P\u00ebrgjithsh\u00ebm t\u00eb Policis\u00eb s\u00eb Shtetit. Por me sa duket ka qen\u00eb nj\u00eb rrug\u00eb jo e shkurt\u00ebr deri t\u00eb ky vendim. Sipas \"News24\" ka disa prapaskena p\u00ebr\u2026","rel":"","context":"In &quot;Blogu i Udh\u00ebtarit&quot;","block_context":{"text":"Blogu i Udh\u00ebtarit","link":"https:\/\/www.shqiperia.com\/blog\/category\/blogu-i-udhetarit\/"},"img":{"alt_text":"","src":"https:\/\/i0.wp.com\/www.shqiperia.com\/blog\/wp-content\/uploads\/2022\/09\/Gledis-Nano.jpg?fit=640%2C362&ssl=1&resize=350%2C200","width":350,"height":200,"srcset":"https:\/\/i0.wp.com\/www.shqiperia.com\/blog\/wp-content\/uploads\/2022\/09\/Gledis-Nano.jpg?fit=640%2C362&ssl=1&resize=350%2C200 1x, https:\/\/i0.wp.com\/www.shqiperia.com\/blog\/wp-content\/uploads\/2022\/09\/Gledis-Nano.jpg?fit=640%2C362&ssl=1&resize=525%2C300 1.5x"},"classes":[]},{"id":79215,"url":"https:\/\/www.shqiperia.com\/blog\/arrestimi-i-krahut-te-djathte-te-ballukut-gazetarja-klodiana-lala-zbardh-detaje\/","url_meta":{"origin":61701,"position":2},"title":"Arrestimi i krahut t\u00eb djatht\u00eb t\u00eb Ballukut. &#8211; Gazetarja Klodiana Lala zbardh detaje","author":"Kurt Farka","date":"March 14, 2024","format":false,"excerpt":"14 Mars 2024 Kreut i Autoritetit Rrugor Shqiptar, Evis Berberi, bashk\u00ebpun\u00ebtor i ngusht\u00eb i ministres s\u00eb Infrastruktur\u00ebs, Belinda Balluku, i arrestuar me urdh\u00ebr t\u00eb SPAK, kishte marr\u00ebdh\u00ebnie t\u00eb ngusht\u00eb me dy biznesmen\u00ebt prej vitit 2018. Ishin pik\u00ebrisht k\u00ebto kontakte dhe transaksione t\u00eb shumta q\u00eb \u00e7uan n\u00eb arrestimin e Berberit nj\u00eb\u2026","rel":"","context":"In &quot;Blogu i Udh\u00ebtarit&quot;","block_context":{"text":"Blogu i Udh\u00ebtarit","link":"https:\/\/www.shqiperia.com\/blog\/category\/blogu-i-udhetarit\/"},"img":{"alt_text":"","src":"https:\/\/i0.wp.com\/www.shqiperia.com\/blog\/wp-content\/uploads\/2024\/03\/800-0-65f302b3a00ef.jpg?fit=800%2C480&ssl=1&resize=350%2C200","width":350,"height":200,"srcset":"https:\/\/i0.wp.com\/www.shqiperia.com\/blog\/wp-content\/uploads\/2024\/03\/800-0-65f302b3a00ef.jpg?fit=800%2C480&ssl=1&resize=350%2C200 1x, https:\/\/i0.wp.com\/www.shqiperia.com\/blog\/wp-content\/uploads\/2024\/03\/800-0-65f302b3a00ef.jpg?fit=800%2C480&ssl=1&resize=525%2C300 1.5x, https:\/\/i0.wp.com\/www.shqiperia.com\/blog\/wp-content\/uploads\/2024\/03\/800-0-65f302b3a00ef.jpg?fit=800%2C480&ssl=1&resize=700%2C400 2x"},"classes":[]},{"id":56592,"url":"https:\/\/www.shqiperia.com\/blog\/kjo-nuk-perfundon-me-disa-biznesmene-te-arrestuar-afera-e-inceneratoreve-klodiana-lala-plas-bomben-te-hapen-dosjet-e-kaluara-edi-rama-akuzohej-qe-ne\/","url_meta":{"origin":61701,"position":3},"title":"\u201cKjo nuk p\u00ebrfundon me disa biznesmen\u00eb t\u00eb arrestuar\u201d. Afera e incenerator\u00ebve, Klodiana Lala plas \u2018bomb\u00ebn\u2019: T\u00eb hapen dosjet e kaluara! Edi Rama akuzohej q\u00eb n\u00eb&#8230;","author":"Kurt Farka","date":"April 11, 2022","format":false,"excerpt":"\u201cKjo nuk p\u00ebrfundon me disa biznesmen\u00eb t\u00eb arrestuar\u201d. Afera e incenerator\u00ebve, Klodiana Lala plas \u2018bomb\u00ebn\u2019: T\u00eb hapen dosjet e kaluara! Edi Rama akuzohej q\u00eb n\u00eb... 11 PRILL 2022 Gazetarja Klodiana Lala komentoi sot n\u00eb emisionin \u2018Pikat mbi i\u2019, deklarat\u00ebn ne kryeministrit Rama gjat\u00eb Kongresit t\u00eb PS-s\u00eb. Gazetarja Lala tha se\u2026","rel":"","context":"In &quot;Blogu i Udh\u00ebtarit&quot;","block_context":{"text":"Blogu i Udh\u00ebtarit","link":"https:\/\/www.shqiperia.com\/blog\/category\/blogu-i-udhetarit\/"},"img":{"alt_text":"","src":"https:\/\/i0.wp.com\/www.shqiperia.com\/blog\/wp-content\/uploads\/2022\/04\/Edi-Rama-3.jpg?fit=640%2C360&ssl=1&resize=350%2C200","width":350,"height":200,"srcset":"https:\/\/i0.wp.com\/www.shqiperia.com\/blog\/wp-content\/uploads\/2022\/04\/Edi-Rama-3.jpg?fit=640%2C360&ssl=1&resize=350%2C200 1x, https:\/\/i0.wp.com\/www.shqiperia.com\/blog\/wp-content\/uploads\/2022\/04\/Edi-Rama-3.jpg?fit=640%2C360&ssl=1&resize=525%2C300 1.5x"},"classes":[]},{"id":61606,"url":"https:\/\/www.shqiperia.com\/blog\/gledis-nano-e-kishte-thuajse-te-pamundur-te-ndryshonte-gjerat-brenda-policise-duke-para-inkriminimin-qe-ka-perfshire-institucionet-por-edhe-shoqerine-shqiptare\/","url_meta":{"origin":61701,"position":4},"title":"Gledis Nano e kishte thuajse t\u00eb pamundur t\u00eb ndryshonte gj\u00ebrat brenda policis\u00eb duke pare inkriminimin q\u00eb ka p\u00ebrfshir\u00eb institucionet por edhe shoq\u00ebrin\u00eb shqiptare.","author":"Kurt Farka","date":"August 29, 2022","format":false,"excerpt":"29 Gusht 2022 Gazetari investigativ Artan Hoxha, ka folur edhe n\u00eb lidhje me lajmin q\u00eb po qarkullon p\u00ebr nj\u00eb dor\u00ebheqje t\u00eb Drejtorit t\u00eb\u00a0 P\u00ebrgjithsh\u00ebm t\u00eb Policis\u00eb s\u00eb Shtetit. Hoxha tha se ende nuk ka asgj\u00eb zyrtare dhe se gjith\u00e7ka mbetet p\u00ebr tu zbardhur n\u00eb dit\u00ebt n\u00eb vijim, Nd\u00ebrsa shtoi se\u2026","rel":"","context":"In &quot;Blogu i Udh\u00ebtarit&quot;","block_context":{"text":"Blogu i Udh\u00ebtarit","link":"https:\/\/www.shqiperia.com\/blog\/category\/blogu-i-udhetarit\/"},"img":{"alt_text":"","src":"https:\/\/i0.wp.com\/www.shqiperia.com\/blog\/wp-content\/uploads\/2022\/08\/800-0-630ccd086d756.jpg?fit=800%2C483&ssl=1&resize=350%2C200","width":350,"height":200,"srcset":"https:\/\/i0.wp.com\/www.shqiperia.com\/blog\/wp-content\/uploads\/2022\/08\/800-0-630ccd086d756.jpg?fit=800%2C483&ssl=1&resize=350%2C200 1x, https:\/\/i0.wp.com\/www.shqiperia.com\/blog\/wp-content\/uploads\/2022\/08\/800-0-630ccd086d756.jpg?fit=800%2C483&ssl=1&resize=525%2C300 1.5x, https:\/\/i0.wp.com\/www.shqiperia.com\/blog\/wp-content\/uploads\/2022\/08\/800-0-630ccd086d756.jpg?fit=800%2C483&ssl=1&resize=700%2C400 2x"},"classes":[]},{"id":79617,"url":"https:\/\/www.shqiperia.com\/blog\/falsifikimi-i-pronave-lala-rrumi-i-dha-para-avokatit-te-shtetit-pasi-fitoi-gjyqin-e-rrahu-dhe-i-mori-leket-mbrapsht\/","url_meta":{"origin":61701,"position":5},"title":"Falsifikimi i pronave\/ Lala: &#8211; \u201cRrumi\u201d i dha para avokatit t\u00eb shtetit. &#8211; Pasi fitoi gjyqin e rrahu dhe i mori lek\u00ebt mbrapsht","author":"Kurt Farka","date":"March 25, 2024","format":false,"excerpt":"25 Mars 2024 Gazetarja Klodiana Lala e ftuar n\u00eb \u201cOpen\u201d n\u00eb News 24, tha se masakra me pronat ka nisur prej viti 1991 dhe vazhdon ende, nd\u00ebrsa solli edhe nj\u00eb rast t\u00eb pazakont\u00eb me nj\u00eb em\u00ebr t\u00eb njohur n\u00eb zon\u00ebn e Sukthit n\u00eb Durr\u00ebs. \u201cIshte nj\u00eb kriminel n\u00eb Durr\u00ebs. Aleksand\u00ebr\u2026","rel":"","context":"In &quot;Blogu i Udh\u00ebtarit&quot;","block_context":{"text":"Blogu i Udh\u00ebtarit","link":"https:\/\/www.shqiperia.com\/blog\/category\/blogu-i-udhetarit\/"},"img":{"alt_text":"","src":"https:\/\/i0.wp.com\/www.shqiperia.com\/blog\/wp-content\/uploads\/2024\/03\/open8-3-770x437-1.jpg?fit=770%2C437&ssl=1&resize=350%2C200","width":350,"height":200,"srcset":"https:\/\/i0.wp.com\/www.shqiperia.com\/blog\/wp-content\/uploads\/2024\/03\/open8-3-770x437-1.jpg?fit=770%2C437&ssl=1&resize=350%2C200 1x, https:\/\/i0.wp.com\/www.shqiperia.com\/blog\/wp-content\/uploads\/2024\/03\/open8-3-770x437-1.jpg?fit=770%2C437&ssl=1&resize=525%2C300 1.5x, https:\/\/i0.wp.com\/www.shqiperia.com\/blog\/wp-content\/uploads\/2024\/03\/open8-3-770x437-1.jpg?fit=770%2C437&ssl=1&resize=700%2C400 2x"},"classes":[]}],"_links":{"self":[{"href":"https:\/\/www.shqiperia.com\/blog\/wp-json\/wp\/v2\/posts\/61701","targetHints":{"allow":["GET"]}}],"collection":[{"href":"https:\/\/www.shqiperia.com\/blog\/wp-json\/wp\/v2\/posts"}],"about":[{"href":"https:\/\/www.shqiperia.com\/blog\/wp-json\/wp\/v2\/types\/post"}],"author":[{"embeddable":true,"href":"https:\/\/www.shqiperia.com\/blog\/wp-json\/wp\/v2\/users\/9"}],"replies":[{"embeddable":true,"href":"https:\/\/www.shqiperia.com\/blog\/wp-json\/wp\/v2\/comments?post=61701"}],"version-history":[{"count":3,"href":"https:\/\/www.shqiperia.com\/blog\/wp-json\/wp\/v2\/posts\/61701\/revisions"}],"predecessor-version":[{"id":61705,"href":"https:\/\/www.shqiperia.com\/blog\/wp-json\/wp\/v2\/posts\/61701\/revisions\/61705"}],"wp:featuredmedia":[{"embeddable":true,"href":"https:\/\/www.shqiperia.com\/blog\/wp-json\/wp\/v2\/media\/61702"}],"wp:attachment":[{"href":"https:\/\/www.shqiperia.com\/blog\/wp-json\/wp\/v2\/media?parent=61701"}],"wp:term":[{"taxonomy":"category","embeddable":true,"href":"https:\/\/www.shqiperia.com\/blog\/wp-json\/wp\/v2\/categories?post=61701"},{"taxonomy":"post_tag","embeddable":true,"href":"https:\/\/www.shqiperia.com\/blog\/wp-json\/wp\/v2\/tags?post=61701"}],"curies":[{"name":"wp","href":"https:\/\/api.w.org\/{rel}","templated":true}]}}