{"id":61698,"date":"2022-09-01T20:17:25","date_gmt":"2022-09-01T20:17:25","guid":{"rendered":"https:\/\/www.shqiperia.com\/blog\/?p=61698"},"modified":"2022-09-01T20:17:25","modified_gmt":"2022-09-01T20:17:25","slug":"papa-francesku-bota-ka-hyre-tashme-ne-luften-e-trete-boterore-vende-te-ndryshme-jane-perfshire-ne-konflikte-ushtarake","status":"publish","type":"post","link":"https:\/\/www.shqiperia.com\/blog\/papa-francesku-bota-ka-hyre-tashme-ne-luften-e-trete-boterore-vende-te-ndryshme-jane-perfshire-ne-konflikte-ushtarake\/","title":{"rendered":"Papa Fran\u00e7esku: &#8211; Bota ka hyr\u00eb tashm\u00eb n\u00eb \u2018Luft\u00ebn e Tret\u00eb Bot\u00ebrore\u2019, vende t\u00eb ndryshme jan\u00eb p\u00ebrfshir\u00eb n\u00eb konflikte ushtarake"},"content":{"rendered":"<div class=\"td-post-header td-pb-padding-side\">\n<header>\n<div class=\"meta-info\"><\/div>\n<\/header>\n<\/div>\n<div class=\"td-post-content td-pb-padding-side\"><ins id=\"revive-0-8\" data-revive-zoneid=\"986\" data-revive-id=\"0a5067886004a72d5b41c8f4bd9c2af9\" data-revive-seq=\"8\" data-revive-loaded=\"1\"><\/p>\n<div id=\"beacon_69c3bfcf29\"><img loading=\"lazy\" decoding=\"async\" alt=\"\" src=\"http:\/\/ads2.panorama.com.al\/www\/delivery\/lg.php?bannerid=1325&amp;campaignid=880&amp;zoneid=986&amp;loc=http%3A%2F%2Fwww.panorama.com.al%2Fpapa-francesku-bota-ka-hyre-tashme-ne-luften-e-trete-boterore-vende-te-ndryshme-jane-perfshire-ne-konflikte-ushtarake%2F&amp;referer=http%3A%2F%2Fwww.panorama.com.al%2F&amp;cb=69c3bfcf29\" width=\"0\" height=\"0\" \/><img data-recalc-dims=\"1\" loading=\"lazy\" decoding=\"async\" data-attachment-id=\"61699\" data-permalink=\"https:\/\/www.shqiperia.com\/blog\/papa-francesku-bota-ka-hyre-tashme-ne-luften-e-trete-boterore-vende-te-ndryshme-jane-perfshire-ne-konflikte-ushtarake\/papa2-500x333\/\" data-orig-file=\"https:\/\/i0.wp.com\/www.shqiperia.com\/blog\/wp-content\/uploads\/2022\/09\/papa2-500x333-1.png?fit=500%2C333&amp;ssl=1\" data-orig-size=\"500,333\" data-comments-opened=\"1\" data-image-meta=\"{&quot;aperture&quot;:&quot;0&quot;,&quot;credit&quot;:&quot;&quot;,&quot;camera&quot;:&quot;&quot;,&quot;caption&quot;:&quot;&quot;,&quot;created_timestamp&quot;:&quot;0&quot;,&quot;copyright&quot;:&quot;&quot;,&quot;focal_length&quot;:&quot;0&quot;,&quot;iso&quot;:&quot;0&quot;,&quot;shutter_speed&quot;:&quot;0&quot;,&quot;title&quot;:&quot;&quot;,&quot;orientation&quot;:&quot;0&quot;}\" data-image-title=\"papa2-500&#215;333\" data-image-description=\"\" data-image-caption=\"\" data-medium-file=\"https:\/\/i0.wp.com\/www.shqiperia.com\/blog\/wp-content\/uploads\/2022\/09\/papa2-500x333-1.png?fit=300%2C200&amp;ssl=1\" data-large-file=\"https:\/\/i0.wp.com\/www.shqiperia.com\/blog\/wp-content\/uploads\/2022\/09\/papa2-500x333-1.png?fit=500%2C333&amp;ssl=1\" class=\"alignnone  wp-image-61699\" alt=\"\" src=\"https:\/\/i0.wp.com\/www.shqiperia.com\/blog\/wp-content\/uploads\/2022\/09\/papa2-500x333-1.png?resize=537%2C358&#038;ssl=1\" width=\"537\" height=\"358\" srcset=\"https:\/\/i0.wp.com\/www.shqiperia.com\/blog\/wp-content\/uploads\/2022\/09\/papa2-500x333-1.png?resize=300%2C200&amp;ssl=1 300w, https:\/\/i0.wp.com\/www.shqiperia.com\/blog\/wp-content\/uploads\/2022\/09\/papa2-500x333-1.png?resize=450%2C300&amp;ssl=1 450w, https:\/\/i0.wp.com\/www.shqiperia.com\/blog\/wp-content\/uploads\/2022\/09\/papa2-500x333-1.png?resize=400%2C266&amp;ssl=1 400w, https:\/\/i0.wp.com\/www.shqiperia.com\/blog\/wp-content\/uploads\/2022\/09\/papa2-500x333-1.png?w=500&amp;ssl=1 500w\" sizes=\"auto, (max-width: 537px) 100vw, 537px\" \/><\/div>\n<p><\/ins><strong>1 Shtator 2022<\/strong><\/p>\n<p><strong>Papa Fran\u00e7esku e b\u00ebri komentin n\u00eb lidhje me Ukrain\u00ebn, por paralajm\u00ebroi se konflikte t\u00eb ngjashme do t\u00eb luftohen pjes\u00eb-pjes\u00eb me kalimin e koh\u00ebs.<\/strong>Papa Fran\u00e7esku i ka konsideruar konfliktet aktuale n\u00eb vende t\u00eb ndryshme t\u00eb bot\u00ebs si \u2018Lufta e Tret\u00eb Bot\u00ebrore\u2019 . Papa e b\u00ebri k\u00ebt\u00eb koment gjat\u00eb audienc\u00ebs s\u00eb tij t\u00eb zakonshme.<\/p>\n<p>\u201cNes\u00ebr do t\u00eb kujtoni p\u00ebrvjetorin e shp\u00ebrthimit t\u00eb Luft\u00ebs s\u00eb Dyt\u00eb Bot\u00ebrore, e cila sh\u00ebnoi me kaq dhimbje kombin polak. Kujtimi i p\u00ebrvojave t\u00eb kaluara uroj t\u2019ju shtyj\u00eb t\u00eb kultivoni paqen n\u00eb veten tuaj, n\u00eb familjet tuaja, n\u00eb jet\u00ebn shoq\u00ebrore dhe nd\u00ebrkomb\u00ebtare\u201d, u shpreh Papa.<\/p>\n<p>Lidhur me pushtimin e Ukrain\u00ebs nga forcat ruse dhe luft\u00ebn q\u00eb po zhvillohet atje Papa tha se ky \u00ebsht\u00eb konflikt shum\u00eb m\u00eb i madh gjeopolitik, sipas mediave shtet\u00ebrore t\u00eb Vatikanit.<\/p>\n<p>Papa iu referua epok\u00ebs aktuale q\u00eb po kalon bota si \u201cLufta e Tret\u00eb Bot\u00ebrore\u201d, duke th\u00ebn\u00eb se konflikti gjith\u00ebp\u00ebrfshir\u00ebs ka shum\u00eb t\u00eb ngjar\u00eb t\u00eb zhvillohet pjes\u00eb-pjes\u00eb, ndryshe nga luft\u00ebrat e m\u00ebparshme globale, transmetojn\u00eb mediat e Vatikanit.<\/p>\n<p>Gazeta Panorama<\/p>\n<\/div>\n","protected":false},"excerpt":{"rendered":"<p>1 Shtator 2022 Papa Fran\u00e7esku e b\u00ebri komentin n\u00eb lidhje me Ukrain\u00ebn, por paralajm\u00ebroi se konflikte t\u00eb ngjashme do t\u00eb luftohen pjes\u00eb-pjes\u00eb me kalimin e koh\u00ebs.Papa Fran\u00e7esku i ka konsideruar konfliktet aktuale n\u00eb vende t\u00eb ndryshme t\u00eb bot\u00ebs si \u2018Lufta e Tret\u00eb Bot\u00ebrore\u2019 . Papa e b\u00ebri k\u00ebt\u00eb koment gjat\u00eb audienc\u00ebs s\u00eb tij t\u00eb zakonshme. [&hellip;]<\/p>\n","protected":false},"author":9,"featured_media":61699,"comment_status":"open","ping_status":"open","sticky":false,"template":"","format":"standard","meta":{"jetpack_post_was_ever_published":false,"_jetpack_newsletter_access":"","_jetpack_dont_email_post_to_subs":false,"_jetpack_newsletter_tier_id":0,"_jetpack_memberships_contains_paywalled_content":false,"_jetpack_memberships_contains_paid_content":false,"footnotes":"","jetpack_publicize_message":"","jetpack_publicize_feature_enabled":true,"jetpack_social_post_already_shared":true,"jetpack_social_options":{"image_generator_settings":{"template":"highway","default_image_id":0,"font":"","enabled":false},"version":2}},"categories":[27,1,35],"tags":[],"class_list":["post-61698","post","type-post","status-publish","format-standard","has-post-thumbnail","hentry","category-blogu-i-udhetarit","category-njoftime-shtypi","category-shoqerore"],"jetpack_publicize_connections":[],"jetpack_featured_media_url":"https:\/\/i0.wp.com\/www.shqiperia.com\/blog\/wp-content\/uploads\/2022\/09\/papa2-500x333-1.png?fit=500%2C333&ssl=1","jetpack_sharing_enabled":true,"jetpack_shortlink":"https:\/\/wp.me\/p5Z6wp-g38","jetpack-related-posts":[{"id":84097,"url":"https:\/\/www.shqiperia.com\/blog\/papa-francesku-fjalim-ne-nje-xhami-dhe-ben-thirrje-qe-te-mos-perdoret-feja-per-nxitje-konflikti\/","url_meta":{"origin":61698,"position":0},"title":"Papa Francesku fjalim n\u00eb nj\u00eb xhami dhe b\u00ebn thirrje q\u00eb: &#8211; T\u00eb mos p\u00ebrdoret feja p\u00ebr nxitje konflikti","author":"Kurt Farka","date":"September 5, 2024","format":false,"excerpt":"5 Shtator 2024 Papa Fran\u00e7esku paralajm\u00ebroi kund\u00ebr p\u00ebrdorimit t\u00eb fes\u00eb p\u00ebr t\u00eb nxitur konflikte. Ky apel u b\u00eb n\u00eb kuad\u00ebr t\u00eb nj\u00eb deklarate q\u00eb ai n\u00ebnshkroi me imamin e madh t\u00eb Indonezis\u00eb, para mbajtjes s\u00eb nj\u00eb meshe n\u00eb Xhakart\u00eb. N\u00ebnshkrimi i deklarat\u00ebs n\u00eb xhamin\u00eb Istiqlal, ishte nj\u00eb prej hapave t\u00eb\u2026","rel":"","context":"In &quot;Kultura&quot;","block_context":{"text":"Kultura","link":"https:\/\/www.shqiperia.com\/blog\/category\/kultura\/"},"img":{"alt_text":"","src":"https:\/\/i0.wp.com\/www.shqiperia.com\/blog\/wp-content\/uploads\/2024\/09\/640-0-7f6f827aa8675c9fb80aec7740b59f1b.jpg?fit=640%2C333&ssl=1&resize=350%2C200","width":350,"height":200,"srcset":"https:\/\/i0.wp.com\/www.shqiperia.com\/blog\/wp-content\/uploads\/2024\/09\/640-0-7f6f827aa8675c9fb80aec7740b59f1b.jpg?fit=640%2C333&ssl=1&resize=350%2C200 1x, https:\/\/i0.wp.com\/www.shqiperia.com\/blog\/wp-content\/uploads\/2024\/09\/640-0-7f6f827aa8675c9fb80aec7740b59f1b.jpg?fit=640%2C333&ssl=1&resize=525%2C300 1.5x"},"classes":[]},{"id":79747,"url":"https:\/\/www.shqiperia.com\/blog\/papa-francesku-nuk-merr-pjese-ne-ceremonine-e-te-premtes-se-mire-vatikani-jep-njoftimin-e-rendesishem\/","url_meta":{"origin":61698,"position":1},"title":"Papa Fran\u00e7esku nuk merr pjes\u00eb n\u00eb ceremonin\u00eb e t\u00eb \u201cPremtes s\u00eb Mir\u00eb\u201d. &#8211; Vatikani jep njoftimin e r\u00ebnd\u00ebsish\u00ebm","author":"Kurt Farka","date":"March 30, 2024","format":false,"excerpt":"31 Mars 2024 Papa Fran\u00e7esku nuk mori pjes\u00eb n\u00eb procesionin e s\u00eb Premtes s\u00eb Mir\u00eb \u2018Rruga e Kryqit\u2019 te Koloseu n\u00eb Rom\u00eb p\u00ebr t\u00eb \u201cruajtur sh\u00ebndetin e tij\u201d p\u00ebrpara Pashk\u00ebve, ka njoftuar Vatikani. Papa, 87 vje\u00e7, pritej t\u00eb udh\u00ebhiqte \u201cUdh\u00ebn e Kryeqit\u201d, por para fillimit u njoftua se ai po\u2026","rel":"","context":"In &quot;Blogu i Udh\u00ebtarit&quot;","block_context":{"text":"Blogu i Udh\u00ebtarit","link":"https:\/\/www.shqiperia.com\/blog\/category\/blogu-i-udhetarit\/"},"img":{"alt_text":"","src":"https:\/\/i0.wp.com\/www.shqiperia.com\/blog\/wp-content\/uploads\/2024\/03\/800-0-ccf0926b04f5677e3ba20c9a4b273ecb.jpg?fit=800%2C450&ssl=1&resize=350%2C200","width":350,"height":200,"srcset":"https:\/\/i0.wp.com\/www.shqiperia.com\/blog\/wp-content\/uploads\/2024\/03\/800-0-ccf0926b04f5677e3ba20c9a4b273ecb.jpg?fit=800%2C450&ssl=1&resize=350%2C200 1x, https:\/\/i0.wp.com\/www.shqiperia.com\/blog\/wp-content\/uploads\/2024\/03\/800-0-ccf0926b04f5677e3ba20c9a4b273ecb.jpg?fit=800%2C450&ssl=1&resize=525%2C300 1.5x, https:\/\/i0.wp.com\/www.shqiperia.com\/blog\/wp-content\/uploads\/2024\/03\/800-0-ccf0926b04f5677e3ba20c9a4b273ecb.jpg?fit=800%2C450&ssl=1&resize=700%2C400 2x"},"classes":[]},{"id":65821,"url":"https:\/\/www.shqiperia.com\/blog\/papa-francesku-i-kthen-greqise-tre-skulptura-te-partenonit-2500-vjecar\/","url_meta":{"origin":61698,"position":2},"title":"Papa Fran\u00e7esku i kthen Greqis\u00eb tre skulptura t\u00eb Partenonit 2500-vje\u00e7ar","author":"Kurt Farka","date":"December 29, 2022","format":false,"excerpt":"29 Dhjetor 2022 Papa Fran\u00e7esku vendosi t\u00eb kthej\u00eb n\u00eb Greqi tre pjes\u00eb t\u00eb Partenonit 2500-vje\u00e7ar, q\u00eb gjenden n\u00eb koleksionet papale t\u00eb Muzeut t\u00eb Vatikanit p\u00ebr m\u00eb shum\u00eb se nj\u00eb shekull. Vatikani tha n\u00eb nj\u00eb deklarat\u00eb t\u00eb shkurt\u00ebr se Papa Fran\u00e7esku ia jep ato Jeronimos II, kreut t\u00eb Kish\u00ebs Ortodokse Greke,\u2026","rel":"","context":"In &quot;Histori&quot;","block_context":{"text":"Histori","link":"https:\/\/www.shqiperia.com\/blog\/category\/histori\/"},"img":{"alt_text":"","src":"https:\/\/i0.wp.com\/www.shqiperia.com\/blog\/wp-content\/uploads\/2022\/12\/1.jpg?fit=855%2C492&ssl=1&resize=350%2C200","width":350,"height":200,"srcset":"https:\/\/i0.wp.com\/www.shqiperia.com\/blog\/wp-content\/uploads\/2022\/12\/1.jpg?fit=855%2C492&ssl=1&resize=350%2C200 1x, https:\/\/i0.wp.com\/www.shqiperia.com\/blog\/wp-content\/uploads\/2022\/12\/1.jpg?fit=855%2C492&ssl=1&resize=525%2C300 1.5x, https:\/\/i0.wp.com\/www.shqiperia.com\/blog\/wp-content\/uploads\/2022\/12\/1.jpg?fit=855%2C492&ssl=1&resize=700%2C400 2x"},"classes":[]},{"id":84350,"url":"https:\/\/www.shqiperia.com\/blog\/gjysma-e-popullit-ne-shesh-papa-francesku-mban-meshe-per-rreth-600-mije-njerez-ne-timorin-lindor\/","url_meta":{"origin":61698,"position":3},"title":"GJYSMA E POPULLIT N\u00cb SHESH\/ Papa Fran\u00e7esku mban mesh\u00eb p\u00ebr rreth 600 mij\u00eb njer\u00ebz n\u00eb Timorin Lindor","author":"Kurt Farka","date":"September 11, 2024","format":false,"excerpt":"11 Shtator 2024 Rreth 600 mij\u00eb njer\u00ebz, n\u00eb Timorin Lindor, vler\u00ebsohet se mor\u00ebn pjes\u00eb n\u00eb mesh\u00ebn e drejtuar nga Papa Francesku n\u00eb nj\u00eb park t\u00eb cil\u00ebsuar sinonim t\u00eb luft\u00ebs p\u00ebr pavar\u00ebsi. Turma p\u00ebrb\u00ebn rreth gjysm\u00ebn e popullsis\u00eb s\u00eb vendit aziatik \u00e7ka e b\u00ebn progresivisht nj\u00eb nd\u00ebr grumbullimet m\u00eb masive gjat\u00eb\u2026","rel":"","context":"In &quot;Blogu i Udh\u00ebtarit&quot;","block_context":{"text":"Blogu i Udh\u00ebtarit","link":"https:\/\/www.shqiperia.com\/blog\/category\/blogu-i-udhetarit\/"},"img":{"alt_text":"","src":"https:\/\/i0.wp.com\/www.shqiperia.com\/blog\/wp-content\/uploads\/2024\/09\/640-0-papa-1726059217.jpeg?fit=640%2C360&ssl=1&resize=350%2C200","width":350,"height":200,"srcset":"https:\/\/i0.wp.com\/www.shqiperia.com\/blog\/wp-content\/uploads\/2024\/09\/640-0-papa-1726059217.jpeg?fit=640%2C360&ssl=1&resize=350%2C200 1x, https:\/\/i0.wp.com\/www.shqiperia.com\/blog\/wp-content\/uploads\/2024\/09\/640-0-papa-1726059217.jpeg?fit=640%2C360&ssl=1&resize=525%2C300 1.5x"},"classes":[]},{"id":70580,"url":"https:\/\/www.shqiperia.com\/blog\/eshte-nje-pasuri-papa-francesku-ne-nje-dokumentar-me-te-rinjte-sksi-nje-nga-gjerat-me-te-bukura-te-dhena-nga-zoti\/","url_meta":{"origin":61698,"position":4},"title":"&#8220;\u00cbsht\u00eb nj\u00eb pasuri&#8221;. &#8211; Papa Fran\u00e7esku n\u00eb nj\u00eb dokumentar me t\u00eb rinjt\u00eb: S*ksi, nj\u00eb nga gj\u00ebrat m\u00eb t\u00eb bukura t\u00eb dh\u00ebna nga Zoti","author":"Kurt Farka","date":"April 6, 2023","format":false,"excerpt":"6 Prill 2023 Nga Gazeta Sot Papa Fran\u00e7esku pasi q\u00ebndroi disa dit\u00eb n\u00eb spital \u00ebsht\u00eb kthyer dhe ka b\u00ebr\u00eb nj\u00eb deklarat\u00eb q\u00eb ka b\u00ebr\u00eb xhiron e rrjetit. N\u00eb nj\u00eb bashk\u00ebbisedim me t\u00eb rinjt\u00eb pjes\u00eb e nj\u00eb dokumentari I cili quhet \u201cThe Pope Ans\u00ebers \u201d q\u00ebpritet t\u00eb transmetohet n\u00eb Disney+ ati\u2026","rel":"","context":"In &quot;Blogu i Udh\u00ebtarit&quot;","block_context":{"text":"Blogu i Udh\u00ebtarit","link":"https:\/\/www.shqiperia.com\/blog\/category\/blogu-i-udhetarit\/"},"img":{"alt_text":"","src":"https:\/\/i0.wp.com\/www.shqiperia.com\/blog\/wp-content\/uploads\/2023\/04\/papa-Francesku.jpg?fit=1200%2C820&ssl=1&resize=350%2C200","width":350,"height":200,"srcset":"https:\/\/i0.wp.com\/www.shqiperia.com\/blog\/wp-content\/uploads\/2023\/04\/papa-Francesku.jpg?fit=1200%2C820&ssl=1&resize=350%2C200 1x, https:\/\/i0.wp.com\/www.shqiperia.com\/blog\/wp-content\/uploads\/2023\/04\/papa-Francesku.jpg?fit=1200%2C820&ssl=1&resize=525%2C300 1.5x, https:\/\/i0.wp.com\/www.shqiperia.com\/blog\/wp-content\/uploads\/2023\/04\/papa-Francesku.jpg?fit=1200%2C820&ssl=1&resize=700%2C400 2x, https:\/\/i0.wp.com\/www.shqiperia.com\/blog\/wp-content\/uploads\/2023\/04\/papa-Francesku.jpg?fit=1200%2C820&ssl=1&resize=1050%2C600 3x"},"classes":[]},{"id":69500,"url":"https:\/\/www.shqiperia.com\/blog\/papa-francesku-rregulli-i-beqarise-se-klerit-katolik-mund-te-rishikohet-nuk-eshte-i-perjetshem\/","url_meta":{"origin":61698,"position":5},"title":"Papa Fran\u00e7esku: &#8211; Rregulli i beqaris\u00eb s\u00eb klerit katolik, mund t\u00eb rishikohet! Nuk \u00ebsht\u00eb i p\u00ebrjetsh\u00ebm","author":"Kurt Farka","date":"March 12, 2023","format":false,"excerpt":"12 Mars 2023 Deklaratat e b\u00ebra s\u00eb fundmi nga Papa Francesku gjat\u00eb bised\u00ebs s\u00eb tij me gazetar\u00ebt argjentinas p\u00ebr rregullin e beqaris\u00eb p\u00ebr klerin katolik, kan\u00eb shkaktuar reagime t\u00eb shumta n\u00eb rrjet, shkruajn\u00eb mediat e huaja.\u00a0 Deklaratat e b\u00ebra s\u00eb fundmi nga Papa Francesku gjat\u00eb bised\u00ebs s\u00eb tij me gazetar\u00ebt\u2026","rel":"","context":"In &quot;Blogu i Udh\u00ebtarit&quot;","block_context":{"text":"Blogu i Udh\u00ebtarit","link":"https:\/\/www.shqiperia.com\/blog\/category\/blogu-i-udhetarit\/"},"img":{"alt_text":"","src":"https:\/\/i0.wp.com\/www.shqiperia.com\/blog\/wp-content\/uploads\/2023\/03\/papa-francesku.jpg?fit=600%2C337&ssl=1&resize=350%2C200","width":350,"height":200,"srcset":"https:\/\/i0.wp.com\/www.shqiperia.com\/blog\/wp-content\/uploads\/2023\/03\/papa-francesku.jpg?fit=600%2C337&ssl=1&resize=350%2C200 1x, https:\/\/i0.wp.com\/www.shqiperia.com\/blog\/wp-content\/uploads\/2023\/03\/papa-francesku.jpg?fit=600%2C337&ssl=1&resize=525%2C300 1.5x"},"classes":[]}],"_links":{"self":[{"href":"https:\/\/www.shqiperia.com\/blog\/wp-json\/wp\/v2\/posts\/61698","targetHints":{"allow":["GET"]}}],"collection":[{"href":"https:\/\/www.shqiperia.com\/blog\/wp-json\/wp\/v2\/posts"}],"about":[{"href":"https:\/\/www.shqiperia.com\/blog\/wp-json\/wp\/v2\/types\/post"}],"author":[{"embeddable":true,"href":"https:\/\/www.shqiperia.com\/blog\/wp-json\/wp\/v2\/users\/9"}],"replies":[{"embeddable":true,"href":"https:\/\/www.shqiperia.com\/blog\/wp-json\/wp\/v2\/comments?post=61698"}],"version-history":[{"count":1,"href":"https:\/\/www.shqiperia.com\/blog\/wp-json\/wp\/v2\/posts\/61698\/revisions"}],"predecessor-version":[{"id":61700,"href":"https:\/\/www.shqiperia.com\/blog\/wp-json\/wp\/v2\/posts\/61698\/revisions\/61700"}],"wp:featuredmedia":[{"embeddable":true,"href":"https:\/\/www.shqiperia.com\/blog\/wp-json\/wp\/v2\/media\/61699"}],"wp:attachment":[{"href":"https:\/\/www.shqiperia.com\/blog\/wp-json\/wp\/v2\/media?parent=61698"}],"wp:term":[{"taxonomy":"category","embeddable":true,"href":"https:\/\/www.shqiperia.com\/blog\/wp-json\/wp\/v2\/categories?post=61698"},{"taxonomy":"post_tag","embeddable":true,"href":"https:\/\/www.shqiperia.com\/blog\/wp-json\/wp\/v2\/tags?post=61698"}],"curies":[{"name":"wp","href":"https:\/\/api.w.org\/{rel}","templated":true}]}}