{"id":61694,"date":"2022-09-01T20:01:37","date_gmt":"2022-09-01T20:01:37","guid":{"rendered":"https:\/\/www.shqiperia.com\/blog\/?p=61694"},"modified":"2022-09-01T20:02:17","modified_gmt":"2022-09-01T20:02:17","slug":"pak-relaks-se-na-lodhet-me-artan-hoxha-publikon-foton-epike-dhe-plas-deklaraten-e-forte-ketu-ka-tradhti-burra","status":"publish","type":"post","link":"https:\/\/www.shqiperia.com\/blog\/pak-relaks-se-na-lodhet-me-artan-hoxha-publikon-foton-epike-dhe-plas-deklaraten-e-forte-ketu-ka-tradhti-burra\/","title":{"rendered":"\u201cPak relaks, se na lodhet me&#8230;\u201d, Artan Hoxha publikon foton epike dhe plas deklarat\u00ebn e fort\u00eb: &#8211; K\u00ebtu ka tradhti burra\u2026"},"content":{"rendered":"<div class=\"c-main\">\n<div class=\"c-header-content\">\n<h1><img data-recalc-dims=\"1\" loading=\"lazy\" decoding=\"async\" data-attachment-id=\"61695\" data-permalink=\"https:\/\/www.shqiperia.com\/blog\/pak-relaks-se-na-lodhet-me-artan-hoxha-publikon-foton-epike-dhe-plas-deklaraten-e-forte-ketu-ka-tradhti-burra\/800-0-63110b01a54ab\/\" data-orig-file=\"https:\/\/i0.wp.com\/www.shqiperia.com\/blog\/wp-content\/uploads\/2022\/09\/800-0-63110b01a54ab.jpg?fit=800%2C479&amp;ssl=1\" data-orig-size=\"800,479\" data-comments-opened=\"1\" data-image-meta=\"{&quot;aperture&quot;:&quot;0&quot;,&quot;credit&quot;:&quot;&quot;,&quot;camera&quot;:&quot;&quot;,&quot;caption&quot;:&quot;&quot;,&quot;created_timestamp&quot;:&quot;0&quot;,&quot;copyright&quot;:&quot;&quot;,&quot;focal_length&quot;:&quot;0&quot;,&quot;iso&quot;:&quot;0&quot;,&quot;shutter_speed&quot;:&quot;0&quot;,&quot;title&quot;:&quot;&quot;,&quot;orientation&quot;:&quot;0&quot;}\" data-image-title=\"-800-0-63110b01a54ab\" data-image-description=\"\" data-image-caption=\"\" data-medium-file=\"https:\/\/i0.wp.com\/www.shqiperia.com\/blog\/wp-content\/uploads\/2022\/09\/800-0-63110b01a54ab.jpg?fit=300%2C180&amp;ssl=1\" data-large-file=\"https:\/\/i0.wp.com\/www.shqiperia.com\/blog\/wp-content\/uploads\/2022\/09\/800-0-63110b01a54ab.jpg?fit=800%2C479&amp;ssl=1\" class=\"alignnone wp-image-61695\" alt=\"\" src=\"https:\/\/i0.wp.com\/www.shqiperia.com\/blog\/wp-content\/uploads\/2022\/09\/800-0-63110b01a54ab.jpg?resize=512%2C307&#038;ssl=1\" width=\"512\" height=\"307\" srcset=\"https:\/\/i0.wp.com\/www.shqiperia.com\/blog\/wp-content\/uploads\/2022\/09\/800-0-63110b01a54ab.jpg?resize=300%2C180&amp;ssl=1 300w, https:\/\/i0.wp.com\/www.shqiperia.com\/blog\/wp-content\/uploads\/2022\/09\/800-0-63110b01a54ab.jpg?resize=768%2C460&amp;ssl=1 768w, https:\/\/i0.wp.com\/www.shqiperia.com\/blog\/wp-content\/uploads\/2022\/09\/800-0-63110b01a54ab.jpg?resize=450%2C269&amp;ssl=1 450w, https:\/\/i0.wp.com\/www.shqiperia.com\/blog\/wp-content\/uploads\/2022\/09\/800-0-63110b01a54ab.jpg?resize=600%2C359&amp;ssl=1 600w, https:\/\/i0.wp.com\/www.shqiperia.com\/blog\/wp-content\/uploads\/2022\/09\/800-0-63110b01a54ab.jpg?resize=400%2C240&amp;ssl=1 400w, https:\/\/i0.wp.com\/www.shqiperia.com\/blog\/wp-content\/uploads\/2022\/09\/800-0-63110b01a54ab.jpg?w=800&amp;ssl=1 800w\" sizes=\"auto, (max-width: 512px) 100vw, 512px\" \/><\/h1>\n<\/div>\n<\/div>\n<div class=\"c-main\">\n<div class=\"c-flexy flex-m\">\n<div class=\"c-open-content c-left\">\n<div class=\"open-a-content\">\n<div class=\"horizontal imazhiim\">1 Shtator 2022<\/div>\n<p>Gazetari Artan Hoxha, me an\u00eb t\u00eb nj\u00eb postimi n\u00eb rrjetin e tij social \u2018Facebook\u2019, ka publikuar nj\u00eb foto ku tregon se sot n\u00eb emisionin \u2018Opinion\u2019 do t\u00eb flitet p\u00ebr Ervis Martinaj.<\/p>\n<p>Hoxha ironizon duke th\u00ebn\u00eb se \u201ce paskan marr\u00eb vesh panelin e Fevziut, pa e marr\u00eb vesh i zoti hallit\u201d<\/p>\n<p>Postimi i plot\u00eb:<\/p>\n<p>Pak relaks, se na lodhet me \u201ckrimi, krimi, krimi\u201d, \u201cdroga, droga, droga\u201d, apo me histori\u00a0 spiunesh, qofte spiune vendas, qofte spiune rus!!!!<\/p>\n<p>Me duket se \u201cOpinion\u201d sot, qenka ndeshje e shitur???!!<\/p>\n<p>Edhe une them, pse i kapin skedinat keta?!<\/p>\n<p>Keta e ditkan formacionin pa filluar ndeshja fare!!!<\/p>\n<p>E paskan marre vesh panelin e Fevziut, pa e marre vesh i zoti hallit<\/p>\n<p>Tani, ose Fevziu ka gisht ne kete pune duke qene aksioner n\u00eb administrimin e faqes, ose brenda stafit t\u00eb Fevziut, ka nje spiun te kamufluar, qe dekonspiron Opinion para se t\u00eb behet paneli???!!!<\/p>\n<p>Le pastaj, qe e dija se Opinion, e fillon sezonin e ri, t\u00eb henen me 5 shtator, si e ka filluar cdo vit???!!!<\/p>\n<p>E tha mire i madhi Ndreke Luca te \u201cOperacioni Zjarri\u201d:<\/p>\n<div class=\"ad-wrap\">\n<div class=\"ad-box\">\n<div class=\"adsbyvli\" data-ad-slot=\"vi_207777569\" data-id=\"vi_207777569_3\"><\/div>\n<\/div>\n<\/div>\n<p>\u201cP\u00ebr qiell e per dhe, ketu ka tradheti burra\u2026\u201d<\/p>\n<p>Gazeta Sot<\/p>\n<\/div>\n<\/div>\n<\/div>\n<\/div>\n","protected":false},"excerpt":{"rendered":"<p>1 Shtator 2022 Gazetari Artan Hoxha, me an\u00eb t\u00eb nj\u00eb postimi n\u00eb rrjetin e tij social \u2018Facebook\u2019, ka publikuar nj\u00eb foto ku tregon se sot n\u00eb emisionin \u2018Opinion\u2019 do t\u00eb flitet p\u00ebr Ervis Martinaj. Hoxha ironizon duke th\u00ebn\u00eb se \u201ce paskan marr\u00eb vesh panelin e Fevziut, pa e marr\u00eb vesh i zoti hallit\u201d Postimi i [&hellip;]<\/p>\n","protected":false},"author":9,"featured_media":61695,"comment_status":"open","ping_status":"open","sticky":false,"template":"","format":"standard","meta":{"jetpack_post_was_ever_published":false,"_jetpack_newsletter_access":"","_jetpack_dont_email_post_to_subs":false,"_jetpack_newsletter_tier_id":0,"_jetpack_memberships_contains_paywalled_content":false,"_jetpack_memberships_contains_paid_content":false,"footnotes":"","jetpack_publicize_message":"","jetpack_publicize_feature_enabled":true,"jetpack_social_post_already_shared":true,"jetpack_social_options":{"image_generator_settings":{"template":"highway","default_image_id":0,"font":"","enabled":false},"version":2}},"categories":[27,14,35],"tags":[],"class_list":["post-61694","post","type-post","status-publish","format-standard","has-post-thumbnail","hentry","category-blogu-i-udhetarit","category-press-releases","category-shoqerore"],"jetpack_publicize_connections":[],"jetpack_featured_media_url":"https:\/\/i0.wp.com\/www.shqiperia.com\/blog\/wp-content\/uploads\/2022\/09\/800-0-63110b01a54ab.jpg?fit=800%2C479&ssl=1","jetpack_sharing_enabled":true,"jetpack_shortlink":"https:\/\/wp.me\/p5Z6wp-g34","jetpack-related-posts":[{"id":52909,"url":"https:\/\/www.shqiperia.com\/blog\/119-kg-kokaine-ne-konteinerin-e-bana-king-artan-hoxha-sot-kam-marre-vesh-nje-detaj-tjeter\/","url_meta":{"origin":61694,"position":0},"title":"119 kg kokain\u00eb n\u00eb konteinerin e &#8220;Bana King&#8221;. Artan Hoxha: &#8211; Sot kam marr\u00eb vesh nj\u00eb detaj tjet\u00ebr","author":"Kurt Farka","date":"January 6, 2022","format":false,"excerpt":"119 kg kokain\u00eb n\u00eb konteinerin e \"Bana King\". Artan Hoxha: - Sot kam marr\u00eb vesh nj\u00eb detaj tjet\u00ebr 6 JANAR 2022 Gazetari i njohur investigativ Artan Hoxha ka nxjerr\u00eb n\u00eb drit\u00eb detaje t\u00eb reja lidhur me\u00a0 kontejnerin me banane ku u gjet\u00ebn 119 kg kokain\u00eb q\u00eb vinin nga Amerika Latine\u2026","rel":"","context":"In &quot;Blogu i Udh\u00ebtarit&quot;","block_context":{"text":"Blogu i Udh\u00ebtarit","link":"https:\/\/www.shqiperia.com\/blog\/category\/blogu-i-udhetarit\/"},"img":{"alt_text":"","src":"https:\/\/i0.wp.com\/www.shqiperia.com\/blog\/wp-content\/uploads\/2022\/01\/800-0-61d74c66c4b3c.jpg?fit=800%2C400&ssl=1&resize=350%2C200","width":350,"height":200,"srcset":"https:\/\/i0.wp.com\/www.shqiperia.com\/blog\/wp-content\/uploads\/2022\/01\/800-0-61d74c66c4b3c.jpg?fit=800%2C400&ssl=1&resize=350%2C200 1x, https:\/\/i0.wp.com\/www.shqiperia.com\/blog\/wp-content\/uploads\/2022\/01\/800-0-61d74c66c4b3c.jpg?fit=800%2C400&ssl=1&resize=525%2C300 1.5x, https:\/\/i0.wp.com\/www.shqiperia.com\/blog\/wp-content\/uploads\/2022\/01\/800-0-61d74c66c4b3c.jpg?fit=800%2C400&ssl=1&resize=700%2C400 2x"},"classes":[]},{"id":49282,"url":"https:\/\/www.shqiperia.com\/blog\/besoj-se-pas-2-javesh-shqiptaret-do-e-marrin-vesh-saktesisht-se-kush-e-beri-zararin-me-te-madh-ne-korce-artan-hoxha-del-me-paralajmerimin-e-forte\/","url_meta":{"origin":61694,"position":1},"title":"\u201cBesoj se pas 2 jav\u00ebsh, shqiptar\u00ebt do e marrin vesh sakt\u00ebsisht se kush e b\u00ebri zararin m\u00eb t\u00eb madh n\u00eb Kor\u00e7\u00eb\u201d, Artan Hoxha del me paralajm\u00ebrimin e fort\u00eb.","author":"Kurt Farka","date":"August 23, 2021","format":false,"excerpt":"\u201cBesoj se pas 2 jav\u00ebsh, shqiptar\u00ebt do e marrin vesh sakt\u00ebsisht se kush e b\u00ebri zararin m\u00eb t\u00eb madh n\u00eb Kor\u00e7\u00eb\u201d, Artan Hoxha del me paralajm\u00ebrimin e fort\u00eb. 23 GUSHT 2021 Gazetari Artan Hoxha ka dal\u00eb me nj\u00eb reagim t\u00eb fort\u00eb n\u00eb rrjetet sociale n\u00eb lidhje me grumbullimet masive q\u00eb\u2026","rel":"","context":"In &quot;Blogu i Udh\u00ebtarit&quot;","block_context":{"text":"Blogu i Udh\u00ebtarit","link":"https:\/\/www.shqiperia.com\/blog\/category\/blogu-i-udhetarit\/"},"img":{"alt_text":"","src":"https:\/\/i0.wp.com\/www.shqiperia.com\/blog\/wp-content\/uploads\/2021\/08\/Edi-Rama.jpg?fit=1200%2C603&ssl=1&resize=350%2C200","width":350,"height":200,"srcset":"https:\/\/i0.wp.com\/www.shqiperia.com\/blog\/wp-content\/uploads\/2021\/08\/Edi-Rama.jpg?fit=1200%2C603&ssl=1&resize=350%2C200 1x, https:\/\/i0.wp.com\/www.shqiperia.com\/blog\/wp-content\/uploads\/2021\/08\/Edi-Rama.jpg?fit=1200%2C603&ssl=1&resize=525%2C300 1.5x, https:\/\/i0.wp.com\/www.shqiperia.com\/blog\/wp-content\/uploads\/2021\/08\/Edi-Rama.jpg?fit=1200%2C603&ssl=1&resize=700%2C400 2x, https:\/\/i0.wp.com\/www.shqiperia.com\/blog\/wp-content\/uploads\/2021\/08\/Edi-Rama.jpg?fit=1200%2C603&ssl=1&resize=1050%2C600 3x"},"classes":[]},{"id":39791,"url":"https:\/\/www.shqiperia.com\/blog\/ministri-lleshi-krimi-i-organizuar-ka-paguar-qe-te-fotografohen-parcelat-me-kanabis-artan-hoxha-i-kthehet-ministrit-lleshaj-eshte-jashte-loje-me-erdhi-keq-qe-e-futen\/","url_meta":{"origin":61694,"position":2},"title":"Ministri Lleshi: &#8211; Krimi i organizuar ka paguar q\u00eb t\u00eb fotografohen parcelat me kanabis\u2019, Artan Hoxha i kthehet ministrit: Lleshaj \u00ebsht\u00eb jasht\u00eb loje, m\u00eb erdhi keq q\u00eb e fut\u00ebn &#8230;","author":"Kurt Farka","date":"October 17, 2020","format":false,"excerpt":"Ministri Lleshi: - Krimi i organizuar ka paguar q\u00eb t\u00eb fotografohen parcelat me kanabis\u2019. Artan Hoxha i kthehet ministrit: - Lleshaj \u00ebsht\u00eb jasht\u00eb loje, m\u00eb erdhi keq q\u00eb e fut\u00ebn ... 17 TETOR 2020 Gazetari Artan Hoxha ka rikthyer n\u00eb v\u00ebmendje vrasjen e ish-ushtarakut Besnik Pudja n\u00eb Tetor t\u00eb vitit\u2026","rel":"","context":"In &quot;Blogu i Udh\u00ebtarit&quot;","block_context":{"text":"Blogu i Udh\u00ebtarit","link":"https:\/\/www.shqiperia.com\/blog\/category\/blogu-i-udhetarit\/"},"img":{"alt_text":"","src":"https:\/\/i0.wp.com\/www.shqiperia.com\/blog\/wp-content\/uploads\/2020\/10\/640-0-5f8b63f243f33.jpg?fit=640%2C352&ssl=1&resize=350%2C200","width":350,"height":200,"srcset":"https:\/\/i0.wp.com\/www.shqiperia.com\/blog\/wp-content\/uploads\/2020\/10\/640-0-5f8b63f243f33.jpg?fit=640%2C352&ssl=1&resize=350%2C200 1x, https:\/\/i0.wp.com\/www.shqiperia.com\/blog\/wp-content\/uploads\/2020\/10\/640-0-5f8b63f243f33.jpg?fit=640%2C352&ssl=1&resize=525%2C300 1.5x"},"classes":[]},{"id":61865,"url":"https:\/\/www.shqiperia.com\/blog\/artan-hoxha-duhet-para-e-madhe-kemi-zgjedhje-perpara-po-e-moren-vesh-artistet-e-qeverise-marrin-50-te-mallit\/","url_meta":{"origin":61694,"position":3},"title":"Artan Hoxha: &#8211; Duhet para e madhe, kemi zgjedhje p\u00ebrpara. Po e mor\u00ebn vesh, \u201cartist\u00ebt\u201d e qeveris\u00eb marrin 50% t\u00eb \u201cmallit\u201d!","author":"Kurt Farka","date":"September 7, 2022","format":false,"excerpt":"7 Shtator 2022 \u201cShakaja eshte gjysma e te vertetes\u201d, thote populli yne i vuajtur\u2026 Gazetari Artan Hoxha ka b\u00ebr\u00eb nj\u00eb status n\u00eb rrjetet sociale, ku tregon \u201cnj\u00eb t\u00eb v\u00ebrtet\u00eb\u201d p\u00ebrmes shakas\u00eb dhe ironis\u00eb. Kjo e v\u00ebrtet\u00eb lidhet me m\u00ebnyr\u00ebn se si, sipas tij, n\u00eb kontenier\u00ebt q\u00eb vijn\u00eb n\u00eb Durr\u00ebs me\u2026","rel":"","context":"In &quot;Blogu i Udh\u00ebtarit&quot;","block_context":{"text":"Blogu i Udh\u00ebtarit","link":"https:\/\/www.shqiperia.com\/blog\/category\/blogu-i-udhetarit\/"},"img":{"alt_text":"","src":"https:\/\/i0.wp.com\/www.shqiperia.com\/blog\/wp-content\/uploads\/2022\/09\/tan-ho9xha-433x300-2.jpg?fit=433%2C259&ssl=1&resize=350%2C200","width":350,"height":200},"classes":[]},{"id":60817,"url":"https:\/\/www.shqiperia.com\/blog\/po-ku-paskan-qene-fshehur-gjithe-keto-xhepane-more-mato-evlat-artan-hoxha-publikon-fotot\/","url_meta":{"origin":61694,"position":4},"title":"\u201cPo ku paskan qen\u00eb fshehur gjith\u00eb k\u00ebto xhepane more Mato evlat?\u201d. &#8211; Artan Hoxha publikon fotot","author":"Kurt Farka","date":"August 8, 2022","format":false,"excerpt":"8 Gusht 2022 Gazetari Artan Hoxha ka publikuar n\u00eb rrjetet sociale pamje t\u00eb mjeteve lundruese n\u00eb sekuestruara dit\u00ebt e fundit nga Policia e Shtetit, nj\u00eb aksion ky q\u00eb nisi pas vdekjes tragjike t\u00eb 7-vje\u00e7ares n\u00eb Himar\u00eb. Hoxha nuk l\u00eb pa ironizuar edhe qeverin\u00eb, teksa b\u00ebn nj\u00eb paraleliz\u00ebm me filmin \u2018Njeriu\u2026","rel":"","context":"In &quot;Blogu i Udh\u00ebtarit&quot;","block_context":{"text":"Blogu i Udh\u00ebtarit","link":"https:\/\/www.shqiperia.com\/blog\/category\/blogu-i-udhetarit\/"},"img":{"alt_text":"","src":"https:\/\/i0.wp.com\/www.shqiperia.com\/blog\/wp-content\/uploads\/2022\/08\/Flota-e-mjeteve-lundruese-skafe-gomone-motorra-uji-etj-te-sekuestruara-apo-bllokuara-nga-Policia-e-Shtetit-2.jpg?fit=1200%2C675&ssl=1&resize=350%2C200","width":350,"height":200,"srcset":"https:\/\/i0.wp.com\/www.shqiperia.com\/blog\/wp-content\/uploads\/2022\/08\/Flota-e-mjeteve-lundruese-skafe-gomone-motorra-uji-etj-te-sekuestruara-apo-bllokuara-nga-Policia-e-Shtetit-2.jpg?fit=1200%2C675&ssl=1&resize=350%2C200 1x, https:\/\/i0.wp.com\/www.shqiperia.com\/blog\/wp-content\/uploads\/2022\/08\/Flota-e-mjeteve-lundruese-skafe-gomone-motorra-uji-etj-te-sekuestruara-apo-bllokuara-nga-Policia-e-Shtetit-2.jpg?fit=1200%2C675&ssl=1&resize=525%2C300 1.5x, https:\/\/i0.wp.com\/www.shqiperia.com\/blog\/wp-content\/uploads\/2022\/08\/Flota-e-mjeteve-lundruese-skafe-gomone-motorra-uji-etj-te-sekuestruara-apo-bllokuara-nga-Policia-e-Shtetit-2.jpg?fit=1200%2C675&ssl=1&resize=700%2C400 2x, https:\/\/i0.wp.com\/www.shqiperia.com\/blog\/wp-content\/uploads\/2022\/08\/Flota-e-mjeteve-lundruese-skafe-gomone-motorra-uji-etj-te-sekuestruara-apo-bllokuara-nga-Policia-e-Shtetit-2.jpg?fit=1200%2C675&ssl=1&resize=1050%2C600 3x"},"classes":[]},{"id":61396,"url":"https:\/\/www.shqiperia.com\/blog\/arrestimi-i-agjentit-te-operacionales-artan-hoxha-zbardh-telefonaten-me-ervis-martinajn-u-conte-zarfin-6-shefave-te-komisariateve\/","url_meta":{"origin":61694,"position":5},"title":"Arrestimi i agjentit t\u00eb Operacionales\/ Artan Hoxha zbardh telefonat\u00ebn me Ervis Martinajn: &#8211; U \u00e7onte \u201czarfin\u201d 6 shefave t\u00eb komisariateve&#8230;","author":"Kurt Farka","date":"August 24, 2022","format":false,"excerpt":"24 Gusht 2022 Jeton Lami, me detyr\u00eb agjent pran\u00eb Forcave Operacionale n\u00eb policin\u00eb e Lezh\u00ebs u arrestua dit\u00ebn e sotme n\u00ebn akuz\u00eb p\u00ebr shp\u00ebrdorim detyre, pasi dyshohet se ka ndihmuar t\u00eb shum\u00ebk\u00ebrkuarin e drejt\u00ebsis\u00eb, Ervis Martinaj t\u00eb arratiset. P\u00ebr k\u00ebt\u00eb ka reaguar dhe gazetari Artan Hoxha, i cili ka kujtuar\u2026","rel":"","context":"In &quot;Blogu i Udh\u00ebtarit&quot;","block_context":{"text":"Blogu i Udh\u00ebtarit","link":"https:\/\/www.shqiperia.com\/blog\/category\/blogu-i-udhetarit\/"},"img":{"alt_text":"","src":"https:\/\/i0.wp.com\/www.shqiperia.com\/blog\/wp-content\/uploads\/2022\/08\/640-0-6306237745cbc.jpeg?fit=640%2C320&ssl=1&resize=350%2C200","width":350,"height":200,"srcset":"https:\/\/i0.wp.com\/www.shqiperia.com\/blog\/wp-content\/uploads\/2022\/08\/640-0-6306237745cbc.jpeg?fit=640%2C320&ssl=1&resize=350%2C200 1x, https:\/\/i0.wp.com\/www.shqiperia.com\/blog\/wp-content\/uploads\/2022\/08\/640-0-6306237745cbc.jpeg?fit=640%2C320&ssl=1&resize=525%2C300 1.5x"},"classes":[]}],"_links":{"self":[{"href":"https:\/\/www.shqiperia.com\/blog\/wp-json\/wp\/v2\/posts\/61694","targetHints":{"allow":["GET"]}}],"collection":[{"href":"https:\/\/www.shqiperia.com\/blog\/wp-json\/wp\/v2\/posts"}],"about":[{"href":"https:\/\/www.shqiperia.com\/blog\/wp-json\/wp\/v2\/types\/post"}],"author":[{"embeddable":true,"href":"https:\/\/www.shqiperia.com\/blog\/wp-json\/wp\/v2\/users\/9"}],"replies":[{"embeddable":true,"href":"https:\/\/www.shqiperia.com\/blog\/wp-json\/wp\/v2\/comments?post=61694"}],"version-history":[{"count":2,"href":"https:\/\/www.shqiperia.com\/blog\/wp-json\/wp\/v2\/posts\/61694\/revisions"}],"predecessor-version":[{"id":61697,"href":"https:\/\/www.shqiperia.com\/blog\/wp-json\/wp\/v2\/posts\/61694\/revisions\/61697"}],"wp:featuredmedia":[{"embeddable":true,"href":"https:\/\/www.shqiperia.com\/blog\/wp-json\/wp\/v2\/media\/61695"}],"wp:attachment":[{"href":"https:\/\/www.shqiperia.com\/blog\/wp-json\/wp\/v2\/media?parent=61694"}],"wp:term":[{"taxonomy":"category","embeddable":true,"href":"https:\/\/www.shqiperia.com\/blog\/wp-json\/wp\/v2\/categories?post=61694"},{"taxonomy":"post_tag","embeddable":true,"href":"https:\/\/www.shqiperia.com\/blog\/wp-json\/wp\/v2\/tags?post=61694"}],"curies":[{"name":"wp","href":"https:\/\/api.w.org\/{rel}","templated":true}]}}