{"id":59757,"date":"2022-07-03T15:56:24","date_gmt":"2022-07-03T15:56:24","guid":{"rendered":"https:\/\/www.shqiperia.com\/blog\/?p=59757"},"modified":"2022-07-03T16:03:46","modified_gmt":"2022-07-03T16:03:46","slug":"kendi-i-fotografise-moikom-zeqo-ne-muzeun-e-migjenit-puke","status":"publish","type":"post","link":"https:\/\/www.shqiperia.com\/blog\/kendi-i-fotografise-moikom-zeqo-ne-muzeun-e-migjenit-puke\/","title":{"rendered":"Kendi i Fotografise: &#8211; Moikom Zeqo ne Muzeun e Migjenit Puke"},"content":{"rendered":"<div id=\"attachment_59758\" style=\"width: 594px\" class=\"wp-caption alignnone\"><img data-recalc-dims=\"1\" loading=\"lazy\" decoding=\"async\" aria-describedby=\"caption-attachment-59758\" data-attachment-id=\"59758\" data-permalink=\"https:\/\/www.shqiperia.com\/blog\/kendi-i-fotografise-moikom-zeqo-ne-muzeun-e-migjenit-puke\/moikom-zeqo-ne-muzeun-e-migjenit-puke-foto-jaho-brahaj\/\" data-orig-file=\"https:\/\/i0.wp.com\/www.shqiperia.com\/blog\/wp-content\/uploads\/2022\/07\/Moikom-Zeqo-ne-Muzeun-e-Migjenit-Puke.-Foto-Jaho-Brahaj.jpg?fit=720%2C482&amp;ssl=1\" data-orig-size=\"720,482\" data-comments-opened=\"1\" data-image-meta=\"{&quot;aperture&quot;:&quot;0&quot;,&quot;credit&quot;:&quot;&quot;,&quot;camera&quot;:&quot;&quot;,&quot;caption&quot;:&quot;&quot;,&quot;created_timestamp&quot;:&quot;0&quot;,&quot;copyright&quot;:&quot;&quot;,&quot;focal_length&quot;:&quot;0&quot;,&quot;iso&quot;:&quot;0&quot;,&quot;shutter_speed&quot;:&quot;0&quot;,&quot;title&quot;:&quot;&quot;,&quot;orientation&quot;:&quot;0&quot;}\" data-image-title=\"Moikom Zeqo ne Muzeun e Migjenit Puke. Foto Jaho Brahaj\" data-image-description=\"\" data-image-caption=\"&lt;p&gt;Moikom Zeqo ne Muzeun e Migjenit Puke. Foto Jaho Brahaj&lt;\/p&gt;\n\" data-medium-file=\"https:\/\/i0.wp.com\/www.shqiperia.com\/blog\/wp-content\/uploads\/2022\/07\/Moikom-Zeqo-ne-Muzeun-e-Migjenit-Puke.-Foto-Jaho-Brahaj.jpg?fit=300%2C201&amp;ssl=1\" data-large-file=\"https:\/\/i0.wp.com\/www.shqiperia.com\/blog\/wp-content\/uploads\/2022\/07\/Moikom-Zeqo-ne-Muzeun-e-Migjenit-Puke.-Foto-Jaho-Brahaj.jpg?fit=720%2C482&amp;ssl=1\" class=\" wp-image-59758\" alt=\"\" src=\"https:\/\/i0.wp.com\/www.shqiperia.com\/blog\/wp-content\/uploads\/2022\/07\/Moikom-Zeqo-ne-Muzeun-e-Migjenit-Puke.-Foto-Jaho-Brahaj.jpg?resize=584%2C391&#038;ssl=1\" width=\"584\" height=\"391\" srcset=\"https:\/\/i0.wp.com\/www.shqiperia.com\/blog\/wp-content\/uploads\/2022\/07\/Moikom-Zeqo-ne-Muzeun-e-Migjenit-Puke.-Foto-Jaho-Brahaj.jpg?resize=300%2C201&amp;ssl=1 300w, https:\/\/i0.wp.com\/www.shqiperia.com\/blog\/wp-content\/uploads\/2022\/07\/Moikom-Zeqo-ne-Muzeun-e-Migjenit-Puke.-Foto-Jaho-Brahaj.jpg?resize=450%2C301&amp;ssl=1 450w, https:\/\/i0.wp.com\/www.shqiperia.com\/blog\/wp-content\/uploads\/2022\/07\/Moikom-Zeqo-ne-Muzeun-e-Migjenit-Puke.-Foto-Jaho-Brahaj.jpg?resize=600%2C402&amp;ssl=1 600w, https:\/\/i0.wp.com\/www.shqiperia.com\/blog\/wp-content\/uploads\/2022\/07\/Moikom-Zeqo-ne-Muzeun-e-Migjenit-Puke.-Foto-Jaho-Brahaj.jpg?resize=400%2C268&amp;ssl=1 400w, https:\/\/i0.wp.com\/www.shqiperia.com\/blog\/wp-content\/uploads\/2022\/07\/Moikom-Zeqo-ne-Muzeun-e-Migjenit-Puke.-Foto-Jaho-Brahaj.jpg?w=720&amp;ssl=1 720w\" sizes=\"auto, (max-width: 584px) 100vw, 584px\" \/><p id=\"caption-attachment-59758\" class=\"wp-caption-text\">Moikom Zeqo ne Muzeun e Migjenit Puke. Foto Jaho Brahaj<\/p><\/div>\n<p>Moikom Zeqo ne viziten e Muzeut &#8220;Shkolla Muze Migjeni&#8221;.<\/p>\n<p>&#8211; Puke, me 11 Prill 2011.<\/p>\n<p>&#8211; Foto Jaho Brahaj.<\/p>\n","protected":false},"excerpt":{"rendered":"<p>Moikom Zeqo ne viziten e Muzeut &#8220;Shkolla Muze Migjeni&#8221;. &#8211; Puke, me 11 Prill 2011. &#8211; Foto Jaho Brahaj.<\/p>\n","protected":false},"author":9,"featured_media":59758,"comment_status":"open","ping_status":"open","sticky":false,"template":"","format":"standard","meta":{"jetpack_post_was_ever_published":false,"_jetpack_newsletter_access":"","_jetpack_dont_email_post_to_subs":false,"_jetpack_newsletter_tier_id":0,"_jetpack_memberships_contains_paywalled_content":false,"_jetpack_memberships_contains_paid_content":false,"footnotes":"","jetpack_publicize_message":"","jetpack_publicize_feature_enabled":true,"jetpack_social_post_already_shared":true,"jetpack_social_options":{"image_generator_settings":{"template":"highway","default_image_id":0,"font":"","enabled":false},"version":2}},"categories":[85,10,35,86],"tags":[],"class_list":["post-59757","post","type-post","status-publish","format-standard","has-post-thumbnail","hentry","category-histori","category-kultura","category-shoqerore","category-trashegimi-kulturore"],"jetpack_publicize_connections":[],"jetpack_featured_media_url":"https:\/\/i0.wp.com\/www.shqiperia.com\/blog\/wp-content\/uploads\/2022\/07\/Moikom-Zeqo-ne-Muzeun-e-Migjenit-Puke.-Foto-Jaho-Brahaj.jpg?fit=720%2C482&ssl=1","jetpack_sharing_enabled":true,"jetpack_shortlink":"https:\/\/wp.me\/p5Z6wp-fxP","jetpack-related-posts":[{"id":25456,"url":"https:\/\/www.shqiperia.com\/blog\/tre-grafika-nga-moikom-zeqo\/","url_meta":{"origin":59757,"position":0},"title":"Tre grafika nga Moikom Zeqo.","author":"Kurt Farka","date":"September 4, 2019","format":false,"excerpt":"Tre grafika nga Moikom Zeqo.","rel":"","context":"In &quot;Arte&quot;","block_context":{"text":"Arte","link":"https:\/\/www.shqiperia.com\/blog\/category\/arte\/"},"img":{"alt_text":"","src":"https:\/\/i0.wp.com\/www.shqiperia.com\/blog\/wp-content\/uploads\/2019\/09\/Autor-Moikom-Zeqo.jpg?fit=593%2C359&ssl=1&resize=350%2C200","width":350,"height":200,"srcset":"https:\/\/i0.wp.com\/www.shqiperia.com\/blog\/wp-content\/uploads\/2019\/09\/Autor-Moikom-Zeqo.jpg?fit=593%2C359&ssl=1&resize=350%2C200 1x, https:\/\/i0.wp.com\/www.shqiperia.com\/blog\/wp-content\/uploads\/2019\/09\/Autor-Moikom-Zeqo.jpg?fit=593%2C359&ssl=1&resize=525%2C300 1.5x"},"classes":[]},{"id":47853,"url":"https:\/\/www.shqiperia.com\/blog\/garafika-te-mrekullueshme-te-m-zeqos-linje-vizatimi-mjeshterore-3-foto\/","url_meta":{"origin":59757,"position":1},"title":"Garafika te mrekullueshme te M. Zeqos. Linje vizatimi mjeshterore. 3 foto","author":"Kurt Farka","date":"June 13, 2021","format":false,"excerpt":"Garafika te mrekullueshme te M. Zeqos. - Linje vizatimi mjeshterore. 3 foto","rel":"","context":"In &quot;Arte&quot;","block_context":{"text":"Arte","link":"https:\/\/www.shqiperia.com\/blog\/category\/arte\/"},"img":{"alt_text":"","src":"https:\/\/i0.wp.com\/www.shqiperia.com\/blog\/wp-content\/uploads\/2021\/06\/Moikom-Zeqo-2.jpg?fit=858%2C493&ssl=1&resize=350%2C200","width":350,"height":200,"srcset":"https:\/\/i0.wp.com\/www.shqiperia.com\/blog\/wp-content\/uploads\/2021\/06\/Moikom-Zeqo-2.jpg?fit=858%2C493&ssl=1&resize=350%2C200 1x, https:\/\/i0.wp.com\/www.shqiperia.com\/blog\/wp-content\/uploads\/2021\/06\/Moikom-Zeqo-2.jpg?fit=858%2C493&ssl=1&resize=525%2C300 1.5x, https:\/\/i0.wp.com\/www.shqiperia.com\/blog\/wp-content\/uploads\/2021\/06\/Moikom-Zeqo-2.jpg?fit=858%2C493&ssl=1&resize=700%2C400 2x"},"classes":[]},{"id":29217,"url":"https:\/\/www.shqiperia.com\/blog\/moikom-zeqo-shuplake-qeverise-pas-termetit-shtet-prej-kartoni-mungojne-specialistet\/","url_meta":{"origin":59757,"position":2},"title":"Moikom Zeqo shuplak\u00eb qeveris\u00eb pas t\u00ebrmetit: &#8211; Shtet prej kartoni, mungojn\u00eb specialist\u00ebt\u2026","author":"Kurt Farka","date":"December 12, 2019","format":false,"excerpt":"Moikom Zeqo shuplak\u00eb qeveris\u00eb pas t\u00ebrmetit: - Shtet prej kartoni, mungojn\u00eb specialist\u00ebt\u2026 11 dhjetor \u00a02019 Studiuesi Moikom Zeqo ka folur n\u00eb lidhje me situat\u00ebn pas t\u00ebrmetit dhe d\u00ebmet e shumta q\u00eb ka sjell\u00eb. Ai\u00a0tha se d\u00ebmet jan\u00eb t\u00eb shumta dhe theksoi se pushteti vendor gaboi. \u201cD\u00ebmet nga t\u00ebrmeti kan\u00eb qen\u00eb\u2026","rel":"","context":"In &quot;Blogu i Udh\u00ebtarit&quot;","block_context":{"text":"Blogu i Udh\u00ebtarit","link":"https:\/\/www.shqiperia.com\/blog\/category\/blogu-i-udhetarit\/"},"img":{"alt_text":"","src":"https:\/\/i0.wp.com\/www.shqiperia.com\/blog\/wp-content\/uploads\/2019\/12\/rama-zeqo-750x430.png?fit=576%2C346&ssl=1&resize=350%2C200","width":350,"height":200,"srcset":"https:\/\/i0.wp.com\/www.shqiperia.com\/blog\/wp-content\/uploads\/2019\/12\/rama-zeqo-750x430.png?fit=576%2C346&ssl=1&resize=350%2C200 1x, https:\/\/i0.wp.com\/www.shqiperia.com\/blog\/wp-content\/uploads\/2019\/12\/rama-zeqo-750x430.png?fit=576%2C346&ssl=1&resize=525%2C300 1.5x"},"classes":[]},{"id":21852,"url":"https:\/\/www.shqiperia.com\/blog\/moikom-zeqo-nuk-e-besoj-qe-zgjedhjet-do-mbahen-me-30-qershor\/","url_meta":{"origin":59757,"position":3},"title":"Moikom Zeqo: &#8211; \u201cNuk e besoj q\u00eb zgjedhjet do mbahen m\u00eb 30 qershor &#8230;","author":"Kurt Farka","date":"June 11, 2019","format":false,"excerpt":"Moikom Zeqo: - \u201cNuk e besoj q\u00eb zgjedhjet do mbahen m\u00eb 30 qershor ... 10 Qershor \u00a02019 Duke kujtuar se dikur ka qen\u00eb n\u00eb politik\u00eb, Moikom Zeqo tha se ai ndihej sot krejt i huaj sidomos p\u00ebr forc\u00ebn politike p\u00ebr t\u00eb cil\u00ebn kishte kontribuar. Ai tha: \u201cSot jam i distancuar\u2026","rel":"","context":"In &quot;Blogu i Udh\u00ebtarit&quot;","block_context":{"text":"Blogu i Udh\u00ebtarit","link":"https:\/\/www.shqiperia.com\/blog\/category\/blogu-i-udhetarit\/"},"img":{"alt_text":"","src":"https:\/\/i0.wp.com\/www.shqiperia.com\/blog\/wp-content\/uploads\/2019\/06\/moikom-zeqo.jpg?fit=905%2C450&ssl=1&resize=350%2C200","width":350,"height":200,"srcset":"https:\/\/i0.wp.com\/www.shqiperia.com\/blog\/wp-content\/uploads\/2019\/06\/moikom-zeqo.jpg?fit=905%2C450&ssl=1&resize=350%2C200 1x, https:\/\/i0.wp.com\/www.shqiperia.com\/blog\/wp-content\/uploads\/2019\/06\/moikom-zeqo.jpg?fit=905%2C450&ssl=1&resize=525%2C300 1.5x, https:\/\/i0.wp.com\/www.shqiperia.com\/blog\/wp-content\/uploads\/2019\/06\/moikom-zeqo.jpg?fit=905%2C450&ssl=1&resize=700%2C400 2x"},"classes":[]},{"id":27612,"url":"https:\/\/www.shqiperia.com\/blog\/moikom-zeqo-ja-dy-socialistet-qe-mund-te-zevendesojne-ramen-zgjedhjet-e-parakohshme-ne-mars\/","url_meta":{"origin":59757,"position":4},"title":"Moikom Zeqo: &#8211; Ja dy socialist\u00ebt q\u00eb mund t\u00eb z\u00ebvend\u00ebsojn\u00eb Ram\u00ebn. Zgjedhjet e parakohshme n\u00eb mars. &#8211;","author":"Kurt Farka","date":"November 2, 2019","format":false,"excerpt":"Moikom Zeqo: Ja dy socialist\u00ebt q\u00eb mund t\u00eb z\u00ebvend\u00ebsojn\u00eb Ram\u00ebn. Zgjedhjet e parakohshme n\u00eb mars 30 Tetor, 2019 Shkrimtari dhe akademiku i njohur, Moikom Zeqo ka folur p\u00ebr situat\u00ebn politike n\u00eb Shqip\u00ebri. N\u00eb nj\u00eb intervist\u00eb p\u00ebr \u201cPanorama\u201d, ai mendon se n\u00eb mars priten zgjedhje t\u00eb parakohshme me nd\u00ebrhyrje t\u00eb nd\u00ebrkomb\u00ebtar\u00ebve,\u2026","rel":"","context":"In &quot;Blogu i Udh\u00ebtarit&quot;","block_context":{"text":"Blogu i Udh\u00ebtarit","link":"https:\/\/www.shqiperia.com\/blog\/category\/blogu-i-udhetarit\/"},"img":{"alt_text":"","src":"https:\/\/i0.wp.com\/www.shqiperia.com\/blog\/wp-content\/uploads\/2019\/11\/moikom-zeqo.jpg?fit=669%2C385&ssl=1&resize=350%2C200","width":350,"height":200,"srcset":"https:\/\/i0.wp.com\/www.shqiperia.com\/blog\/wp-content\/uploads\/2019\/11\/moikom-zeqo.jpg?fit=669%2C385&ssl=1&resize=350%2C200 1x, https:\/\/i0.wp.com\/www.shqiperia.com\/blog\/wp-content\/uploads\/2019\/11\/moikom-zeqo.jpg?fit=669%2C385&ssl=1&resize=525%2C300 1.5x"},"classes":[]},{"id":28359,"url":"https:\/\/www.shqiperia.com\/blog\/plan-i-integruar-menaxhimi-per-butrintin-moikom-zeqo-nuk-jam-dakord-me-te\/","url_meta":{"origin":59757,"position":5},"title":"Plan i Integruar Menaxhimi p\u00ebr Butrintin, Moikom Zeqo: Nuk jam dakord me t\u00eb","author":"Kurt Farka","date":"November 21, 2019","format":false,"excerpt":"Plan i Integruar Menaxhimi p\u00ebr Butrintin, Moikom Zeqo: Nuk jam dakord me t\u00eb Arkeologu Moikom Zeqo flet p\u00ebr Planin e Integruar p\u00ebr Menaxhimin e Butrintit. Teksa shpreh q\u00ebndrimin e tij kund\u00ebr k\u00ebsaj iniciative, shton se implementimin e tij, e sheh si nj\u00eb m\u00ebnyr\u00eb p\u00ebr t\u00eb shkat\u00ebrruar bazat e arkeologjis\u00eb vendase\u2026","rel":"","context":"In &quot;Histori&quot;","block_context":{"text":"Histori","link":"https:\/\/www.shqiperia.com\/blog\/category\/histori\/"},"img":{"alt_text":"","src":"https:\/\/i0.wp.com\/www.shqiperia.com\/blog\/wp-content\/uploads\/2019\/11\/maxresdefault.jpg?fit=1200%2C675&ssl=1&resize=350%2C200","width":350,"height":200,"srcset":"https:\/\/i0.wp.com\/www.shqiperia.com\/blog\/wp-content\/uploads\/2019\/11\/maxresdefault.jpg?fit=1200%2C675&ssl=1&resize=350%2C200 1x, https:\/\/i0.wp.com\/www.shqiperia.com\/blog\/wp-content\/uploads\/2019\/11\/maxresdefault.jpg?fit=1200%2C675&ssl=1&resize=525%2C300 1.5x, https:\/\/i0.wp.com\/www.shqiperia.com\/blog\/wp-content\/uploads\/2019\/11\/maxresdefault.jpg?fit=1200%2C675&ssl=1&resize=700%2C400 2x, https:\/\/i0.wp.com\/www.shqiperia.com\/blog\/wp-content\/uploads\/2019\/11\/maxresdefault.jpg?fit=1200%2C675&ssl=1&resize=1050%2C600 3x"},"classes":[]}],"_links":{"self":[{"href":"https:\/\/www.shqiperia.com\/blog\/wp-json\/wp\/v2\/posts\/59757","targetHints":{"allow":["GET"]}}],"collection":[{"href":"https:\/\/www.shqiperia.com\/blog\/wp-json\/wp\/v2\/posts"}],"about":[{"href":"https:\/\/www.shqiperia.com\/blog\/wp-json\/wp\/v2\/types\/post"}],"author":[{"embeddable":true,"href":"https:\/\/www.shqiperia.com\/blog\/wp-json\/wp\/v2\/users\/9"}],"replies":[{"embeddable":true,"href":"https:\/\/www.shqiperia.com\/blog\/wp-json\/wp\/v2\/comments?post=59757"}],"version-history":[{"count":3,"href":"https:\/\/www.shqiperia.com\/blog\/wp-json\/wp\/v2\/posts\/59757\/revisions"}],"predecessor-version":[{"id":59761,"href":"https:\/\/www.shqiperia.com\/blog\/wp-json\/wp\/v2\/posts\/59757\/revisions\/59761"}],"wp:featuredmedia":[{"embeddable":true,"href":"https:\/\/www.shqiperia.com\/blog\/wp-json\/wp\/v2\/media\/59758"}],"wp:attachment":[{"href":"https:\/\/www.shqiperia.com\/blog\/wp-json\/wp\/v2\/media?parent=59757"}],"wp:term":[{"taxonomy":"category","embeddable":true,"href":"https:\/\/www.shqiperia.com\/blog\/wp-json\/wp\/v2\/categories?post=59757"},{"taxonomy":"post_tag","embeddable":true,"href":"https:\/\/www.shqiperia.com\/blog\/wp-json\/wp\/v2\/tags?post=59757"}],"curies":[{"name":"wp","href":"https:\/\/api.w.org\/{rel}","templated":true}]}}