{"id":59739,"date":"2022-07-03T14:43:26","date_gmt":"2022-07-03T14:43:26","guid":{"rendered":"https:\/\/www.shqiperia.com\/blog\/?p=59739"},"modified":"2022-07-03T14:44:13","modified_gmt":"2022-07-03T14:44:13","slug":"ja-edhe-ne-tirane-moda-e-re-paskovid-shetitje-totalisht-i-zhveshur-tek-rruga-e-kavajes","status":"publish","type":"post","link":"https:\/\/www.shqiperia.com\/blog\/ja-edhe-ne-tirane-moda-e-re-paskovid-shetitje-totalisht-i-zhveshur-tek-rruga-e-kavajes\/","title":{"rendered":"Ja edhe ne Tirane: &#8211; &#8220;Moda e Re PasKovid&#8221;. Sh\u00ebtitje totalisht i zhveshur tek rruga e &#8220;Kavaj\u00ebs&#8221;."},"content":{"rendered":"<div class=\"c-header-content\">\n<div id=\"attachment_59742\" style=\"width: 495px\" class=\"wp-caption alignnone\"><img data-recalc-dims=\"1\" loading=\"lazy\" decoding=\"async\" aria-describedby=\"caption-attachment-59742\" data-attachment-id=\"59742\" data-permalink=\"https:\/\/www.shqiperia.com\/blog\/ja-edhe-ne-tirane-moda-e-re-paskovid-shetitje-totalisht-i-zhveshur-tek-rruga-e-kavajes\/ja-edhe-ne-tirane-moda-e-re-paskovid-shetitje-totalisht-i-zhveshur-tek-rruga-e-kavajes\/\" data-orig-file=\"https:\/\/i0.wp.com\/www.shqiperia.com\/blog\/wp-content\/uploads\/2022\/07\/Ja-edhe-ne-Tirane-Moda-e-Re-PasKOvid.-Shetitje-totalisht-i-zhveshur-tek-rruga-e-Kavajes..gif?fit=640%2C366&amp;ssl=1\" data-orig-size=\"640,366\" data-comments-opened=\"1\" data-image-meta=\"{&quot;aperture&quot;:&quot;0&quot;,&quot;credit&quot;:&quot;&quot;,&quot;camera&quot;:&quot;&quot;,&quot;caption&quot;:&quot;&quot;,&quot;created_timestamp&quot;:&quot;0&quot;,&quot;copyright&quot;:&quot;&quot;,&quot;focal_length&quot;:&quot;0&quot;,&quot;iso&quot;:&quot;0&quot;,&quot;shutter_speed&quot;:&quot;0&quot;,&quot;title&quot;:&quot;&quot;,&quot;orientation&quot;:&quot;0&quot;}\" data-image-title=\"Ja edhe ne Tirane &#8211; Moda e Re PasKOvid. Sh\u00ebtitje totalisht i zhveshur tek rruga e Kavaj\u00ebs.\" data-image-description=\"\" data-image-caption=\"&lt;p&gt;Ja edhe ne Tirane &#8211; Moda e Re PasKOvid. Sh\u00ebtitje totalisht i zhveshur tek rruga e Kavaj\u00ebs.&lt;\/p&gt;\n\" data-medium-file=\"https:\/\/i0.wp.com\/www.shqiperia.com\/blog\/wp-content\/uploads\/2022\/07\/Ja-edhe-ne-Tirane-Moda-e-Re-PasKOvid.-Shetitje-totalisht-i-zhveshur-tek-rruga-e-Kavajes..gif?fit=300%2C172&amp;ssl=1\" data-large-file=\"https:\/\/i0.wp.com\/www.shqiperia.com\/blog\/wp-content\/uploads\/2022\/07\/Ja-edhe-ne-Tirane-Moda-e-Re-PasKOvid.-Shetitje-totalisht-i-zhveshur-tek-rruga-e-Kavajes..gif?fit=640%2C366&amp;ssl=1\" class=\" wp-image-59742\" alt=\"\" src=\"https:\/\/i0.wp.com\/www.shqiperia.com\/blog\/wp-content\/uploads\/2022\/07\/Ja-edhe-ne-Tirane-Moda-e-Re-PasKOvid.-Shetitje-totalisht-i-zhveshur-tek-rruga-e-Kavajes..gif?resize=485%2C278&#038;ssl=1\" width=\"485\" height=\"278\" srcset=\"https:\/\/i0.wp.com\/www.shqiperia.com\/blog\/wp-content\/uploads\/2022\/07\/Ja-edhe-ne-Tirane-Moda-e-Re-PasKOvid.-Shetitje-totalisht-i-zhveshur-tek-rruga-e-Kavajes..gif?resize=300%2C172&amp;ssl=1 300w, https:\/\/i0.wp.com\/www.shqiperia.com\/blog\/wp-content\/uploads\/2022\/07\/Ja-edhe-ne-Tirane-Moda-e-Re-PasKOvid.-Shetitje-totalisht-i-zhveshur-tek-rruga-e-Kavajes..gif?resize=450%2C257&amp;ssl=1 450w, https:\/\/i0.wp.com\/www.shqiperia.com\/blog\/wp-content\/uploads\/2022\/07\/Ja-edhe-ne-Tirane-Moda-e-Re-PasKOvid.-Shetitje-totalisht-i-zhveshur-tek-rruga-e-Kavajes..gif?resize=600%2C343&amp;ssl=1 600w, https:\/\/i0.wp.com\/www.shqiperia.com\/blog\/wp-content\/uploads\/2022\/07\/Ja-edhe-ne-Tirane-Moda-e-Re-PasKOvid.-Shetitje-totalisht-i-zhveshur-tek-rruga-e-Kavajes..gif?resize=400%2C229&amp;ssl=1 400w\" sizes=\"auto, (max-width: 485px) 100vw, 485px\" \/><p id=\"caption-attachment-59742\" class=\"wp-caption-text\">Ja edhe ne Tirane &#8211; Moda e Re PasKOvid. Sh\u00ebtitje totalisht i zhveshur tek rruga e Kavaj\u00ebs.<\/p><\/div>\n<div class=\"c-flexy\">\n<div class=\"c-article_info\">\n<div class=\"c-writers_content\"><span class=\"open-a-date\">3 Korrik 2022,<\/span><a class=\"at-icon-wrapper at-share-btn at-svc-facebook\"><span class=\"at4-visually-hidden\"><\/span><span class=\"at-icon-wrapper\"><\/span><\/a><a class=\"at-icon-wrapper at-share-btn at-svc-whatsapp\"><span class=\"at4-visually-hidden\"><\/span><span class=\"at-icon-wrapper\"><\/span><\/a><a class=\"at-icon-wrapper at-share-btn at-svc-twitter\"><span class=\"at4-visually-hidden\"><\/span><span class=\"at-icon-wrapper\"><\/span><\/a><a class=\"at-icon-wrapper at-share-btn at-svc-viber\"><span class=\"at4-visually-hidden\"><\/span><span class=\"at-icon-wrapper\"><\/span><\/a><\/div>\n<div>Policia nuk \u00ebsht\u00eb shqet\u00ebsuar nga prania e tij pasi dhe nuk \u00ebsht\u00eb ndaluar.<\/div>\n<\/div>\n<\/div>\n<\/div>\n<div class=\"c-flexy\">\n<div class=\"c-open-content\">\n<p>Nj\u00eb ngjarje e pazakont\u00eb ka ndodhur k\u00ebt\u00eb t\u00eb diel n\u00eb rrug\u00ebt e Tiran\u00ebs.<\/p>\n<p>Nj\u00eb burr\u00eb me tatuazhe n\u00eb trup \u00ebsht\u00eb par\u00eb q\u00eb t\u00eb l\u00ebviz\u00eb i zhveshur n\u00eb rrug\u00ebt e kryeqytetit.<\/p>\n<p>E si fundjave, qytetar\u00ebt t\u00eb cil\u00ebt kan\u00eb zgjedhur t\u00eb kalojn\u00eb dit\u00ebn n\u00eb Tiran\u00eb jan\u00eb p\u00ebrballur me veprimin e pazakont\u00eb t\u00eb qytetarit i cili shihet q\u00eb ka dal\u00eb nudo, si\u00e7 e ka b\u00ebr\u00eb n\u00ebna, duke mos i b\u00ebr\u00eb p\u00ebrshtypje q\u00eb \u00ebsht\u00eb n\u00eb ambient publik dhe q\u00eb mund t\u00eb ket\u00eb edhe f\u00ebmij\u00eb n\u00ebn mosh\u00eb.<\/p>\n<p>N\u00eb videon e publikuar nga JOQ , burri \u2018po shijon\u2019 rrezet e diellit totalisht i zhveshur duke sh\u00ebtitur n\u00ebp\u00ebr Tiran\u00eb e duke b\u00ebr\u00eb q\u00eb kokat e t\u00eb gjith\u00eb qytetar\u00ebve t\u00eb kthehen nga ai.<\/p>\n<p>Burri i paidentifikuar \u00ebsht\u00eb filmuar nga shum\u00eb qytetar\u00eb, teksa policia nuk \u00ebsht\u00eb shqet\u00ebsuar nga prania e tij pasi nuk \u00ebsht\u00eb ndaluar.<\/p>\n<\/div>\n<\/div>\n","protected":false},"excerpt":{"rendered":"<p>3 Korrik 2022, Policia nuk \u00ebsht\u00eb shqet\u00ebsuar nga prania e tij pasi dhe nuk \u00ebsht\u00eb ndaluar. Nj\u00eb ngjarje e pazakont\u00eb ka ndodhur k\u00ebt\u00eb t\u00eb diel n\u00eb rrug\u00ebt e Tiran\u00ebs. Nj\u00eb burr\u00eb me tatuazhe n\u00eb trup \u00ebsht\u00eb par\u00eb q\u00eb t\u00eb l\u00ebviz\u00eb i zhveshur n\u00eb rrug\u00ebt e kryeqytetit. E si fundjave, qytetar\u00ebt t\u00eb cil\u00ebt kan\u00eb zgjedhur t\u00eb [&hellip;]<\/p>\n","protected":false},"author":9,"featured_media":59742,"comment_status":"open","ping_status":"open","sticky":false,"template":"","format":"standard","meta":{"jetpack_post_was_ever_published":false,"_jetpack_newsletter_access":"","_jetpack_dont_email_post_to_subs":false,"_jetpack_newsletter_tier_id":0,"_jetpack_memberships_contains_paywalled_content":false,"_jetpack_memberships_contains_paid_content":false,"footnotes":"","jetpack_publicize_message":"","jetpack_publicize_feature_enabled":true,"jetpack_social_post_already_shared":true,"jetpack_social_options":{"image_generator_settings":{"template":"highway","default_image_id":0,"font":"","enabled":false},"version":2}},"categories":[10],"tags":[],"class_list":["post-59739","post","type-post","status-publish","format-standard","has-post-thumbnail","hentry","category-kultura"],"jetpack_publicize_connections":[],"jetpack_featured_media_url":"https:\/\/i0.wp.com\/www.shqiperia.com\/blog\/wp-content\/uploads\/2022\/07\/Ja-edhe-ne-Tirane-Moda-e-Re-PasKOvid.-Shetitje-totalisht-i-zhveshur-tek-rruga-e-Kavajes..gif?fit=640%2C366&ssl=1","jetpack_sharing_enabled":true,"jetpack_shortlink":"https:\/\/wp.me\/p5Z6wp-fxx","jetpack-related-posts":[{"id":92556,"url":"https:\/\/www.shqiperia.com\/blog\/samiti-europian-ne-tirane-policia-tregon-akset-rrugore-qe-duhen-shmangur-bllokimi-nis-qe-te-enjten-ne-mbremje\/","url_meta":{"origin":59739,"position":0},"title":"Samiti Europian n\u00eb Tiran\u00eb. &#8211; Policia tregon akset rrugore q\u00eb duhen shmangur, bllokimi nis q\u00eb t\u00eb enjten n\u00eb mbr\u00ebmje","author":"Kurt Farka","date":"May 13, 2025","format":false,"excerpt":"13 Maji 2025 Drejtori i Departamentit p\u00ebr Rendin dhe Sigurin\u00eb Publike Drejtues i Par\u00eb Rebani Jaupi, n\u00eb nj\u00eb konferenc\u00eb p\u00ebr shtyp, foli n\u00eb lidhje me masat e Policis\u00eb s\u00eb Shtetit p\u00ebr garantimin e rendit dhe siguris\u00eb publike gjat\u00eb zhvillimit t\u00eb samitit \u201cEuropean Politicial Community\u201d, m\u00eb dat\u00eb 16 maj 2025. Ai\u2026","rel":"","context":"In &quot;Blogu i Udh\u00ebtarit&quot;","block_context":{"text":"Blogu i Udh\u00ebtarit","link":"https:\/\/www.shqiperia.com\/blog\/category\/blogu-i-udhetarit\/"},"img":{"alt_text":"","src":"https:\/\/i0.wp.com\/www.shqiperia.com\/blog\/wp-content\/uploads\/2025\/05\/tiranaaaaa-1140x570-1.jpg?fit=1140%2C570&ssl=1&resize=350%2C200","width":350,"height":200,"srcset":"https:\/\/i0.wp.com\/www.shqiperia.com\/blog\/wp-content\/uploads\/2025\/05\/tiranaaaaa-1140x570-1.jpg?fit=1140%2C570&ssl=1&resize=350%2C200 1x, https:\/\/i0.wp.com\/www.shqiperia.com\/blog\/wp-content\/uploads\/2025\/05\/tiranaaaaa-1140x570-1.jpg?fit=1140%2C570&ssl=1&resize=525%2C300 1.5x, https:\/\/i0.wp.com\/www.shqiperia.com\/blog\/wp-content\/uploads\/2025\/05\/tiranaaaaa-1140x570-1.jpg?fit=1140%2C570&ssl=1&resize=700%2C400 2x, https:\/\/i0.wp.com\/www.shqiperia.com\/blog\/wp-content\/uploads\/2025\/05\/tiranaaaaa-1140x570-1.jpg?fit=1140%2C570&ssl=1&resize=1050%2C600 3x"},"classes":[]},{"id":41112,"url":"https:\/\/www.shqiperia.com\/blog\/tirana-qe-seshte-me\/","url_meta":{"origin":59739,"position":1},"title":"Tirana q\u00eb s\u2019\u00ebsht\u00eb m\u00eb","author":"Kurt Farka","date":"November 23, 2020","format":false,"excerpt":"Nga: Gazmend Bakiu \u00c7far\u00eb transformimi monstruoz i kan\u00eb b\u00ebr\u00eb Tiran\u00ebs n\u00eb k\u00ebto 75 vjet! Nuk them se kryeqyteti nuk duhej t\u00eb ndryshonte. Sigurisht mund t\u00eb p\u00ebrmir\u00ebsohej e t\u00eb zhvillohej normalisht. Mir\u00ebpo, Tirana u zhb\u00eb sipas parimit enverist, q\u00eb s'ka t\u00eb sosur: Historia fillon me marrjen e pushtetit. U shkat\u00ebrruan nd\u00ebrtesa\u2026","rel":"","context":"In &quot;Histori&quot;","block_context":{"text":"Histori","link":"https:\/\/www.shqiperia.com\/blog\/category\/histori\/"},"img":{"alt_text":"","src":"https:\/\/i0.wp.com\/www.shqiperia.com\/blog\/wp-content\/uploads\/2020\/11\/125388911_2841615456082233_1548712458741421635_o.jpg?fit=843%2C414&ssl=1&resize=350%2C200","width":350,"height":200,"srcset":"https:\/\/i0.wp.com\/www.shqiperia.com\/blog\/wp-content\/uploads\/2020\/11\/125388911_2841615456082233_1548712458741421635_o.jpg?fit=843%2C414&ssl=1&resize=350%2C200 1x, https:\/\/i0.wp.com\/www.shqiperia.com\/blog\/wp-content\/uploads\/2020\/11\/125388911_2841615456082233_1548712458741421635_o.jpg?fit=843%2C414&ssl=1&resize=525%2C300 1.5x, https:\/\/i0.wp.com\/www.shqiperia.com\/blog\/wp-content\/uploads\/2020\/11\/125388911_2841615456082233_1548712458741421635_o.jpg?fit=843%2C414&ssl=1&resize=700%2C400 2x"},"classes":[]},{"id":87667,"url":"https:\/\/www.shqiperia.com\/blog\/protesta-e-pd-se-me-23-dhjetor-zbardhet-plani-i-opozites-ja-kryqezimet-kryesore-ne-tirane-qe-do-te-bllokohen\/","url_meta":{"origin":59739,"position":2},"title":"Protesta e PD-s\u00eb m\u00eb 23 Dhjetor\/ Zbardhet plani i opozit\u00ebs, ja kryq\u00ebzimet kryesore n\u00eb Tiran\u00eb q\u00eb do t\u00eb bllokohen!","author":"Kurt Farka","date":"December 21, 2024","format":false,"excerpt":"21 Dhjetor 2024 Tubimi i Partis\u00eb Demokratike \u00ebsht\u00eb planifikuar t\u00eb nis\u00eb n\u00eb or\u00ebn 17:00 dhe rrug\u00ebt q\u00eb do t\u00eb bllokohen jan\u00eb: Rruga pran\u00eb Bashkis\u00eb s\u00eb Tiran\u00ebs, rreth-rrotullimi tek \u201cZogu i Zi\u201d, tek sheshi \u201cWilson\u201d, tek \u201cPallati me Shigjeta\u201d, si dhe kryq\u00ebzimi tek \u201cRruga e Elbasanit\u201d, pran\u00eb xhamis\u00eb s\u00eb \u201cNamazgjas\u00eb\u201d. Organizator\u00ebt\u2026","rel":"","context":"In &quot;Blogu i Udh\u00ebtarit&quot;","block_context":{"text":"Blogu i Udh\u00ebtarit","link":"https:\/\/www.shqiperia.com\/blog\/category\/blogu-i-udhetarit\/"},"img":{"alt_text":"","src":"https:\/\/i0.wp.com\/www.shqiperia.com\/blog\/wp-content\/uploads\/2024\/12\/Protesta-opozita-perplasja-bllokimi-qyteti-mos-bindja-civile-8.jpeg?fit=1200%2C800&ssl=1&resize=350%2C200","width":350,"height":200,"srcset":"https:\/\/i0.wp.com\/www.shqiperia.com\/blog\/wp-content\/uploads\/2024\/12\/Protesta-opozita-perplasja-bllokimi-qyteti-mos-bindja-civile-8.jpeg?fit=1200%2C800&ssl=1&resize=350%2C200 1x, https:\/\/i0.wp.com\/www.shqiperia.com\/blog\/wp-content\/uploads\/2024\/12\/Protesta-opozita-perplasja-bllokimi-qyteti-mos-bindja-civile-8.jpeg?fit=1200%2C800&ssl=1&resize=525%2C300 1.5x, https:\/\/i0.wp.com\/www.shqiperia.com\/blog\/wp-content\/uploads\/2024\/12\/Protesta-opozita-perplasja-bllokimi-qyteti-mos-bindja-civile-8.jpeg?fit=1200%2C800&ssl=1&resize=700%2C400 2x, https:\/\/i0.wp.com\/www.shqiperia.com\/blog\/wp-content\/uploads\/2024\/12\/Protesta-opozita-perplasja-bllokimi-qyteti-mos-bindja-civile-8.jpeg?fit=1200%2C800&ssl=1&resize=1050%2C600 3x"},"classes":[]},{"id":76932,"url":"https:\/\/www.shqiperia.com\/blog\/iken-dhe-banori-i-fundit-nga-fshati-pusi-i-thate-i-hasit\/","url_meta":{"origin":59739,"position":3},"title":"Iken dhe banori i fundit nga fshati  &#8216;Pusi i That\u00eb&#8217; i Hasit.","author":"Kurt Farka","date":"January 2, 2024","format":false,"excerpt":"2 Janar 2024 Nga Benet Beqiri\u00a0 Ndodhet vetem 40 minuta larg qytetit t\u00eb Kuk\u00ebsit, por n\u00eb 5 kilometrat e fundit udh\u00ebtimi v\u00ebshtir\u00ebsohet, pasi rruga \u00ebsht\u00eb e paasfaltuar. Disa fshatra t\u00eb bashkis\u00eb Has ka koh\u00eb q\u00eb kan\u00eb mbetur pa asnj\u00eb banor\u00eb. Nj\u00ebri prej tyre \u00ebsht\u00eb Pusi i That\u00eb, ku banori i\u2026","rel":"","context":"In &quot;Blogu i Udh\u00ebtarit&quot;","block_context":{"text":"Blogu i Udh\u00ebtarit","link":"https:\/\/www.shqiperia.com\/blog\/category\/blogu-i-udhetarit\/"},"img":{"alt_text":"","src":"https:\/\/i0.wp.com\/www.shqiperia.com\/blog\/wp-content\/uploads\/2024\/01\/Fshati_Pusi_i_Thate-scaled.jpg?fit=1200%2C608&ssl=1&resize=350%2C200","width":350,"height":200,"srcset":"https:\/\/i0.wp.com\/www.shqiperia.com\/blog\/wp-content\/uploads\/2024\/01\/Fshati_Pusi_i_Thate-scaled.jpg?fit=1200%2C608&ssl=1&resize=350%2C200 1x, https:\/\/i0.wp.com\/www.shqiperia.com\/blog\/wp-content\/uploads\/2024\/01\/Fshati_Pusi_i_Thate-scaled.jpg?fit=1200%2C608&ssl=1&resize=525%2C300 1.5x, https:\/\/i0.wp.com\/www.shqiperia.com\/blog\/wp-content\/uploads\/2024\/01\/Fshati_Pusi_i_Thate-scaled.jpg?fit=1200%2C608&ssl=1&resize=700%2C400 2x, https:\/\/i0.wp.com\/www.shqiperia.com\/blog\/wp-content\/uploads\/2024\/01\/Fshati_Pusi_i_Thate-scaled.jpg?fit=1200%2C608&ssl=1&resize=1050%2C600 3x"},"classes":[]},{"id":2577,"url":"https:\/\/www.shqiperia.com\/blog\/liqeni-arificial-tiranes-foto-nga-burhan-tabaku\/","url_meta":{"origin":59739,"position":4},"title":"Liqeni Arificial i Tiranes &#8211; Foto nga Burhan Tabaku. &#8211;","author":"Kurt Farka","date":"February 6, 2018","format":false,"excerpt":"Burahan Tabaku, mesues ne pension nga Tirana, me aparatin e tij fotografik na jep bukurine e periferise\u00a0 se Tiranes. Fokusi i tij eshte rreth Liqenit Artificial, aty ku autori shikon ndosha edhe kjtimet e femijerise ose edhe te brezave te tij paraardhes, por me nje peisazh te ndryshuar. Vellezerit Burhan\u2026","rel":"","context":"In &quot;Blogu i Udh\u00ebtarit&quot;","block_context":{"text":"Blogu i Udh\u00ebtarit","link":"https:\/\/www.shqiperia.com\/blog\/category\/blogu-i-udhetarit\/"},"img":{"alt_text":"","src":"https:\/\/i0.wp.com\/www.shqiperia.com\/blog\/wp-content\/uploads\/2018\/02\/Liqeni-Artificial-Tirane.-Foto-Burhan-Tabaku-2.jpg?fit=503%2C324&ssl=1&resize=350%2C200","width":350,"height":200},"classes":[]},{"id":58801,"url":"https:\/\/www.shqiperia.com\/blog\/policia-jep-ultimatumin-fikni-dritat-pas-permbytjes-gjysma-e-tiranes-pa-energji-elektrike\/","url_meta":{"origin":59739,"position":5},"title":"Policia jep &#8220;ultimatumin&#8221;: Fikni dritat! &#8211; Pas p\u00ebrmbytjes, gjysma e Tiran\u00ebs pa energji elektrike,","author":"Kurt Farka","date":"June 9, 2022","format":false,"excerpt":"9 QERSHOR 2022, P\u00ebrmbytjet e shkaktuara nga shiu n\u00eb Tiran\u00eb, kan\u00eb sjell\u00eb nd\u00ebrprerje t\u00eb energjie elektrike n\u00eb disa lagje t\u00eb kryeqytetit. Nd\u00ebrkoh\u00eb policia u ka b\u00ebr\u00eb thirrje qytetar\u00ebve q\u00eb t\u00eb fikin dritat, p\u00ebr shkak se mund t\u00eb ket\u00eb pasoja nga shkarkesat elektrike, por dhe luhatjet e tensionit. Njoftimi: Me k\u00ebrkes\u00eb\u2026","rel":"","context":"In &quot;Blogu i Udh\u00ebtarit&quot;","block_context":{"text":"Blogu i Udh\u00ebtarit","link":"https:\/\/www.shqiperia.com\/blog\/category\/blogu-i-udhetarit\/"},"img":{"alt_text":"","src":"https:\/\/i0.wp.com\/www.shqiperia.com\/blog\/wp-content\/uploads\/2022\/06\/Uji-kalon-mbi-Lane.jpg?fit=640%2C376&ssl=1&resize=350%2C200","width":350,"height":200,"srcset":"https:\/\/i0.wp.com\/www.shqiperia.com\/blog\/wp-content\/uploads\/2022\/06\/Uji-kalon-mbi-Lane.jpg?fit=640%2C376&ssl=1&resize=350%2C200 1x, https:\/\/i0.wp.com\/www.shqiperia.com\/blog\/wp-content\/uploads\/2022\/06\/Uji-kalon-mbi-Lane.jpg?fit=640%2C376&ssl=1&resize=525%2C300 1.5x"},"classes":[]}],"_links":{"self":[{"href":"https:\/\/www.shqiperia.com\/blog\/wp-json\/wp\/v2\/posts\/59739","targetHints":{"allow":["GET"]}}],"collection":[{"href":"https:\/\/www.shqiperia.com\/blog\/wp-json\/wp\/v2\/posts"}],"about":[{"href":"https:\/\/www.shqiperia.com\/blog\/wp-json\/wp\/v2\/types\/post"}],"author":[{"embeddable":true,"href":"https:\/\/www.shqiperia.com\/blog\/wp-json\/wp\/v2\/users\/9"}],"replies":[{"embeddable":true,"href":"https:\/\/www.shqiperia.com\/blog\/wp-json\/wp\/v2\/comments?post=59739"}],"version-history":[{"count":2,"href":"https:\/\/www.shqiperia.com\/blog\/wp-json\/wp\/v2\/posts\/59739\/revisions"}],"predecessor-version":[{"id":59744,"href":"https:\/\/www.shqiperia.com\/blog\/wp-json\/wp\/v2\/posts\/59739\/revisions\/59744"}],"wp:featuredmedia":[{"embeddable":true,"href":"https:\/\/www.shqiperia.com\/blog\/wp-json\/wp\/v2\/media\/59742"}],"wp:attachment":[{"href":"https:\/\/www.shqiperia.com\/blog\/wp-json\/wp\/v2\/media?parent=59739"}],"wp:term":[{"taxonomy":"category","embeddable":true,"href":"https:\/\/www.shqiperia.com\/blog\/wp-json\/wp\/v2\/categories?post=59739"},{"taxonomy":"post_tag","embeddable":true,"href":"https:\/\/www.shqiperia.com\/blog\/wp-json\/wp\/v2\/tags?post=59739"}],"curies":[{"name":"wp","href":"https:\/\/api.w.org\/{rel}","templated":true}]}}