{"id":59735,"date":"2022-07-03T14:25:33","date_gmt":"2022-07-03T14:25:33","guid":{"rendered":"https:\/\/www.shqiperia.com\/blog\/?p=59735"},"modified":"2022-07-03T14:28:45","modified_gmt":"2022-07-03T14:28:45","slug":"anullohen-pushimet-e-mesuesve-publikohet-mesazhi-dhe-zbulohet-si-po-kercenohen-mesuesit-rama-ne-tmerr-e-panik","status":"publish","type":"post","link":"https:\/\/www.shqiperia.com\/blog\/anullohen-pushimet-e-mesuesve-publikohet-mesazhi-dhe-zbulohet-si-po-kercenohen-mesuesit-rama-ne-tmerr-e-panik\/","title":{"rendered":"Anullohen pushimet e mesuesve.- Publikohet mesazhi dhe zbulohet si po k\u00ebrc\u00ebnohen m\u00ebsuesit: Rama n\u00eb tmerr e panik."},"content":{"rendered":"<div class=\"c-main\">\n<div class=\"c-header-content\">\n<h1><img data-recalc-dims=\"1\" loading=\"lazy\" decoding=\"async\" data-attachment-id=\"59736\" data-permalink=\"https:\/\/www.shqiperia.com\/blog\/anullohen-pushimet-e-mesuesve-publikohet-mesazhi-dhe-zbulohet-si-po-kercenohen-mesuesit-rama-ne-tmerr-e-panik\/640-0-8aa626d40b43ea50d4629a8434373c91\/\" data-orig-file=\"https:\/\/i0.wp.com\/www.shqiperia.com\/blog\/wp-content\/uploads\/2022\/07\/640-0-8aa626d40b43ea50d4629a8434373c91.jpg?fit=640%2C487&amp;ssl=1\" data-orig-size=\"640,487\" data-comments-opened=\"1\" data-image-meta=\"{&quot;aperture&quot;:&quot;0&quot;,&quot;credit&quot;:&quot;&quot;,&quot;camera&quot;:&quot;&quot;,&quot;caption&quot;:&quot;&quot;,&quot;created_timestamp&quot;:&quot;0&quot;,&quot;copyright&quot;:&quot;&quot;,&quot;focal_length&quot;:&quot;0&quot;,&quot;iso&quot;:&quot;0&quot;,&quot;shutter_speed&quot;:&quot;0&quot;,&quot;title&quot;:&quot;&quot;,&quot;orientation&quot;:&quot;0&quot;}\" data-image-title=\"-640-0-8aa626d40b43ea50d4629a8434373c91\" data-image-description=\"\" data-image-caption=\"\" data-medium-file=\"https:\/\/i0.wp.com\/www.shqiperia.com\/blog\/wp-content\/uploads\/2022\/07\/640-0-8aa626d40b43ea50d4629a8434373c91.jpg?fit=300%2C228&amp;ssl=1\" data-large-file=\"https:\/\/i0.wp.com\/www.shqiperia.com\/blog\/wp-content\/uploads\/2022\/07\/640-0-8aa626d40b43ea50d4629a8434373c91.jpg?fit=640%2C487&amp;ssl=1\" class=\"alignnone wp-image-59736\" alt=\"\" src=\"https:\/\/i0.wp.com\/www.shqiperia.com\/blog\/wp-content\/uploads\/2022\/07\/640-0-8aa626d40b43ea50d4629a8434373c91.jpg?resize=625%2C475&#038;ssl=1\" width=\"625\" height=\"475\" srcset=\"https:\/\/i0.wp.com\/www.shqiperia.com\/blog\/wp-content\/uploads\/2022\/07\/640-0-8aa626d40b43ea50d4629a8434373c91.jpg?resize=300%2C228&amp;ssl=1 300w, https:\/\/i0.wp.com\/www.shqiperia.com\/blog\/wp-content\/uploads\/2022\/07\/640-0-8aa626d40b43ea50d4629a8434373c91.jpg?resize=450%2C342&amp;ssl=1 450w, https:\/\/i0.wp.com\/www.shqiperia.com\/blog\/wp-content\/uploads\/2022\/07\/640-0-8aa626d40b43ea50d4629a8434373c91.jpg?resize=600%2C457&amp;ssl=1 600w, https:\/\/i0.wp.com\/www.shqiperia.com\/blog\/wp-content\/uploads\/2022\/07\/640-0-8aa626d40b43ea50d4629a8434373c91.jpg?resize=400%2C304&amp;ssl=1 400w, https:\/\/i0.wp.com\/www.shqiperia.com\/blog\/wp-content\/uploads\/2022\/07\/640-0-8aa626d40b43ea50d4629a8434373c91.jpg?w=640&amp;ssl=1 640w\" sizes=\"auto, (max-width: 625px) 100vw, 625px\" \/><\/h1>\n<div class=\"c-article_info\">\n<div class=\"c-article_writer\">\n<div class=\"c-writers_content\">\n<p class=\"c-writers_name\"><span class=\"open-a-date\">3 Korrik 2022<\/span><\/p>\n<\/div>\n<\/div>\n<\/div>\n<\/div>\n<\/div>\n<div class=\"c-main\">\n<div class=\"c-flexy flex-m\">\n<div class=\"c-open-content c-left\">\n<div class=\"open-a-content\">\n<p>Luciano Bo\u00e7i shkruan se Edi Rama po k\u00ebrc\u00ebnon m\u00ebsuesit duke i urdh\u00ebruar q\u00eb m\u00eb 7 Korrik t\u00eb paraqiten n\u00eb shkoll\u00eb dhe t\u00eb mos marrin pjes\u00eb n\u00eb protest\u00eb.<\/p>\n<p>Bo\u00e7i ka publikuar mesazhin e nj\u00eb m\u00ebsuesje nga Fieri.<\/p>\n<p>Postimi i Luciano Bocit<\/p>\n<p>Rama e di mire se \u00e7\u2019dometh\u00ebn\u00eb protesta e 7 Korrikut.<\/p>\n<p>Tmerri e paniku ndaj saj \u00ebsht\u00eb i preksh\u00ebm.<\/p>\n<div class=\"ad-wrap\">\n<div class=\"ad-box\">\n<div class=\"adsbyvli\" data-ad-slot=\"vi_207777571\" data-id=\"vi_207777571_2\"><\/div>\n<\/div>\n<\/div>\n<p>P\u00ebr ta penguar at\u00eb ai nuk p\u00ebrdor thjesht ndryshimin g\u00ebnjeshtar ditor t\u00eb \u00e7mimit t\u00eb karburantit.<\/p>\n<p>Ai e di q\u00eb joshja nuk mjafton.<\/p>\n<div class=\"ad-wrap\">\n<div class=\"ad-box\">\n<div class=\"adsbyvli\" data-ad-slot=\"vi_207777569\" data-id=\"vi_207777569_1\"><\/div>\n<\/div>\n<\/div>\n<p>Ndaj \u00ebsht\u00eb sulur me hordhin\u00eb e tij me bllokime e k\u00ebrc\u00ebnime.<\/p>\n<p>K\u00ebt\u00eb po b\u00ebn me m\u00ebsuesit.<\/p>\n<div class=\"ad-wrap\">\n<div class=\"ad-box\">\n<div class=\"adsbyvli\" data-ad-slot=\"vi_207777569\" data-id=\"vi_207777569_2\"><\/div>\n<\/div>\n<\/div>\n<p>Megjith\u00ebse zyrtarisht mesuesit jan\u00eb me pushime urdh\u00ebrohen nga drejtuesit t\u00eb paraqiten me forc\u00eb n\u00eb shkoll\u00eb, kund\u00ebr \u00e7do ligji e kodi dhe sidomos t\u00eb jen\u00eb prezent n\u00eb dat\u00ebn 7 Korrik.<\/p>\n<div class=\"ad-wrap\">\n<div class=\"ad-box\"><\/div>\n<\/div>\n<\/div>\n<\/div>\n<\/div>\n<\/div>\n","protected":false},"excerpt":{"rendered":"<p>3 Korrik 2022 Luciano Bo\u00e7i shkruan se Edi Rama po k\u00ebrc\u00ebnon m\u00ebsuesit duke i urdh\u00ebruar q\u00eb m\u00eb 7 Korrik t\u00eb paraqiten n\u00eb shkoll\u00eb dhe t\u00eb mos marrin pjes\u00eb n\u00eb protest\u00eb. Bo\u00e7i ka publikuar mesazhin e nj\u00eb m\u00ebsuesje nga Fieri. Postimi i Luciano Bocit Rama e di mire se \u00e7\u2019dometh\u00ebn\u00eb protesta e 7 Korrikut. Tmerri e [&hellip;]<\/p>\n","protected":false},"author":9,"featured_media":59736,"comment_status":"open","ping_status":"open","sticky":false,"template":"","format":"standard","meta":{"jetpack_post_was_ever_published":false,"_jetpack_newsletter_access":"","_jetpack_dont_email_post_to_subs":false,"_jetpack_newsletter_tier_id":0,"_jetpack_memberships_contains_paywalled_content":false,"_jetpack_memberships_contains_paid_content":false,"footnotes":"","jetpack_publicize_message":"","jetpack_publicize_feature_enabled":true,"jetpack_social_post_already_shared":true,"jetpack_social_options":{"image_generator_settings":{"template":"highway","default_image_id":0,"font":"","enabled":false},"version":2}},"categories":[2,14,35],"tags":[],"class_list":["post-59735","post","type-post","status-publish","format-standard","has-post-thumbnail","hentry","category-politika","category-press-releases","category-shoqerore"],"jetpack_publicize_connections":[],"jetpack_featured_media_url":"https:\/\/i0.wp.com\/www.shqiperia.com\/blog\/wp-content\/uploads\/2022\/07\/640-0-8aa626d40b43ea50d4629a8434373c91.jpg?fit=640%2C487&ssl=1","jetpack_sharing_enabled":true,"jetpack_shortlink":"https:\/\/wp.me\/p5Z6wp-fxt","jetpack-related-posts":[{"id":67196,"url":"https:\/\/www.shqiperia.com\/blog\/do-ta-nxjerrim-ramen-nga-vrima-ku-eshte-futur-luciano-boci-burracak-dhe-tradhtar-po-kerkon-mbrojtje-nga-uniformat-blu\/","url_meta":{"origin":59735,"position":0},"title":"\u201cDo ta nxjerrim Ramen nga vrima ku \u00ebsht\u00eb futur\u201d.\u00a0 Lu\u00e7iano Bo\u00e7i: &#8211; Burracak dhe tradhtar. &#8211; Po k\u00ebrkon mbrojtje nga uniformat blu","author":"Kurt Farka","date":"February 2, 2023","format":false,"excerpt":"2 Shkurt 2023 N\u00ebnkryetari i Partis\u00eb Demokratike, Lu\u00e7iano Bo\u00e7i foli jasht\u00eb parlamentit, ku b\u00ebri t\u00eb ditur se ka prezenc\u00eb t\u00eb shtuar t\u00eb furgon\u00ebve t\u00eb policis\u00eb, q\u00eb sipas tij kjo tregon se Rama k\u00ebrkon jo vet\u00ebm t\u00eb fshihet, por edhe t\u00eb mbrohet nga policia. \u201cKa nj\u00eb vendosje t\u00eb furgonave t\u00eb policis\u00eb,\u2026","rel":"","context":"In &quot;Blogu i Udh\u00ebtarit&quot;","block_context":{"text":"Blogu i Udh\u00ebtarit","link":"https:\/\/www.shqiperia.com\/blog\/category\/blogu-i-udhetarit\/"},"img":{"alt_text":"","src":"https:\/\/i0.wp.com\/www.shqiperia.com\/blog\/wp-content\/uploads\/2023\/02\/boci-770x433-1.jpeg?fit=770%2C433&ssl=1&resize=350%2C200","width":350,"height":200,"srcset":"https:\/\/i0.wp.com\/www.shqiperia.com\/blog\/wp-content\/uploads\/2023\/02\/boci-770x433-1.jpeg?fit=770%2C433&ssl=1&resize=350%2C200 1x, https:\/\/i0.wp.com\/www.shqiperia.com\/blog\/wp-content\/uploads\/2023\/02\/boci-770x433-1.jpeg?fit=770%2C433&ssl=1&resize=525%2C300 1.5x, https:\/\/i0.wp.com\/www.shqiperia.com\/blog\/wp-content\/uploads\/2023\/02\/boci-770x433-1.jpeg?fit=770%2C433&ssl=1&resize=700%2C400 2x"},"classes":[]},{"id":57957,"url":"https:\/\/www.shqiperia.com\/blog\/luciano-boci-reagon-ashper-ndaj-deklarates-se-aliebeajt-rama-e-ka-zyrtarizuar-si-sekser-politik-po-kerkon-percarjen-e\/","url_meta":{"origin":59735,"position":1},"title":"Lu\u00e7iano Bo\u00e7i reagon ashp\u00ebr ndaj deklarat\u00ebs s\u00eb Aliebeajt: &#8211; Rama e ka zyrtarizuar si sekser politik, po k\u00ebrkon p\u00ebr\u00e7arjen e&#8230;","author":"Kurt Farka","date":"May 19, 2022","format":false,"excerpt":"Lu\u00e7iano Bo\u00e7i reagon ashp\u00ebr ndaj deklarat\u00ebs s\u00eb Aliebeajt: - Rama e ka zyrtarizuar si sekser politik, po k\u00ebrkon p\u00ebr\u00e7arjen e... 19 MAJ 2022 Deputeti i Partis\u00eb Demokratike, Lu\u00e7iano Bo\u00e7i ka reaguar me an\u00eb t\u00eb nj\u00eb postimi n\u00eb rrjetin e tij social \u2018Facebook\u2019, pas deklaratave t\u00eb Enkelejd Alibeajt se nes\u00ebr do\u2026","rel":"","context":"In &quot;Blogu i Udh\u00ebtarit&quot;","block_context":{"text":"Blogu i Udh\u00ebtarit","link":"https:\/\/www.shqiperia.com\/blog\/category\/blogu-i-udhetarit\/"},"img":{"alt_text":"","src":"https:\/\/i0.wp.com\/www.shqiperia.com\/blog\/wp-content\/uploads\/2022\/05\/Luciano-Boci.jpg?fit=800%2C415&ssl=1&resize=350%2C200","width":350,"height":200,"srcset":"https:\/\/i0.wp.com\/www.shqiperia.com\/blog\/wp-content\/uploads\/2022\/05\/Luciano-Boci.jpg?fit=800%2C415&ssl=1&resize=350%2C200 1x, https:\/\/i0.wp.com\/www.shqiperia.com\/blog\/wp-content\/uploads\/2022\/05\/Luciano-Boci.jpg?fit=800%2C415&ssl=1&resize=525%2C300 1.5x, https:\/\/i0.wp.com\/www.shqiperia.com\/blog\/wp-content\/uploads\/2022\/05\/Luciano-Boci.jpg?fit=800%2C415&ssl=1&resize=700%2C400 2x"},"classes":[]},{"id":67153,"url":"https:\/\/www.shqiperia.com\/blog\/tensione-ne-kuvend-boci-nga-ketu-rama-duhet-te-dale-me-pranga-ne-duar\/","url_meta":{"origin":59735,"position":2},"title":"Tensione n\u00eb Kuvend. Bo\u00e7i: &#8211; Nga k\u00ebtu Rama duhet t\u00eb dal\u00eb me pranga n\u00eb duar.\u00a0","author":"Kurt Farka","date":"February 2, 2023","format":false,"excerpt":"2 Shkurt 2023 Seanca plenare e t\u00eb enjtes nisi me debate dhe tensione, pasi n\u00ebnkryetari i PD, Luciano Boci ka akuzuar mazhoranc\u00ebn p\u00ebr \u2018eleminimin\u2019 e opozit\u00ebs pas vendimit p\u00ebr p\u00ebrjashtimin e 5 deputet\u00ebve mb\u00ebshtet\u00ebs t\u00eb grupit t\u00eb Sali Berish\u00ebs. Nikolla:\u00a0Ka nj\u00eb rregullore Kuvendi. Dy minuta i ezauroi Boci dhe pse\u2026","rel":"","context":"In &quot;Blogu i Udh\u00ebtarit&quot;","block_context":{"text":"Blogu i Udh\u00ebtarit","link":"https:\/\/www.shqiperia.com\/blog\/category\/blogu-i-udhetarit\/"},"img":{"alt_text":"","src":"https:\/\/i0.wp.com\/www.shqiperia.com\/blog\/wp-content\/uploads\/2023\/02\/tensionet.jpg?fit=1200%2C547&ssl=1&resize=350%2C200","width":350,"height":200,"srcset":"https:\/\/i0.wp.com\/www.shqiperia.com\/blog\/wp-content\/uploads\/2023\/02\/tensionet.jpg?fit=1200%2C547&ssl=1&resize=350%2C200 1x, https:\/\/i0.wp.com\/www.shqiperia.com\/blog\/wp-content\/uploads\/2023\/02\/tensionet.jpg?fit=1200%2C547&ssl=1&resize=525%2C300 1.5x, https:\/\/i0.wp.com\/www.shqiperia.com\/blog\/wp-content\/uploads\/2023\/02\/tensionet.jpg?fit=1200%2C547&ssl=1&resize=700%2C400 2x, https:\/\/i0.wp.com\/www.shqiperia.com\/blog\/wp-content\/uploads\/2023\/02\/tensionet.jpg?fit=1200%2C547&ssl=1&resize=1050%2C600 3x"},"classes":[]},{"id":83248,"url":"https:\/\/www.shqiperia.com\/blog\/rama-si-falsifikator-kartash-identiteti-boci-publikon-kartat-id-vesi-del-me-shpirtin\/","url_meta":{"origin":59735,"position":3},"title":"Rama si falsifikator kartash identiteti. &#8211; Bo\u00e7i publikon kartat ID: &#8211; Vesi del me shpirtin!\u00a0","author":"Kurt Farka","date":"August 4, 2024","format":false,"excerpt":"4 Gusht 2024 Nga Lu\u00e7iano Bo\u00e7i Vesi del me shpirtin! E kan\u00eb GRABITJEN e VJEDHJEN e vot\u00ebs mjetin me t\u00eb cilin duan t\u00eb deformojn\u00eb vullnetin e qytetar\u00ebve himarjot\u00eb, si\u00e7 kan\u00eb b\u00ebr\u00eb n\u00eb \u00e7do pal\u00eb zgjedhje kudo n\u00eb Shqip\u00ebri. FALLSIFIKOJN\u00cb dhe veten (se falso jan\u00eb) dhe t\u00eb dh\u00ebnat dhe kartat e\u2026","rel":"","context":"In &quot;Blogu i Udh\u00ebtarit&quot;","block_context":{"text":"Blogu i Udh\u00ebtarit","link":"https:\/\/www.shqiperia.com\/blog\/category\/blogu-i-udhetarit\/"},"img":{"alt_text":"","src":"https:\/\/i0.wp.com\/www.shqiperia.com\/blog\/wp-content\/uploads\/2024\/08\/454277966_3733672036876622_5175999308532462651_n.jpg?fit=512%2C350&ssl=1&resize=350%2C200","width":350,"height":200},"classes":[]},{"id":54376,"url":"https:\/\/www.shqiperia.com\/blog\/plas-keq-debati-ne-komision-rama-i-kthehet-deputetit-nuk-ka-lindur-ai-burre-qe-me\/","url_meta":{"origin":59735,"position":4},"title":"Plas keq debati n\u00eb Komision: &#8211; \u00a0Rama i kthehet deputetit: Nuk ka lindur ai burr\u00eb q\u00eb m\u00eb&#8230;","author":"Kurt Farka","date":"February 23, 2022","format":false,"excerpt":"Plas keq debati n\u00eb Komision: - \u00a0Rama i kthehet deputetit: Nuk ka lindur ai burr\u00eb q\u00eb m\u00eb... 23 SHKURT 2022 Kryeministri ka debatuar me deputetin demokrat Lu\u00e7iano Bo\u00e7i n\u00eb Komisionin Hetimor p\u00ebr Incenerator\u00ebt. Bo\u00e7i e pyeti Ram\u00ebn n\u00ebse ka nj\u00eb VKM q\u00eb ndryshon autoritetin kontraktor n\u00eb vitin 2018 nga Ministria\u2026","rel":"","context":"In &quot;Blogu i Udh\u00ebtarit&quot;","block_context":{"text":"Blogu i Udh\u00ebtarit","link":"https:\/\/www.shqiperia.com\/blog\/category\/blogu-i-udhetarit\/"},"img":{"alt_text":"","src":"https:\/\/i0.wp.com\/www.shqiperia.com\/blog\/wp-content\/uploads\/2022\/02\/800-0-621689854788f.png?fit=664%2C327&ssl=1&resize=350%2C200","width":350,"height":200,"srcset":"https:\/\/i0.wp.com\/www.shqiperia.com\/blog\/wp-content\/uploads\/2022\/02\/800-0-621689854788f.png?fit=664%2C327&ssl=1&resize=350%2C200 1x, https:\/\/i0.wp.com\/www.shqiperia.com\/blog\/wp-content\/uploads\/2022\/02\/800-0-621689854788f.png?fit=664%2C327&ssl=1&resize=525%2C300 1.5x"},"classes":[]},{"id":14710,"url":"https:\/\/www.shqiperia.com\/blog\/tek-klubi-parlament-tensionohet-situata-salianji-dhe-boci-godasin-ramen-me-ligjin-e-arsimit-te-larte-vasili-o-idiot\/","url_meta":{"origin":59735,"position":5},"title":"Tek Klubi \u201cParlament\u201d -Tensionohet situata, Salianji dhe Bo\u00e7i godasin Ram\u00ebn me ligjin e Arsimit t\u00eb Lart\u00eb, Vasili : O idiot\u2026","author":"Kurt Farka","date":"December 13, 2018","format":false,"excerpt":"Tek Klubi \u201cParlament\u201d -Tensionohet situata, Salianji dhe Bo\u00e7i godasin Ram\u00ebn me ligjin e Arsimit t\u00eb Lart\u00eb, Vasili : O idiot\u2026 \u00cbsht\u00eb shoq\u00ebruar me tensione seanca e sotme e Parlamentit. Deputeti i PD-s\u00eb, Ervin Salianji ka tentuar t\u00eb mos lejoj\u00eb t\u00eb flas kryeministri Rama gjat\u00eb seanc\u00ebs s\u00eb sotme. Salianji \u00ebsht\u00eb afruar\u2026","rel":"","context":"In &quot;Blogu i Udh\u00ebtarit&quot;","block_context":{"text":"Blogu i Udh\u00ebtarit","link":"https:\/\/www.shqiperia.com\/blog\/category\/blogu-i-udhetarit\/"},"img":{"alt_text":"","src":"https:\/\/i0.wp.com\/www.shqiperia.com\/blog\/wp-content\/uploads\/2018\/12\/prtoesta-Kuvendit-studentet1-433x300.jpg?fit=433%2C300&ssl=1&resize=350%2C200","width":350,"height":200},"classes":[]}],"_links":{"self":[{"href":"https:\/\/www.shqiperia.com\/blog\/wp-json\/wp\/v2\/posts\/59735","targetHints":{"allow":["GET"]}}],"collection":[{"href":"https:\/\/www.shqiperia.com\/blog\/wp-json\/wp\/v2\/posts"}],"about":[{"href":"https:\/\/www.shqiperia.com\/blog\/wp-json\/wp\/v2\/types\/post"}],"author":[{"embeddable":true,"href":"https:\/\/www.shqiperia.com\/blog\/wp-json\/wp\/v2\/users\/9"}],"replies":[{"embeddable":true,"href":"https:\/\/www.shqiperia.com\/blog\/wp-json\/wp\/v2\/comments?post=59735"}],"version-history":[{"count":2,"href":"https:\/\/www.shqiperia.com\/blog\/wp-json\/wp\/v2\/posts\/59735\/revisions"}],"predecessor-version":[{"id":59738,"href":"https:\/\/www.shqiperia.com\/blog\/wp-json\/wp\/v2\/posts\/59735\/revisions\/59738"}],"wp:featuredmedia":[{"embeddable":true,"href":"https:\/\/www.shqiperia.com\/blog\/wp-json\/wp\/v2\/media\/59736"}],"wp:attachment":[{"href":"https:\/\/www.shqiperia.com\/blog\/wp-json\/wp\/v2\/media?parent=59735"}],"wp:term":[{"taxonomy":"category","embeddable":true,"href":"https:\/\/www.shqiperia.com\/blog\/wp-json\/wp\/v2\/categories?post=59735"},{"taxonomy":"post_tag","embeddable":true,"href":"https:\/\/www.shqiperia.com\/blog\/wp-json\/wp\/v2\/tags?post=59735"}],"curies":[{"name":"wp","href":"https:\/\/api.w.org\/{rel}","templated":true}]}}