{"id":59731,"date":"2022-07-03T13:12:23","date_gmt":"2022-07-03T13:12:23","guid":{"rendered":"https:\/\/www.shqiperia.com\/blog\/?p=59731"},"modified":"2022-07-03T13:12:23","modified_gmt":"2022-07-03T13:12:23","slug":"kermilli-gjigand-fut-ne-karantine-qytetin-ne-florida","status":"publish","type":"post","link":"https:\/\/www.shqiperia.com\/blog\/kermilli-gjigand-fut-ne-karantine-qytetin-ne-florida\/","title":{"rendered":"K\u00ebrmilli gjigand fut n\u00eb karantin\u00eb qytetin n\u00eb Florida!"},"content":{"rendered":"<header class=\"single-header\">\n<div class=\"rb-container edge-padding\">\n<div class=\"single-header-inner\">\n<div class=\"single-header-content overlay-text\">\n<div class=\"s-cats ecat-bg-4 ecat-size-big\">\n<div class=\"p-categories\"><\/div>\n<\/div>\n<h1 class=\"s-title\"><img data-recalc-dims=\"1\" loading=\"lazy\" decoding=\"async\" class=\"alignnone  wp-image-59728\" alt=\"\" src=\"https:\/\/i0.wp.com\/www.shqiperia.com\/blog\/wp-content\/uploads\/2022\/07\/kermill-1280x720-1-Copy-1-300x127.jpg?resize=574%2C243&#038;ssl=1\" width=\"574\" height=\"243\" \/><\/h1>\n<div class=\"single-meta none-avatar\">\n<div class=\"smeta-in\">\n<div class=\"smeta-sec\">\n<div class=\"p-meta\">\n<div class=\"meta-inner is-meta\"><span class=\"meta-el meta-date\"><abbr class=\"date published\" title=\"2022-07-03T09:56:03+00:00\">3 Korrik, 2022<\/abbr><\/span><\/div>\n<\/div>\n<\/div>\n<\/div>\n<\/div>\n<\/div>\n<\/div>\n<\/div>\n<\/header>\n<div class=\"rb-container edge-padding\">\n<div class=\"grid-container\">\n<div class=\"s-ct\">\n<div class=\"s-ct-wrap has-lsl\">\n<div class=\"s-ct-inner\">\n<div class=\"l-shared-sec-outer\">\n<div class=\"l-shared-sec\">\n<div class=\"l-shared-items effect-fadeout is-color\"><\/div>\n<\/div>\n<\/div>\n<div class=\"e-ct-outer\">\n<div class=\"entry-content rbct clearfix is-highlight-shares\">\n<div class=\"block-wrapper\">\n<div class=\"block-wrapper-inner\">\n<p>Nj\u00eb k\u00ebrmill gjigand, q\u00eb ka p\u00ebrmasat e nj\u00eb miu, ka detyruar nj\u00eb<span>\u00a0<\/span><em><strong><a href=\"https:\/\/www.nytimes.com\/2022\/07\/01\/us\/giant-african-land-snail-florida.html\">qytet<\/a><\/strong><\/em><span>\u00a0<\/span>t\u00eb t\u00ebr\u00eb n\u00eb Florida q\u00eb t\u00eb futet n\u00eb karantin\u00eb.<\/p>\n<\/div>\n<\/div>\n<div class=\"block-wrapper mktngab\">\n<div class=\"block-wrapper-inner\">\n<p>Ky k\u00ebrmill, q\u00eb e ka origjin\u00ebn n\u00eb kontinentin afrikan mbart nj\u00eb parazit q\u00eb i shkakton meningjit njer\u00ebzve.<\/p>\n<\/div>\n<\/div>\n<div class=\"block-wrapper\">\n<div class=\"block-wrapper-inner\">\n<p>Karantina do t\u00eb zgjas\u00eb dy vite, por ndryshe nga karantina e koronavirusit, banor\u00ebt e Port Richey ndalohen vet\u00ebm t\u00eb l\u00ebvizin bim\u00eb, pleh dhe materiale nd\u00ebrtimi jasht\u00eb qytetit t\u00eb tyre.<\/p>\n<div id=\"attachment_59733\" style=\"width: 834px\" class=\"wp-caption alignnone\"><img data-recalc-dims=\"1\" loading=\"lazy\" decoding=\"async\" aria-describedby=\"caption-attachment-59733\" data-attachment-id=\"59733\" data-permalink=\"https:\/\/www.shqiperia.com\/blog\/kermilli-gjigand-fut-ne-karantine-qytetin-ne-florida\/kermilli-gjigand-fut-ne-karantine-qytetin-ne-florida\/\" data-orig-file=\"https:\/\/i0.wp.com\/www.shqiperia.com\/blog\/wp-content\/uploads\/2022\/07\/Kermilli-gjigand-fut-ne-karantine-qytetin-ne-Florida.jpg?fit=1045%2C443&amp;ssl=1\" data-orig-size=\"1045,443\" data-comments-opened=\"1\" data-image-meta=\"{&quot;aperture&quot;:&quot;0&quot;,&quot;credit&quot;:&quot;&quot;,&quot;camera&quot;:&quot;&quot;,&quot;caption&quot;:&quot;&quot;,&quot;created_timestamp&quot;:&quot;0&quot;,&quot;copyright&quot;:&quot;&quot;,&quot;focal_length&quot;:&quot;0&quot;,&quot;iso&quot;:&quot;0&quot;,&quot;shutter_speed&quot;:&quot;0&quot;,&quot;title&quot;:&quot;&quot;,&quot;orientation&quot;:&quot;0&quot;}\" data-image-title=\"K\u00ebrmilli gjigand fut n\u00eb karantin\u00eb qytetin n\u00eb Florida!\" data-image-description=\"\" data-image-caption=\"&lt;p&gt;K\u00ebrmilli gjigand fut n\u00eb karantin\u00eb qytetin n\u00eb Florida!&lt;\/p&gt;\n\" data-medium-file=\"https:\/\/i0.wp.com\/www.shqiperia.com\/blog\/wp-content\/uploads\/2022\/07\/Kermilli-gjigand-fut-ne-karantine-qytetin-ne-Florida.jpg?fit=300%2C127&amp;ssl=1\" data-large-file=\"https:\/\/i0.wp.com\/www.shqiperia.com\/blog\/wp-content\/uploads\/2022\/07\/Kermilli-gjigand-fut-ne-karantine-qytetin-ne-Florida.jpg?fit=1024%2C434&amp;ssl=1\" class=\" wp-image-59733\" alt=\"\" src=\"https:\/\/i0.wp.com\/www.shqiperia.com\/blog\/wp-content\/uploads\/2022\/07\/Kermilli-gjigand-fut-ne-karantine-qytetin-ne-Florida.jpg?resize=824%2C349&#038;ssl=1\" width=\"824\" height=\"349\" srcset=\"https:\/\/i0.wp.com\/www.shqiperia.com\/blog\/wp-content\/uploads\/2022\/07\/Kermilli-gjigand-fut-ne-karantine-qytetin-ne-Florida.jpg?resize=300%2C127&amp;ssl=1 300w, https:\/\/i0.wp.com\/www.shqiperia.com\/blog\/wp-content\/uploads\/2022\/07\/Kermilli-gjigand-fut-ne-karantine-qytetin-ne-Florida.jpg?resize=1024%2C434&amp;ssl=1 1024w, https:\/\/i0.wp.com\/www.shqiperia.com\/blog\/wp-content\/uploads\/2022\/07\/Kermilli-gjigand-fut-ne-karantine-qytetin-ne-Florida.jpg?resize=768%2C326&amp;ssl=1 768w, https:\/\/i0.wp.com\/www.shqiperia.com\/blog\/wp-content\/uploads\/2022\/07\/Kermilli-gjigand-fut-ne-karantine-qytetin-ne-Florida.jpg?resize=450%2C191&amp;ssl=1 450w, https:\/\/i0.wp.com\/www.shqiperia.com\/blog\/wp-content\/uploads\/2022\/07\/Kermilli-gjigand-fut-ne-karantine-qytetin-ne-Florida.jpg?resize=600%2C254&amp;ssl=1 600w, https:\/\/i0.wp.com\/www.shqiperia.com\/blog\/wp-content\/uploads\/2022\/07\/Kermilli-gjigand-fut-ne-karantine-qytetin-ne-Florida.jpg?resize=400%2C170&amp;ssl=1 400w, https:\/\/i0.wp.com\/www.shqiperia.com\/blog\/wp-content\/uploads\/2022\/07\/Kermilli-gjigand-fut-ne-karantine-qytetin-ne-Florida.jpg?w=1045&amp;ssl=1 1045w\" sizes=\"auto, (max-width: 824px) 100vw, 824px\" \/><p id=\"caption-attachment-59733\" class=\"wp-caption-text\">K\u00ebrmilli gjigand fut n\u00eb karantin\u00eb qytetin n\u00eb Florida!<\/p><\/div>\n<\/div>\n<\/div>\n<div class=\"block-wrapper mktngab\">\n<div class=\"block-wrapper-inner\">\n<p>Nj\u00eb k\u00ebrmill i till\u00eb, q\u00eb ka organe riprodhimi mashkullore dhe fem\u00ebrore nj\u00ebkoh\u00ebsisht, riprodhohet shum\u00eb shpejt, pasi b\u00ebn rreth 1200 vez\u00eb n\u00eb vit.<\/p>\n<p>Gazeta Dita<\/p>\n<\/div>\n<\/div>\n<\/div>\n<\/div>\n<\/div>\n<\/div>\n<\/div>\n<\/div>\n<\/div>\n","protected":false},"excerpt":{"rendered":"<p>3 Korrik, 2022 Nj\u00eb k\u00ebrmill gjigand, q\u00eb ka p\u00ebrmasat e nj\u00eb miu, ka detyruar nj\u00eb\u00a0qytet\u00a0t\u00eb t\u00ebr\u00eb n\u00eb Florida q\u00eb t\u00eb futet n\u00eb karantin\u00eb. Ky k\u00ebrmill, q\u00eb e ka origjin\u00ebn n\u00eb kontinentin afrikan mbart nj\u00eb parazit q\u00eb i shkakton meningjit njer\u00ebzve. Karantina do t\u00eb zgjas\u00eb dy vite, por ndryshe nga karantina e koronavirusit, banor\u00ebt e Port [&hellip;]<\/p>\n","protected":false},"author":9,"featured_media":59733,"comment_status":"open","ping_status":"open","sticky":false,"template":"","format":"standard","meta":{"jetpack_post_was_ever_published":false,"_jetpack_newsletter_access":"","_jetpack_dont_email_post_to_subs":false,"_jetpack_newsletter_tier_id":0,"_jetpack_memberships_contains_paywalled_content":false,"_jetpack_memberships_contains_paid_content":false,"footnotes":"","jetpack_publicize_message":"","jetpack_publicize_feature_enabled":true,"jetpack_social_post_already_shared":true,"jetpack_social_options":{"image_generator_settings":{"template":"highway","default_image_id":0,"font":"","enabled":false},"version":2}},"categories":[27,14,35],"tags":[],"class_list":["post-59731","post","type-post","status-publish","format-standard","has-post-thumbnail","hentry","category-blogu-i-udhetarit","category-press-releases","category-shoqerore"],"jetpack_publicize_connections":[],"jetpack_featured_media_url":"https:\/\/i0.wp.com\/www.shqiperia.com\/blog\/wp-content\/uploads\/2022\/07\/Kermilli-gjigand-fut-ne-karantine-qytetin-ne-Florida.jpg?fit=1045%2C443&ssl=1","jetpack_sharing_enabled":true,"jetpack_shortlink":"https:\/\/wp.me\/p5Z6wp-fxp","jetpack-related-posts":[{"id":87872,"url":"https:\/\/www.shqiperia.com\/blog\/konfirmohet-gripi-i-shpendeve-ne-tirane-ekspertet-vendosin-masa-emergjente-dhe-karantine\/","url_meta":{"origin":59731,"position":0},"title":"Konfirmohet gripi i shpend\u00ebve n\u00eb Tiran\u00eb, ekspert\u00ebt vendosin masa emergjente dhe karantin\u00eb","author":"Kurt Farka","date":"December 28, 2024","format":false,"excerpt":"28 Dhjetor 2024 Nj\u00eb vat\u00ebr e re e gripit t\u00eb shpend\u00ebve \u00ebsht\u00eb zbuluar n\u00eb Zall-Herr, Tiran\u00eb, ku jan\u00eb gjetur shenja t\u00eb s\u00ebmundjes s\u00eb Influenc\u00ebs Aviare me patogjenitet t\u00eb lart\u00eb (H5N1). Pas konfirmimit t\u00eb pranish\u00ebm nga Instituti i Siguris\u00eb Ushqimore dhe Veterinaris\u00eb, Autoriteti Komb\u00ebtar i Veterinaris\u00eb dhe Mbrojtjes s\u00eb Bim\u00ebve ka\u2026","rel":"","context":"In &quot;Blogu i Udh\u00ebtarit&quot;","block_context":{"text":"Blogu i Udh\u00ebtarit","link":"https:\/\/www.shqiperia.com\/blog\/category\/blogu-i-udhetarit\/"},"img":{"alt_text":"","src":"https:\/\/i0.wp.com\/www.shqiperia.com\/blog\/wp-content\/uploads\/2024\/12\/gripi-1-1140x570-1.jpg?fit=1140%2C570&ssl=1&resize=350%2C200","width":350,"height":200,"srcset":"https:\/\/i0.wp.com\/www.shqiperia.com\/blog\/wp-content\/uploads\/2024\/12\/gripi-1-1140x570-1.jpg?fit=1140%2C570&ssl=1&resize=350%2C200 1x, https:\/\/i0.wp.com\/www.shqiperia.com\/blog\/wp-content\/uploads\/2024\/12\/gripi-1-1140x570-1.jpg?fit=1140%2C570&ssl=1&resize=525%2C300 1.5x, https:\/\/i0.wp.com\/www.shqiperia.com\/blog\/wp-content\/uploads\/2024\/12\/gripi-1-1140x570-1.jpg?fit=1140%2C570&ssl=1&resize=700%2C400 2x, https:\/\/i0.wp.com\/www.shqiperia.com\/blog\/wp-content\/uploads\/2024\/12\/gripi-1-1140x570-1.jpg?fit=1140%2C570&ssl=1&resize=1050%2C600 3x"},"classes":[]},{"id":98679,"url":"https:\/\/www.shqiperia.com\/blog\/foto-lajm-kapet-nga-peshkataret-ne-vlore-peshku-helmues\/","url_meta":{"origin":59731,"position":1},"title":"FOTO-LAJM\/ Kapet nga peshkatar\u00ebt n\u00eb Vlor\u00eb peshku helmues","author":"Kurt Farka","date":"March 25, 2026","format":false,"excerpt":"25 Mars 2026 Peshkatar\u00ebt n\u00eb Vlor\u00eb kan\u00eb kapur her\u00eb t\u00eb dyt\u00eb peshkun Para, ose njohur ndryshe peshku Gjyle, peshku m\u00eb helmues i uj\u00ebrave t\u00eb kripura. Ky lloj konsiderohet nj\u00eb peshk tep\u00ebr i rreziksh\u00ebm. Drejtuesi i Portit t\u00eb Peshkimit Radhim\u00eb Sherif Dyrmishi thot\u00eb se peshkatar\u00ebt dhe qytetar\u00ebt duhet t\u00eb jen\u00eb t\u00eb\u2026","rel":"","context":"In &quot;Blogu i Udh\u00ebtarit&quot;","block_context":{"text":"Blogu i Udh\u00ebtarit","link":"https:\/\/www.shqiperia.com\/blog\/category\/blogu-i-udhetarit\/"},"img":{"alt_text":"","src":"https:\/\/i0.wp.com\/www.shqiperia.com\/blog\/wp-content\/uploads\/2026\/03\/640-0-ed23d30bfbf15c51678ae1223e33bd0b.jpg?fit=640%2C336&ssl=1&resize=350%2C200","width":350,"height":200,"srcset":"https:\/\/i0.wp.com\/www.shqiperia.com\/blog\/wp-content\/uploads\/2026\/03\/640-0-ed23d30bfbf15c51678ae1223e33bd0b.jpg?fit=640%2C336&ssl=1&resize=350%2C200 1x, https:\/\/i0.wp.com\/www.shqiperia.com\/blog\/wp-content\/uploads\/2026\/03\/640-0-ed23d30bfbf15c51678ae1223e33bd0b.jpg?fit=640%2C336&ssl=1&resize=525%2C300 1.5x"},"classes":[]},{"id":90377,"url":"https:\/\/www.shqiperia.com\/blog\/dashnor-sula-do-hy-me-cdo-rruge-ne-parlament-album-fotografik-gazmor\/","url_meta":{"origin":59731,"position":2},"title":"Dashnor Sula: &#8211; Do hy me cdo rruge ne Parlament. &#8211; Album fotografik gazmor","author":"Kurt Farka","date":"March 14, 2025","format":false,"excerpt":"14 Mars - Dite Vere 2025.","rel":"","context":"In &quot;Blogu i Udh\u00ebtarit&quot;","block_context":{"text":"Blogu i Udh\u00ebtarit","link":"https:\/\/www.shqiperia.com\/blog\/category\/blogu-i-udhetarit\/"},"img":{"alt_text":"","src":"https:\/\/i0.wp.com\/www.shqiperia.com\/blog\/wp-content\/uploads\/2025\/03\/Dashnor-sula-ne-rrugetimin-e-Ri-Politik-1.webp?fit=939%2C677&ssl=1&resize=350%2C200","width":350,"height":200,"srcset":"https:\/\/i0.wp.com\/www.shqiperia.com\/blog\/wp-content\/uploads\/2025\/03\/Dashnor-sula-ne-rrugetimin-e-Ri-Politik-1.webp?fit=939%2C677&ssl=1&resize=350%2C200 1x, https:\/\/i0.wp.com\/www.shqiperia.com\/blog\/wp-content\/uploads\/2025\/03\/Dashnor-sula-ne-rrugetimin-e-Ri-Politik-1.webp?fit=939%2C677&ssl=1&resize=525%2C300 1.5x, https:\/\/i0.wp.com\/www.shqiperia.com\/blog\/wp-content\/uploads\/2025\/03\/Dashnor-sula-ne-rrugetimin-e-Ri-Politik-1.webp?fit=939%2C677&ssl=1&resize=700%2C400 2x"},"classes":[]},{"id":92304,"url":"https:\/\/www.shqiperia.com\/blog\/surprizon-sali-berisha-shfaqet-me-kokoren-e-minatorit-ne-bulqize-premton-statusin\/","url_meta":{"origin":59731,"position":3},"title":"Surprizon Sali Berisha! &#8211; Shfaqet me kokoren e minatorit n\u00eb Bulqiz\u00eb, premton statusin","author":"Kurt Farka","date":"May 5, 2025","format":false,"excerpt":"5 Maji 2025 Kreu i Partis\u00eb Demokratike Sali Berisha ka surprizuar gjat\u00eb takimit t\u00eb tij n\u00eb qytetin e Bulqiz\u00ebs. Ai ka veshur nj\u00eb kokore, gjat\u00eb takimeve q\u00eb ka pasur me qytetar\u00ebt.","rel":"","context":"In &quot;Blogu i Udh\u00ebtarit&quot;","block_context":{"text":"Blogu i Udh\u00ebtarit","link":"https:\/\/www.shqiperia.com\/blog\/category\/blogu-i-udhetarit\/"},"img":{"alt_text":"","src":"https:\/\/i0.wp.com\/www.shqiperia.com\/blog\/wp-content\/uploads\/2025\/05\/Berisha-kokore2.jpg?fit=1128%2C645&ssl=1&resize=350%2C200","width":350,"height":200,"srcset":"https:\/\/i0.wp.com\/www.shqiperia.com\/blog\/wp-content\/uploads\/2025\/05\/Berisha-kokore2.jpg?fit=1128%2C645&ssl=1&resize=350%2C200 1x, https:\/\/i0.wp.com\/www.shqiperia.com\/blog\/wp-content\/uploads\/2025\/05\/Berisha-kokore2.jpg?fit=1128%2C645&ssl=1&resize=525%2C300 1.5x, https:\/\/i0.wp.com\/www.shqiperia.com\/blog\/wp-content\/uploads\/2025\/05\/Berisha-kokore2.jpg?fit=1128%2C645&ssl=1&resize=700%2C400 2x, https:\/\/i0.wp.com\/www.shqiperia.com\/blog\/wp-content\/uploads\/2025\/05\/Berisha-kokore2.jpg?fit=1128%2C645&ssl=1&resize=1050%2C600 3x"},"classes":[]},{"id":97936,"url":"https:\/\/www.shqiperia.com\/blog\/lekundje-termeti-ne-elbasan-dhe-lushnje-ja-sa-ishte-magnituda\/","url_meta":{"origin":59731,"position":4},"title":"L\u00ebkundje t\u00ebrmeti n\u00eb Elbasan dhe Lushnje, ja sa ishte magnituda","author":"Kurt Farka","date":"February 24, 2026","format":false,"excerpt":"24 Shkurt 2026 L\u00ebkundje sizmike jan\u00eb regjistruar vet\u00ebm pak momente m\u00eb par\u00eb n\u00eb qytetin e Elbasanit. Raportohet se l\u00ebkundjet kan\u00eb qen\u00eb n\u00eb mas\u00ebn 4.3 ball\u00eb t\u00eb shkall\u00ebs Rihter, nd\u00ebrsa kan\u00eb pasur thell\u00ebsi prej 13 kilometrash. L\u00ebkundjet jan\u00eb regjistruar 6 kilometra n\u00eb veri-per\u00ebndim t\u00eb Lushnjes dhe 37 kilometra n\u00eb jug-per\u00ebndim t\u00eb\u2026","rel":"","context":"In &quot;Blogu i Udh\u00ebtarit&quot;","block_context":{"text":"Blogu i Udh\u00ebtarit","link":"https:\/\/www.shqiperia.com\/blog\/category\/blogu-i-udhetarit\/"},"img":{"alt_text":"","src":"https:\/\/i0.wp.com\/www.shqiperia.com\/blog\/wp-content\/uploads\/2026\/02\/termettt-1.jpg?fit=704%2C457&ssl=1&resize=350%2C200","width":350,"height":200,"srcset":"https:\/\/i0.wp.com\/www.shqiperia.com\/blog\/wp-content\/uploads\/2026\/02\/termettt-1.jpg?fit=704%2C457&ssl=1&resize=350%2C200 1x, https:\/\/i0.wp.com\/www.shqiperia.com\/blog\/wp-content\/uploads\/2026\/02\/termettt-1.jpg?fit=704%2C457&ssl=1&resize=525%2C300 1.5x, https:\/\/i0.wp.com\/www.shqiperia.com\/blog\/wp-content\/uploads\/2026\/02\/termettt-1.jpg?fit=704%2C457&ssl=1&resize=700%2C400 2x"},"classes":[]},{"id":89163,"url":"https:\/\/www.shqiperia.com\/blog\/ne-buenos-aires-lumi-behet-i-kuq-ja-kuptimi-i-fenomenit\/","url_meta":{"origin":59731,"position":5},"title":"N\u00eb Buenos Aires lumi b\u00ebhet i kuq, ja kuptimi i fenomenit","author":"Kurt Farka","date":"February 7, 2025","format":false,"excerpt":"7 Shkurt 2025 Alarm n\u00eb Buenos Aires, pasi lumi Sarandi, q\u00eb kalon n\u00eb periferi t\u00eb kryeqytetit argjentinas, mori nj\u00eb ngjyr\u00eb t\u00eb kuqe, gj\u00eb q\u00eb sugjeron nivele t\u00eb larta ndotjeje. Fenomeni ende i pashpjeguar nga autoritetet ka ndodhur n\u00eb komun\u00ebn e Avellaned\u00ebs dhe ka rritur dyshimet p\u00ebr pranin\u00eb e substancave toksike\u2026","rel":"","context":"In &quot;Blogu i Udh\u00ebtarit&quot;","block_context":{"text":"Blogu i Udh\u00ebtarit","link":"https:\/\/www.shqiperia.com\/blog\/category\/blogu-i-udhetarit\/"},"img":{"alt_text":"","src":"https:\/\/i0.wp.com\/www.shqiperia.com\/blog\/wp-content\/uploads\/2025\/02\/640-0-95c83057fe9b98def5b840ff9c0ecd10.jpg?fit=640%2C415&ssl=1&resize=350%2C200","width":350,"height":200,"srcset":"https:\/\/i0.wp.com\/www.shqiperia.com\/blog\/wp-content\/uploads\/2025\/02\/640-0-95c83057fe9b98def5b840ff9c0ecd10.jpg?fit=640%2C415&ssl=1&resize=350%2C200 1x, https:\/\/i0.wp.com\/www.shqiperia.com\/blog\/wp-content\/uploads\/2025\/02\/640-0-95c83057fe9b98def5b840ff9c0ecd10.jpg?fit=640%2C415&ssl=1&resize=525%2C300 1.5x"},"classes":[]}],"_links":{"self":[{"href":"https:\/\/www.shqiperia.com\/blog\/wp-json\/wp\/v2\/posts\/59731","targetHints":{"allow":["GET"]}}],"collection":[{"href":"https:\/\/www.shqiperia.com\/blog\/wp-json\/wp\/v2\/posts"}],"about":[{"href":"https:\/\/www.shqiperia.com\/blog\/wp-json\/wp\/v2\/types\/post"}],"author":[{"embeddable":true,"href":"https:\/\/www.shqiperia.com\/blog\/wp-json\/wp\/v2\/users\/9"}],"replies":[{"embeddable":true,"href":"https:\/\/www.shqiperia.com\/blog\/wp-json\/wp\/v2\/comments?post=59731"}],"version-history":[{"count":1,"href":"https:\/\/www.shqiperia.com\/blog\/wp-json\/wp\/v2\/posts\/59731\/revisions"}],"predecessor-version":[{"id":59734,"href":"https:\/\/www.shqiperia.com\/blog\/wp-json\/wp\/v2\/posts\/59731\/revisions\/59734"}],"wp:featuredmedia":[{"embeddable":true,"href":"https:\/\/www.shqiperia.com\/blog\/wp-json\/wp\/v2\/media\/59733"}],"wp:attachment":[{"href":"https:\/\/www.shqiperia.com\/blog\/wp-json\/wp\/v2\/media?parent=59731"}],"wp:term":[{"taxonomy":"category","embeddable":true,"href":"https:\/\/www.shqiperia.com\/blog\/wp-json\/wp\/v2\/categories?post=59731"},{"taxonomy":"post_tag","embeddable":true,"href":"https:\/\/www.shqiperia.com\/blog\/wp-json\/wp\/v2\/tags?post=59731"}],"curies":[{"name":"wp","href":"https:\/\/api.w.org\/{rel}","templated":true}]}}