{"id":59721,"date":"2022-07-03T12:55:54","date_gmt":"2022-07-03T12:55:54","guid":{"rendered":"https:\/\/www.shqiperia.com\/blog\/?p=59721"},"modified":"2022-07-03T12:55:54","modified_gmt":"2022-07-03T12:55:54","slug":"ndoshta-po-perhapet-mode-e-re-dy-vajzat-vizitojne-qytetin-historik-teresisht-nudo","status":"publish","type":"post","link":"https:\/\/www.shqiperia.com\/blog\/ndoshta-po-perhapet-mode-e-re-dy-vajzat-vizitojne-qytetin-historik-teresisht-nudo\/","title":{"rendered":"&#8220;Ndoshta po perhapet Mode e Re&#8221;: &#8211; Dy vajzat vizitojn\u00eb qytetin historik t\u00ebr\u00ebsisht nudo"},"content":{"rendered":"<div class=\"c-header-content\">\n<div id=\"attachment_59723\" style=\"width: 673px\" class=\"wp-caption alignnone\"><img data-recalc-dims=\"1\" loading=\"lazy\" decoding=\"async\" aria-describedby=\"caption-attachment-59723\" data-attachment-id=\"59723\" data-permalink=\"https:\/\/www.shqiperia.com\/blog\/ndoshta-po-perhapet-mode-e-re-dy-vajzat-vizitojne-qytetin-historik-teresisht-nudo\/dy-vajzat-vizitojne-qytetin-historik-teresisht-nudo\/\" data-orig-file=\"https:\/\/i0.wp.com\/www.shqiperia.com\/blog\/wp-content\/uploads\/2022\/07\/Dy-vajzat-vizitojne-qytetin-historik-teresisht-nudo.jpeg?fit=542%2C276&amp;ssl=1\" data-orig-size=\"542,276\" data-comments-opened=\"1\" data-image-meta=\"{&quot;aperture&quot;:&quot;0&quot;,&quot;credit&quot;:&quot;&quot;,&quot;camera&quot;:&quot;&quot;,&quot;caption&quot;:&quot;&quot;,&quot;created_timestamp&quot;:&quot;0&quot;,&quot;copyright&quot;:&quot;&quot;,&quot;focal_length&quot;:&quot;0&quot;,&quot;iso&quot;:&quot;0&quot;,&quot;shutter_speed&quot;:&quot;0&quot;,&quot;title&quot;:&quot;&quot;,&quot;orientation&quot;:&quot;0&quot;}\" data-image-title=\"&#8211; Dy vajzat vizitojn\u00eb qytetin historik t\u00ebr\u00ebsisht nudo\" data-image-description=\"\" data-image-caption=\"&lt;p&gt;&#8211; Dy vajzat vizitojn\u00eb qytetin historik t\u00ebr\u00ebsisht nudo&lt;\/p&gt;\n\" data-medium-file=\"https:\/\/i0.wp.com\/www.shqiperia.com\/blog\/wp-content\/uploads\/2022\/07\/Dy-vajzat-vizitojne-qytetin-historik-teresisht-nudo.jpeg?fit=300%2C153&amp;ssl=1\" data-large-file=\"https:\/\/i0.wp.com\/www.shqiperia.com\/blog\/wp-content\/uploads\/2022\/07\/Dy-vajzat-vizitojne-qytetin-historik-teresisht-nudo.jpeg?fit=542%2C276&amp;ssl=1\" class=\" wp-image-59723\" alt=\"\" src=\"https:\/\/i0.wp.com\/www.shqiperia.com\/blog\/wp-content\/uploads\/2022\/07\/Dy-vajzat-vizitojne-qytetin-historik-teresisht-nudo.jpeg?resize=663%2C338&#038;ssl=1\" width=\"663\" height=\"338\" srcset=\"https:\/\/i0.wp.com\/www.shqiperia.com\/blog\/wp-content\/uploads\/2022\/07\/Dy-vajzat-vizitojne-qytetin-historik-teresisht-nudo.jpeg?resize=300%2C153&amp;ssl=1 300w, https:\/\/i0.wp.com\/www.shqiperia.com\/blog\/wp-content\/uploads\/2022\/07\/Dy-vajzat-vizitojne-qytetin-historik-teresisht-nudo.jpeg?resize=450%2C229&amp;ssl=1 450w, https:\/\/i0.wp.com\/www.shqiperia.com\/blog\/wp-content\/uploads\/2022\/07\/Dy-vajzat-vizitojne-qytetin-historik-teresisht-nudo.jpeg?resize=400%2C204&amp;ssl=1 400w, https:\/\/i0.wp.com\/www.shqiperia.com\/blog\/wp-content\/uploads\/2022\/07\/Dy-vajzat-vizitojne-qytetin-historik-teresisht-nudo.jpeg?w=542&amp;ssl=1 542w\" sizes=\"auto, (max-width: 663px) 100vw, 663px\" \/><p id=\"caption-attachment-59723\" class=\"wp-caption-text\">&#8211; Dy vajzat vizitojn\u00eb qytetin historik t\u00ebr\u00ebsisht nudo<\/p><\/div>\n<div class=\"c-flexy\">\n<div class=\"c-article_info\">\n<div class=\"c-writers_pic\"><\/div>\n<div class=\"c-writers_content\"><span class=\"open-a-date\">3 Korrik 2022<\/span><\/div>\n<\/div>\n<div class=\"addthis_inline_share_toolbox\" data-url=\"https:\/\/www.gazeta-shqip.com\/\/lifestyle\/temperaturat-ekstreme-cmendin-turistet-dy-vajzat-vizitojne-qytetin-his-i1182111\" data-title=\"Temperaturat ekstreme \u2018\u00e7mendin\u2019 turistet\/ Dy vajzat\u00a0vizitojn\u00eb qytetin historik t\u00ebr\u00ebsisht nudo (VIDEO)\" data-description=\"Nj\u00eb video q\u00eb tregon dy turiste duke ecur t\u00ebr\u00ebsisht nudo n\u00eb qendr\u00ebn historike t\u00eb Gialopolit \u00ebsht\u00eb b\u00ebr\u00eb virale n\u00eb rrjet\">\n<div class=\"at-resp-share-element at-style-responsive addthis-smartlayers addthis-animated at4-show\" id=\"atstbx\" aria-labelledby=\"at-c746d572-2d80-4bf0-ac78-6e114b9675ab\"><span class=\"at4-visually-hidden\" id=\"at-c746d572-2d80-4bf0-ac78-6e114b9675ab\"><\/span><\/p>\n<div class=\"at-share-btn-elements active\"><a class=\"at-icon-wrapper at-share-btn at-svc-facebook\"><span class=\"at4-visually-hidden\"><\/span><span class=\"at-icon-wrapper\"><\/span><\/a>Temperaturat ekstreme \u2018\u00e7mendin\u2019 turistet\/ Dy vajzat vizitojn\u00eb qytetin historik t\u00ebr\u00ebsisht nudo.<\/p>\n<\/div>\n<\/div>\n<\/div>\n<\/div>\n<\/div>\n<div class=\"c-flexy\">\n<div class=\"c-open-content\">\n<p>Nj\u00eb video q\u00eb tregon dy turiste duke ecur t\u00ebr\u00ebsisht nudo n\u00eb qendr\u00ebn historike t\u00eb Gialopolit \u00ebsht\u00eb b\u00ebr\u00eb virale n\u00eb rrjet.<\/p>\n<p>Duket se temperaturat ekstreme t\u00eb k\u00ebsaj vere po i shtyjn\u00eb njer\u00ebzit drejt veprimeve akoma dhe m\u00eb ekstreme dhe kjo video e d\u00ebshmon k\u00ebt\u00eb.<\/p>\n<p>Videoja e cila u b\u00eb menj\u00ebher\u00eb virale, \u00ebsht\u00eb publikuar n\u00eb rrjetet sociale rreth or\u00ebs 6.30 t\u00eb m\u00ebngjesit t\u00eb sot\u00ebm dhe aty shfaqen dy vajza q\u00eb ecin lakuriq n\u00eb pjes\u00ebn e vjet\u00ebr t\u00eb qytetit q\u00eb ndodhet n\u00eb bregdetin pulian, ndoshta pasi jan\u00eb lar\u00eb her\u00ebt n\u00eb m\u00ebngjes n\u00eb Seno della Purit\u00e0, nj\u00eb plazh &#8216;alternativ&#8217; i frekuentuar kryesisht nga t\u00eb rinjt\u00eb, madje edhe n\u00eb nat\u00ebn.<\/p>\n<p>Turistet kaluan rrug\u00ebt e qendr\u00ebs historike sikur t\u00eb mos kishte ndodhur asgj\u00eb p\u00ebr t&#8217;u kthyer me shum\u00eb gjasa n\u00eb sht\u00ebpin\u00eb e marr\u00eb me qira p\u00ebr pushime. T\u00eb shokuar jan\u00eb operator\u00ebt e sh\u00ebrbimit t\u00eb higjien\u00ebs urbane, t\u00eb cil\u00ebt nuk u besonin syve.<\/p>\n<\/div>\n<\/div>\n","protected":false},"excerpt":{"rendered":"<p>3 Korrik 2022 Temperaturat ekstreme \u2018\u00e7mendin\u2019 turistet\/ Dy vajzat vizitojn\u00eb qytetin historik t\u00ebr\u00ebsisht nudo. Nj\u00eb video q\u00eb tregon dy turiste duke ecur t\u00ebr\u00ebsisht nudo n\u00eb qendr\u00ebn historike t\u00eb Gialopolit \u00ebsht\u00eb b\u00ebr\u00eb virale n\u00eb rrjet. Duket se temperaturat ekstreme t\u00eb k\u00ebsaj vere po i shtyjn\u00eb njer\u00ebzit drejt veprimeve akoma dhe m\u00eb ekstreme dhe kjo video e [&hellip;]<\/p>\n","protected":false},"author":9,"featured_media":59723,"comment_status":"open","ping_status":"open","sticky":false,"template":"","format":"standard","meta":{"jetpack_post_was_ever_published":false,"_jetpack_newsletter_access":"","_jetpack_dont_email_post_to_subs":false,"_jetpack_newsletter_tier_id":0,"_jetpack_memberships_contains_paywalled_content":false,"_jetpack_memberships_contains_paid_content":false,"footnotes":"","jetpack_publicize_message":"","jetpack_publicize_feature_enabled":true,"jetpack_social_post_already_shared":true,"jetpack_social_options":{"image_generator_settings":{"template":"highway","default_image_id":0,"font":"","enabled":false},"version":2}},"categories":[27,14,35],"tags":[],"class_list":["post-59721","post","type-post","status-publish","format-standard","has-post-thumbnail","hentry","category-blogu-i-udhetarit","category-press-releases","category-shoqerore"],"jetpack_publicize_connections":[],"jetpack_featured_media_url":"https:\/\/i0.wp.com\/www.shqiperia.com\/blog\/wp-content\/uploads\/2022\/07\/Dy-vajzat-vizitojne-qytetin-historik-teresisht-nudo.jpeg?fit=542%2C276&ssl=1","jetpack_sharing_enabled":true,"jetpack_shortlink":"https:\/\/wp.me\/p5Z6wp-fxf","jetpack-related-posts":[{"id":97467,"url":"https:\/\/www.shqiperia.com\/blog\/gjirokaster-absurdi-me-biletat-turistet-paguajne-dy-here-hyrjen-ne-kala\/","url_meta":{"origin":59721,"position":0},"title":"Gjirokast\u00ebr, absurdi me biletat, turist\u00ebt paguajn\u00eb dy her\u00eb hyrjen n\u00eb kala","author":"Kurt Farka","date":"February 7, 2026","format":false,"excerpt":"7 Shkurt 2026 Nj\u00eb anomali e pad\u00ebgjuar ndodh n\u00eb Kalan\u00eb e Gjirokastr\u00ebs, ku turist\u00ebt vendas dhe t\u00eb huaj, duhet t\u00eb paguajn\u00eb dy bileta t\u00eb ndryshme p\u00ebr t\u00eb vizituar sitin historik. Bileta e par\u00eb paguhet p\u00ebr hyrjen n\u00eb kala, nd\u00ebrsa e dyta paguhet p\u00ebr t\u00eb vizituar muzuen e arm\u00ebve, i cili\u2026","rel":"","context":"In &quot;Blogu i Udh\u00ebtarit&quot;","block_context":{"text":"Blogu i Udh\u00ebtarit","link":"https:\/\/www.shqiperia.com\/blog\/category\/blogu-i-udhetarit\/"},"img":{"alt_text":"","src":"https:\/\/i0.wp.com\/www.shqiperia.com\/blog\/wp-content\/uploads\/2026\/02\/Pamje-e-stendes-se-muzeut-ku-jane-objektet-e-grabitura.jpg?fit=640%2C394&ssl=1&resize=350%2C200","width":350,"height":200,"srcset":"https:\/\/i0.wp.com\/www.shqiperia.com\/blog\/wp-content\/uploads\/2026\/02\/Pamje-e-stendes-se-muzeut-ku-jane-objektet-e-grabitura.jpg?fit=640%2C394&ssl=1&resize=350%2C200 1x, https:\/\/i0.wp.com\/www.shqiperia.com\/blog\/wp-content\/uploads\/2026\/02\/Pamje-e-stendes-se-muzeut-ku-jane-objektet-e-grabitura.jpg?fit=640%2C394&ssl=1&resize=525%2C300 1.5x"},"classes":[]},{"id":36968,"url":"https:\/\/www.shqiperia.com\/blog\/muzete-e-beratit-ne-vemendjen-e-vizitoreve-vendas-dhe-te-huaj\/","url_meta":{"origin":59721,"position":1},"title":"Muzet\u00eb e Beratit, n\u00eb v\u00ebmendjen e vizitor\u00ebve vendas dhe t\u00eb huaj","author":"Kurt Farka","date":"August 8, 2020","format":false,"excerpt":"Muzet\u00eb e Beratit, n\u00eb v\u00ebmendjen e vizitor\u00ebve vendas dhe t\u00eb huaj 7 GUSHT 2020 Muzet\u00eb n\u00eb qytetin e Beratit vazhdojn\u00eb t\u00eb jen\u00eb n\u00eb v\u00ebmendjen e vizitor\u00ebve. Qendra Komb\u00ebtare e Muzeumeve, Berat, shprehet se dhe pse nj\u00eb i nxeht\u00eb vere vizitor\u00ebt nuk kan\u00eb munguar p\u00ebr t\u00eb par\u00eb pasurin\u00eb, q\u00eb kan\u00eb dy\u2026","rel":"","context":"In &quot;Histori&quot;","block_context":{"text":"Histori","link":"https:\/\/www.shqiperia.com\/blog\/category\/histori\/"},"img":{"alt_text":"","src":"https:\/\/i0.wp.com\/www.shqiperia.com\/blog\/wp-content\/uploads\/2020\/08\/images.jpg?resize=350%2C200&ssl=1","width":350,"height":200,"srcset":"https:\/\/i0.wp.com\/www.shqiperia.com\/blog\/wp-content\/uploads\/2020\/08\/images.jpg?resize=350%2C200&ssl=1 1x, https:\/\/i0.wp.com\/www.shqiperia.com\/blog\/wp-content\/uploads\/2020\/08\/images.jpg?resize=525%2C300&ssl=1 1.5x"},"classes":[]},{"id":25935,"url":"https:\/\/www.shqiperia.com\/blog\/thesari-i-arte-trak-nga-kralevo-bullgari\/","url_meta":{"origin":59721,"position":2},"title":"Thesari i art\u00eb Trak nga Kralevo Bullgari. &#8211;","author":"Kurt Farka","date":"September 15, 2019","format":false,"excerpt":"Thesari i art\u00eb Trak nga Kralevo Bullgari. - Nga:\u00a0Diana Cankova Trak\u00ebt kan\u00eb besuar se jeta e v\u00ebrtet\u00eb fillon pas vdekjes. Prandaj dhe jan\u00eb munduar t\u2019i p\u00ebrcjellin ashtu si\u00e7 duhet t\u00eb af\u00ebrmit e vet nga kjo tok\u00eb \u2013 t\u00eb rrethuar me boll\u00ebk, n\u00eb m\u00ebnyr\u00eb q\u00eb t\u00eb mos u mungoj\u00eb asgj\u00eb n\u00eb\u2026","rel":"","context":"In &quot;Blogu i Udh\u00ebtarit&quot;","block_context":{"text":"Blogu i Udh\u00ebtarit","link":"https:\/\/www.shqiperia.com\/blog\/category\/blogu-i-udhetarit\/"},"img":{"alt_text":"","src":"https:\/\/i0.wp.com\/www.shqiperia.com\/blog\/wp-content\/uploads\/2019\/09\/d56cfae9f65db690f9e45a2794c5d868.jpg?fit=925%2C520&ssl=1&resize=350%2C200","width":350,"height":200,"srcset":"https:\/\/i0.wp.com\/www.shqiperia.com\/blog\/wp-content\/uploads\/2019\/09\/d56cfae9f65db690f9e45a2794c5d868.jpg?fit=925%2C520&ssl=1&resize=350%2C200 1x, https:\/\/i0.wp.com\/www.shqiperia.com\/blog\/wp-content\/uploads\/2019\/09\/d56cfae9f65db690f9e45a2794c5d868.jpg?fit=925%2C520&ssl=1&resize=525%2C300 1.5x, https:\/\/i0.wp.com\/www.shqiperia.com\/blog\/wp-content\/uploads\/2019\/09\/d56cfae9f65db690f9e45a2794c5d868.jpg?fit=925%2C520&ssl=1&resize=700%2C400 2x"},"classes":[]},{"id":49815,"url":"https:\/\/www.shqiperia.com\/blog\/talebanet-lejojne-vajzat-te-shkojne-ne-universitet-por-me-dy-kushte\/","url_meta":{"origin":59721,"position":3},"title":"Taleban\u00ebt lejojn\u00eb vajzat t\u00eb shkojn\u00eb n\u00eb universitet, por me dy kushte.","author":"Kurt Farka","date":"September 12, 2021","format":false,"excerpt":"Taleban\u00ebt lejojn\u00eb vajzat t\u00eb shkojn\u00eb n\u00eb universitet, por me dy kushte. 12 SHTATOR 2021 Student\u00ebt n\u00eb universitetet afgane do t\u00eb ndahen sipas gjinis\u00eb dhe do t\u00eb futet nj\u00eb kod i ri i veshjes islame p\u00ebr vajzat. Ministri i Arsimit t\u00eb Lart\u00eb Abdul Baqi Haqqani tha se grat\u00eb do t\u00eb lejoheshin\u2026","rel":"","context":"In &quot;Histori&quot;","block_context":{"text":"Histori","link":"https:\/\/www.shqiperia.com\/blog\/category\/histori\/"},"img":{"alt_text":"","src":"https:\/\/i0.wp.com\/www.shqiperia.com\/blog\/wp-content\/uploads\/2021\/09\/640-0-613e48c308cbd.jpg?fit=640%2C360&ssl=1&resize=350%2C200","width":350,"height":200,"srcset":"https:\/\/i0.wp.com\/www.shqiperia.com\/blog\/wp-content\/uploads\/2021\/09\/640-0-613e48c308cbd.jpg?fit=640%2C360&ssl=1&resize=350%2C200 1x, https:\/\/i0.wp.com\/www.shqiperia.com\/blog\/wp-content\/uploads\/2021\/09\/640-0-613e48c308cbd.jpg?fit=640%2C360&ssl=1&resize=525%2C300 1.5x"},"classes":[]},{"id":82982,"url":"https:\/\/www.shqiperia.com\/blog\/venecia-fitoi-mbi-2-milion-euro-nga-tarifa-e-hyrjes-per-2-muaj-qyteti-italian-mblodhi-shumen-rekord\/","url_meta":{"origin":59721,"position":4},"title":"Venecia fitoi mbi 2 milion euro nga tarifa e hyrjes \u2013 P\u00ebr 2 muaj qyteti italian mblodhi shum\u00ebn rekord","author":"Kurt Farka","date":"July 22, 2024","format":false,"excerpt":"22 Korrik 2024 Dorina Kurtaj \/ SCAN Venecia i ka dh\u00ebn\u00eb fund nj\u00eb programi pilot q\u00eb detyronte turist\u00ebt t\u00eb paguanin p\u00ebr t\u00eb hyr\u00eb n\u00eb qendr\u00ebn historike t\u00eb qytetit. Aktualisht qyteti italian \u00ebsht\u00eb m\u00eb i pasur me m\u00eb shum\u00eb se dy milion\u00eb euro dhe i vendosur p\u00ebr t\u00eb rritur \u00e7mimin e\u2026","rel":"","context":"In &quot;Arte&quot;","block_context":{"text":"Arte","link":"https:\/\/www.shqiperia.com\/blog\/category\/arte\/"},"img":{"alt_text":"","src":"https:\/\/i0.wp.com\/www.shqiperia.com\/blog\/wp-content\/uploads\/2024\/07\/1600X900_venezia_san_marco_gabbiano-3.jpg?fit=1200%2C675&ssl=1&resize=350%2C200","width":350,"height":200,"srcset":"https:\/\/i0.wp.com\/www.shqiperia.com\/blog\/wp-content\/uploads\/2024\/07\/1600X900_venezia_san_marco_gabbiano-3.jpg?fit=1200%2C675&ssl=1&resize=350%2C200 1x, https:\/\/i0.wp.com\/www.shqiperia.com\/blog\/wp-content\/uploads\/2024\/07\/1600X900_venezia_san_marco_gabbiano-3.jpg?fit=1200%2C675&ssl=1&resize=525%2C300 1.5x, https:\/\/i0.wp.com\/www.shqiperia.com\/blog\/wp-content\/uploads\/2024\/07\/1600X900_venezia_san_marco_gabbiano-3.jpg?fit=1200%2C675&ssl=1&resize=700%2C400 2x, https:\/\/i0.wp.com\/www.shqiperia.com\/blog\/wp-content\/uploads\/2024\/07\/1600X900_venezia_san_marco_gabbiano-3.jpg?fit=1200%2C675&ssl=1&resize=1050%2C600 3x"},"classes":[]},{"id":48152,"url":"https:\/\/www.shqiperia.com\/blog\/pandemia-na-riktheu-qytetin-amsterdami-nuk-i-do-me-turistet\/","url_meta":{"origin":59721,"position":5},"title":"\u201cPandemia na riktheu qytetin\u201d. Amsterdami nuk i do m\u00eb turist\u00ebt","author":"Kurt Farka","date":"June 26, 2021","format":false,"excerpt":"\u201cPandemia na riktheu qytetin\u201d. Amsterdami nuk i do m\u00eb turist\u00ebt 26 QERSHOR 2021 Shum\u00eb vende po p\u00ebrpiqen e shfryt\u00ebzojn\u00eb t\u00eb gjitha m\u00ebnyrat p\u00ebr t\u00eb t\u00ebrhequr s\u00ebrish turist\u00ebt pas m\u00eb shum\u00eb se nj\u00eb viti kufizimesh prej pandemis\u00eb. Por, n\u00eb Amsterdam nuk i duan. Banor\u00ebve t\u00eb qytetit t\u00eb zhurmsh\u00ebm holandez me toleranc\u00eb\u2026","rel":"","context":"In &quot;Kultura&quot;","block_context":{"text":"Kultura","link":"https:\/\/www.shqiperia.com\/blog\/category\/kultura\/"},"img":{"alt_text":"","src":"https:\/\/i0.wp.com\/www.shqiperia.com\/blog\/wp-content\/uploads\/2021\/06\/640-0-50d2995c662cf7ce8beadf1e6269ae3d.jpg?fit=594%2C324&ssl=1&resize=350%2C200","width":350,"height":200,"srcset":"https:\/\/i0.wp.com\/www.shqiperia.com\/blog\/wp-content\/uploads\/2021\/06\/640-0-50d2995c662cf7ce8beadf1e6269ae3d.jpg?fit=594%2C324&ssl=1&resize=350%2C200 1x, https:\/\/i0.wp.com\/www.shqiperia.com\/blog\/wp-content\/uploads\/2021\/06\/640-0-50d2995c662cf7ce8beadf1e6269ae3d.jpg?fit=594%2C324&ssl=1&resize=525%2C300 1.5x"},"classes":[]}],"_links":{"self":[{"href":"https:\/\/www.shqiperia.com\/blog\/wp-json\/wp\/v2\/posts\/59721","targetHints":{"allow":["GET"]}}],"collection":[{"href":"https:\/\/www.shqiperia.com\/blog\/wp-json\/wp\/v2\/posts"}],"about":[{"href":"https:\/\/www.shqiperia.com\/blog\/wp-json\/wp\/v2\/types\/post"}],"author":[{"embeddable":true,"href":"https:\/\/www.shqiperia.com\/blog\/wp-json\/wp\/v2\/users\/9"}],"replies":[{"embeddable":true,"href":"https:\/\/www.shqiperia.com\/blog\/wp-json\/wp\/v2\/comments?post=59721"}],"version-history":[{"count":1,"href":"https:\/\/www.shqiperia.com\/blog\/wp-json\/wp\/v2\/posts\/59721\/revisions"}],"predecessor-version":[{"id":59724,"href":"https:\/\/www.shqiperia.com\/blog\/wp-json\/wp\/v2\/posts\/59721\/revisions\/59724"}],"wp:featuredmedia":[{"embeddable":true,"href":"https:\/\/www.shqiperia.com\/blog\/wp-json\/wp\/v2\/media\/59723"}],"wp:attachment":[{"href":"https:\/\/www.shqiperia.com\/blog\/wp-json\/wp\/v2\/media?parent=59721"}],"wp:term":[{"taxonomy":"category","embeddable":true,"href":"https:\/\/www.shqiperia.com\/blog\/wp-json\/wp\/v2\/categories?post=59721"},{"taxonomy":"post_tag","embeddable":true,"href":"https:\/\/www.shqiperia.com\/blog\/wp-json\/wp\/v2\/tags?post=59721"}],"curies":[{"name":"wp","href":"https:\/\/api.w.org\/{rel}","templated":true}]}}