{"id":55776,"date":"2022-03-21T20:23:48","date_gmt":"2022-03-21T20:23:48","guid":{"rendered":"https:\/\/www.shqiperia.com\/blog\/?p=55776"},"modified":"2022-03-22T04:16:48","modified_gmt":"2022-03-22T04:16:48","slug":"ne-fshatin-senican-permet","status":"publish","type":"post","link":"https:\/\/www.shqiperia.com\/blog\/ne-fshatin-senican-permet\/","title":{"rendered":"Kendi i Fotografise &#8211; Gdhendje ne Gur: &#8211; &#8220;Kalendar Diellor&#8221; i lashte, me shume interes per qyteterimin tone."},"content":{"rendered":"<div><img data-recalc-dims=\"1\" loading=\"lazy\" decoding=\"async\" data-attachment-id=\"55777\" data-permalink=\"https:\/\/www.shqiperia.com\/blog\/ne-fshatin-senican-permet\/kalendar-diellor-i-lasht-me-shume-interes-per-qyteterimin-tone-te\/\" data-orig-file=\"https:\/\/i0.wp.com\/www.shqiperia.com\/blog\/wp-content\/uploads\/2022\/03\/Kalendar-Diellor-i-lasht-me-shume-interes-per-qyteterimin-tone-te-....jpg?fit=428%2C223&amp;ssl=1\" data-orig-size=\"428,223\" data-comments-opened=\"1\" data-image-meta=\"{&quot;aperture&quot;:&quot;0&quot;,&quot;credit&quot;:&quot;&quot;,&quot;camera&quot;:&quot;&quot;,&quot;caption&quot;:&quot;&quot;,&quot;created_timestamp&quot;:&quot;0&quot;,&quot;copyright&quot;:&quot;&quot;,&quot;focal_length&quot;:&quot;0&quot;,&quot;iso&quot;:&quot;0&quot;,&quot;shutter_speed&quot;:&quot;0&quot;,&quot;title&quot;:&quot;&quot;,&quot;orientation&quot;:&quot;0&quot;}\" data-image-title=\"Kalendar Diellor i lasht, me shume interes per qyteterimin tone te &#8230;\" data-image-description=\"\" data-image-caption=\"\" data-medium-file=\"https:\/\/i0.wp.com\/www.shqiperia.com\/blog\/wp-content\/uploads\/2022\/03\/Kalendar-Diellor-i-lasht-me-shume-interes-per-qyteterimin-tone-te-....jpg?fit=300%2C156&amp;ssl=1\" data-large-file=\"https:\/\/i0.wp.com\/www.shqiperia.com\/blog\/wp-content\/uploads\/2022\/03\/Kalendar-Diellor-i-lasht-me-shume-interes-per-qyteterimin-tone-te-....jpg?fit=428%2C223&amp;ssl=1\" class=\"alignnone wp-image-55777\" alt=\"\" src=\"https:\/\/i0.wp.com\/www.shqiperia.com\/blog\/wp-content\/uploads\/2022\/03\/Kalendar-Diellor-i-lasht-me-shume-interes-per-qyteterimin-tone-te-....jpg?resize=640%2C333&#038;ssl=1\" width=\"640\" height=\"333\" srcset=\"https:\/\/i0.wp.com\/www.shqiperia.com\/blog\/wp-content\/uploads\/2022\/03\/Kalendar-Diellor-i-lasht-me-shume-interes-per-qyteterimin-tone-te-....jpg?resize=300%2C156&amp;ssl=1 300w, https:\/\/i0.wp.com\/www.shqiperia.com\/blog\/wp-content\/uploads\/2022\/03\/Kalendar-Diellor-i-lasht-me-shume-interes-per-qyteterimin-tone-te-....jpg?resize=400%2C208&amp;ssl=1 400w, https:\/\/i0.wp.com\/www.shqiperia.com\/blog\/wp-content\/uploads\/2022\/03\/Kalendar-Diellor-i-lasht-me-shume-interes-per-qyteterimin-tone-te-....jpg?w=428&amp;ssl=1 428w\" sizes=\"auto, (max-width: 640px) 100vw, 640px\" \/><\/div>\n<div>&#8220;Kalendar Diellor&#8221; i lashte (shume i lashte), me shume interes per qyteterimin tone.<\/div>\n<div style=\"font-family: 'Segoe UI Historic', 'Segoe UI', Helvetica, Arial, sans-serif;color: #050505;font-size: 15px\">Ne fshatin Seni\u00e7an, Permet.<\/div>\n<div style=\"font-family: 'Segoe UI Historic', 'Segoe UI', Helvetica, Arial, sans-serif;color: #050505;font-size: 15px\">Foto: Anesti Jance.<\/div>\n<div style=\"font-family: 'Segoe UI Historic', 'Segoe UI', Helvetica, Arial, sans-serif;color: #050505;font-size: 15px\">Ne qender te fotos eshte koka e &#8220;Diellit&#8221; jo e plote, (fragment) dmth ne foton e gurit te ruajtur ka mungesa te figures monumentale grafike.<\/div>\n<div style=\"font-family: 'Segoe UI Historic', 'Segoe UI', Helvetica, Arial, sans-serif;color: #050505;font-size: 15px\">&#8211; Ka mundesi te kete vazhduar me lart vizatimi grafik ne nje pjese tjeter &#8230;<\/div>\n<div style=\"font-family: 'Segoe UI Historic', 'Segoe UI', Helvetica, Arial, sans-serif;color: #050505;font-size: 15px\">Kjo na tregon se ky gur i ruajtur dhe qe Anesti Jance e dokumenton duhet te kete qene vetem pjese (fragment) e nje monumenti.<\/div>\n<div style=\"font-family: 'Segoe UI Historic', 'Segoe UI', Helvetica, Arial, sans-serif;color: #050505;font-size: 15px\">&#8211; Faleminderit Anesti Jance per vlerat e qyteterimit tone qe po dokumenton!<\/div>\n<div>Shkrimi u huazu nga FB: Jaho Brahaj<\/div>\n<div style=\"font-family: 'Segoe UI Historic', 'Segoe UI', Helvetica, Arial, sans-serif;color: #050505;font-size: 15px\">Foto 2: Anesti Jance.<\/div>\n<div>\n<div id=\"attachment_55778\" style=\"width: 694px\" class=\"wp-caption alignnone\"><img data-recalc-dims=\"1\" loading=\"lazy\" decoding=\"async\" aria-describedby=\"caption-attachment-55778\" data-attachment-id=\"55778\" data-permalink=\"https:\/\/www.shqiperia.com\/blog\/ne-fshatin-senican-permet\/anesti-jance\/\" data-orig-file=\"https:\/\/i0.wp.com\/www.shqiperia.com\/blog\/wp-content\/uploads\/2022\/03\/Anesti-Jance..jpg?fit=1569%2C900&amp;ssl=1\" data-orig-size=\"1569,900\" data-comments-opened=\"1\" data-image-meta=\"{&quot;aperture&quot;:&quot;0&quot;,&quot;credit&quot;:&quot;&quot;,&quot;camera&quot;:&quot;&quot;,&quot;caption&quot;:&quot;&quot;,&quot;created_timestamp&quot;:&quot;0&quot;,&quot;copyright&quot;:&quot;&quot;,&quot;focal_length&quot;:&quot;0&quot;,&quot;iso&quot;:&quot;0&quot;,&quot;shutter_speed&quot;:&quot;0&quot;,&quot;title&quot;:&quot;&quot;,&quot;orientation&quot;:&quot;0&quot;}\" data-image-title=\"Anesti Jance.\" data-image-description=\"\" data-image-caption=\"&lt;p&gt;Anesti Jance.&lt;\/p&gt;\n\" data-medium-file=\"https:\/\/i0.wp.com\/www.shqiperia.com\/blog\/wp-content\/uploads\/2022\/03\/Anesti-Jance..jpg?fit=300%2C172&amp;ssl=1\" data-large-file=\"https:\/\/i0.wp.com\/www.shqiperia.com\/blog\/wp-content\/uploads\/2022\/03\/Anesti-Jance..jpg?fit=1024%2C587&amp;ssl=1\" class=\" wp-image-55778\" alt=\"\" src=\"https:\/\/i0.wp.com\/www.shqiperia.com\/blog\/wp-content\/uploads\/2022\/03\/Anesti-Jance..jpg?resize=684%2C392&#038;ssl=1\" width=\"684\" height=\"392\" srcset=\"https:\/\/i0.wp.com\/www.shqiperia.com\/blog\/wp-content\/uploads\/2022\/03\/Anesti-Jance..jpg?resize=300%2C172&amp;ssl=1 300w, https:\/\/i0.wp.com\/www.shqiperia.com\/blog\/wp-content\/uploads\/2022\/03\/Anesti-Jance..jpg?resize=1024%2C587&amp;ssl=1 1024w, https:\/\/i0.wp.com\/www.shqiperia.com\/blog\/wp-content\/uploads\/2022\/03\/Anesti-Jance..jpg?resize=768%2C441&amp;ssl=1 768w, https:\/\/i0.wp.com\/www.shqiperia.com\/blog\/wp-content\/uploads\/2022\/03\/Anesti-Jance..jpg?resize=1536%2C881&amp;ssl=1 1536w, https:\/\/i0.wp.com\/www.shqiperia.com\/blog\/wp-content\/uploads\/2022\/03\/Anesti-Jance..jpg?resize=450%2C258&amp;ssl=1 450w, https:\/\/i0.wp.com\/www.shqiperia.com\/blog\/wp-content\/uploads\/2022\/03\/Anesti-Jance..jpg?resize=600%2C344&amp;ssl=1 600w, https:\/\/i0.wp.com\/www.shqiperia.com\/blog\/wp-content\/uploads\/2022\/03\/Anesti-Jance..jpg?resize=1500%2C860&amp;ssl=1 1500w, https:\/\/i0.wp.com\/www.shqiperia.com\/blog\/wp-content\/uploads\/2022\/03\/Anesti-Jance..jpg?resize=1300%2C746&amp;ssl=1 1300w, https:\/\/i0.wp.com\/www.shqiperia.com\/blog\/wp-content\/uploads\/2022\/03\/Anesti-Jance..jpg?resize=400%2C229&amp;ssl=1 400w, https:\/\/i0.wp.com\/www.shqiperia.com\/blog\/wp-content\/uploads\/2022\/03\/Anesti-Jance..jpg?w=1569&amp;ssl=1 1569w\" sizes=\"auto, (max-width: 684px) 100vw, 684px\" \/><p id=\"caption-attachment-55778\" class=\"wp-caption-text\">Anesti Jance.<\/p><\/div>\n<\/div>\n<div><\/div>\n","protected":false},"excerpt":{"rendered":"<p>&#8220;Kalendar Diellor&#8221; i lashte (shume i lashte), me shume interes per qyteterimin tone. Ne fshatin Seni\u00e7an, Permet. Foto: Anesti Jance. Ne qender te fotos eshte koka e &#8220;Diellit&#8221; jo e plote, (fragment) dmth ne foton e gurit te ruajtur ka mungesa te figures monumentale grafike. &#8211; Ka mundesi te kete vazhduar me lart vizatimi grafik [&hellip;]<\/p>\n","protected":false},"author":9,"featured_media":55777,"comment_status":"open","ping_status":"open","sticky":false,"template":"","format":"standard","meta":{"jetpack_post_was_ever_published":false,"_jetpack_newsletter_access":"","_jetpack_dont_email_post_to_subs":false,"_jetpack_newsletter_tier_id":0,"_jetpack_memberships_contains_paywalled_content":false,"_jetpack_memberships_contains_paid_content":false,"footnotes":"","jetpack_publicize_message":"","jetpack_publicize_feature_enabled":true,"jetpack_social_post_already_shared":true,"jetpack_social_options":{"image_generator_settings":{"template":"highway","default_image_id":0,"font":"","enabled":false},"version":2}},"categories":[85,10,14,86],"tags":[],"class_list":["post-55776","post","type-post","status-publish","format-standard","has-post-thumbnail","hentry","category-histori","category-kultura","category-press-releases","category-trashegimi-kulturore"],"jetpack_publicize_connections":[],"jetpack_featured_media_url":"https:\/\/i0.wp.com\/www.shqiperia.com\/blog\/wp-content\/uploads\/2022\/03\/Kalendar-Diellor-i-lasht-me-shume-interes-per-qyteterimin-tone-te-....jpg?fit=428%2C223&ssl=1","jetpack_sharing_enabled":true,"jetpack_shortlink":"https:\/\/wp.me\/p5Z6wp-evC","jetpack-related-posts":[{"id":72492,"url":"https:\/\/www.shqiperia.com\/blog\/zbulohet-nje-tempull-4-000-vjecar-ne-holande\/","url_meta":{"origin":55776,"position":0},"title":"Zbulohet nj\u00eb tempull 4 000-vje\u00e7ar n\u00eb Holand\u00eb","author":"Kurt Farka","date":"June 28, 2023","format":false,"excerpt":"28 Qershor 2023 Arkeolog\u00ebt zbuluan nj\u00eb tempull 4.000-vje\u00e7ar n\u00eb Holand\u00eb. Qyteza Tiel publikoi nj\u00eb deklarat\u00eb t\u00eb premten duke th\u00ebn\u00eb se shenjt\u00ebrorja u zbulua n\u00eb pjes\u00ebn qendrore t\u00eb vendit dhe kishte nj\u00eb kalendar diellor. Arkeologia e bashkis\u00eb, Ilse Schuuring, ka th\u00ebn\u00eb se punimet kan\u00eb marr\u00eb gjasht\u00eb vjet p\u00ebr t\u2019u p\u00ebrfunduar. Mostra\u2026","rel":"","context":"In &quot;Histori&quot;","block_context":{"text":"Histori","link":"https:\/\/www.shqiperia.com\/blog\/category\/histori\/"},"img":{"alt_text":"","src":"https:\/\/i0.wp.com\/www.shqiperia.com\/blog\/wp-content\/uploads\/2023\/06\/thumbs_b_c_3f2584b5967c4a8e6e1baed3080c5a2c-770x433-1.jpg?fit=770%2C433&ssl=1&resize=350%2C200","width":350,"height":200,"srcset":"https:\/\/i0.wp.com\/www.shqiperia.com\/blog\/wp-content\/uploads\/2023\/06\/thumbs_b_c_3f2584b5967c4a8e6e1baed3080c5a2c-770x433-1.jpg?fit=770%2C433&ssl=1&resize=350%2C200 1x, https:\/\/i0.wp.com\/www.shqiperia.com\/blog\/wp-content\/uploads\/2023\/06\/thumbs_b_c_3f2584b5967c4a8e6e1baed3080c5a2c-770x433-1.jpg?fit=770%2C433&ssl=1&resize=525%2C300 1.5x, https:\/\/i0.wp.com\/www.shqiperia.com\/blog\/wp-content\/uploads\/2023\/06\/thumbs_b_c_3f2584b5967c4a8e6e1baed3080c5a2c-770x433-1.jpg?fit=770%2C433&ssl=1&resize=700%2C400 2x"},"classes":[]},{"id":5335,"url":"https:\/\/www.shqiperia.com\/blog\/lahute-arkaike-karakteristikat-te-dallueshme-qartesishte-te-tradites-tone\/","url_meta":{"origin":55776,"position":1},"title":"Lahute arkaike me karakteristikat te dallueshme qartesishte te tradites tone. &#8211;","author":"Kurt Farka","date":"March 21, 2018","format":false,"excerpt":"Lahute-Instrument i lashte muzikor , qe shoqeron Epiken Shqiptare etj. Instrumenti qe publikohet eshte punuar ne Malesine e Lezhes, fillim i shek. XX. Eshte shume i keqtrajtuar: Ka gozhde per montimin e lekures\u00a0 ne rastin konket: lekure lepuri), eshte pak I thyer tek fundi i bishtit, ku eshte gdhndur nje\u2026","rel":"","context":"In &quot;Arte&quot;","block_context":{"text":"Arte","link":"https:\/\/www.shqiperia.com\/blog\/category\/arte\/"},"img":{"alt_text":"","src":"https:\/\/i0.wp.com\/www.shqiperia.com\/blog\/wp-content\/uploads\/2018\/03\/02-Lahute-Tradicionale-1.jpg?fit=937%2C720&ssl=1&resize=350%2C200","width":350,"height":200,"srcset":"https:\/\/i0.wp.com\/www.shqiperia.com\/blog\/wp-content\/uploads\/2018\/03\/02-Lahute-Tradicionale-1.jpg?fit=937%2C720&ssl=1&resize=350%2C200 1x, https:\/\/i0.wp.com\/www.shqiperia.com\/blog\/wp-content\/uploads\/2018\/03\/02-Lahute-Tradicionale-1.jpg?fit=937%2C720&ssl=1&resize=525%2C300 1.5x, https:\/\/i0.wp.com\/www.shqiperia.com\/blog\/wp-content\/uploads\/2018\/03\/02-Lahute-Tradicionale-1.jpg?fit=937%2C720&ssl=1&resize=700%2C400 2x"},"classes":[]},{"id":5316,"url":"https:\/\/www.shqiperia.com\/blog\/lahute-arkaike-karakteristika-te-dallueshme-thjeshte-te-tradites-tone\/","url_meta":{"origin":55776,"position":2},"title":"Lahute arkaike me karakteristika te dallueshme thjeshte te tradites tone. &#8211;","author":"Kurt Farka","date":"March 21, 2018","format":false,"excerpt":"*Lahute-Instrument i lashte muzikor qe shoqeron Epiken Shqiptare etj, \u00a0\u00a0 Instrumenti qe publikohet eshte punuar ne Malesine e Lezhes, fillim i shek. XX. Eshte shume i keqtrajtuar: Ka gozhde per montimin e lekures ( ne rastin konket: planc), eshte pak I ther tek fundi I bishtit ku eshte gdhndur nje\u2026","rel":"","context":"In &quot;Arte&quot;","block_context":{"text":"Arte","link":"https:\/\/www.shqiperia.com\/blog\/category\/arte\/"},"img":{"alt_text":"","src":"https:\/\/i0.wp.com\/www.shqiperia.com\/blog\/wp-content\/uploads\/2018\/03\/01-Lahute-Tradicionale-2.jpg?fit=1015%2C603&ssl=1&resize=350%2C200","width":350,"height":200,"srcset":"https:\/\/i0.wp.com\/www.shqiperia.com\/blog\/wp-content\/uploads\/2018\/03\/01-Lahute-Tradicionale-2.jpg?fit=1015%2C603&ssl=1&resize=350%2C200 1x, https:\/\/i0.wp.com\/www.shqiperia.com\/blog\/wp-content\/uploads\/2018\/03\/01-Lahute-Tradicionale-2.jpg?fit=1015%2C603&ssl=1&resize=525%2C300 1.5x, https:\/\/i0.wp.com\/www.shqiperia.com\/blog\/wp-content\/uploads\/2018\/03\/01-Lahute-Tradicionale-2.jpg?fit=1015%2C603&ssl=1&resize=700%2C400 2x"},"classes":[]},{"id":13341,"url":"https:\/\/www.shqiperia.com\/blog\/nje-keshtjelle-nga-koha-e-trojes-se-lashte-zbuluan-ne-rodopet-lindore\/","url_meta":{"origin":55776,"position":3},"title":"Nj\u00eb k\u00ebshtjell\u00eb nga koha e Troj\u00ebs s\u00eb lasht\u00eb zbuluan n\u00eb Rodopet Lindore. &#8211;","author":"Kurt Farka","date":"November 3, 2018","format":false,"excerpt":"Nj\u00eb k\u00ebshtjell\u00eb nga koha e Troj\u00ebs s\u00eb lasht\u00eb zbuluan n\u00eb Rodopet Lindore. - Nj\u00eb k\u00ebshtjell\u00eb nga koha e Troj\u00ebs s\u00eb lasht\u00eb zbuluan arkeolog\u00eb n\u00eb af\u00ebrsi t\u00eb fshatit Benkovski, q\u00eb shtrihet n\u00eb rajonin e qytetit K\u00ebrxhali n\u00eb Rodopet Lindore. Muret e k\u00ebshtjell\u00ebs jan\u00eb prej gur\u00ebve me pesh\u00eb 5-6 ton\u00eb secilin. Kjo\u2026","rel":"","context":"In &quot;Blogu i Udh\u00ebtarit&quot;","block_context":{"text":"Blogu i Udh\u00ebtarit","link":"https:\/\/www.shqiperia.com\/blog\/category\/blogu-i-udhetarit\/"},"img":{"alt_text":"","src":"https:\/\/i0.wp.com\/www.shqiperia.com\/blog\/wp-content\/uploads\/2018\/11\/Muret-e-k%C3%ABshtjell%C3%ABs-n%C3%AB-rajonin-e-qytetit-K%C3%ABrxhali-n%C3%AB-Rodope.-2.jpg?fit=850%2C478&ssl=1&resize=350%2C200","width":350,"height":200,"srcset":"https:\/\/i0.wp.com\/www.shqiperia.com\/blog\/wp-content\/uploads\/2018\/11\/Muret-e-k%C3%ABshtjell%C3%ABs-n%C3%AB-rajonin-e-qytetit-K%C3%ABrxhali-n%C3%AB-Rodope.-2.jpg?fit=850%2C478&ssl=1&resize=350%2C200 1x, https:\/\/i0.wp.com\/www.shqiperia.com\/blog\/wp-content\/uploads\/2018\/11\/Muret-e-k%C3%ABshtjell%C3%ABs-n%C3%AB-rajonin-e-qytetit-K%C3%ABrxhali-n%C3%AB-Rodope.-2.jpg?fit=850%2C478&ssl=1&resize=525%2C300 1.5x, https:\/\/i0.wp.com\/www.shqiperia.com\/blog\/wp-content\/uploads\/2018\/11\/Muret-e-k%C3%ABshtjell%C3%ABs-n%C3%AB-rajonin-e-qytetit-K%C3%ABrxhali-n%C3%AB-Rodope.-2.jpg?fit=850%2C478&ssl=1&resize=700%2C400 2x"},"classes":[]},{"id":76926,"url":"https:\/\/www.shqiperia.com\/blog\/gjithcka-qe-duhet-te-dini-per-vitin-e-brishte-pse-2024-eshte-i-vecante\/","url_meta":{"origin":55776,"position":4},"title":"Gjith\u00e7ka q\u00eb duhet t\u00eb dini p\u00ebr vitin e brisht\u00eb, pse 2024 \u00ebsht\u00eb i ve\u00e7ant\u00eb?","author":"Kurt Farka","date":"January 2, 2024","format":false,"excerpt":"2 Janar 2024 Ka nj\u00eb arsye m\u00eb shum\u00eb p\u00ebr ta quajtur 2024-\u00ebn t\u00eb ve\u00e7ant\u00eb. 2024-a \u00ebsht\u00eb nj\u00eb vit i brisht\u00eb, q\u00eb do t\u00eb thot\u00eb se keni nj\u00eb dit\u00eb shtes\u00eb p\u00ebr t\u00eb p\u00ebrfunduar t\u00eb gjitha vendimet e Vitit t\u00eb Ri dhe p\u00ebr t\u00eb arritur q\u00ebllime t\u00eb reja. Pse 2024 \u00ebsht\u00eb nj\u00eb\u2026","rel":"","context":"In &quot;Blogu i Udh\u00ebtarit&quot;","block_context":{"text":"Blogu i Udh\u00ebtarit","link":"https:\/\/www.shqiperia.com\/blog\/category\/blogu-i-udhetarit\/"},"img":{"alt_text":"","src":"https:\/\/i0.wp.com\/www.shqiperia.com\/blog\/wp-content\/uploads\/2024\/01\/640-0-viti-i-rijpg-268-1-1.jpg?fit=640%2C374&ssl=1&resize=350%2C200","width":350,"height":200,"srcset":"https:\/\/i0.wp.com\/www.shqiperia.com\/blog\/wp-content\/uploads\/2024\/01\/640-0-viti-i-rijpg-268-1-1.jpg?fit=640%2C374&ssl=1&resize=350%2C200 1x, https:\/\/i0.wp.com\/www.shqiperia.com\/blog\/wp-content\/uploads\/2024\/01\/640-0-viti-i-rijpg-268-1-1.jpg?fit=640%2C374&ssl=1&resize=525%2C300 1.5x"},"classes":[]},{"id":67062,"url":"https:\/\/www.shqiperia.com\/blog\/kometa-e-kohes-se-neandertalit-i-afrohet-serish-tokes\/","url_meta":{"origin":55776,"position":5},"title":"Kometa e koh\u00ebs s\u00eb Neandertalit i afrohet s\u00ebrish Tok\u00ebs","author":"Kurt Farka","date":"January 31, 2023","format":false,"excerpt":"31 Janar 2023 NASA- Kozmosi vazhdon t\u00eb mahnis\u00eb njer\u00ebzit.\u00a0 S\u00eb fundmi me syt\u00eb nga qielli mund t\u00eb shohim komet\u00ebn e cila kaloi pran\u00eb Tok\u00ebs 50 mij\u00eb vjet m\u00eb par\u00eb, at\u00ebher\u00eb kur njer\u00ebzit ishin n\u00eb epok\u00ebn e Neandertalit. Ashtu sikurse ishte paralajm\u00ebruar,qielli n\u00eb 2023-shin ofron spektak\u00ebl nga shiu i meteor\u00ebve, tek\u2026","rel":"","context":"In &quot;Blogu i Udh\u00ebtarit&quot;","block_context":{"text":"Blogu i Udh\u00ebtarit","link":"https:\/\/www.shqiperia.com\/blog\/category\/blogu-i-udhetarit\/"},"img":{"alt_text":"","src":"https:\/\/i0.wp.com\/www.shqiperia.com\/blog\/wp-content\/uploads\/2023\/01\/800-0-1236b55504ccfb89b79cec671f916abf.jpg?fit=800%2C450&ssl=1&resize=350%2C200","width":350,"height":200,"srcset":"https:\/\/i0.wp.com\/www.shqiperia.com\/blog\/wp-content\/uploads\/2023\/01\/800-0-1236b55504ccfb89b79cec671f916abf.jpg?fit=800%2C450&ssl=1&resize=350%2C200 1x, https:\/\/i0.wp.com\/www.shqiperia.com\/blog\/wp-content\/uploads\/2023\/01\/800-0-1236b55504ccfb89b79cec671f916abf.jpg?fit=800%2C450&ssl=1&resize=525%2C300 1.5x, https:\/\/i0.wp.com\/www.shqiperia.com\/blog\/wp-content\/uploads\/2023\/01\/800-0-1236b55504ccfb89b79cec671f916abf.jpg?fit=800%2C450&ssl=1&resize=700%2C400 2x"},"classes":[]}],"_links":{"self":[{"href":"https:\/\/www.shqiperia.com\/blog\/wp-json\/wp\/v2\/posts\/55776","targetHints":{"allow":["GET"]}}],"collection":[{"href":"https:\/\/www.shqiperia.com\/blog\/wp-json\/wp\/v2\/posts"}],"about":[{"href":"https:\/\/www.shqiperia.com\/blog\/wp-json\/wp\/v2\/types\/post"}],"author":[{"embeddable":true,"href":"https:\/\/www.shqiperia.com\/blog\/wp-json\/wp\/v2\/users\/9"}],"replies":[{"embeddable":true,"href":"https:\/\/www.shqiperia.com\/blog\/wp-json\/wp\/v2\/comments?post=55776"}],"version-history":[{"count":5,"href":"https:\/\/www.shqiperia.com\/blog\/wp-json\/wp\/v2\/posts\/55776\/revisions"}],"predecessor-version":[{"id":55829,"href":"https:\/\/www.shqiperia.com\/blog\/wp-json\/wp\/v2\/posts\/55776\/revisions\/55829"}],"wp:featuredmedia":[{"embeddable":true,"href":"https:\/\/www.shqiperia.com\/blog\/wp-json\/wp\/v2\/media\/55777"}],"wp:attachment":[{"href":"https:\/\/www.shqiperia.com\/blog\/wp-json\/wp\/v2\/media?parent=55776"}],"wp:term":[{"taxonomy":"category","embeddable":true,"href":"https:\/\/www.shqiperia.com\/blog\/wp-json\/wp\/v2\/categories?post=55776"},{"taxonomy":"post_tag","embeddable":true,"href":"https:\/\/www.shqiperia.com\/blog\/wp-json\/wp\/v2\/tags?post=55776"}],"curies":[{"name":"wp","href":"https:\/\/api.w.org\/{rel}","templated":true}]}}