{"id":55158,"date":"2022-03-10T22:10:32","date_gmt":"2022-03-10T22:10:32","guid":{"rendered":"https:\/\/www.shqiperia.com\/blog\/?p=55158"},"modified":"2022-03-10T22:10:32","modified_gmt":"2022-03-10T22:10:32","slug":"shkodra-lihet-jashte-festivalit-tipologjik-kombetar-te-kenges-popullore","status":"publish","type":"post","link":"https:\/\/www.shqiperia.com\/blog\/shkodra-lihet-jashte-festivalit-tipologjik-kombetar-te-kenges-popullore\/","title":{"rendered":"Shkodra lihet jasht\u00eb Festivalit Tipologjik Komb\u00ebtar t\u00eb k\u00ebng\u00ebs popullore"},"content":{"rendered":"<p><img data-recalc-dims=\"1\" loading=\"lazy\" decoding=\"async\" data-attachment-id=\"55159\" data-permalink=\"https:\/\/www.shqiperia.com\/blog\/shkodra-lihet-jashte-festivalit-tipologjik-kombetar-te-kenges-popullore\/ansambli-shkoder\/\" data-orig-file=\"https:\/\/i0.wp.com\/www.shqiperia.com\/blog\/wp-content\/uploads\/2022\/03\/Ansambli-Shkoder.jpg?fit=918%2C522&amp;ssl=1\" data-orig-size=\"918,522\" data-comments-opened=\"1\" data-image-meta=\"{&quot;aperture&quot;:&quot;0&quot;,&quot;credit&quot;:&quot;&quot;,&quot;camera&quot;:&quot;&quot;,&quot;caption&quot;:&quot;&quot;,&quot;created_timestamp&quot;:&quot;0&quot;,&quot;copyright&quot;:&quot;&quot;,&quot;focal_length&quot;:&quot;0&quot;,&quot;iso&quot;:&quot;0&quot;,&quot;shutter_speed&quot;:&quot;0&quot;,&quot;title&quot;:&quot;&quot;,&quot;orientation&quot;:&quot;0&quot;}\" data-image-title=\"Ansambli Shkoder\" data-image-description=\"\" data-image-caption=\"\" data-medium-file=\"https:\/\/i0.wp.com\/www.shqiperia.com\/blog\/wp-content\/uploads\/2022\/03\/Ansambli-Shkoder.jpg?fit=300%2C171&amp;ssl=1\" data-large-file=\"https:\/\/i0.wp.com\/www.shqiperia.com\/blog\/wp-content\/uploads\/2022\/03\/Ansambli-Shkoder.jpg?fit=918%2C522&amp;ssl=1\" class=\"alignnone  wp-image-55159\" alt=\"\" src=\"https:\/\/i0.wp.com\/www.shqiperia.com\/blog\/wp-content\/uploads\/2022\/03\/Ansambli-Shkoder.jpg?resize=667%2C380&#038;ssl=1\" width=\"667\" height=\"380\" srcset=\"https:\/\/i0.wp.com\/www.shqiperia.com\/blog\/wp-content\/uploads\/2022\/03\/Ansambli-Shkoder.jpg?resize=300%2C171&amp;ssl=1 300w, https:\/\/i0.wp.com\/www.shqiperia.com\/blog\/wp-content\/uploads\/2022\/03\/Ansambli-Shkoder.jpg?resize=768%2C437&amp;ssl=1 768w, https:\/\/i0.wp.com\/www.shqiperia.com\/blog\/wp-content\/uploads\/2022\/03\/Ansambli-Shkoder.jpg?resize=450%2C256&amp;ssl=1 450w, https:\/\/i0.wp.com\/www.shqiperia.com\/blog\/wp-content\/uploads\/2022\/03\/Ansambli-Shkoder.jpg?resize=600%2C341&amp;ssl=1 600w, https:\/\/i0.wp.com\/www.shqiperia.com\/blog\/wp-content\/uploads\/2022\/03\/Ansambli-Shkoder.jpg?resize=400%2C227&amp;ssl=1 400w, https:\/\/i0.wp.com\/www.shqiperia.com\/blog\/wp-content\/uploads\/2022\/03\/Ansambli-Shkoder.jpg?w=918&amp;ssl=1 918w\" sizes=\"auto, (max-width: 667px) 100vw, 667px\" \/><\/p>\n<p>Shkodra lihet jasht\u00eb Festivalit Tipologjik Komb\u00ebtar t\u00eb k\u00ebng\u00ebs popullore<\/p>\n<p>Nga Bepin Kolvata<\/p>\n<p>10 Mars 2022<\/p>\n<p>Shkodra \u00ebsht\u00eb l\u00ebn\u00eb jasht\u00eb Festivalit Komb\u00ebtar Folklorik Tipologjik p\u00ebr her\u00eb t\u00eb par\u00eb n\u00eb 25 vite. Drejtuesit e qendr\u00ebs kulturore \u201cPjeter Gaci\u201d thon\u00eb se si argument u kan\u00eb dh\u00ebn\u00eb plot\u00ebsimin e numrit t\u00eb pjes\u00ebmarr\u00ebsve t\u00eb planifikuar.<\/p>\n<p>P\u00ebr her\u00eb t\u00eb par\u00eb pas 25 vitesh, Shkodra nuk do t\u00eb jet\u00eb pjes\u00eb e Festivalit Folklorik Tipologjik Komb\u00ebtar t\u00eb k\u00ebng\u00ebs popullore qytetare n\u00eb Elbasan.<\/p>\n<p>Drejtuesit e qendr\u00ebs kulturore \u201cPjeter Gaci\u201d thon\u00eb se vendimi qendr\u00ebs komb\u00ebtare t\u00eb veprimtarive artizanale, ka argument absurd.<\/p>\n<p>Ndaj b\u00ebjn\u00eb thirrje Ministris\u00eb s\u00eb Kultur\u00ebs t\u00eb reflektoj\u00eb, pasi po penalizohet nj\u00eb komunitet i t\u00ebr\u00eb artistik.<\/p>\n<p>&#8220;K\u00ebng\u00ebn e bukur shkodrane nuk mund ta penalizoj\u00eb askush, ka ardhur nga gjeneratat k\u00ebtu dhe ne kemi p\u00ebr detyr\u00eb ta mbrojm\u00eb. Na thon\u00eb ose do t\u00eb vini 12-15 vet\u00eb ose jeni t\u00eb penalizuar.&#8221;<\/p>\n<p>K\u00ebnga shkodrane, e shpallur si nj\u00eb nd\u00ebr 7 kryeveprat e trashigimis\u00eb kulturore nuk mund t\u00eb jet\u00eb peng i t\u00eb tilla vendimeve shprehen artist\u00ebt.<\/p>\n<p>&#8220;Nuk ka n\u00eb glob ku flitet shqip mos me u k\u00ebndu popullore qytetare shkodrane, \u00ebsht\u00eb e pamundur. Na kan\u00eb zili.&#8221;<\/p>\n<p>Thuajse \u00e7do vit nga ky Festival Shkodra \u00ebsht\u00eb kthyer me vleresime, duke marr\u00eb vendet e para si me interpretimet solo t\u00eb artist\u00ebve, ashtu edhe si grup.<\/p>\n<p>Tv OraNews<\/p>\n","protected":false},"excerpt":{"rendered":"<p>Shkodra lihet jasht\u00eb Festivalit Tipologjik Komb\u00ebtar t\u00eb k\u00ebng\u00ebs popullore Nga Bepin Kolvata 10 Mars 2022 Shkodra \u00ebsht\u00eb l\u00ebn\u00eb jasht\u00eb Festivalit Komb\u00ebtar Folklorik Tipologjik p\u00ebr her\u00eb t\u00eb par\u00eb n\u00eb 25 vite. Drejtuesit e qendr\u00ebs kulturore \u201cPjeter Gaci\u201d thon\u00eb se si argument u kan\u00eb dh\u00ebn\u00eb plot\u00ebsimin e numrit t\u00eb pjes\u00ebmarr\u00ebsve t\u00eb planifikuar. P\u00ebr her\u00eb t\u00eb par\u00eb pas [&hellip;]<\/p>\n","protected":false},"author":9,"featured_media":55159,"comment_status":"open","ping_status":"open","sticky":false,"template":"","format":"standard","meta":{"jetpack_post_was_ever_published":false,"_jetpack_newsletter_access":"","_jetpack_dont_email_post_to_subs":false,"_jetpack_newsletter_tier_id":0,"_jetpack_memberships_contains_paywalled_content":false,"_jetpack_memberships_contains_paid_content":false,"footnotes":"","jetpack_publicize_message":"","jetpack_publicize_feature_enabled":true,"jetpack_social_post_already_shared":true,"jetpack_social_options":{"image_generator_settings":{"template":"highway","default_image_id":0,"font":"","enabled":false},"version":2}},"categories":[87,10,86],"tags":[],"class_list":["post-55158","post","type-post","status-publish","format-standard","has-post-thumbnail","hentry","category-arte","category-kultura","category-trashegimi-kulturore"],"jetpack_publicize_connections":[],"jetpack_featured_media_url":"https:\/\/i0.wp.com\/www.shqiperia.com\/blog\/wp-content\/uploads\/2022\/03\/Ansambli-Shkoder.jpg?fit=918%2C522&ssl=1","jetpack_sharing_enabled":true,"jetpack_shortlink":"https:\/\/wp.me\/p5Z6wp-elE","jetpack-related-posts":[{"id":69133,"url":"https:\/\/www.shqiperia.com\/blog\/jaho-brahaj-nuk-ka-vemendje-per-veshjet-kombetare-te-festivalit-folklorik-kombetar-te-gjirokastres\/","url_meta":{"origin":55158,"position":0},"title":"Jaho Brahaj: &#8211; Nuk ka v\u00ebmendje p\u00ebr veshjet komb\u00ebtare t\u00eb Festivalit Folklorik Komb\u00ebtar t\u00eb Gjirokastr\u00ebs","author":"Kurt Farka","date":"March 7, 2023","format":false,"excerpt":"7 Mars 2023 Nga Juli Vrapi, Gazeta Sot. Festivali Folklorik Komb\u00ebtar i Gjirokastr\u00ebs rikthehet n\u00eb muajin qershor. Veprimtaria m\u00eb e r\u00ebnd\u00ebsishme n\u00eb fush\u00ebn e trash\u00ebgimis\u00eb kulturore jomateriale shqiptare do t\u00eb zhvillohet k\u00ebt\u00eb vit n\u00eb muajin qershor pas edicionit t\u00eb vitit 2015. Lajmin p\u00ebr zhvillimin e festivalit e b\u00ebri me dije\u2026","rel":"","context":"In &quot;Blogu i Udh\u00ebtarit&quot;","block_context":{"text":"Blogu i Udh\u00ebtarit","link":"https:\/\/www.shqiperia.com\/blog\/category\/blogu-i-udhetarit\/"},"img":{"alt_text":"","src":"https:\/\/i0.wp.com\/www.shqiperia.com\/blog\/wp-content\/uploads\/2023\/03\/334660399_942625500243649_5-1-300x162.jpg?resize=350%2C200&ssl=1","width":350,"height":200,"srcset":"https:\/\/i0.wp.com\/www.shqiperia.com\/blog\/wp-content\/uploads\/2023\/03\/334660399_942625500243649_5-1-300x162.jpg?resize=350%2C200&ssl=1 1x, https:\/\/i0.wp.com\/www.shqiperia.com\/blog\/wp-content\/uploads\/2023\/03\/334660399_942625500243649_5-1-300x162.jpg?resize=525%2C300&ssl=1 1.5x"},"classes":[]},{"id":71377,"url":"https:\/\/www.shqiperia.com\/blog\/pergatijet-per-festivalin-folklorik-i-gjirokastres-nje-foto-nga-grupi-i-pukes\/","url_meta":{"origin":55158,"position":1},"title":"Pergatijet per Festivalin Folklorik i Gjirokastr\u00ebs, nje foto nga Grupi i Pukes","author":"Kurt Farka","date":"May 13, 2023","format":false,"excerpt":"13 Maji 2023 Drejtoria Rajonale e Trash\u00ebgimis\u00eb Kulturore Shkod\u00ebr ka publikuar nj\u00eb album fotografik me momente nga p\u00ebrgatitjet e grupit te Pukes, p\u00ebrfaq\u00ebsuese t\u00eb Qarkut Shkod\u00ebr, q\u00eb do t\u00eb jet\u00eb pjes\u00eb e Festivalit Folklorik Komb\u00ebtar, Gjirokast\u00ebr 2023. Shkodra, Puka, Fush\u00eb-Arr\u00ebsi, Mal\u00ebsia e Madhe dhe Dukagjini do t\u2019i bashkohen parad\u00ebs s\u00eb\u2026","rel":"","context":"In &quot;Blogu i Udh\u00ebtarit&quot;","block_context":{"text":"Blogu i Udh\u00ebtarit","link":"https:\/\/www.shqiperia.com\/blog\/category\/blogu-i-udhetarit\/"},"img":{"alt_text":"","src":"https:\/\/i0.wp.com\/www.shqiperia.com\/blog\/wp-content\/uploads\/2023\/05\/346452896_826062125615323_7146229091822287932_n-600x430-1-2.jpg?fit=600%2C355&ssl=1&resize=350%2C200","width":350,"height":200,"srcset":"https:\/\/i0.wp.com\/www.shqiperia.com\/blog\/wp-content\/uploads\/2023\/05\/346452896_826062125615323_7146229091822287932_n-600x430-1-2.jpg?fit=600%2C355&ssl=1&resize=350%2C200 1x, https:\/\/i0.wp.com\/www.shqiperia.com\/blog\/wp-content\/uploads\/2023\/05\/346452896_826062125615323_7146229091822287932_n-600x430-1-2.jpg?fit=600%2C355&ssl=1&resize=525%2C300 1.5x"},"classes":[]},{"id":44091,"url":"https:\/\/www.shqiperia.com\/blog\/qendra-kulturore-margarita-tutulani-vleresohet-ne-prizren-me-cmimin-e-pare-te-festivalit-kenga-qytetare-na-bashkon\/","url_meta":{"origin":55158,"position":2},"title":"Qendra Kulturore \u201cMargarita Tutulani\u201d vleresohet n\u00eb Prizren me \u00e7mimin e par\u00eb t\u00eb Festivalit \u201cK\u00ebnga qytetare na bashkon\u201d.","author":"Kurt Farka","date":"February 12, 2021","format":false,"excerpt":"Qendra Kulturore \u201cMargarita Tutulani\u201d vleresohet n\u00eb Prizren me \u00e7mimin e par\u00eb t\u00eb Festivalit \u201cK\u00ebnga qytetare na bashkon\u201d. Eneida Petova \u00a0| \u00a0 08 Shkurt, 2021 Qendra Kulturore \u201cMargarita Tutulani\u201d n\u00eb Berat fitoi \u00e7mimin e par\u00eb n\u00eb Festivalin Nd\u00ebrkomb\u00ebtar t\u00eb k\u00ebng\u00ebs qytetare, q\u00eb u organizua n\u00eb qytetin e Prizrenit. Edicioni i tret\u00eb\u2026","rel":"","context":"In &quot;Arte&quot;","block_context":{"text":"Arte","link":"https:\/\/www.shqiperia.com\/blog\/category\/arte\/"},"img":{"alt_text":"","src":"https:\/\/i0.wp.com\/www.shqiperia.com\/blog\/wp-content\/uploads\/2021\/02\/qendra-kulturore-Berat-2.jpeg?fit=721%2C369&ssl=1&resize=350%2C200","width":350,"height":200,"srcset":"https:\/\/i0.wp.com\/www.shqiperia.com\/blog\/wp-content\/uploads\/2021\/02\/qendra-kulturore-Berat-2.jpeg?fit=721%2C369&ssl=1&resize=350%2C200 1x, https:\/\/i0.wp.com\/www.shqiperia.com\/blog\/wp-content\/uploads\/2021\/02\/qendra-kulturore-Berat-2.jpeg?fit=721%2C369&ssl=1&resize=525%2C300 1.5x, https:\/\/i0.wp.com\/www.shqiperia.com\/blog\/wp-content\/uploads\/2021\/02\/qendra-kulturore-Berat-2.jpeg?fit=721%2C369&ssl=1&resize=700%2C400 2x"},"classes":[]},{"id":35807,"url":"https:\/\/www.shqiperia.com\/blog\/festivali-folklorik-kombetar-i-gjirokastres-ne-pranveren-e-vitit-2021\/","url_meta":{"origin":55158,"position":3},"title":"Festivali Folklorik Komb\u00ebtar i Gjirokastr\u00ebs, n\u00eb pranver\u00ebn e vitit 2021","author":"Kurt Farka","date":"June 18, 2020","format":false,"excerpt":"Festivali Folklorik Komb\u00ebtar i Gjirokastr\u00ebs, n\u00eb pranver\u00ebn e vitit 2021 17 QERSHOR 2020 Festivali Folklorik Komb\u00ebtar i Gjirokastr\u00ebs do t\u00eb zhvillohet n\u00eb pranver\u00ebn e vitit 2021. Festivali folklorik n\u00eb edicionin e 11 ishte parashikuar k\u00ebt\u00eb vit gjat\u00eb muajit shtator, por zhvillimi i tij n\u00eb pranver\u00ebn e vitit 2021 \u00ebsht\u00eb p\u00ebr\u2026","rel":"","context":"In &quot;Kultura&quot;","block_context":{"text":"Kultura","link":"https:\/\/www.shqiperia.com\/blog\/category\/kultura\/"},"img":{"alt_text":"","src":"https:\/\/i0.wp.com\/www.shqiperia.com\/blog\/wp-content\/uploads\/2020\/06\/640-0-5ee9a9e3f18b3.jpg?fit=640%2C427&ssl=1&resize=350%2C200","width":350,"height":200,"srcset":"https:\/\/i0.wp.com\/www.shqiperia.com\/blog\/wp-content\/uploads\/2020\/06\/640-0-5ee9a9e3f18b3.jpg?fit=640%2C427&ssl=1&resize=350%2C200 1x, https:\/\/i0.wp.com\/www.shqiperia.com\/blog\/wp-content\/uploads\/2020\/06\/640-0-5ee9a9e3f18b3.jpg?fit=640%2C427&ssl=1&resize=525%2C300 1.5x"},"classes":[]},{"id":44951,"url":"https:\/\/www.shqiperia.com\/blog\/jaho-brahaj-xhubleta-smund-te-mendohet-jashte-arealit-te-trashegimise-dhe-te-kultures-tone-shqiperia-i-vetmi-vend-ne-europe-pa-muze-etnografik-kombetar\/","url_meta":{"origin":55158,"position":4},"title":"Jaho Brahaj: &#8211; Xhubleta s\u2019mund t\u00eb mendohet jasht\u00eb arealit t\u00eb trash\u00ebgimis\u00eb dhe t\u00eb kultur\u00ebs ton\u00eb. &#8211; Shqip\u00ebria i vetmi vend n\u00eb Europ\u00eb pa Muze Etnografik Komb\u00ebtar","author":"Kurt Farka","date":"March 5, 2021","format":false,"excerpt":"Nga: Gazeta Sot 5 mars 2021 Xhubleta sipas studiuesit Jaho Brahaj \u00ebsht\u00eb nj\u00eb pasuri e etnise tone e jasht\u00ebzakonshme me rr\u00ebnj\u00eb, q\u00eb nga lasht\u00ebsia. N\u00eb intervist\u00ebn p\u00ebr gazet\u00ebn \u201cSOT\u201d studiuesi i njohur i etnografis\u00eb Jaho Brahaj thot\u00eb se nga ana shpirt\u00ebrore xhubleta \u00ebsht\u00eb nj\u00eb objekt shum\u00eb i r\u00ebnd\u00ebsish\u00ebm, pasuri e\u2026","rel":"","context":"In &quot;Arte&quot;","block_context":{"text":"Arte","link":"https:\/\/www.shqiperia.com\/blog\/category\/arte\/"},"img":{"alt_text":"","src":"https:\/\/i0.wp.com\/www.shqiperia.com\/blog\/wp-content\/uploads\/2021\/03\/Jaho-Brahaj.jpg?fit=729%2C464&ssl=1&resize=350%2C200","width":350,"height":200,"srcset":"https:\/\/i0.wp.com\/www.shqiperia.com\/blog\/wp-content\/uploads\/2021\/03\/Jaho-Brahaj.jpg?fit=729%2C464&ssl=1&resize=350%2C200 1x, https:\/\/i0.wp.com\/www.shqiperia.com\/blog\/wp-content\/uploads\/2021\/03\/Jaho-Brahaj.jpg?fit=729%2C464&ssl=1&resize=525%2C300 1.5x, https:\/\/i0.wp.com\/www.shqiperia.com\/blog\/wp-content\/uploads\/2021\/03\/Jaho-Brahaj.jpg?fit=729%2C464&ssl=1&resize=700%2C400 2x"},"classes":[]},{"id":32775,"url":"https:\/\/www.shqiperia.com\/blog\/tonin-haxhia\/","url_meta":{"origin":55158,"position":5},"title":"Tonin HAXHIA","author":"Kurt Farka","date":"March 26, 2020","format":false,"excerpt":"Tonin Frrok HAXHIA Gjat\u00eb karieres se tij artistike Tonini si poli-instrumentist, perve\u00e7 skenave te Shqiperise, ka\u00a0 debutuar ne skenat e disa qyteteve europiane te Italise, Frances, Zvicres, Maqedonise, Luksemburgut etj, duke u njohur nga afer, drejtpersedrejti me kultura muzikore nga m\u00eb t\u00eb ndryshmet. Ka lindur me 07.04.1964 ne Gjegjan te\u2026","rel":"","context":"In &quot;Arte&quot;","block_context":{"text":"Arte","link":"https:\/\/www.shqiperia.com\/blog\/category\/arte\/"},"img":{"alt_text":"","src":"https:\/\/i0.wp.com\/www.shqiperia.com\/blog\/wp-content\/uploads\/2020\/03\/Frrok-dhe-Tonin-Haxhia.jpg?fit=495%2C315&ssl=1&resize=350%2C200","width":350,"height":200},"classes":[]}],"_links":{"self":[{"href":"https:\/\/www.shqiperia.com\/blog\/wp-json\/wp\/v2\/posts\/55158","targetHints":{"allow":["GET"]}}],"collection":[{"href":"https:\/\/www.shqiperia.com\/blog\/wp-json\/wp\/v2\/posts"}],"about":[{"href":"https:\/\/www.shqiperia.com\/blog\/wp-json\/wp\/v2\/types\/post"}],"author":[{"embeddable":true,"href":"https:\/\/www.shqiperia.com\/blog\/wp-json\/wp\/v2\/users\/9"}],"replies":[{"embeddable":true,"href":"https:\/\/www.shqiperia.com\/blog\/wp-json\/wp\/v2\/comments?post=55158"}],"version-history":[{"count":1,"href":"https:\/\/www.shqiperia.com\/blog\/wp-json\/wp\/v2\/posts\/55158\/revisions"}],"predecessor-version":[{"id":55160,"href":"https:\/\/www.shqiperia.com\/blog\/wp-json\/wp\/v2\/posts\/55158\/revisions\/55160"}],"wp:featuredmedia":[{"embeddable":true,"href":"https:\/\/www.shqiperia.com\/blog\/wp-json\/wp\/v2\/media\/55159"}],"wp:attachment":[{"href":"https:\/\/www.shqiperia.com\/blog\/wp-json\/wp\/v2\/media?parent=55158"}],"wp:term":[{"taxonomy":"category","embeddable":true,"href":"https:\/\/www.shqiperia.com\/blog\/wp-json\/wp\/v2\/categories?post=55158"},{"taxonomy":"post_tag","embeddable":true,"href":"https:\/\/www.shqiperia.com\/blog\/wp-json\/wp\/v2\/tags?post=55158"}],"curies":[{"name":"wp","href":"https:\/\/api.w.org\/{rel}","templated":true}]}}