{"id":54655,"date":"2022-02-27T07:32:10","date_gmt":"2022-02-27T07:32:10","guid":{"rendered":"https:\/\/www.shqiperia.com\/blog\/?p=54655"},"modified":"2022-02-27T07:33:05","modified_gmt":"2022-02-27T07:33:05","slug":"cun-lajci-i-shkruan-edi-rames-edi-e-kuptove-pse-nuk-te-duhej-ballkani-i-hapur","status":"publish","type":"post","link":"https:\/\/www.shqiperia.com\/blog\/cun-lajci-i-shkruan-edi-rames-edi-e-kuptove-pse-nuk-te-duhej-ballkani-i-hapur\/","title":{"rendered":"\u00c7un Laj\u00e7i i shkruan Edi Rames:  &#8211; Edi, E kuptove pse nuk t\u00eb duhej Ballkani i Hapur?"},"content":{"rendered":"<p><img data-recalc-dims=\"1\" loading=\"lazy\" decoding=\"async\" data-attachment-id=\"54656\" data-permalink=\"https:\/\/www.shqiperia.com\/blog\/cun-lajci-i-shkruan-edi-rames-edi-e-kuptove-pse-nuk-te-duhej-ballkani-i-hapur\/cun-lajci-dhe-edi-rama\/\" data-orig-file=\"https:\/\/i0.wp.com\/www.shqiperia.com\/blog\/wp-content\/uploads\/2022\/02\/Cun-Lajci-dhe-Edi-Rama.jpg?fit=750%2C375&amp;ssl=1\" data-orig-size=\"750,375\" data-comments-opened=\"1\" data-image-meta=\"{&quot;aperture&quot;:&quot;0&quot;,&quot;credit&quot;:&quot;&quot;,&quot;camera&quot;:&quot;&quot;,&quot;caption&quot;:&quot;&quot;,&quot;created_timestamp&quot;:&quot;0&quot;,&quot;copyright&quot;:&quot;&quot;,&quot;focal_length&quot;:&quot;0&quot;,&quot;iso&quot;:&quot;0&quot;,&quot;shutter_speed&quot;:&quot;0&quot;,&quot;title&quot;:&quot;&quot;,&quot;orientation&quot;:&quot;0&quot;}\" data-image-title=\"Cun Lajci dhe Edi Rama\" data-image-description=\"\" data-image-caption=\"\" data-medium-file=\"https:\/\/i0.wp.com\/www.shqiperia.com\/blog\/wp-content\/uploads\/2022\/02\/Cun-Lajci-dhe-Edi-Rama.jpg?fit=300%2C150&amp;ssl=1\" data-large-file=\"https:\/\/i0.wp.com\/www.shqiperia.com\/blog\/wp-content\/uploads\/2022\/02\/Cun-Lajci-dhe-Edi-Rama.jpg?fit=750%2C375&amp;ssl=1\" class=\"alignnone wp-image-54656\" alt=\"\" src=\"https:\/\/i0.wp.com\/www.shqiperia.com\/blog\/wp-content\/uploads\/2022\/02\/Cun-Lajci-dhe-Edi-Rama.jpg?resize=644%2C322&#038;ssl=1\" width=\"644\" height=\"322\" srcset=\"https:\/\/i0.wp.com\/www.shqiperia.com\/blog\/wp-content\/uploads\/2022\/02\/Cun-Lajci-dhe-Edi-Rama.jpg?resize=300%2C150&amp;ssl=1 300w, https:\/\/i0.wp.com\/www.shqiperia.com\/blog\/wp-content\/uploads\/2022\/02\/Cun-Lajci-dhe-Edi-Rama.jpg?resize=450%2C225&amp;ssl=1 450w, https:\/\/i0.wp.com\/www.shqiperia.com\/blog\/wp-content\/uploads\/2022\/02\/Cun-Lajci-dhe-Edi-Rama.jpg?resize=600%2C300&amp;ssl=1 600w, https:\/\/i0.wp.com\/www.shqiperia.com\/blog\/wp-content\/uploads\/2022\/02\/Cun-Lajci-dhe-Edi-Rama.jpg?resize=400%2C200&amp;ssl=1 400w, https:\/\/i0.wp.com\/www.shqiperia.com\/blog\/wp-content\/uploads\/2022\/02\/Cun-Lajci-dhe-Edi-Rama.jpg?w=750&amp;ssl=1 750w\" sizes=\"auto, (max-width: 644px) 100vw, 644px\" \/><\/p>\n<p>\u00c7un Laj\u00e7i i shkruan Edi Rames: Edi. E kuptove pse nuk t\u00eb duhej Ballkani i Hapur?<\/p>\n<p>27 Shkurt 2022<\/p>\n<p>Edi. E kuptove pse nuk t\u00eb duhej Ballkani i Hapur?<\/p>\n<p>E kuptove pse Vu\u00e7i\u00e7 s&#8217;ka shkua kurr\u00eb n&#8217;WC pa aminin e Putinit!<\/p>\n<p>Ti asht dasht (ma shum\u00eb se Albini) me njoft\u00eb Rusin\u00eb, se Xhaxhin e ke pas\u00eb ma af\u00ebr!<\/p>\n<p>Vu\u00e7i\u00e7 nuk u distancua dje nga Putini! Si do ta vazhdosh tash Ballkanin e Hapur?<\/p>\n<p>Shkrueje nji let\u00ebr: Ballkania mori fund, i thuej, e shp\u00ebtoje artistll\u00ebkun Ed, se na shkoi ftyra n&#8217;lesh!<\/p>\n<p>Dhe<\/p>\n<p>S&#8217;po e fajsoj askend, ve\u00e7 po i ve n&#8217;let\u00ebr ato q\u00eb po i thoni publikisht, ju andej e k\u00ebta kendej!<\/p>\n<p>Dje deputet\u00ebt ton\u00eb (edhe populli, se popullin e p\u00ebrfaq\u00ebsojn\u00eb), hangr\u00ebn di\u00e7ka t\u00eb but\u00eb, t\u00eb g\u00ebrditshme, t\u00eb p\u00ebshurr\u00ebt!<\/p>\n<p>Me duket se edhe ti Ed e ke hang\u00ebr n&#8217;Berlin, se je ankua dy-tri her\u00eb!<\/p>\n<p>Un\u00eb, hera e dyt\u00eb q\u00eb e ha dhe nuk ankohem!<\/p>\n<p>Hera e par\u00eb ishte n\u00eb stadionin futbollistik Prishtina. Recitoja para mija luft\u00ebtar\u00ebve e qytetar\u00ebve. Prapa meje, ishte kreu politik e ushtarak. Njeni nga ta, i dha popullit, q\u00eb po na shikonte, me hang\u00ebr di\u00e7ka t\u00eb but\u00eb, t\u00eb g\u00ebrditshme, t\u00eb p\u00ebshurr\u00ebt. Mua jo, se artisti asht &#8220;flak\u00eb qiriri q\u00eb digjet p\u00ebr t\u00eb tjer\u00ebt&#8221;!<\/p>\n<p>Edhe deputet\u00ebve u tha: Ate q\u00eb ua kam dhan\u00eb popullit n&#8217;stadion, ate merreni edhe ju!<\/p>\n<p>Por \u00e7udi, kurkush s&#8217;u ankua!<\/p>\n<p>Si duket kishte kryp\u00eb taman, e mishi ishte i pjekun mir\u00eb!<\/p>\n<p>Jemi popull pa ankesa ne!<\/p>\n","protected":false},"excerpt":{"rendered":"<p>\u00c7un Laj\u00e7i i shkruan Edi Rames: Edi. E kuptove pse nuk t\u00eb duhej Ballkani i Hapur? 27 Shkurt 2022 Edi. E kuptove pse nuk t\u00eb duhej Ballkani i Hapur? E kuptove pse Vu\u00e7i\u00e7 s&#8217;ka shkua kurr\u00eb n&#8217;WC pa aminin e Putinit! Ti asht dasht (ma shum\u00eb se Albini) me njoft\u00eb Rusin\u00eb, se Xhaxhin e ke [&hellip;]<\/p>\n","protected":false},"author":9,"featured_media":54656,"comment_status":"open","ping_status":"open","sticky":false,"template":"","format":"standard","meta":{"jetpack_post_was_ever_published":false,"_jetpack_newsletter_access":"","_jetpack_dont_email_post_to_subs":false,"_jetpack_newsletter_tier_id":0,"_jetpack_memberships_contains_paywalled_content":false,"_jetpack_memberships_contains_paid_content":false,"footnotes":"","jetpack_publicize_message":"","jetpack_publicize_feature_enabled":true,"jetpack_social_post_already_shared":true,"jetpack_social_options":{"image_generator_settings":{"template":"highway","default_image_id":0,"font":"","enabled":false},"version":2}},"categories":[2,14,35],"tags":[],"class_list":["post-54655","post","type-post","status-publish","format-standard","has-post-thumbnail","hentry","category-politika","category-press-releases","category-shoqerore"],"jetpack_publicize_connections":[],"jetpack_featured_media_url":"https:\/\/i0.wp.com\/www.shqiperia.com\/blog\/wp-content\/uploads\/2022\/02\/Cun-Lajci-dhe-Edi-Rama.jpg?fit=750%2C375&ssl=1","jetpack_sharing_enabled":true,"jetpack_shortlink":"https:\/\/wp.me\/p5Z6wp-edx","jetpack-related-posts":[{"id":29555,"url":"https:\/\/www.shqiperia.com\/blog\/cun-lajci-i-shkruan-rames-viat-e-bardha-ti-kan-djege-trute-kurse-ramushit-plumbat-e-vucicit-ia-kane-djege-dy-vllaznit-e-krejt-kosoven\/","url_meta":{"origin":54655,"position":0},"title":"\u00c7un Laj\u00e7i i shkruan Ram\u00ebs, \u201c\u2026viat e bardha ti kan djeg\u00eb trut\u00eb, kurse Ramushit plumbat e Vu\u00e7i\u00e7it ia kan\u00eb djeg\u00eb dy vllaznit e krejt Kosov\u00ebn\u2026\u201d. &#8211;","author":"Kurt Farka","date":"December 21, 2019","format":false,"excerpt":"\u00c7un Laj\u00e7i i shkruan Ram\u00ebs, \u201c\u2026viat e bardha ti kan djeg\u00eb trut\u00eb, kurse Ramushit plumbat e Vu\u00e7i\u00e7it ia kan\u00eb djeg\u00eb dy vllaznit e krejt Kosov\u00ebn\u2026\u201d 21\/12\/2019. Nga \u00c7un Laj\u00e7i Edi Rama, mos e mbaj Maxharr Pash\u00ebn n\u2019konak, se t\u2019del shpirti n\u2019yzderhane! * T\u2019qava n\u2019vargje kur u dridhe themelesh Shqipni Por\u2026","rel":"","context":"In &quot;Blogu i Udh\u00ebtarit&quot;","block_context":{"text":"Blogu i Udh\u00ebtarit","link":"https:\/\/www.shqiperia.com\/blog\/category\/blogu-i-udhetarit\/"},"img":{"alt_text":"","src":"https:\/\/i0.wp.com\/www.shqiperia.com\/blog\/wp-content\/uploads\/2019\/12\/%C3%87un-Laj%C3%A7i.jpg?fit=479%2C315&ssl=1&resize=350%2C200","width":350,"height":200},"classes":[]},{"id":21623,"url":"https:\/\/www.shqiperia.com\/blog\/cun-lajci-godet-thacin-per-berishen-presnjak-keq-po-ti-shkruan-fjalimet-edi-rama\/","url_meta":{"origin":54655,"position":1},"title":"\u00c7un Laj\u00e7i godet Tha\u00e7in p\u00ebr Berish\u00ebn: Presnjak, keq po t\u2019i shkruan fjalimet Edi Rama.","author":"Kurt Farka","date":"May 28, 2019","format":false,"excerpt":"\u00c7un Laj\u00e7i godet Tha\u00e7in p\u00ebr Berish\u00ebn: Presnjak, keq po t\u2019i shkruan fjalimet Edi Rama. Gazeta Express 25 Maj 2019 Aktori dhe shkrimtari kosovar, \u00c7un Laj\u00e7i, ka folur sot rreth p\u00ebrplasjes nd\u00ebrmjet presidentit t\u00eb Kosov\u00ebs, Hashim Tha\u00e7it dhe ish-kreut t\u00eb shtetit shqiptar, Sali Berish\u00ebs. Laj\u00e7i ka th\u00ebn\u00eb se gjuha t\u00eb cil\u00ebn\u2026","rel":"","context":"In &quot;Kultura&quot;","block_context":{"text":"Kultura","link":"https:\/\/www.shqiperia.com\/blog\/category\/kultura\/"},"img":{"alt_text":"","src":"https:\/\/i0.wp.com\/www.shqiperia.com\/blog\/wp-content\/uploads\/2019\/05\/Cun-Lajci.jpg?fit=600%2C360&ssl=1&resize=350%2C200","width":350,"height":200,"srcset":"https:\/\/i0.wp.com\/www.shqiperia.com\/blog\/wp-content\/uploads\/2019\/05\/Cun-Lajci.jpg?fit=600%2C360&ssl=1&resize=350%2C200 1x, https:\/\/i0.wp.com\/www.shqiperia.com\/blog\/wp-content\/uploads\/2019\/05\/Cun-Lajci.jpg?fit=600%2C360&ssl=1&resize=525%2C300 1.5x"},"classes":[]},{"id":58692,"url":"https:\/\/www.shqiperia.com\/blog\/deshtimi-i-suksesshem-i-lavrov-qe-demaskoi-agjentet-ruse-te-ballkanit-te-hapur\/","url_meta":{"origin":54655,"position":2},"title":"D\u00ebshtimi i suksessh\u00ebm i Lavrov q\u00eb demaskoi agjent\u00ebt rus\u00eb t\u00eb Ballkanit t\u00eb Hapur","author":"Kurt Farka","date":"June 7, 2022","format":false,"excerpt":"6 Qershor 2022 D\u00ebshtimi i vizit\u00ebs s\u00eb Lavrov n\u00eb Serbi ishte nj\u00eb goditje e r\u00ebnd\u00eb p\u00ebr elitat politike t\u00eb Ballkanit, t\u00eb cilat prej koh\u00ebsh jan\u00eb duke gatuar nj\u00eb \u00e7orb\u00eb t\u00eb shpifur dhe pa kurfarr\u00eb shije me termin Ballkani i Hapur. I trumbetuar me tamtame histerike nga dyshja Vu\u00e7ic-Rama, dhe i\u2026","rel":"","context":"In &quot;Blogu i Udh\u00ebtarit&quot;","block_context":{"text":"Blogu i Udh\u00ebtarit","link":"https:\/\/www.shqiperia.com\/blog\/category\/blogu-i-udhetarit\/"},"img":{"alt_text":"","src":"https:\/\/i0.wp.com\/www.shqiperia.com\/blog\/wp-content\/uploads\/2022\/06\/800-0-629460e4acb9b.jpg?fit=800%2C448&ssl=1&resize=350%2C200","width":350,"height":200,"srcset":"https:\/\/i0.wp.com\/www.shqiperia.com\/blog\/wp-content\/uploads\/2022\/06\/800-0-629460e4acb9b.jpg?fit=800%2C448&ssl=1&resize=350%2C200 1x, https:\/\/i0.wp.com\/www.shqiperia.com\/blog\/wp-content\/uploads\/2022\/06\/800-0-629460e4acb9b.jpg?fit=800%2C448&ssl=1&resize=525%2C300 1.5x, https:\/\/i0.wp.com\/www.shqiperia.com\/blog\/wp-content\/uploads\/2022\/06\/800-0-629460e4acb9b.jpg?fit=800%2C448&ssl=1&resize=700%2C400 2x"},"classes":[]},{"id":61617,"url":"https:\/\/www.shqiperia.com\/blog\/pse-fondacioni-soros-po-godet-ballkanin-e-hapur-dhe-edi-ramen\/","url_meta":{"origin":54655,"position":3},"title":"Pse Fondacioni Soros po godet \u201cBallkanin e Hapur\u201d dhe Edi Ram\u00ebn?","author":"Kurt Farka","date":"August 29, 2022","format":false,"excerpt":"29 Gusht 2022 Nga: Gazeta Sot Nj\u00eb \u201crrufe n\u00eb qiell t\u00eb hapur\u201d mund t\u00eb cil\u00ebsohet publikimi i sotsh\u00ebm i rrjetit BIRN n\u00eb Beograd, ku nj\u00eb nd\u00ebr z\u00ebrat m\u00eb p\u00ebrfaq\u00ebsues t\u00eb Fondacionit Soros, Fron Nahzi, ka goditur fort iden\u00eb dhe planin e \u201cBallkanit t\u00eb Hapur\u201d dhe n\u00eb ve\u00e7anti kryeministrin shqiptar Edi\u2026","rel":"","context":"In &quot;Blogu i Udh\u00ebtarit&quot;","block_context":{"text":"Blogu i Udh\u00ebtarit","link":"https:\/\/www.shqiperia.com\/blog\/category\/blogu-i-udhetarit\/"},"img":{"alt_text":"","src":"https:\/\/i0.wp.com\/www.shqiperia.com\/blog\/wp-content\/uploads\/2022\/08\/FB_IMG_1636218077369.jpg?fit=664%2C319&ssl=1&resize=350%2C200","width":350,"height":200,"srcset":"https:\/\/i0.wp.com\/www.shqiperia.com\/blog\/wp-content\/uploads\/2022\/08\/FB_IMG_1636218077369.jpg?fit=664%2C319&ssl=1&resize=350%2C200 1x, https:\/\/i0.wp.com\/www.shqiperia.com\/blog\/wp-content\/uploads\/2022\/08\/FB_IMG_1636218077369.jpg?fit=664%2C319&ssl=1&resize=525%2C300 1.5x"},"classes":[]},{"id":51016,"url":"https:\/\/www.shqiperia.com\/blog\/ballkani-i-hapur-vucici-pyet-ramen-a-ta-mbajme-a-ta-shtyjme-takimin-ne-beograd-bashke-takojne-macron\/","url_meta":{"origin":54655,"position":4},"title":"\u201cBallkani i Hapur\u201d, Vu\u00e7i\u00e7i pyet Ram\u00ebn: A ta mbajm\u00eb, a ta shtyjm\u00eb takimin n\u00eb Beograd? Bashk\u00eb takojn\u00eb Macron","author":"Kurt Farka","date":"November 1, 2021","format":false,"excerpt":"\u201cBallkani i Hapur\u201d, Vu\u00e7i\u00e7i pyet Ram\u00ebn: A ta mbajm\u00eb, a ta shtyjm\u00eb takimin n\u00eb Beograd? Bashk\u00eb takojn\u00eb Macron 1 N\u00ebntor 2021 Kryeministri i Shqip\u00ebris\u00eb, Edi Rama, \u00ebsht\u00eb takuar sot me presidentin e Serbis\u00eb, Aleksandar Vu\u00e7i\u00e7 n\u00eb kuad\u00ebr t\u00eb Samitit p\u00ebr Klim\u00ebn. P\u00ebrmes nj\u00eb postimi n\u00eb Instagram, Vu\u00e7iq ka th\u00ebn\u00eb q\u00eb\u2026","rel":"","context":"In &quot;Blogu i Udh\u00ebtarit&quot;","block_context":{"text":"Blogu i Udh\u00ebtarit","link":"https:\/\/www.shqiperia.com\/blog\/category\/blogu-i-udhetarit\/"},"img":{"alt_text":"","src":"https:\/\/i0.wp.com\/www.shqiperia.com\/blog\/wp-content\/uploads\/2021\/11\/640-0-4d7d777c99bc3eb40543580d0d7378de.jpg?fit=640%2C430&ssl=1&resize=350%2C200","width":350,"height":200,"srcset":"https:\/\/i0.wp.com\/www.shqiperia.com\/blog\/wp-content\/uploads\/2021\/11\/640-0-4d7d777c99bc3eb40543580d0d7378de.jpg?fit=640%2C430&ssl=1&resize=350%2C200 1x, https:\/\/i0.wp.com\/www.shqiperia.com\/blog\/wp-content\/uploads\/2021\/11\/640-0-4d7d777c99bc3eb40543580d0d7378de.jpg?fit=640%2C430&ssl=1&resize=525%2C300 1.5x"},"classes":[]},{"id":48794,"url":"https:\/\/www.shqiperia.com\/blog\/po-mbahet-ne-shkup-ballkani-i-hapur-vjen-reagimi-i-ashper-i-vetvendosjes-abazi-flet-per-skenare-sot-108-vite-nga-konferenca-e-londres-rama-po-e-vendos-shqiperine-nen-vasalit\/","url_meta":{"origin":54655,"position":5},"title":"Po mbahet n\u00eb Shkup \u2018Ballkani i Hapur\u2019. &#8211; Vjen reagimi i ashp\u00ebr i Vetvendosjes, Abazi flet p\u00ebr skenare: &#8211; Sot, 108 vite nga Konferenca e Londr\u00ebs, Rama po e vendos Shqip\u00ebrin\u00eb n\u00ebn vasalitetin e Serbis\u00eb","author":"Kurt Farka","date":"July 29, 2021","format":false,"excerpt":"Po mbahet n\u00eb Shkup \u2018Ballkani i Hapur\u2019. - Vjen reagimi i ashp\u00ebr i Vetvendosjes, Abazi flet p\u00ebr skenare: - Sot, 108 vite nga Konferenca e Londr\u00ebs, Rama po e vendos Shqip\u00ebrin\u00eb n\u00ebn vasalitetin e Serbis\u00eb 29 KORRIK 2021 N\u00eb Maqedonis\u00eb s\u00eb Veriut po zhvillohet Forumi Ekonomik \u201cBallkani i Hapur\u201d, ku\u2026","rel":"","context":"In &quot;Politika&quot;","block_context":{"text":"Politika","link":"https:\/\/www.shqiperia.com\/blog\/category\/politika\/"},"img":{"alt_text":"","src":"https:\/\/i0.wp.com\/www.shqiperia.com\/blog\/wp-content\/uploads\/2021\/07\/800-480-61027e817fcd7.jpg?fit=800%2C480&ssl=1&resize=350%2C200","width":350,"height":200,"srcset":"https:\/\/i0.wp.com\/www.shqiperia.com\/blog\/wp-content\/uploads\/2021\/07\/800-480-61027e817fcd7.jpg?fit=800%2C480&ssl=1&resize=350%2C200 1x, https:\/\/i0.wp.com\/www.shqiperia.com\/blog\/wp-content\/uploads\/2021\/07\/800-480-61027e817fcd7.jpg?fit=800%2C480&ssl=1&resize=525%2C300 1.5x, https:\/\/i0.wp.com\/www.shqiperia.com\/blog\/wp-content\/uploads\/2021\/07\/800-480-61027e817fcd7.jpg?fit=800%2C480&ssl=1&resize=700%2C400 2x"},"classes":[]}],"_links":{"self":[{"href":"https:\/\/www.shqiperia.com\/blog\/wp-json\/wp\/v2\/posts\/54655","targetHints":{"allow":["GET"]}}],"collection":[{"href":"https:\/\/www.shqiperia.com\/blog\/wp-json\/wp\/v2\/posts"}],"about":[{"href":"https:\/\/www.shqiperia.com\/blog\/wp-json\/wp\/v2\/types\/post"}],"author":[{"embeddable":true,"href":"https:\/\/www.shqiperia.com\/blog\/wp-json\/wp\/v2\/users\/9"}],"replies":[{"embeddable":true,"href":"https:\/\/www.shqiperia.com\/blog\/wp-json\/wp\/v2\/comments?post=54655"}],"version-history":[{"count":1,"href":"https:\/\/www.shqiperia.com\/blog\/wp-json\/wp\/v2\/posts\/54655\/revisions"}],"predecessor-version":[{"id":54657,"href":"https:\/\/www.shqiperia.com\/blog\/wp-json\/wp\/v2\/posts\/54655\/revisions\/54657"}],"wp:featuredmedia":[{"embeddable":true,"href":"https:\/\/www.shqiperia.com\/blog\/wp-json\/wp\/v2\/media\/54656"}],"wp:attachment":[{"href":"https:\/\/www.shqiperia.com\/blog\/wp-json\/wp\/v2\/media?parent=54655"}],"wp:term":[{"taxonomy":"category","embeddable":true,"href":"https:\/\/www.shqiperia.com\/blog\/wp-json\/wp\/v2\/categories?post=54655"},{"taxonomy":"post_tag","embeddable":true,"href":"https:\/\/www.shqiperia.com\/blog\/wp-json\/wp\/v2\/tags?post=54655"}],"curies":[{"name":"wp","href":"https:\/\/api.w.org\/{rel}","templated":true}]}}