{"id":54652,"date":"2022-02-27T06:57:22","date_gmt":"2022-02-27T06:57:22","guid":{"rendered":"https:\/\/www.shqiperia.com\/blog\/?p=54652"},"modified":"2022-02-27T06:57:22","modified_gmt":"2022-02-27T06:57:22","slug":"sot-reshje-shiu-dhe-bore-temperaturat-deri-ne-2c","status":"publish","type":"post","link":"https:\/\/www.shqiperia.com\/blog\/sot-reshje-shiu-dhe-bore-temperaturat-deri-ne-2c\/","title":{"rendered":"Sot reshje shiu dhe bore, temperaturat deri n\u00eb -2\u00b0C."},"content":{"rendered":"<p><img data-recalc-dims=\"1\" loading=\"lazy\" decoding=\"async\" data-attachment-id=\"54653\" data-permalink=\"https:\/\/www.shqiperia.com\/blog\/sot-reshje-shiu-dhe-bore-temperaturat-deri-ne-2c\/640-0-621b1be8cc0b0\/\" data-orig-file=\"https:\/\/i0.wp.com\/www.shqiperia.com\/blog\/wp-content\/uploads\/2022\/02\/640-0-621b1be8cc0b0.png?fit=640%2C340&amp;ssl=1\" data-orig-size=\"640,340\" data-comments-opened=\"1\" data-image-meta=\"{&quot;aperture&quot;:&quot;0&quot;,&quot;credit&quot;:&quot;&quot;,&quot;camera&quot;:&quot;&quot;,&quot;caption&quot;:&quot;&quot;,&quot;created_timestamp&quot;:&quot;0&quot;,&quot;copyright&quot;:&quot;&quot;,&quot;focal_length&quot;:&quot;0&quot;,&quot;iso&quot;:&quot;0&quot;,&quot;shutter_speed&quot;:&quot;0&quot;,&quot;title&quot;:&quot;&quot;,&quot;orientation&quot;:&quot;0&quot;}\" data-image-title=\"-640-0-621b1be8cc0b0\" data-image-description=\"\" data-image-caption=\"\" data-medium-file=\"https:\/\/i0.wp.com\/www.shqiperia.com\/blog\/wp-content\/uploads\/2022\/02\/640-0-621b1be8cc0b0.png?fit=300%2C159&amp;ssl=1\" data-large-file=\"https:\/\/i0.wp.com\/www.shqiperia.com\/blog\/wp-content\/uploads\/2022\/02\/640-0-621b1be8cc0b0.png?fit=640%2C340&amp;ssl=1\" class=\"alignnone  wp-image-54653\" alt=\"\" src=\"https:\/\/i0.wp.com\/www.shqiperia.com\/blog\/wp-content\/uploads\/2022\/02\/640-0-621b1be8cc0b0.png?resize=621%2C329&#038;ssl=1\" width=\"621\" height=\"329\" srcset=\"https:\/\/i0.wp.com\/www.shqiperia.com\/blog\/wp-content\/uploads\/2022\/02\/640-0-621b1be8cc0b0.png?resize=300%2C159&amp;ssl=1 300w, https:\/\/i0.wp.com\/www.shqiperia.com\/blog\/wp-content\/uploads\/2022\/02\/640-0-621b1be8cc0b0.png?resize=450%2C239&amp;ssl=1 450w, https:\/\/i0.wp.com\/www.shqiperia.com\/blog\/wp-content\/uploads\/2022\/02\/640-0-621b1be8cc0b0.png?resize=600%2C319&amp;ssl=1 600w, https:\/\/i0.wp.com\/www.shqiperia.com\/blog\/wp-content\/uploads\/2022\/02\/640-0-621b1be8cc0b0.png?resize=400%2C213&amp;ssl=1 400w, https:\/\/i0.wp.com\/www.shqiperia.com\/blog\/wp-content\/uploads\/2022\/02\/640-0-621b1be8cc0b0.png?w=640&amp;ssl=1 640w\" sizes=\"auto, (max-width: 621px) 100vw, 621px\" \/><\/p>\n<p>Sot reshje shiu dhe bore, temperaturat deri n\u00eb -2\u00b0C.<\/p>\n<p>27 SHKURT 2022<\/p>\n<p>Or\u00ebt e para t\u00eb dit\u00ebs do t\u00eb sjelli reshje, ku n\u00eb zonat t\u00eb izoluara pritet t\u00eb kemi dhe reshje mesatare.<\/p>\n<p>Sipas MeteoAlb, parashikohet q\u00eb n\u00eb ult\u00ebsir\u00ebn per\u00ebndimore t\u00eb kemi reshje shiu, por n\u00eb zonat malore vran\u00ebsirat do t\u00eb gjenerojn\u00eb reshje\u00a0 d\u00ebbore.<\/p>\n<p>Nd\u00ebrsa or\u00ebt n\u00eb vijim sjellin n\u00eb vend p\u00ebrmir\u00ebsim t\u00eb leht\u00eb t\u00eb motit, ku priten momente pa reshje dhe intervale t\u00eb shkurtra me kthjellime.<\/p>\n<p>Temperaturat e ajrit do t\u00eb ulen n\u00eb m\u00ebngjes dhe n\u00eb mesdit\u00eb duke luhatur vlerat ditore nga -2\u00b0C deri n\u00eb 14\u00b0C. Era do t\u00eb fryj\u00eb me shpejt\u00ebsi 50 km\/h nga drejtimi Lindor \u2013 Verilindor duke krijuar n\u00eb brigjet detare dallg\u00ebzim 4 ball\u00eb.<\/p>\n<p>Gazeta Shqip<\/p>\n","protected":false},"excerpt":{"rendered":"<p>Sot reshje shiu dhe bore, temperaturat deri n\u00eb -2\u00b0C. 27 SHKURT 2022 Or\u00ebt e para t\u00eb dit\u00ebs do t\u00eb sjelli reshje, ku n\u00eb zonat t\u00eb izoluara pritet t\u00eb kemi dhe reshje mesatare. Sipas MeteoAlb, parashikohet q\u00eb n\u00eb ult\u00ebsir\u00ebn per\u00ebndimore t\u00eb kemi reshje shiu, por n\u00eb zonat malore vran\u00ebsirat do t\u00eb gjenerojn\u00eb reshje\u00a0 d\u00ebbore. Nd\u00ebrsa or\u00ebt [&hellip;]<\/p>\n","protected":false},"author":9,"featured_media":54653,"comment_status":"open","ping_status":"open","sticky":false,"template":"","format":"standard","meta":{"jetpack_post_was_ever_published":false,"_jetpack_newsletter_access":"","_jetpack_dont_email_post_to_subs":false,"_jetpack_newsletter_tier_id":0,"_jetpack_memberships_contains_paywalled_content":false,"_jetpack_memberships_contains_paid_content":false,"footnotes":"","jetpack_publicize_message":"","jetpack_publicize_feature_enabled":true,"jetpack_social_post_already_shared":true,"jetpack_social_options":{"image_generator_settings":{"template":"highway","default_image_id":0,"font":"","enabled":false},"version":2}},"categories":[27,35],"tags":[],"class_list":["post-54652","post","type-post","status-publish","format-standard","has-post-thumbnail","hentry","category-blogu-i-udhetarit","category-shoqerore"],"jetpack_publicize_connections":[],"jetpack_featured_media_url":"https:\/\/i0.wp.com\/www.shqiperia.com\/blog\/wp-content\/uploads\/2022\/02\/640-0-621b1be8cc0b0.png?fit=640%2C340&ssl=1","jetpack_sharing_enabled":true,"jetpack_shortlink":"https:\/\/wp.me\/p5Z6wp-edu","jetpack-related-posts":[{"id":84964,"url":"https:\/\/www.shqiperia.com\/blog\/vranesira-dhe-reshje-shiu-ne-disa-zona-te-vendit-ja-si-do-te-paraqiten-temperaturat-sot\/","url_meta":{"origin":54652,"position":0},"title":"Vran\u00ebsira dhe reshje shiu n\u00eb disa zona t\u00eb vendit, ja si do t\u00eb paraqiten temperaturat sot","author":"Kurt Farka","date":"September 24, 2024","format":false,"excerpt":"24 Shtator 2024 Shqip\u00ebria do t\u00eb vijoj\u00eb n\u00ebn ndikimin e kthjellimeve dhe vran\u00ebsirave t\u00eb her\u00ebpashershme gjat\u00eb gjith\u00eb paradites, ku m\u00eb t\u00eb theksuara vran\u00ebsirat paraqiten n\u00eb zonat veriper\u00ebndimore dhe jugper\u00ebndimore duke rrezikuar reshje t\u00eb p\u00ebrkohshme shiu. Or\u00ebt e pasdites do t\u00eb sjellin shpeshtim t\u00eb vran\u00ebsirave duke gjeneruar reshje t\u00eb pakta shiu\u2026","rel":"","context":"In &quot;Blogu i Udh\u00ebtarit&quot;","block_context":{"text":"Blogu i Udh\u00ebtarit","link":"https:\/\/www.shqiperia.com\/blog\/category\/blogu-i-udhetarit\/"},"img":{"alt_text":"","src":"https:\/\/i0.wp.com\/www.shqiperia.com\/blog\/wp-content\/uploads\/2024\/09\/640-0-1713680212xshiii-729.jpg?fit=640%2C374&ssl=1&resize=350%2C200","width":350,"height":200,"srcset":"https:\/\/i0.wp.com\/www.shqiperia.com\/blog\/wp-content\/uploads\/2024\/09\/640-0-1713680212xshiii-729.jpg?fit=640%2C374&ssl=1&resize=350%2C200 1x, https:\/\/i0.wp.com\/www.shqiperia.com\/blog\/wp-content\/uploads\/2024\/09\/640-0-1713680212xshiii-729.jpg?fit=640%2C374&ssl=1&resize=525%2C300 1.5x"},"classes":[]},{"id":48846,"url":"https:\/\/www.shqiperia.com\/blog\/iken-i-nxehti-nga-sot-freskohet-moti-pasdite-reshje-shiu\/","url_meta":{"origin":54652,"position":1},"title":"Ik\u00ebn i nxehti \u00a0\u2013 Nga sot freskohet moti, pasdite reshje shiu","author":"Kurt Farka","date":"August 5, 2021","format":false,"excerpt":"Ik\u00ebn i nxehti \u00a0\u2013 Nga sot freskohet moti, pasdite reshje shiu - 05\/08\/21 Duke filluar nga dita e sotme, e enjte 5 gusht 2021, gradualisht mbi vendin ton\u00eb pritet dep\u00ebrtimi i masave ajrore relativisht t\u00eb paq\u00ebndrueshme, t\u00eb lag\u00ebshta dhe m\u00eb t\u00eb fresk\u00ebta me origjin\u00eb veriper\u00ebndimore. Moti do t\u00eb jet\u00eb kryesisht\u2026","rel":"","context":"In &quot;Blogu i Udh\u00ebtarit&quot;","block_context":{"text":"Blogu i Udh\u00ebtarit","link":"https:\/\/www.shqiperia.com\/blog\/category\/blogu-i-udhetarit\/"},"img":{"alt_text":"","src":"https:\/\/i0.wp.com\/www.shqiperia.com\/blog\/wp-content\/uploads\/2021\/08\/Moti-vranesira.jpg?fit=833%2C407&ssl=1&resize=350%2C200","width":350,"height":200,"srcset":"https:\/\/i0.wp.com\/www.shqiperia.com\/blog\/wp-content\/uploads\/2021\/08\/Moti-vranesira.jpg?fit=833%2C407&ssl=1&resize=350%2C200 1x, https:\/\/i0.wp.com\/www.shqiperia.com\/blog\/wp-content\/uploads\/2021\/08\/Moti-vranesira.jpg?fit=833%2C407&ssl=1&resize=525%2C300 1.5x, https:\/\/i0.wp.com\/www.shqiperia.com\/blog\/wp-content\/uploads\/2021\/08\/Moti-vranesira.jpg?fit=833%2C407&ssl=1&resize=700%2C400 2x"},"classes":[]},{"id":87435,"url":"https:\/\/www.shqiperia.com\/blog\/vranesira-dhe-reshje-shiu-parashikimi-i-motit-per-sot\/","url_meta":{"origin":54652,"position":2},"title":"Vran\u00ebsira dhe reshje shiu\/ Parashikimi i motit p\u00ebr sot","author":"Kurt Farka","date":"December 15, 2024","format":false,"excerpt":"15 Dhjetor 2024 Or\u00ebt e paradites do t\u00eb paraqiten n\u00ebn mbizot\u00ebrimin e vran\u00ebsirave dhe shirave me intensitet mesatar dhe lokalisht intensive n\u00eb pjes\u00ebn m\u00eb t\u00eb madhe t\u00eb vendit. Nd\u00ebrkoh\u00eb n\u00eb zonat malore do t\u00eb ket\u00eb reshje d\u00ebbore. Parashikohet q\u00eb or\u00ebt e pasdites dhe mbr\u00ebmjes t\u00eb sjellin nd\u00ebrprerje t\u00eb p\u00ebrkohshme t\u00eb\u2026","rel":"","context":"In &quot;Blogu i Udh\u00ebtarit&quot;","block_context":{"text":"Blogu i Udh\u00ebtarit","link":"https:\/\/www.shqiperia.com\/blog\/category\/blogu-i-udhetarit\/"},"img":{"alt_text":"","src":"https:\/\/i0.wp.com\/www.shqiperia.com\/blog\/wp-content\/uploads\/2024\/12\/moti-juli-fag.jpg?fit=1024%2C576&ssl=1&resize=350%2C200","width":350,"height":200,"srcset":"https:\/\/i0.wp.com\/www.shqiperia.com\/blog\/wp-content\/uploads\/2024\/12\/moti-juli-fag.jpg?fit=1024%2C576&ssl=1&resize=350%2C200 1x, https:\/\/i0.wp.com\/www.shqiperia.com\/blog\/wp-content\/uploads\/2024\/12\/moti-juli-fag.jpg?fit=1024%2C576&ssl=1&resize=525%2C300 1.5x, https:\/\/i0.wp.com\/www.shqiperia.com\/blog\/wp-content\/uploads\/2024\/12\/moti-juli-fag.jpg?fit=1024%2C576&ssl=1&resize=700%2C400 2x"},"classes":[]},{"id":39322,"url":"https:\/\/www.shqiperia.com\/blog\/vranesira-reshje-dhe-kthjellime-njihuni-me-surprizat-e-motit-sot\/","url_meta":{"origin":54652,"position":3},"title":"\u201cVran\u00ebsira, reshje dhe kthjellime\u201d- Njihuni me surprizat e motit sot","author":"Kurt Farka","date":"October 7, 2020","format":false,"excerpt":"\u201cVran\u00ebsira, reshje dhe kthjellime\u201d- Njihuni me surprizat e motit sot - 07\/10\/20 Sot parashikohet t\u00eb ket\u00eb mot kryesisht t\u00eb vran\u00ebt dhe intervale kthjellimesh.\u00a0 Reshje shiu t\u00eb her\u00ebpashershme me intensitet t\u00eb ul\u00ebt t\u00eb karakterit lokal deri n\u00eb or\u00ebt e mesdit\u00ebs, m\u00eb pas reshjet do t\u00eb fitojn\u00eb intensitet mesatar n\u00eb pjes\u00ebn m\u00eb\u2026","rel":"","context":"In &quot;Blogu i Udh\u00ebtarit&quot;","block_context":{"text":"Blogu i Udh\u00ebtarit","link":"https:\/\/www.shqiperia.com\/blog\/category\/blogu-i-udhetarit\/"},"img":{"alt_text":"","src":"https:\/\/i0.wp.com\/www.shqiperia.com\/blog\/wp-content\/uploads\/2020\/10\/MOTI-SOT-01-1536x864-1.jpg?fit=1200%2C675&ssl=1&resize=350%2C200","width":350,"height":200,"srcset":"https:\/\/i0.wp.com\/www.shqiperia.com\/blog\/wp-content\/uploads\/2020\/10\/MOTI-SOT-01-1536x864-1.jpg?fit=1200%2C675&ssl=1&resize=350%2C200 1x, https:\/\/i0.wp.com\/www.shqiperia.com\/blog\/wp-content\/uploads\/2020\/10\/MOTI-SOT-01-1536x864-1.jpg?fit=1200%2C675&ssl=1&resize=525%2C300 1.5x, https:\/\/i0.wp.com\/www.shqiperia.com\/blog\/wp-content\/uploads\/2020\/10\/MOTI-SOT-01-1536x864-1.jpg?fit=1200%2C675&ssl=1&resize=700%2C400 2x, https:\/\/i0.wp.com\/www.shqiperia.com\/blog\/wp-content\/uploads\/2020\/10\/MOTI-SOT-01-1536x864-1.jpg?fit=1200%2C675&ssl=1&resize=1050%2C600 3x"},"classes":[]},{"id":88185,"url":"https:\/\/www.shqiperia.com\/blog\/reshje-shiu-dhe-debore-parashikimi-i-motit-per-sot\/","url_meta":{"origin":54652,"position":4},"title":"Reshje shiu dhe d\u00ebbore\/ Parashikimi i motit p\u00ebr sot","author":"Kurt Farka","date":"January 9, 2025","format":false,"excerpt":"9 Janar 2025 Territori Shqiptar do t\u00eb vijoj\u00eb n\u00ebn ndikimin e masave ajrore t\u00eb paq\u00ebndrueshme duke sjell\u00eb vran\u00ebsira dhe reshje shiu e d\u00ebbore n\u00eb pjes\u00ebn m\u00eb t\u00eb madhe t\u00eb vendit. M\u00eb t\u00eb theksuara n\u00eb dy skajet veri dhe Jug t\u00eb territorit. Parashikohet q\u00eb or\u00ebt e pasdites dhe n\u00eb vijim t\u00eb\u2026","rel":"","context":"In &quot;Blogu i Udh\u00ebtarit&quot;","block_context":{"text":"Blogu i Udh\u00ebtarit","link":"https:\/\/www.shqiperia.com\/blog\/category\/blogu-i-udhetarit\/"},"img":{"alt_text":"","src":"https:\/\/i0.wp.com\/www.shqiperia.com\/blog\/wp-content\/uploads\/2025\/01\/Stuhi_bore-570x324-1.jpg?fit=570%2C324&ssl=1&resize=350%2C200","width":350,"height":200,"srcset":"https:\/\/i0.wp.com\/www.shqiperia.com\/blog\/wp-content\/uploads\/2025\/01\/Stuhi_bore-570x324-1.jpg?fit=570%2C324&ssl=1&resize=350%2C200 1x, https:\/\/i0.wp.com\/www.shqiperia.com\/blog\/wp-content\/uploads\/2025\/01\/Stuhi_bore-570x324-1.jpg?fit=570%2C324&ssl=1&resize=525%2C300 1.5x"},"classes":[]},{"id":49337,"url":"https:\/\/www.shqiperia.com\/blog\/ulje-temperaturash-dhe-reshje-shiu-ne-gjithe-vendin-mesoni-si-parashikohet-te-jete-moti-sot-dhe-surprizat-qe-na-presin\/","url_meta":{"origin":54652,"position":5},"title":"Ulje temperaturash dhe reshje shiu n\u00eb gjith\u00eb vendin, m\u00ebsoni si parashikohet t\u00eb jet\u00eb moti sot dhe surprizat q\u00eb na presin","author":"Kurt Farka","date":"August 26, 2021","format":false,"excerpt":"Ulje temperaturash dhe reshje shiu n\u00eb gjith\u00eb vendin, m\u00ebsoni si parashikohet t\u00eb jet\u00eb moti sot dhe surprizat q\u00eb na presin 26 GUSHT 2021 Ulje temperaturash dhe reshje shiu n\u00eb gjith\u00eb vendin, m\u00ebsoni si Vran\u00ebsira t\u00eb shpeshta, t\u00eb cilat her\u00eb pas her\u00eb sjellin reshje shiu mbizot\u00ebrojn\u00eb motin n\u00eb zonat veriore dhe\u2026","rel":"","context":"In &quot;Blogu i Udh\u00ebtarit&quot;","block_context":{"text":"Blogu i Udh\u00ebtarit","link":"https:\/\/www.shqiperia.com\/blog\/category\/blogu-i-udhetarit\/"},"img":{"alt_text":"","src":"https:\/\/i0.wp.com\/www.shqiperia.com\/blog\/wp-content\/uploads\/2021\/08\/800-0-61273e9b668da.jpg?fit=800%2C445&ssl=1&resize=350%2C200","width":350,"height":200,"srcset":"https:\/\/i0.wp.com\/www.shqiperia.com\/blog\/wp-content\/uploads\/2021\/08\/800-0-61273e9b668da.jpg?fit=800%2C445&ssl=1&resize=350%2C200 1x, https:\/\/i0.wp.com\/www.shqiperia.com\/blog\/wp-content\/uploads\/2021\/08\/800-0-61273e9b668da.jpg?fit=800%2C445&ssl=1&resize=525%2C300 1.5x, https:\/\/i0.wp.com\/www.shqiperia.com\/blog\/wp-content\/uploads\/2021\/08\/800-0-61273e9b668da.jpg?fit=800%2C445&ssl=1&resize=700%2C400 2x"},"classes":[]}],"_links":{"self":[{"href":"https:\/\/www.shqiperia.com\/blog\/wp-json\/wp\/v2\/posts\/54652","targetHints":{"allow":["GET"]}}],"collection":[{"href":"https:\/\/www.shqiperia.com\/blog\/wp-json\/wp\/v2\/posts"}],"about":[{"href":"https:\/\/www.shqiperia.com\/blog\/wp-json\/wp\/v2\/types\/post"}],"author":[{"embeddable":true,"href":"https:\/\/www.shqiperia.com\/blog\/wp-json\/wp\/v2\/users\/9"}],"replies":[{"embeddable":true,"href":"https:\/\/www.shqiperia.com\/blog\/wp-json\/wp\/v2\/comments?post=54652"}],"version-history":[{"count":1,"href":"https:\/\/www.shqiperia.com\/blog\/wp-json\/wp\/v2\/posts\/54652\/revisions"}],"predecessor-version":[{"id":54654,"href":"https:\/\/www.shqiperia.com\/blog\/wp-json\/wp\/v2\/posts\/54652\/revisions\/54654"}],"wp:featuredmedia":[{"embeddable":true,"href":"https:\/\/www.shqiperia.com\/blog\/wp-json\/wp\/v2\/media\/54653"}],"wp:attachment":[{"href":"https:\/\/www.shqiperia.com\/blog\/wp-json\/wp\/v2\/media?parent=54652"}],"wp:term":[{"taxonomy":"category","embeddable":true,"href":"https:\/\/www.shqiperia.com\/blog\/wp-json\/wp\/v2\/categories?post=54652"},{"taxonomy":"post_tag","embeddable":true,"href":"https:\/\/www.shqiperia.com\/blog\/wp-json\/wp\/v2\/tags?post=54652"}],"curies":[{"name":"wp","href":"https:\/\/api.w.org\/{rel}","templated":true}]}}