{"id":54649,"date":"2022-02-27T06:48:35","date_gmt":"2022-02-27T06:48:35","guid":{"rendered":"https:\/\/www.shqiperia.com\/blog\/?p=54649"},"modified":"2022-02-27T06:48:35","modified_gmt":"2022-02-27T06:48:35","slug":"ruset-hyjne-ne-qytetin-harkiv-shperthim-ne-nje-depo-nafte-jashte-kievit","status":"publish","type":"post","link":"https:\/\/www.shqiperia.com\/blog\/ruset-hyjne-ne-qytetin-harkiv-shperthim-ne-nje-depo-nafte-jashte-kievit\/","title":{"rendered":"Rus\u00ebt hyjn\u00eb n\u00eb qytetin Harkiv, shp\u00ebrthim n\u00eb nj\u00eb depo naft\u00eb jasht\u00eb Kievit"},"content":{"rendered":"<p><img data-recalc-dims=\"1\" loading=\"lazy\" decoding=\"async\" data-attachment-id=\"54650\" data-permalink=\"https:\/\/www.shqiperia.com\/blog\/ruset-hyjne-ne-qytetin-harkiv-shperthim-ne-nje-depo-nafte-jashte-kievit\/640-0-3189290-1645943413\/\" data-orig-file=\"https:\/\/i0.wp.com\/www.shqiperia.com\/blog\/wp-content\/uploads\/2022\/02\/640-0-3189290-1645943413.jpg?fit=640%2C360&amp;ssl=1\" data-orig-size=\"640,360\" data-comments-opened=\"1\" data-image-meta=\"{&quot;aperture&quot;:&quot;0&quot;,&quot;credit&quot;:&quot;&quot;,&quot;camera&quot;:&quot;&quot;,&quot;caption&quot;:&quot;&quot;,&quot;created_timestamp&quot;:&quot;0&quot;,&quot;copyright&quot;:&quot;&quot;,&quot;focal_length&quot;:&quot;0&quot;,&quot;iso&quot;:&quot;0&quot;,&quot;shutter_speed&quot;:&quot;0&quot;,&quot;title&quot;:&quot;&quot;,&quot;orientation&quot;:&quot;0&quot;}\" data-image-title=\"-640-0-3189290-1645943413\" data-image-description=\"\" data-image-caption=\"\" data-medium-file=\"https:\/\/i0.wp.com\/www.shqiperia.com\/blog\/wp-content\/uploads\/2022\/02\/640-0-3189290-1645943413.jpg?fit=300%2C169&amp;ssl=1\" data-large-file=\"https:\/\/i0.wp.com\/www.shqiperia.com\/blog\/wp-content\/uploads\/2022\/02\/640-0-3189290-1645943413.jpg?fit=640%2C360&amp;ssl=1\" class=\"alignnone  wp-image-54650\" alt=\"\" src=\"https:\/\/i0.wp.com\/www.shqiperia.com\/blog\/wp-content\/uploads\/2022\/02\/640-0-3189290-1645943413.jpg?resize=628%2C354&#038;ssl=1\" width=\"628\" height=\"354\" srcset=\"https:\/\/i0.wp.com\/www.shqiperia.com\/blog\/wp-content\/uploads\/2022\/02\/640-0-3189290-1645943413.jpg?resize=300%2C169&amp;ssl=1 300w, https:\/\/i0.wp.com\/www.shqiperia.com\/blog\/wp-content\/uploads\/2022\/02\/640-0-3189290-1645943413.jpg?resize=450%2C253&amp;ssl=1 450w, https:\/\/i0.wp.com\/www.shqiperia.com\/blog\/wp-content\/uploads\/2022\/02\/640-0-3189290-1645943413.jpg?resize=600%2C338&amp;ssl=1 600w, https:\/\/i0.wp.com\/www.shqiperia.com\/blog\/wp-content\/uploads\/2022\/02\/640-0-3189290-1645943413.jpg?resize=400%2C225&amp;ssl=1 400w, https:\/\/i0.wp.com\/www.shqiperia.com\/blog\/wp-content\/uploads\/2022\/02\/640-0-3189290-1645943413.jpg?w=640&amp;ssl=1 640w\" sizes=\"auto, (max-width: 628px) 100vw, 628px\" \/><\/p>\n<p>Rus\u00ebt hyjn\u00eb n\u00eb qytetin Harkiv, shp\u00ebrthim n\u00eb nj\u00eb depo naft\u00eb jasht\u00eb Kievit<\/p>\n<p>Nga OraNews<\/p>\n<p>27 Shkurt 2022<\/p>\n<p>Pavar\u00ebsisht paralajm\u00ebrimeve t\u00eb nat\u00ebs s\u00eb kaluar q\u00eb kryeqyteti i Ukrain\u00ebs do t\u00eb sulmohej nga raketat ruse, goditjet ajrore nuk kan\u00eb ndodhur ende, ndon\u00ebse ka pasur shp\u00ebrthime jasht\u00eb qytetit.<\/p>\n<p>Autoritetet kan\u00eb th\u00ebn\u00eb se sulmi rus ka goditur nj\u00eb depo t\u00eb naft\u00ebs n\u00eb Vasikiv, qytet n\u00eb jug t\u00eb Kievit, i cili ka edhe baz\u00eb ushtarake ajrore.<\/p>\n<p>Zjarri \u00ebsht\u00eb ende aktiv dhe autoritetet kan\u00eb paralajm\u00ebruar banor\u00ebt n\u00eb rajonet p\u00ebrreth, ashtu sikurse n\u00eb Kiev, q\u00eb t\u00eb mbyllin dritaret p\u00ebr t\u2019iu shmangut tymit kimik.<\/p>\n<p>N\u00ebnkryetari i Kievit, Mykola Povoroznyk, ka th\u00ebn\u00eb k\u00ebt\u00eb m\u00ebngjes se situata n\u00eb qytet vazhdon t\u00eb jet\u00eb e qet\u00eb dhe n\u00ebn kontroll t\u00eb forcave ukrainase.<\/p>\n<p>Ai ka p\u00ebrmendur se ka pasur p\u00ebrleshje me grupet sabotuese ruse gjat\u00eb nat\u00ebs n\u00eb Kiev, por nuk ka ofruar holl\u00ebsi tjera.<\/p>\n<p>Forcat ruse kan\u00eb hyr\u00eb n\u00eb Kharkiv, qytetin e dyt\u00eb m\u00eb t\u00eb madh n\u00eb Ukrain\u00eb, kan\u00eb th\u00ebn\u00eb zyrtar\u00ebt lokal\u00eb.<\/p>\n<p>Udh\u00ebheq\u00ebsi i administrat\u00ebs rajonale t\u00eb Kharkivit, Oleg Sinegubov, ka th\u00ebn\u00eb se pajisjet ushtarake \u201ckan\u00eb hyr\u00eb n\u00eb qytet\u201d.<\/p>\n<p>Para deklaratave t\u00eb tij, pamjet kan\u00eb shfaqur disa makina ushtarake ruse n\u00eb zonat e af\u00ebrta.<\/p>\n<p>Sinegubov u ka b\u00ebr\u00eb thirrje banor\u00ebve q\u00eb t\u00eb q\u00ebndrojn\u00eb brenda, duke th\u00ebn\u00eb se trupat ruse duket se jan\u00eb n\u00eb qytet.<\/p>\n<p>\u201cMos u largoni nga vendet ku jeni strehuar! Forcat e Armatosura t\u00eb Ukrain\u00ebs jan\u00eb duke eliminuar armikun. Civil\u00ebt nuk duhet t\u00eb dalin n\u00ebp\u00ebr rrug\u00eb\u201d.<\/p>\n","protected":false},"excerpt":{"rendered":"<p>Rus\u00ebt hyjn\u00eb n\u00eb qytetin Harkiv, shp\u00ebrthim n\u00eb nj\u00eb depo naft\u00eb jasht\u00eb Kievit Nga OraNews 27 Shkurt 2022 Pavar\u00ebsisht paralajm\u00ebrimeve t\u00eb nat\u00ebs s\u00eb kaluar q\u00eb kryeqyteti i Ukrain\u00ebs do t\u00eb sulmohej nga raketat ruse, goditjet ajrore nuk kan\u00eb ndodhur ende, ndon\u00ebse ka pasur shp\u00ebrthime jasht\u00eb qytetit. Autoritetet kan\u00eb th\u00ebn\u00eb se sulmi rus ka goditur nj\u00eb depo [&hellip;]<\/p>\n","protected":false},"author":9,"featured_media":54650,"comment_status":"open","ping_status":"open","sticky":false,"template":"","format":"standard","meta":{"jetpack_post_was_ever_published":false,"_jetpack_newsletter_access":"","_jetpack_dont_email_post_to_subs":false,"_jetpack_newsletter_tier_id":0,"_jetpack_memberships_contains_paywalled_content":false,"_jetpack_memberships_contains_paid_content":false,"footnotes":"","jetpack_publicize_message":"","jetpack_publicize_feature_enabled":true,"jetpack_social_post_already_shared":true,"jetpack_social_options":{"image_generator_settings":{"template":"highway","default_image_id":0,"font":"","enabled":false},"version":2}},"categories":[27,1,35],"tags":[],"class_list":["post-54649","post","type-post","status-publish","format-standard","has-post-thumbnail","hentry","category-blogu-i-udhetarit","category-njoftime-shtypi","category-shoqerore"],"jetpack_publicize_connections":[],"jetpack_featured_media_url":"https:\/\/i0.wp.com\/www.shqiperia.com\/blog\/wp-content\/uploads\/2022\/02\/640-0-3189290-1645943413.jpg?fit=640%2C360&ssl=1","jetpack_sharing_enabled":true,"jetpack_shortlink":"https:\/\/wp.me\/p5Z6wp-edr","jetpack-related-posts":[{"id":54582,"url":"https:\/\/www.shqiperia.com\/blog\/arma-sekrete-e-ukraines-kush-eshte-fantazma-e-kievit-piloti-qe-po-tmerron-ruset\/","url_meta":{"origin":54649,"position":0},"title":"Arma sekrete e Ukrain\u00ebs Kush \u00ebsht\u00eb \u201cFantazma e Kievit\u201d, piloti q\u00eb po tmerron rus\u00ebt","author":"Kurt Farka","date":"February 26, 2022","format":false,"excerpt":"Arma sekrete e Ukrain\u00ebs Kush \u00ebsht\u00eb \u201cFantazma e Kievit\u201d, piloti q\u00eb po tmerron rus\u00ebt - 26.02.22 Teksa Rusia tanim\u00eb ka hyr\u00eb n\u00eb dit\u00ebn e saj t\u00eb tret\u00eb t\u00eb pushtimit t\u00eb Ukrain\u00ebs, n\u00eb Twitter po qarkullon me shpejt\u00ebsi nj\u00eb \u201clegjend\u00eb urbane\u201d, q\u00eb ka t\u00eb b\u00ebj\u00eb me historin\u00eb e nj\u00eb piloti ukrainas\u2026","rel":"","context":"In &quot;Blogu i Udh\u00ebtarit&quot;","block_context":{"text":"Blogu i Udh\u00ebtarit","link":"https:\/\/www.shqiperia.com\/blog\/category\/blogu-i-udhetarit\/"},"img":{"alt_text":"","src":"https:\/\/i0.wp.com\/www.shqiperia.com\/blog\/wp-content\/uploads\/2022\/02\/fantazma-e-Kievit-300x168-1.png?resize=350%2C200&ssl=1","width":350,"height":200,"srcset":"https:\/\/i0.wp.com\/www.shqiperia.com\/blog\/wp-content\/uploads\/2022\/02\/fantazma-e-Kievit-300x168-1.png?resize=350%2C200&ssl=1 1x, https:\/\/i0.wp.com\/www.shqiperia.com\/blog\/wp-content\/uploads\/2022\/02\/fantazma-e-Kievit-300x168-1.png?resize=525%2C300&ssl=1 1.5x"},"classes":[]},{"id":56255,"url":"https:\/\/www.shqiperia.com\/blog\/ruset-u-lidhin-duart-dhe-vrasin-ukrainasit-rruget-e-qytetit-bucha-mbushen-me-kufoma\/","url_meta":{"origin":54649,"position":1},"title":"Rus\u00ebt u lidhin duart dhe vrasin ukrainasit, rrug\u00ebt e qytetit Bucha mbushen me kufoma","author":"Kurt Farka","date":"April 3, 2022","format":false,"excerpt":"Rus\u00ebt u lidhin duart dhe vrasin ukrainasit, rrug\u00ebt e qytetit Bucha mbushen me kufoma 3 Prill 2022, 08:42 Pamje trondit\u00ebse jan\u00eb publikuar nga mediat e huaja, nga masakra ruse n\u00eb Ukrain\u00eb. Si\u00e7 shihet, forcat ruse kan\u00eb vrar\u00eb ukrainasit dhe i kan\u00eb l\u00ebn\u00eb t\u00eb shtrir\u00eb n\u00eb rrug\u00eb. Pamjet vijn\u00eb nga Bucha,\u2026","rel":"","context":"In &quot;Blogu i Udh\u00ebtarit&quot;","block_context":{"text":"Blogu i Udh\u00ebtarit","link":"https:\/\/www.shqiperia.com\/blog\/category\/blogu-i-udhetarit\/"},"img":{"alt_text":"","src":"https:\/\/i0.wp.com\/www.shqiperia.com\/blog\/wp-content\/uploads\/2022\/04\/1648965833_bucka.jpg?fit=539%2C305&ssl=1&resize=350%2C200","width":350,"height":200,"srcset":"https:\/\/i0.wp.com\/www.shqiperia.com\/blog\/wp-content\/uploads\/2022\/04\/1648965833_bucka.jpg?fit=539%2C305&ssl=1&resize=350%2C200 1x, https:\/\/i0.wp.com\/www.shqiperia.com\/blog\/wp-content\/uploads\/2022\/04\/1648965833_bucka.jpg?fit=539%2C305&ssl=1&resize=525%2C300 1.5x"},"classes":[]},{"id":73250,"url":"https:\/\/www.shqiperia.com\/blog\/ukraina-e-bindur-rusia-ka-deshtuar-te-perparoje-ne-vijen-e-frontit\/","url_meta":{"origin":54649,"position":2},"title":"Ukraina e bindur: &#8211; Rusia ka d\u00ebshtuar t\u00eb p\u00ebrparoj\u00eb n\u00eb vij\u00ebn e frontit","author":"Kurt Farka","date":"August 4, 2023","format":false,"excerpt":"4 Gusht 2023 Trupat ruse nuk kan\u00eb b\u00ebr\u00eb p\u00ebrparime n\u00eb vij\u00ebn e frontit, por kan\u00eb z\u00ebn\u00eb pozicione t\u00eb mira mbrojt\u00ebse, duke e b\u00ebr\u00eb t\u00eb v\u00ebshtir\u00eb p\u00ebr trupat ukrainase t\u00eb l\u00ebvizin n\u00eb lindje dhe jug, than\u00eb autoritetet e Kievit t\u00eb m\u00ebrkur\u00ebn. Nga ana tjet\u00ebr, trupat ruse kan\u00eb njoftuar se kan\u00eb zbrapsur\u2026","rel":"","context":"In &quot;Blogu i Udh\u00ebtarit&quot;","block_context":{"text":"Blogu i Udh\u00ebtarit","link":"https:\/\/www.shqiperia.com\/blog\/category\/blogu-i-udhetarit\/"},"img":{"alt_text":"","src":"https:\/\/i0.wp.com\/www.shqiperia.com\/blog\/wp-content\/uploads\/2023\/08\/za-770x438-1.png?fit=770%2C438&ssl=1&resize=350%2C200","width":350,"height":200,"srcset":"https:\/\/i0.wp.com\/www.shqiperia.com\/blog\/wp-content\/uploads\/2023\/08\/za-770x438-1.png?fit=770%2C438&ssl=1&resize=350%2C200 1x, https:\/\/i0.wp.com\/www.shqiperia.com\/blog\/wp-content\/uploads\/2023\/08\/za-770x438-1.png?fit=770%2C438&ssl=1&resize=525%2C300 1.5x, https:\/\/i0.wp.com\/www.shqiperia.com\/blog\/wp-content\/uploads\/2023\/08\/za-770x438-1.png?fit=770%2C438&ssl=1&resize=700%2C400 2x"},"classes":[]},{"id":48737,"url":"https:\/\/www.shqiperia.com\/blog\/lekundjet-e-termetit-trembin-pushuesit-ne-shengjin-druhen-te-hyjne-ne-banesa-qendrojne-jashte\/","url_meta":{"origin":54649,"position":3},"title":"L\u00ebkundjet e t\u00ebrmetit trembin pushuesit n\u00eb Sh\u00ebngjin, druhen t\u00eb hyjn\u00eb n\u00eb banesa, q\u00ebndrojn\u00eb jasht\u00eb","author":"Kurt Farka","date":"July 28, 2021","format":false,"excerpt":"L\u00ebkundjet e t\u00ebrmetit trembin pushuesit n\u00eb Sh\u00ebngjin, druhen t\u00eb hyjn\u00eb n\u00eb banesa, q\u00ebndrojn\u00eb jasht\u00eb 28 Korrik 2021 L\u00ebkundjet e t\u00ebrmtit kan\u00eb trembur dhe pushuesit n\u00eb plazhin e Sh\u00ebngjinit. Ata kan\u00eb zgjedhur t\u00eb kalojn\u00eb pak koh\u00eb jasht\u00eb godinave. Edhe n\u00eb qytetin e Lezh\u00ebs jan\u00eb v\u00ebn\u00eb re qytetar\u00eb q\u00eb kan\u00eb dal\u00eb jasht\u00eb\u2026","rel":"","context":"In &quot;Blogu i Udh\u00ebtarit&quot;","block_context":{"text":"Blogu i Udh\u00ebtarit","link":"https:\/\/www.shqiperia.com\/blog\/category\/blogu-i-udhetarit\/"},"img":{"alt_text":"","src":"https:\/\/i0.wp.com\/www.shqiperia.com\/blog\/wp-content\/uploads\/2021\/07\/640-0-610088c6d0bb0.jpg?fit=640%2C384&ssl=1&resize=350%2C200","width":350,"height":200,"srcset":"https:\/\/i0.wp.com\/www.shqiperia.com\/blog\/wp-content\/uploads\/2021\/07\/640-0-610088c6d0bb0.jpg?fit=640%2C384&ssl=1&resize=350%2C200 1x, https:\/\/i0.wp.com\/www.shqiperia.com\/blog\/wp-content\/uploads\/2021\/07\/640-0-610088c6d0bb0.jpg?fit=640%2C384&ssl=1&resize=525%2C300 1.5x"},"classes":[]},{"id":56313,"url":"https:\/\/www.shqiperia.com\/blog\/mobilizimi-i-ukrainasve-ne-mbrojtje-te-veprave-artistike\/","url_meta":{"origin":54649,"position":4},"title":"Mobilizimi i ukrainasve n\u00eb mbrojtje t\u00eb veprave artistike","author":"Kurt Farka","date":"April 3, 2022","format":false,"excerpt":"Mobilizimi i ukrainasve n\u00eb mbrojtje t\u00eb veprave artistike 30 mars 2022 Punonj\u00ebsit e institucioneve publike dhe vullnetar\u00ebt po p\u00ebrpiqen t\u00eb mbrojn\u00eb bustet dhe statujat e vendosura para kishave dhe galerive t\u00eb artit n\u00eb Kiev, duke i rrethuar ato me thas\u00eb r\u00ebre dhe d\u00ebrrasa, raportojn\u00eb mediat bot\u00ebrore. Pas sulmeve ruse n\u00eb\u2026","rel":"","context":"In &quot;Arte&quot;","block_context":{"text":"Arte","link":"https:\/\/www.shqiperia.com\/blog\/category\/arte\/"},"img":{"alt_text":"","src":"https:\/\/i0.wp.com\/www.shqiperia.com\/blog\/wp-content\/uploads\/2022\/04\/auto_ShtatoreUkraina1648623920.jpg?fit=900%2C521&ssl=1&resize=350%2C200","width":350,"height":200,"srcset":"https:\/\/i0.wp.com\/www.shqiperia.com\/blog\/wp-content\/uploads\/2022\/04\/auto_ShtatoreUkraina1648623920.jpg?fit=900%2C521&ssl=1&resize=350%2C200 1x, https:\/\/i0.wp.com\/www.shqiperia.com\/blog\/wp-content\/uploads\/2022\/04\/auto_ShtatoreUkraina1648623920.jpg?fit=900%2C521&ssl=1&resize=525%2C300 1.5x, https:\/\/i0.wp.com\/www.shqiperia.com\/blog\/wp-content\/uploads\/2022\/04\/auto_ShtatoreUkraina1648623920.jpg?fit=900%2C521&ssl=1&resize=700%2C400 2x"},"classes":[]},{"id":73097,"url":"https:\/\/www.shqiperia.com\/blog\/putin-deklaron-se-rusia-nuk-i-refuzon-bisedimet-e-paqes-nje-nisme-afrikane-dhe-kineze-mund-te-sherbeje-si-baze\/","url_meta":{"origin":54649,"position":5},"title":"Putin deklaron se Rusia nuk i refuzon bisedimet e paqes. &#8211; Nj\u00eb nism\u00eb afrikane dhe kineze mund t\u00eb sh\u00ebrbej\u00eb si baz\u00eb","author":"Kurt Farka","date":"July 30, 2023","format":false,"excerpt":"30 Korrik 2023 Presidenti rus Vladimir Putin ka th\u00ebn\u00eb se nuk e kund\u00ebrshton iden\u00eb e bisedimeve t\u00eb paqes p\u00ebr Ukrain\u00ebn. Duke folur pas takimit me udh\u00ebheq\u00ebsit afrikan\u00eb n\u00eb Sh\u00ebn Petersburg, ai tha se nj\u00eb nism\u00eb afrikane dhe kineze mund t\u00eb sh\u00ebrbej\u00eb si baz\u00eb p\u00ebr gjetjen e paqes. Presidenti Putin tha\u2026","rel":"","context":"In &quot;Blogu i Udh\u00ebtarit&quot;","block_context":{"text":"Blogu i Udh\u00ebtarit","link":"https:\/\/www.shqiperia.com\/blog\/category\/blogu-i-udhetarit\/"},"img":{"alt_text":"","src":"https:\/\/i0.wp.com\/www.shqiperia.com\/blog\/wp-content\/uploads\/2023\/07\/Download-1-1.jpg?resize=350%2C200&ssl=1","width":350,"height":200,"srcset":"https:\/\/i0.wp.com\/www.shqiperia.com\/blog\/wp-content\/uploads\/2023\/07\/Download-1-1.jpg?resize=350%2C200&ssl=1 1x, https:\/\/i0.wp.com\/www.shqiperia.com\/blog\/wp-content\/uploads\/2023\/07\/Download-1-1.jpg?resize=525%2C300&ssl=1 1.5x, https:\/\/i0.wp.com\/www.shqiperia.com\/blog\/wp-content\/uploads\/2023\/07\/Download-1-1.jpg?resize=700%2C400&ssl=1 2x"},"classes":[]}],"_links":{"self":[{"href":"https:\/\/www.shqiperia.com\/blog\/wp-json\/wp\/v2\/posts\/54649","targetHints":{"allow":["GET"]}}],"collection":[{"href":"https:\/\/www.shqiperia.com\/blog\/wp-json\/wp\/v2\/posts"}],"about":[{"href":"https:\/\/www.shqiperia.com\/blog\/wp-json\/wp\/v2\/types\/post"}],"author":[{"embeddable":true,"href":"https:\/\/www.shqiperia.com\/blog\/wp-json\/wp\/v2\/users\/9"}],"replies":[{"embeddable":true,"href":"https:\/\/www.shqiperia.com\/blog\/wp-json\/wp\/v2\/comments?post=54649"}],"version-history":[{"count":1,"href":"https:\/\/www.shqiperia.com\/blog\/wp-json\/wp\/v2\/posts\/54649\/revisions"}],"predecessor-version":[{"id":54651,"href":"https:\/\/www.shqiperia.com\/blog\/wp-json\/wp\/v2\/posts\/54649\/revisions\/54651"}],"wp:featuredmedia":[{"embeddable":true,"href":"https:\/\/www.shqiperia.com\/blog\/wp-json\/wp\/v2\/media\/54650"}],"wp:attachment":[{"href":"https:\/\/www.shqiperia.com\/blog\/wp-json\/wp\/v2\/media?parent=54649"}],"wp:term":[{"taxonomy":"category","embeddable":true,"href":"https:\/\/www.shqiperia.com\/blog\/wp-json\/wp\/v2\/categories?post=54649"},{"taxonomy":"post_tag","embeddable":true,"href":"https:\/\/www.shqiperia.com\/blog\/wp-json\/wp\/v2\/tags?post=54649"}],"curies":[{"name":"wp","href":"https:\/\/api.w.org\/{rel}","templated":true}]}}