{"id":54645,"date":"2022-02-27T00:17:40","date_gmt":"2022-02-27T00:17:40","guid":{"rendered":"https:\/\/www.shqiperia.com\/blog\/?p=54645"},"modified":"2022-02-27T08:17:44","modified_gmt":"2022-02-27T08:17:44","slug":"arrestohen-tre-serbe-duke-blere-uniforma-e-emblema-te-uck-se-ne-prishtine","status":"publish","type":"post","link":"https:\/\/www.shqiperia.com\/blog\/arrestohen-tre-serbe-duke-blere-uniforma-e-emblema-te-uck-se-ne-prishtine\/","title":{"rendered":"Arrestohen tre serb\u00eb duke bler\u00eb uniforma e emblema t\u00eb U\u00c7K-s\u00eb n\u00eb Prishtin\u00eb"},"content":{"rendered":"<div id=\"attachment_54646\" style=\"width: 593px\" class=\"wp-caption alignnone\"><img data-recalc-dims=\"1\" loading=\"lazy\" decoding=\"async\" aria-describedby=\"caption-attachment-54646\" data-attachment-id=\"54646\" data-permalink=\"https:\/\/www.shqiperia.com\/blog\/arrestohen-tre-serbe-duke-blere-uniforma-e-emblema-te-uck-se-ne-prishtine\/850x600_uck-600x3601645217206\/\" data-orig-file=\"https:\/\/i0.wp.com\/www.shqiperia.com\/blog\/wp-content\/uploads\/2022\/02\/850x600_uck-600x3601645217206-1.jpg?fit=850%2C450&amp;ssl=1\" data-orig-size=\"850,450\" data-comments-opened=\"1\" data-image-meta=\"{&quot;aperture&quot;:&quot;0&quot;,&quot;credit&quot;:&quot;&quot;,&quot;camera&quot;:&quot;&quot;,&quot;caption&quot;:&quot;&quot;,&quot;created_timestamp&quot;:&quot;0&quot;,&quot;copyright&quot;:&quot;&quot;,&quot;focal_length&quot;:&quot;0&quot;,&quot;iso&quot;:&quot;0&quot;,&quot;shutter_speed&quot;:&quot;0&quot;,&quot;title&quot;:&quot;&quot;,&quot;orientation&quot;:&quot;0&quot;}\" data-image-title=\"850x600_uck-600&#215;3601645217206\" data-image-description=\"\" data-image-caption=\"&lt;p&gt;Arrestohen tre serb\u00eb duke bler\u00eb uniforma e emblema t\u00eb U\u00c7K-s\u00eb n\u00eb Prishtin\u00eb&lt;\/p&gt;\n\" data-medium-file=\"https:\/\/i0.wp.com\/www.shqiperia.com\/blog\/wp-content\/uploads\/2022\/02\/850x600_uck-600x3601645217206-1.jpg?fit=300%2C159&amp;ssl=1\" data-large-file=\"https:\/\/i0.wp.com\/www.shqiperia.com\/blog\/wp-content\/uploads\/2022\/02\/850x600_uck-600x3601645217206-1.jpg?fit=850%2C450&amp;ssl=1\" class=\" wp-image-54646\" alt=\"\" src=\"https:\/\/i0.wp.com\/www.shqiperia.com\/blog\/wp-content\/uploads\/2022\/02\/850x600_uck-600x3601645217206-1.jpg?resize=583%2C309&#038;ssl=1\" width=\"583\" height=\"309\" srcset=\"https:\/\/i0.wp.com\/www.shqiperia.com\/blog\/wp-content\/uploads\/2022\/02\/850x600_uck-600x3601645217206-1.jpg?resize=300%2C159&amp;ssl=1 300w, https:\/\/i0.wp.com\/www.shqiperia.com\/blog\/wp-content\/uploads\/2022\/02\/850x600_uck-600x3601645217206-1.jpg?resize=768%2C407&amp;ssl=1 768w, https:\/\/i0.wp.com\/www.shqiperia.com\/blog\/wp-content\/uploads\/2022\/02\/850x600_uck-600x3601645217206-1.jpg?resize=450%2C238&amp;ssl=1 450w, https:\/\/i0.wp.com\/www.shqiperia.com\/blog\/wp-content\/uploads\/2022\/02\/850x600_uck-600x3601645217206-1.jpg?resize=600%2C318&amp;ssl=1 600w, https:\/\/i0.wp.com\/www.shqiperia.com\/blog\/wp-content\/uploads\/2022\/02\/850x600_uck-600x3601645217206-1.jpg?resize=400%2C212&amp;ssl=1 400w, https:\/\/i0.wp.com\/www.shqiperia.com\/blog\/wp-content\/uploads\/2022\/02\/850x600_uck-600x3601645217206-1.jpg?w=850&amp;ssl=1 850w\" sizes=\"auto, (max-width: 583px) 100vw, 583px\" \/><p id=\"caption-attachment-54646\" class=\"wp-caption-text\">Arrestohen tre serb\u00eb duke bler\u00eb uniforma e emblema t\u00eb U\u00c7K-s\u00eb n\u00eb Prishtin\u00eb<\/p><\/div>\n<p>Arrestohen tre serb\u00eb duke bler\u00eb uniforma e emblema t\u00eb U\u00c7K-s\u00eb n\u00eb Prishtin\u00eb<\/p>\n<p>26\/02\/2022<\/p>\n<p>Burime brenda institucioneve \u00a0raportojn\u00eb se serb\u00ebt s\u00eb fundmi kan\u00eb p\u00ebrgatitur nj\u00eb plan p\u00ebr t\u00eb zbatuar disa video kinse disa ushtar\u00eb t\u00eb veshur me uniforma t\u00eb U\u00c7K-s\u00eb, jan\u00eb gati p\u00ebr t\u00eb marr\u00eb veriun e Kosov\u00ebs.<\/p>\n<p>Policia e Kosov\u00ebs n\u00eb mbr\u00ebmje ka arrestuar tre shtetasit serb\u00eb D. Dolasevic, V.Jankoviq dhe D. Dolasevic, t\u00eb cil\u00ebt kishin bler\u00eb emblemat e U\u00c7K-s\u00eb n\u00eb nj\u00eb nga lokalet n\u00eb Prishtin\u00eb (t\u00eb njohura p\u00ebr redaksin\u00eb) dhe po planifikonin t\u00eb blinin disa uniforma n\u00eb nj\u00eb lokal tjet\u00ebr n\u00eb Prishtin\u00eb.<\/p>\n<p>Burime brenda institucioneve t\u00eb siguris\u00eb b\u00ebjn\u00eb t\u00eb ditur se t\u00eb arrestuarve p\u00ebrve\u00e7 saj iu gjet edhe nj\u00eb sasi e konsiderueshme parash. T\u00eb nj\u00ebjtat burime raportojn\u00eb se serb\u00ebt s\u00eb fundmi kan\u00eb p\u00ebrgatitur nj\u00eb plan p\u00ebr t\u00eb zbatuar disa video kinse disa ushtar\u00eb t\u00eb veshur me uniforma t\u00eb U\u00c7K-s\u00eb, jan\u00eb gati p\u00ebr t\u00eb marr\u00eb veriun e Kosov\u00ebs.<\/p>\n<p>Sipas k\u00ebtyre burimeve, Serbia p\u00ebrmes k\u00ebsaj taktike po planifikon q\u00eb t\u00eb jap pretekst para institucioneve nd\u00ebrkomb\u00ebtare p\u00ebr t\u00eb nd\u00ebrhyr\u00eb ushtarakisht, kinse p\u00ebr t\u00eb mbrojtur shtetasit serb\u00eb t\u00eb Republik\u00ebs s\u00eb Kosov\u00ebs.<\/p>\n<p>Para disa dit\u00ebsh n\u00eb mediat vendore, u raportua se serb\u00ebt kan\u00eb bler\u00eb uniforma dhe aksesor\u00eb ushtarak n\u00eb nj\u00eb lokal n\u00eb Prishtin\u00eb.<\/p>\n<p>Nuk dihet n\u00ebse ka qen\u00eb lokali i nj\u00ebjt\u00eb apo ndonj\u00eb lokal tjet\u00ebr. Rikujtojm\u00eb se serb\u00ebt jan\u00eb mjesht\u00ebr t\u00eb inskenimit t\u00eb situatave t\u00eb tilla, sikur rasti i njohur \u201cPanda\u201d, ku pushteti i Millosheviqit n\u00eb dhjetor t\u00eb vitit 1998, kishin vrar\u00eb f\u00ebmij\u00ebt vet n\u00eb nj\u00eb lokal n\u00eb Pej\u00eb t\u00eb quajtur \u201cPanda\u201d, duke ua l\u00ebn\u00eb fajin shqiptar\u00ebve. Sulmuesit kishin veshur uniforma me embleme t\u00eb U\u00c7K-s\u00eb gjat\u00eb aktit t\u00eb sulmit, dhe i nj\u00ebjti sulm i ishte veshur U\u00c7K p\u00ebr ta etiketuar si organizat\u00eb terroriste. KP<\/p>\n","protected":false},"excerpt":{"rendered":"<p>Arrestohen tre serb\u00eb duke bler\u00eb uniforma e emblema t\u00eb U\u00c7K-s\u00eb n\u00eb Prishtin\u00eb 26\/02\/2022 Burime brenda institucioneve \u00a0raportojn\u00eb se serb\u00ebt s\u00eb fundmi kan\u00eb p\u00ebrgatitur nj\u00eb plan p\u00ebr t\u00eb zbatuar disa video kinse disa ushtar\u00eb t\u00eb veshur me uniforma t\u00eb U\u00c7K-s\u00eb, jan\u00eb gati p\u00ebr t\u00eb marr\u00eb veriun e Kosov\u00ebs. Policia e Kosov\u00ebs n\u00eb mbr\u00ebmje ka arrestuar tre [&hellip;]<\/p>\n","protected":false},"author":9,"featured_media":54646,"comment_status":"open","ping_status":"open","sticky":false,"template":"","format":"standard","meta":{"jetpack_post_was_ever_published":false,"_jetpack_newsletter_access":"","_jetpack_dont_email_post_to_subs":false,"_jetpack_newsletter_tier_id":0,"_jetpack_memberships_contains_paywalled_content":false,"_jetpack_memberships_contains_paid_content":false,"footnotes":"","jetpack_publicize_message":"","jetpack_publicize_feature_enabled":true,"jetpack_social_post_already_shared":true,"jetpack_social_options":{"image_generator_settings":{"template":"highway","default_image_id":0,"font":"","enabled":false},"version":2}},"categories":[27,1,35],"tags":[],"class_list":["post-54645","post","type-post","status-publish","format-standard","has-post-thumbnail","hentry","category-blogu-i-udhetarit","category-njoftime-shtypi","category-shoqerore"],"jetpack_publicize_connections":[],"jetpack_featured_media_url":"https:\/\/i0.wp.com\/www.shqiperia.com\/blog\/wp-content\/uploads\/2022\/02\/850x600_uck-600x3601645217206-1.jpg?fit=850%2C450&ssl=1","jetpack_sharing_enabled":true,"jetpack_shortlink":"https:\/\/wp.me\/p5Z6wp-edn","jetpack-related-posts":[{"id":16025,"url":"https:\/\/www.shqiperia.com\/blog\/kosove-dy-ish-komandante-te-uck-se-udhetojne-per-ne-hage\/","url_meta":{"origin":54645,"position":0},"title":"Kosov\u00eb: &#8211; Dy ish komandant\u00eb t\u00eb U\u00c7K-s\u00eb udh\u00ebtojn\u00eb p\u00ebr n\u00eb Hag\u00eb. &#8211;","author":"Kurt Farka","date":"January 14, 2019","format":false,"excerpt":"Kosov\u00eb: - Dy ish komandant\u00eb t\u00eb U\u00c7K-s\u00eb udh\u00ebtojn\u00eb p\u00ebr n\u00eb Hag\u00eb. - 13 jana 2019 Dy ish-komandant\u00eb t\u00eb U\u00c7K-s\u00eb nisen p\u00ebr n\u00eb Hag\u00eb t\u00eb ftuar nga Prokuroria Speciale q\u00eb funksionon n\u00eb kuad\u00ebr t\u00eb Gjykat\u00ebs Speciale p\u00ebr krime lufte. Asnj\u00eb aktakuz\u00eb deri tani nuk \u00ebsht\u00eb ngritur nga Gjykata Speciale. Dy ish\u2026","rel":"","context":"In &quot;Blogu i Udh\u00ebtarit&quot;","block_context":{"text":"Blogu i Udh\u00ebtarit","link":"https:\/\/www.shqiperia.com\/blog\/category\/blogu-i-udhetarit\/"},"img":{"alt_text":"","src":"https:\/\/i0.wp.com\/www.shqiperia.com\/blog\/wp-content\/uploads\/2019\/01\/index-16.jpg?resize=350%2C200","width":350,"height":200},"classes":[]},{"id":97804,"url":"https:\/\/www.shqiperia.com\/blog\/foto-album-mijera-qytetare-jane-mbledhur-ne-sheshin-skenderbeu-ne-prishtine-ne-marshin-drejtesi-jo-politike-ne-mbeshtetje-te-ish-krereve-te-ushtrise-clirimtare\/","url_meta":{"origin":54645,"position":1},"title":"Foto Album &#8211; Mij\u00ebra qytetar\u00eb jan\u00eb mbledhur n\u00eb sheshin \u201cSk\u00ebnderbeu\u201d n\u00eb Prishtin\u00eb n\u00eb marshin \u201cDrejt\u00ebsi, jo politik\u00eb\u201d, n\u00eb mb\u00ebshtetje t\u00eb ish-krer\u00ebve t\u00eb Ushtris\u00eb \u00c7lirimtare t\u00eb Kosov\u00ebs","author":"Kurt Farka","date":"February 17, 2026","format":false,"excerpt":"17 Shkurt 2026 Sheshi u mbush me Flamuj te Kombit Shqiptar dhe te UCK-se. Mij\u00ebra qytetar\u00eb jan\u00eb mbledhur n\u00eb sheshin \u201cSk\u00ebnderbeu\u201d n\u00eb Prishtin\u00eb n\u00eb marshin \u201cDrejt\u00ebsi, jo politik\u00eb\u201d, n\u00eb mb\u00ebshtetje t\u00eb ish-krer\u00ebve t\u00eb Ushtris\u00eb \u00c7lirimtare t\u00eb Kosov\u00ebs (U\u00c7K) q\u00eb po gjykohen n\u00eb Hag\u00eb. T\u00eb pranishmit mbajn\u00eb flamuj t\u00eb Ushtris\u00eb \u00c7lirimtare\u2026","rel":"","context":"In &quot;Njoftime Shtypi&quot;","block_context":{"text":"Njoftime Shtypi","link":"https:\/\/www.shqiperia.com\/blog\/category\/njoftime-shtypi\/"},"img":{"alt_text":"","src":"https:\/\/i0.wp.com\/www.shqiperia.com\/blog\/wp-content\/uploads\/2026\/02\/uck-protesta-kosove-1-1.jpeg?fit=895%2C545&ssl=1&resize=350%2C200","width":350,"height":200,"srcset":"https:\/\/i0.wp.com\/www.shqiperia.com\/blog\/wp-content\/uploads\/2026\/02\/uck-protesta-kosove-1-1.jpeg?fit=895%2C545&ssl=1&resize=350%2C200 1x, https:\/\/i0.wp.com\/www.shqiperia.com\/blog\/wp-content\/uploads\/2026\/02\/uck-protesta-kosove-1-1.jpeg?fit=895%2C545&ssl=1&resize=525%2C300 1.5x, https:\/\/i0.wp.com\/www.shqiperia.com\/blog\/wp-content\/uploads\/2026\/02\/uck-protesta-kosove-1-1.jpeg?fit=895%2C545&ssl=1&resize=700%2C400 2x"},"classes":[]},{"id":77807,"url":"https:\/\/www.shqiperia.com\/blog\/zbulohet-ambulanca-spiune-serbe-prane-stacionit-te-policise-ne-prishtine\/","url_meta":{"origin":54645,"position":2},"title":"Zbulohet \u2018ambulanca spiune\u2019 serbe pran\u00eb stacionit t\u00eb Policis\u00eb n\u00eb Prishtin\u00eb","author":"Kurt Farka","date":"February 1, 2024","format":false,"excerpt":"1 Shkurt 2024 Ministri i Pun\u00ebve t\u00eb Brendshme t\u00eb Kosov\u00ebs, Xhelal Sve\u00e7la, n\u00ebp\u00ebrmjet nj\u00eb postimi n\u00eb \u201cFacebook\u201d t\u00eb m\u00ebrkur\u00ebn, tha se nj\u00eb objekt ambulanc\u00eb u bastis af\u00ebr stacionit policor n\u00eb Prishtin\u00eb dhe i p\u00ebrkiste nj\u00eb organizate t\u00eb kund\u00ebrligjshme jo-qeveritare (OJQ), nd\u00ebrsa shtoi se nj\u00eb veprimtari e till\u00eb n\u00eb mes t\u00eb\u2026","rel":"","context":"In &quot;Blogu i Udh\u00ebtarit&quot;","block_context":{"text":"Blogu i Udh\u00ebtarit","link":"https:\/\/www.shqiperia.com\/blog\/category\/blogu-i-udhetarit\/"},"img":{"alt_text":"","src":"https:\/\/i0.wp.com\/www.shqiperia.com\/blog\/wp-content\/uploads\/2024\/02\/640-0-a-1706731162.jpg?fit=640%2C360&ssl=1&resize=350%2C200","width":350,"height":200,"srcset":"https:\/\/i0.wp.com\/www.shqiperia.com\/blog\/wp-content\/uploads\/2024\/02\/640-0-a-1706731162.jpg?fit=640%2C360&ssl=1&resize=350%2C200 1x, https:\/\/i0.wp.com\/www.shqiperia.com\/blog\/wp-content\/uploads\/2024\/02\/640-0-a-1706731162.jpg?fit=640%2C360&ssl=1&resize=525%2C300 1.5x"},"classes":[]},{"id":75885,"url":"https:\/\/www.shqiperia.com\/blog\/vjosa-osmani-uron-flamuri-kuq-e-zi-na-bashkon\/","url_meta":{"origin":54645,"position":3},"title":"Vjosa Osmani uron: &#8211; Flamuri kuq e zi na bashkon","author":"Kurt Farka","date":"November 28, 2023","format":false,"excerpt":"28 Nentor 2023 Presidentja e Kosov\u00ebs, Vjosa Osmani, ka uruar t\u00eb gjith\u00eb shqiptar\u00ebt p\u00ebr 111 vjetorin e Pavar\u00ebsis\u00eb s\u00eb Shqip\u00ebris\u00eb. P\u00ebrmes nj\u00eb postimi n\u00eb Facebook Osmani shkroi\u00a0se dit\u00ebn e pavar\u00ebsis\u00eb s\u00eb Shqip\u00ebris\u00eb, dit\u00eblindjen e komandantit legjendar Adem Jashari dhe daljen e par\u00eb publike t\u00eb U\u00c7K-s\u00eb, i bashkon flamuri kuq e\u2026","rel":"","context":"In &quot;Blogu i Udh\u00ebtarit&quot;","block_context":{"text":"Blogu i Udh\u00ebtarit","link":"https:\/\/www.shqiperia.com\/blog\/category\/blogu-i-udhetarit\/"},"img":{"alt_text":"","src":"https:\/\/i0.wp.com\/www.shqiperia.com\/blog\/wp-content\/uploads\/2023\/11\/800-0-65659adf81495.jpg?fit=800%2C451&ssl=1&resize=350%2C200","width":350,"height":200,"srcset":"https:\/\/i0.wp.com\/www.shqiperia.com\/blog\/wp-content\/uploads\/2023\/11\/800-0-65659adf81495.jpg?fit=800%2C451&ssl=1&resize=350%2C200 1x, https:\/\/i0.wp.com\/www.shqiperia.com\/blog\/wp-content\/uploads\/2023\/11\/800-0-65659adf81495.jpg?fit=800%2C451&ssl=1&resize=525%2C300 1.5x, https:\/\/i0.wp.com\/www.shqiperia.com\/blog\/wp-content\/uploads\/2023\/11\/800-0-65659adf81495.jpg?fit=800%2C451&ssl=1&resize=700%2C400 2x"},"classes":[]},{"id":77045,"url":"https:\/\/www.shqiperia.com\/blog\/po-udhetonte-drejt-italise-arrestohet-ne-serbi-ish-luftetari-i-uck-se\/","url_meta":{"origin":54645,"position":4},"title":"Po udh\u00ebtonte drejt Italis\u00eb, arrestohet n\u00eb Serbi ish-luft\u00ebtari i U\u00c7K-s\u00eb","author":"Kurt Farka","date":"January 5, 2024","format":false,"excerpt":"5 Janar 2024 Ish-luft\u00ebtari i Ushtris\u00eb \u00c7lirimtare t\u00eb Kosov\u00ebs, Hasan Dakaj \u00ebsht\u00eb arrestuar sot nga policia serbe n\u00eb Merdar\u00eb rreth or\u00ebs 09:00 t\u00eb m\u00ebngjesit teksa po udh\u00ebtonte m\u00eb v\u00ebllain e tij drejt Italis\u00eb. K\u00ebt\u00eb e ka b\u00ebr\u00eb t\u00eb ditur, p\u00ebrmes nj\u00eb postimi n\u00eb profilin e tij n\u00eb Facebook avokati Xhevdet\u2026","rel":"","context":"In &quot;Blogu i Udh\u00ebtarit&quot;","block_context":{"text":"Blogu i Udh\u00ebtarit","link":"https:\/\/www.shqiperia.com\/blog\/category\/blogu-i-udhetarit\/"},"img":{"alt_text":"","src":"https:\/\/i0.wp.com\/www.shqiperia.com\/blog\/wp-content\/uploads\/2024\/01\/800-0-baa949fec5c9ed75ae8a38b4f362e8f2.jpg?fit=800%2C469&ssl=1&resize=350%2C200","width":350,"height":200,"srcset":"https:\/\/i0.wp.com\/www.shqiperia.com\/blog\/wp-content\/uploads\/2024\/01\/800-0-baa949fec5c9ed75ae8a38b4f362e8f2.jpg?fit=800%2C469&ssl=1&resize=350%2C200 1x, https:\/\/i0.wp.com\/www.shqiperia.com\/blog\/wp-content\/uploads\/2024\/01\/800-0-baa949fec5c9ed75ae8a38b4f362e8f2.jpg?fit=800%2C469&ssl=1&resize=525%2C300 1.5x, https:\/\/i0.wp.com\/www.shqiperia.com\/blog\/wp-content\/uploads\/2024\/01\/800-0-baa949fec5c9ed75ae8a38b4f362e8f2.jpg?fit=800%2C469&ssl=1&resize=700%2C400 2x"},"classes":[]},{"id":40942,"url":"https:\/\/www.shqiperia.com\/blog\/kreu-i-levizjes-popullore-te-kosoves-rreshtohet-pro-bashes-bedri-islami-ska-asnje-lidhje-me-akuzat-ndaj-lidereve-te-uck-ne-unmik-ishte-nepunes\/","url_meta":{"origin":54645,"position":5},"title":"Kreu i L\u00ebvizjes Popullore t\u00eb Kosov\u00ebs rreshtohet pro Bash\u00ebs, Bedri Islami: S\u2019ka asnj\u00eb lidhje me akuzat ndaj lider\u00ebve t\u00eb U\u00c7K, n\u00eb UNMIK ishte n\u00ebpun\u00ebs","author":"Kurt Farka","date":"November 18, 2020","format":false,"excerpt":"Kreu i L\u00ebvizjes Popullore t\u00eb Kosov\u00ebs rreshtohet pro Bash\u00ebs, Bedri Islami: S\u2019ka asnj\u00eb lidhje me akuzat ndaj lider\u00ebve t\u00eb U\u00c7K, n\u00eb UNMIK ishte n\u00ebpun\u00ebs NGA RIGELS SELIMANI 8 N\u00cbNTOR 2020 Publicisti dhe kreu i L\u00ebvizjes Popullore t\u00eb Kosov\u00ebs, Bedri Islami, ka hedhur drit\u00eb mbi misteret sa i takon debati t\u00eb\u2026","rel":"","context":"In &quot;Blogu i Udh\u00ebtarit&quot;","block_context":{"text":"Blogu i Udh\u00ebtarit","link":"https:\/\/www.shqiperia.com\/blog\/category\/blogu-i-udhetarit\/"},"img":{"alt_text":"","src":"https:\/\/i0.wp.com\/www.shqiperia.com\/blog\/wp-content\/uploads\/2020\/11\/Bedri-Islami.jpg?fit=800%2C429&ssl=1&resize=350%2C200","width":350,"height":200,"srcset":"https:\/\/i0.wp.com\/www.shqiperia.com\/blog\/wp-content\/uploads\/2020\/11\/Bedri-Islami.jpg?fit=800%2C429&ssl=1&resize=350%2C200 1x, https:\/\/i0.wp.com\/www.shqiperia.com\/blog\/wp-content\/uploads\/2020\/11\/Bedri-Islami.jpg?fit=800%2C429&ssl=1&resize=525%2C300 1.5x, https:\/\/i0.wp.com\/www.shqiperia.com\/blog\/wp-content\/uploads\/2020\/11\/Bedri-Islami.jpg?fit=800%2C429&ssl=1&resize=700%2C400 2x"},"classes":[]}],"_links":{"self":[{"href":"https:\/\/www.shqiperia.com\/blog\/wp-json\/wp\/v2\/posts\/54645","targetHints":{"allow":["GET"]}}],"collection":[{"href":"https:\/\/www.shqiperia.com\/blog\/wp-json\/wp\/v2\/posts"}],"about":[{"href":"https:\/\/www.shqiperia.com\/blog\/wp-json\/wp\/v2\/types\/post"}],"author":[{"embeddable":true,"href":"https:\/\/www.shqiperia.com\/blog\/wp-json\/wp\/v2\/users\/9"}],"replies":[{"embeddable":true,"href":"https:\/\/www.shqiperia.com\/blog\/wp-json\/wp\/v2\/comments?post=54645"}],"version-history":[{"count":3,"href":"https:\/\/www.shqiperia.com\/blog\/wp-json\/wp\/v2\/posts\/54645\/revisions"}],"predecessor-version":[{"id":54664,"href":"https:\/\/www.shqiperia.com\/blog\/wp-json\/wp\/v2\/posts\/54645\/revisions\/54664"}],"wp:featuredmedia":[{"embeddable":true,"href":"https:\/\/www.shqiperia.com\/blog\/wp-json\/wp\/v2\/media\/54646"}],"wp:attachment":[{"href":"https:\/\/www.shqiperia.com\/blog\/wp-json\/wp\/v2\/media?parent=54645"}],"wp:term":[{"taxonomy":"category","embeddable":true,"href":"https:\/\/www.shqiperia.com\/blog\/wp-json\/wp\/v2\/categories?post=54645"},{"taxonomy":"post_tag","embeddable":true,"href":"https:\/\/www.shqiperia.com\/blog\/wp-json\/wp\/v2\/tags?post=54645"}],"curies":[{"name":"wp","href":"https:\/\/api.w.org\/{rel}","templated":true}]}}