{"id":54642,"date":"2022-02-27T00:02:34","date_gmt":"2022-02-27T00:02:34","guid":{"rendered":"https:\/\/www.shqiperia.com\/blog\/?p=54642"},"modified":"2022-02-27T00:02:34","modified_gmt":"2022-02-27T00:02:34","slug":"e-gjithe-be-ja-ne-ndihme-te-ukraines-zbulohet-levizja-e-fundit-e-frances","status":"publish","type":"post","link":"https:\/\/www.shqiperia.com\/blog\/e-gjithe-be-ja-ne-ndihme-te-ukraines-zbulohet-levizja-e-fundit-e-frances\/","title":{"rendered":"E gjith\u00eb BE-ja n\u00eb ndihm\u00eb t\u00eb Ukrain\u00ebs, zbulohet l\u00ebvizja e fundit e Franc\u00ebs"},"content":{"rendered":"<p><img data-recalc-dims=\"1\" loading=\"lazy\" decoding=\"async\" data-attachment-id=\"54643\" data-permalink=\"https:\/\/www.shqiperia.com\/blog\/e-gjithe-be-ja-ne-ndihme-te-ukraines-zbulohet-levizja-e-fundit-e-frances\/1503-750x450\/\" data-orig-file=\"https:\/\/i0.wp.com\/www.shqiperia.com\/blog\/wp-content\/uploads\/2022\/02\/1503-750x450-1.jpg?fit=750%2C450&amp;ssl=1\" data-orig-size=\"750,450\" data-comments-opened=\"1\" data-image-meta=\"{&quot;aperture&quot;:&quot;0&quot;,&quot;credit&quot;:&quot;&quot;,&quot;camera&quot;:&quot;&quot;,&quot;caption&quot;:&quot;&quot;,&quot;created_timestamp&quot;:&quot;0&quot;,&quot;copyright&quot;:&quot;&quot;,&quot;focal_length&quot;:&quot;0&quot;,&quot;iso&quot;:&quot;0&quot;,&quot;shutter_speed&quot;:&quot;0&quot;,&quot;title&quot;:&quot;&quot;,&quot;orientation&quot;:&quot;0&quot;}\" data-image-title=\"1503-750&#215;450\" data-image-description=\"\" data-image-caption=\"\" data-medium-file=\"https:\/\/i0.wp.com\/www.shqiperia.com\/blog\/wp-content\/uploads\/2022\/02\/1503-750x450-1.jpg?fit=300%2C180&amp;ssl=1\" data-large-file=\"https:\/\/i0.wp.com\/www.shqiperia.com\/blog\/wp-content\/uploads\/2022\/02\/1503-750x450-1.jpg?fit=750%2C450&amp;ssl=1\" class=\"alignnone  wp-image-54643\" alt=\"\" src=\"https:\/\/i0.wp.com\/www.shqiperia.com\/blog\/wp-content\/uploads\/2022\/02\/1503-750x450-1.jpg?resize=683%2C410&#038;ssl=1\" width=\"683\" height=\"410\" srcset=\"https:\/\/i0.wp.com\/www.shqiperia.com\/blog\/wp-content\/uploads\/2022\/02\/1503-750x450-1.jpg?resize=300%2C180&amp;ssl=1 300w, https:\/\/i0.wp.com\/www.shqiperia.com\/blog\/wp-content\/uploads\/2022\/02\/1503-750x450-1.jpg?resize=450%2C270&amp;ssl=1 450w, https:\/\/i0.wp.com\/www.shqiperia.com\/blog\/wp-content\/uploads\/2022\/02\/1503-750x450-1.jpg?resize=600%2C360&amp;ssl=1 600w, https:\/\/i0.wp.com\/www.shqiperia.com\/blog\/wp-content\/uploads\/2022\/02\/1503-750x450-1.jpg?resize=400%2C240&amp;ssl=1 400w, https:\/\/i0.wp.com\/www.shqiperia.com\/blog\/wp-content\/uploads\/2022\/02\/1503-750x450-1.jpg?w=750&amp;ssl=1 750w\" sizes=\"auto, (max-width: 683px) 100vw, 683px\" \/><\/p>\n<p>E gjith\u00eb BE-ja n\u00eb ndihm\u00eb t\u00eb Ukrain\u00ebs, zbulohet l\u00ebvizja e fundit e Franc\u00ebs<\/p>\n<p>26 Shkurt, 2022<\/p>\n<p>Gjermania dhe Holanda kan\u00eb njoftuar d\u00ebrgesat e arm\u00ebve n\u00eb Ukrain\u00eb sot. S\u00eb fundmi b\u00ebhet e ditur se Franca gjithashtu \u00ebsht\u00eb zotuar t\u00eb jap\u00eb m\u00eb shum\u00eb ndihm\u00eb ushtarake.<\/p>\n<p>Zyra e Presidentit Macron thot\u00eb se vendi do t\u00eb d\u00ebrgoj\u00eb arm\u00eb dhe karburant , raporton Reuters.<\/p>\n<p>Ai shton se do t\u00eb nd\u00ebrmarr\u00eb gjithashtu veprime kund\u00ebr \u201cmediave ruse dhe influencuesve\u201d q\u00eb p\u00ebrhapin dezinformata rreth konfliktit.<\/p>\n<p>Presidenti i K\u00ebshillit t\u00eb BE-s\u00eb, Charles Michel, tha n\u00eb T\u00ebitter se 27 vendet an\u00ebtare t\u00eb BE-s\u00eb do t\u00eb \u201cleht\u00ebsoj\u00eb d\u00ebrgimin e ndihm\u00ebs ushtarake nga BE n\u00eb Ukrain\u00eb\u201d.<\/p>\n<p>Ai nuk dha detaje t\u00eb tjera, por ministrat e jasht\u00ebm t\u00eb BE-s\u00eb do t\u00eb takohen nes\u00ebr p\u00ebr t\u00eb diskutuar nj\u00eb paket\u00eb t\u00eb re p\u00ebr forcat e armatosura ukrainase.<\/p>\n<p>BalkanWeb<\/p>\n","protected":false},"excerpt":{"rendered":"<p>E gjith\u00eb BE-ja n\u00eb ndihm\u00eb t\u00eb Ukrain\u00ebs, zbulohet l\u00ebvizja e fundit e Franc\u00ebs 26 Shkurt, 2022 Gjermania dhe Holanda kan\u00eb njoftuar d\u00ebrgesat e arm\u00ebve n\u00eb Ukrain\u00eb sot. S\u00eb fundmi b\u00ebhet e ditur se Franca gjithashtu \u00ebsht\u00eb zotuar t\u00eb jap\u00eb m\u00eb shum\u00eb ndihm\u00eb ushtarake. Zyra e Presidentit Macron thot\u00eb se vendi do t\u00eb d\u00ebrgoj\u00eb arm\u00eb dhe [&hellip;]<\/p>\n","protected":false},"author":9,"featured_media":54643,"comment_status":"open","ping_status":"open","sticky":false,"template":"","format":"standard","meta":{"jetpack_post_was_ever_published":false,"_jetpack_newsletter_access":"","_jetpack_dont_email_post_to_subs":false,"_jetpack_newsletter_tier_id":0,"_jetpack_memberships_contains_paywalled_content":false,"_jetpack_memberships_contains_paid_content":false,"footnotes":"","jetpack_publicize_message":"","jetpack_publicize_feature_enabled":true,"jetpack_social_post_already_shared":true,"jetpack_social_options":{"image_generator_settings":{"template":"highway","default_image_id":0,"font":"","enabled":false},"version":2}},"categories":[27,1],"tags":[],"class_list":["post-54642","post","type-post","status-publish","format-standard","has-post-thumbnail","hentry","category-blogu-i-udhetarit","category-njoftime-shtypi"],"jetpack_publicize_connections":[],"jetpack_featured_media_url":"https:\/\/i0.wp.com\/www.shqiperia.com\/blog\/wp-content\/uploads\/2022\/02\/1503-750x450-1.jpg?fit=750%2C450&ssl=1","jetpack_sharing_enabled":true,"jetpack_shortlink":"https:\/\/wp.me\/p5Z6wp-edk","jetpack-related-posts":[{"id":83657,"url":"https:\/\/www.shqiperia.com\/blog\/biden-bisedon-me-zelenskyn-e-njofton-per-ndihme-te-re-ushtarake-per-ukrainen-zbulohet-cfare-perfshin-paketa-e-re\/","url_meta":{"origin":54642,"position":0},"title":"Biden bisedon me Zelenskyn, e njofton p\u00ebr ndihm\u00eb t\u00eb re ushtarake p\u00ebr Ukrain\u00ebn! &#8211; Zbulohet \u00e7far\u00eb p\u00ebrfshin paketa e re","author":"Kurt Farka","date":"August 23, 2024","format":false,"excerpt":"24 Gusht 2024 Presidenti i Shteteve t\u00eb Bashkuara, Joe Biden, bisedoi n\u00eb telefon me presidentin e Ukrain\u00ebs, Volodymyr Zelensky, mbr\u00ebmjen e s\u00eb premtes, p\u00ebr t\u2019ia ritheksuar atij mb\u00ebshtetjen e pal\u00ebkundur t\u00eb SHBA-s\u00eb p\u00ebr popullin ukrainas. N\u00eb nj\u00eb komunikat\u00eb p\u00ebr media n\u00eb prag t\u00eb Dit\u00ebs s\u00eb Pavar\u00ebsis\u00eb s\u00eb Ukrain\u00ebs, Bideni gjithashtu\u2026","rel":"","context":"In &quot;Blogu i Udh\u00ebtarit&quot;","block_context":{"text":"Blogu i Udh\u00ebtarit","link":"https:\/\/www.shqiperia.com\/blog\/category\/blogu-i-udhetarit\/"},"img":{"alt_text":"","src":"https:\/\/i0.wp.com\/www.shqiperia.com\/blog\/wp-content\/uploads\/2024\/08\/zelensky-biden.jpg?fit=1200%2C713&ssl=1&resize=350%2C200","width":350,"height":200,"srcset":"https:\/\/i0.wp.com\/www.shqiperia.com\/blog\/wp-content\/uploads\/2024\/08\/zelensky-biden.jpg?fit=1200%2C713&ssl=1&resize=350%2C200 1x, https:\/\/i0.wp.com\/www.shqiperia.com\/blog\/wp-content\/uploads\/2024\/08\/zelensky-biden.jpg?fit=1200%2C713&ssl=1&resize=525%2C300 1.5x, https:\/\/i0.wp.com\/www.shqiperia.com\/blog\/wp-content\/uploads\/2024\/08\/zelensky-biden.jpg?fit=1200%2C713&ssl=1&resize=700%2C400 2x, https:\/\/i0.wp.com\/www.shqiperia.com\/blog\/wp-content\/uploads\/2024\/08\/zelensky-biden.jpg?fit=1200%2C713&ssl=1&resize=1050%2C600 3x"},"classes":[]},{"id":53672,"url":"https:\/\/www.shqiperia.com\/blog\/lufte-mes-ukraines-dhe-rusise-shba-ja-dergon-ne-ukraine-ndihme-vdekjeprurese-ushtarake\/","url_meta":{"origin":54642,"position":1},"title":"Luft\u00eb mes Ukrain\u00ebs dhe Rusis\u00eb? &#8211; SHBA-ja d\u00ebrgon n\u00eb Ukrain\u00eb \u201cndihm\u00eb vdekjeprur\u00ebse\u201d ushtarake","author":"Kurt Farka","date":"February 2, 2022","format":false,"excerpt":"Luft\u00eb mes Ukrain\u00ebs dhe Rusis\u00eb? - SHBA-ja d\u00ebrgon n\u00eb Ukrain\u00eb \u201cndihm\u00eb vdekjeprur\u00ebse\u201d ushtarake 23 JANAR 2022 Rreth 90 ton\u00eb t\u00eb \u201cndihm\u00ebs vdekjeprur\u00ebse\u201d t\u00eb Shteteve t\u00eb Bashkuara ka arritur n\u00eb Ukrain\u00eb, teksa tensionet jan\u00eb t\u00eb larta p\u00ebr shkak t\u00eb grumbullimit t\u00eb ushtris\u00eb ruse p\u00ebrgjat\u00eb kufirit me Ukrain\u00ebn. Kjo ishte d\u00ebrgesa e\u2026","rel":"","context":"In &quot;Blogu i Udh\u00ebtarit&quot;","block_context":{"text":"Blogu i Udh\u00ebtarit","link":"https:\/\/www.shqiperia.com\/blog\/category\/blogu-i-udhetarit\/"},"img":{"alt_text":"","src":"https:\/\/i0.wp.com\/www.shqiperia.com\/blog\/wp-content\/uploads\/2022\/02\/640-0-61ed1150e65ca.png?fit=640%2C339&ssl=1&resize=350%2C200","width":350,"height":200,"srcset":"https:\/\/i0.wp.com\/www.shqiperia.com\/blog\/wp-content\/uploads\/2022\/02\/640-0-61ed1150e65ca.png?fit=640%2C339&ssl=1&resize=350%2C200 1x, https:\/\/i0.wp.com\/www.shqiperia.com\/blog\/wp-content\/uploads\/2022\/02\/640-0-61ed1150e65ca.png?fit=640%2C339&ssl=1&resize=525%2C300 1.5x"},"classes":[]},{"id":54787,"url":"https:\/\/www.shqiperia.com\/blog\/ndihma-ushtarake-nga-e-gjithe-bota-drejt-ukraines-kush-po-lufton-ke\/","url_meta":{"origin":54642,"position":2},"title":"Ndihma ushtarake nga e gjith\u00eb bota drejt Ukrain\u00ebs \u2013 kush po lufton k\u00eb?","author":"Kurt Farka","date":"March 2, 2022","format":false,"excerpt":"Ndihma ushtarake nga e gjith\u00eb bota drejt Ukrain\u00ebs \u2013 kush po lufton k\u00eb? 1 Mars 2022 Edhe shtete neutrale si Suedia kan\u00eb nisur t\u00eb d\u00ebrgojn\u00eb arm\u00eb dhe ndihma ushtarake drejt Ukrain\u00ebs. N\u00eb nj\u00eb koh\u00eb kur konflikti po avancon dita dit\u00ebs, duket se shum\u00eb shpejt ai mund t\u00eb kthehet n\u00eb nj\u00eb\u2026","rel":"","context":"In &quot;Blogu i Udh\u00ebtarit&quot;","block_context":{"text":"Blogu i Udh\u00ebtarit","link":"https:\/\/www.shqiperia.com\/blog\/category\/blogu-i-udhetarit\/"},"img":{"alt_text":"","src":"https:\/\/i0.wp.com\/www.shqiperia.com\/blog\/wp-content\/uploads\/2022\/03\/prishtina-entry-view-picture-west-55469194.jpg?fit=905%2C450&ssl=1&resize=350%2C200","width":350,"height":200,"srcset":"https:\/\/i0.wp.com\/www.shqiperia.com\/blog\/wp-content\/uploads\/2022\/03\/prishtina-entry-view-picture-west-55469194.jpg?fit=905%2C450&ssl=1&resize=350%2C200 1x, https:\/\/i0.wp.com\/www.shqiperia.com\/blog\/wp-content\/uploads\/2022\/03\/prishtina-entry-view-picture-west-55469194.jpg?fit=905%2C450&ssl=1&resize=525%2C300 1.5x, https:\/\/i0.wp.com\/www.shqiperia.com\/blog\/wp-content\/uploads\/2022\/03\/prishtina-entry-view-picture-west-55469194.jpg?fit=905%2C450&ssl=1&resize=700%2C400 2x"},"classes":[]},{"id":80403,"url":"https:\/\/www.shqiperia.com\/blog\/pentagoni-1-miliard-dollare-ndihme-te-re-ushtarake-per-ukrainen\/","url_meta":{"origin":54642,"position":3},"title":"Pentagoni, 1 miliard dollar\u00eb ndihm\u00eb t\u00eb re ushtarake p\u00ebr Ukrain\u00ebn","author":"Kurt Farka","date":"April 23, 2024","format":false,"excerpt":"23 Prill 2024 Zyrtar\u00ebt amerikan\u00eb thon\u00eb se Pentagoni \u00ebsht\u00eb gati t\u00eb d\u00ebrgoj\u00eb 1 miliard dollar\u00eb ndihm\u00eb t\u00eb re ushtarake n\u00eb Ukrain\u00eb. Njoftimi vjen nd\u00ebrsa Senati fillon debatin mbi ligjin e shum\u00ebpritur, q\u00eb parashikon ndihm\u00eb ushtarake p\u00ebr Kievit, p\u00ebr t\u00eb zmbrapsur trupat ruse. Vendimi i b\u00ebr\u00eb publik t\u00eb mart\u00ebn vjen pas\u2026","rel":"","context":"In &quot;Blogu i Udh\u00ebtarit&quot;","block_context":{"text":"Blogu i Udh\u00ebtarit","link":"https:\/\/www.shqiperia.com\/blog\/category\/blogu-i-udhetarit\/"},"img":{"alt_text":"","src":"https:\/\/i0.wp.com\/www.shqiperia.com\/blog\/wp-content\/uploads\/2024\/04\/Pentagon-1.jpg?fit=919%2C525&ssl=1&resize=350%2C200","width":350,"height":200,"srcset":"https:\/\/i0.wp.com\/www.shqiperia.com\/blog\/wp-content\/uploads\/2024\/04\/Pentagon-1.jpg?fit=919%2C525&ssl=1&resize=350%2C200 1x, https:\/\/i0.wp.com\/www.shqiperia.com\/blog\/wp-content\/uploads\/2024\/04\/Pentagon-1.jpg?fit=919%2C525&ssl=1&resize=525%2C300 1.5x, https:\/\/i0.wp.com\/www.shqiperia.com\/blog\/wp-content\/uploads\/2024\/04\/Pentagon-1.jpg?fit=919%2C525&ssl=1&resize=700%2C400 2x"},"classes":[]},{"id":79943,"url":"https:\/\/www.shqiperia.com\/blog\/kosova-i-jep-lajmin-e-rendesishem-ukraines-do-te-dergojme-mjete-luftarake-dhe-blinde\/","url_meta":{"origin":54642,"position":4},"title":"Kosova i jep lajmin e r\u00ebnd\u00ebsish\u00ebm Ukrain\u00ebs: &#8211; Do t\u00eb d\u00ebrgojm\u00eb mjete luftarake dhe blinde","author":"Kurt Farka","date":"April 7, 2024","format":false,"excerpt":"7 Prill 2024 Ashtu si\u00e7 kishte shprehur angazhimin edhe m\u00eb her\u00ebt, Kosova ka d\u00ebrguar disa ndihma ushtarake p\u00ebr Ukrain\u00ebn, e cila prej m\u00eb shum\u00eb se dy vitesh po p\u00ebrballet me nj\u00eb sulm t\u00eb paprecedent nga Rusia, fundi i s\u00eb cilit ende nuk shihet. N\u00eb nj\u00eb intervist\u00eb p\u00ebr mediat turke, ministri\u2026","rel":"","context":"In &quot;Blogu i Udh\u00ebtarit&quot;","block_context":{"text":"Blogu i Udh\u00ebtarit","link":"https:\/\/www.shqiperia.com\/blog\/category\/blogu-i-udhetarit\/"},"img":{"alt_text":"","src":"https:\/\/i0.wp.com\/www.shqiperia.com\/blog\/wp-content\/uploads\/2024\/04\/800-0-66129e229875c.jpg?fit=800%2C451&ssl=1&resize=350%2C200","width":350,"height":200,"srcset":"https:\/\/i0.wp.com\/www.shqiperia.com\/blog\/wp-content\/uploads\/2024\/04\/800-0-66129e229875c.jpg?fit=800%2C451&ssl=1&resize=350%2C200 1x, https:\/\/i0.wp.com\/www.shqiperia.com\/blog\/wp-content\/uploads\/2024\/04\/800-0-66129e229875c.jpg?fit=800%2C451&ssl=1&resize=525%2C300 1.5x, https:\/\/i0.wp.com\/www.shqiperia.com\/blog\/wp-content\/uploads\/2024\/04\/800-0-66129e229875c.jpg?fit=800%2C451&ssl=1&resize=700%2C400 2x"},"classes":[]},{"id":55632,"url":"https:\/\/www.shqiperia.com\/blog\/putini-eshte-gati-per-luften-e-berthamore-zbulohet-levizja-e-fundit-e-tij\/","url_meta":{"origin":54642,"position":5},"title":"Putini \u00ebsht\u00eb gati p\u00ebr luft\u00ebn e b\u00ebrthamore, zbulohet l\u00ebvizja e fundit e tij","author":"Kurt Farka","date":"March 19, 2022","format":false,"excerpt":"Putini \u00ebsht\u00eb gati p\u00ebr luft\u00ebn e b\u00ebrthamore, zbulohet l\u00ebvizja e fundit e tij 19 MARS 2022 I d\u00ebshp\u00ebruar, Vladimir Putin ka zhvendosur familjen e tij n\u00eb nj\u00eb \u2018qytet t\u00eb fsheht\u00eb n\u00ebntok\u00ebsor\u2019 dhe \u00ebsht\u00eb \u2018i vendosur t\u00eb zhvilloj\u00eb nj\u00eb st\u00ebrvitje p\u00ebr evakuim b\u00ebrthamor, pohojn\u00eb burime t\u00eb brendshme pran\u00eb presidentit rus, t\u00eb\u2026","rel":"","context":"In &quot;Blogu i Udh\u00ebtarit&quot;","block_context":{"text":"Blogu i Udh\u00ebtarit","link":"https:\/\/www.shqiperia.com\/blog\/category\/blogu-i-udhetarit\/"},"img":{"alt_text":"","src":"https:\/\/i0.wp.com\/www.shqiperia.com\/blog\/wp-content\/uploads\/2022\/03\/Putin-sot-eshte-cmenduria-e-botes-2-300x169.jpg?resize=350%2C200&ssl=1","width":350,"height":200,"srcset":"https:\/\/i0.wp.com\/www.shqiperia.com\/blog\/wp-content\/uploads\/2022\/03\/Putin-sot-eshte-cmenduria-e-botes-2-300x169.jpg?resize=350%2C200&ssl=1 1x, https:\/\/i0.wp.com\/www.shqiperia.com\/blog\/wp-content\/uploads\/2022\/03\/Putin-sot-eshte-cmenduria-e-botes-2-300x169.jpg?resize=525%2C300&ssl=1 1.5x"},"classes":[]}],"_links":{"self":[{"href":"https:\/\/www.shqiperia.com\/blog\/wp-json\/wp\/v2\/posts\/54642","targetHints":{"allow":["GET"]}}],"collection":[{"href":"https:\/\/www.shqiperia.com\/blog\/wp-json\/wp\/v2\/posts"}],"about":[{"href":"https:\/\/www.shqiperia.com\/blog\/wp-json\/wp\/v2\/types\/post"}],"author":[{"embeddable":true,"href":"https:\/\/www.shqiperia.com\/blog\/wp-json\/wp\/v2\/users\/9"}],"replies":[{"embeddable":true,"href":"https:\/\/www.shqiperia.com\/blog\/wp-json\/wp\/v2\/comments?post=54642"}],"version-history":[{"count":1,"href":"https:\/\/www.shqiperia.com\/blog\/wp-json\/wp\/v2\/posts\/54642\/revisions"}],"predecessor-version":[{"id":54644,"href":"https:\/\/www.shqiperia.com\/blog\/wp-json\/wp\/v2\/posts\/54642\/revisions\/54644"}],"wp:featuredmedia":[{"embeddable":true,"href":"https:\/\/www.shqiperia.com\/blog\/wp-json\/wp\/v2\/media\/54643"}],"wp:attachment":[{"href":"https:\/\/www.shqiperia.com\/blog\/wp-json\/wp\/v2\/media?parent=54642"}],"wp:term":[{"taxonomy":"category","embeddable":true,"href":"https:\/\/www.shqiperia.com\/blog\/wp-json\/wp\/v2\/categories?post=54642"},{"taxonomy":"post_tag","embeddable":true,"href":"https:\/\/www.shqiperia.com\/blog\/wp-json\/wp\/v2\/tags?post=54642"}],"curies":[{"name":"wp","href":"https:\/\/api.w.org\/{rel}","templated":true}]}}