{"id":54636,"date":"2022-02-26T21:59:57","date_gmt":"2022-02-26T21:59:57","guid":{"rendered":"https:\/\/www.shqiperia.com\/blog\/?p=54636"},"modified":"2022-02-26T22:05:17","modified_gmt":"2022-02-26T22:05:17","slug":"dy-futbollistet-ukrainas-ne-premier-league-perqafohen-ne-mes-te-fushes-vajtojne-per-ate-qe-po-i-ndodh-vendit-te-tyre","status":"publish","type":"post","link":"https:\/\/www.shqiperia.com\/blog\/dy-futbollistet-ukrainas-ne-premier-league-perqafohen-ne-mes-te-fushes-vajtojne-per-ate-qe-po-i-ndodh-vendit-te-tyre\/","title":{"rendered":"Dy futbollist\u00ebt ukrainas n\u00eb \u201cPremier League\u201d p\u00ebrqafohen n\u00eb mes t\u00eb fush\u00ebs, vajtojn\u00eb p\u00ebr at\u00eb q\u00eb po i ndodh vendit t\u00eb tyre"},"content":{"rendered":"<p><img data-recalc-dims=\"1\" loading=\"lazy\" decoding=\"async\" data-attachment-id=\"54640\" data-permalink=\"https:\/\/www.shqiperia.com\/blog\/dy-futbollistet-ukrainas-ne-premier-league-perqafohen-ne-mes-te-fushes-vajtojne-per-ate-qe-po-i-ndodh-vendit-te-tyre\/dy-futbollistet-ukrainas-ne-premier-league-perqafohen-ne-mes-te-fushes-2-2\/\" data-orig-file=\"https:\/\/i0.wp.com\/www.shqiperia.com\/blog\/wp-content\/uploads\/2022\/02\/Dy-futbollistet-ukrainas-ne-Premier-League-perqafohen-ne-mes-te-fushes-2-1.jpg?fit=580%2C339&amp;ssl=1\" data-orig-size=\"580,339\" data-comments-opened=\"1\" data-image-meta=\"{&quot;aperture&quot;:&quot;0&quot;,&quot;credit&quot;:&quot;&quot;,&quot;camera&quot;:&quot;&quot;,&quot;caption&quot;:&quot;&quot;,&quot;created_timestamp&quot;:&quot;0&quot;,&quot;copyright&quot;:&quot;&quot;,&quot;focal_length&quot;:&quot;0&quot;,&quot;iso&quot;:&quot;0&quot;,&quot;shutter_speed&quot;:&quot;0&quot;,&quot;title&quot;:&quot;&quot;,&quot;orientation&quot;:&quot;0&quot;}\" data-image-title=\"Dy-futbollistet-ukrainas-ne-Premier-League-perqafohen-ne-mes-te-fushes-2\" data-image-description=\"\" data-image-caption=\"\" data-medium-file=\"https:\/\/i0.wp.com\/www.shqiperia.com\/blog\/wp-content\/uploads\/2022\/02\/Dy-futbollistet-ukrainas-ne-Premier-League-perqafohen-ne-mes-te-fushes-2-1.jpg?fit=300%2C175&amp;ssl=1\" data-large-file=\"https:\/\/i0.wp.com\/www.shqiperia.com\/blog\/wp-content\/uploads\/2022\/02\/Dy-futbollistet-ukrainas-ne-Premier-League-perqafohen-ne-mes-te-fushes-2-1.jpg?fit=580%2C339&amp;ssl=1\" class=\"alignnone  wp-image-54640\" alt=\"\" src=\"https:\/\/i0.wp.com\/www.shqiperia.com\/blog\/wp-content\/uploads\/2022\/02\/Dy-futbollistet-ukrainas-ne-Premier-League-perqafohen-ne-mes-te-fushes-2-1.jpg?resize=581%2C341&#038;ssl=1\" width=\"581\" height=\"341\" srcset=\"https:\/\/i0.wp.com\/www.shqiperia.com\/blog\/wp-content\/uploads\/2022\/02\/Dy-futbollistet-ukrainas-ne-Premier-League-perqafohen-ne-mes-te-fushes-2-1.jpg?resize=300%2C175&amp;ssl=1 300w, https:\/\/i0.wp.com\/www.shqiperia.com\/blog\/wp-content\/uploads\/2022\/02\/Dy-futbollistet-ukrainas-ne-Premier-League-perqafohen-ne-mes-te-fushes-2-1.jpg?resize=450%2C263&amp;ssl=1 450w, https:\/\/i0.wp.com\/www.shqiperia.com\/blog\/wp-content\/uploads\/2022\/02\/Dy-futbollistet-ukrainas-ne-Premier-League-perqafohen-ne-mes-te-fushes-2-1.jpg?resize=400%2C234&amp;ssl=1 400w, https:\/\/i0.wp.com\/www.shqiperia.com\/blog\/wp-content\/uploads\/2022\/02\/Dy-futbollistet-ukrainas-ne-Premier-League-perqafohen-ne-mes-te-fushes-2-1.jpg?w=580&amp;ssl=1 580w\" sizes=\"auto, (max-width: 581px) 100vw, 581px\" \/><\/p>\n<p>Dy futbollist\u00ebt ukrainas n\u00eb \u201cPremier League\u201d p\u00ebrqafohen n\u00eb mes t\u00eb fush\u00ebs, vajtojn\u00eb p\u00ebr at\u00eb q\u00eb po i ndodh vendit t\u00eb tyre<\/p>\n<p>26 Shkurt,2022<\/p>\n<p>Lufta n\u00eb Ukrain\u00eb ka solidarizuar nj\u00eb bot\u00eb t\u00eb t\u00ebr\u00eb, jo vet\u00ebm n\u00eb aspektin politik, por edhe at\u00eb t\u00eb sportit. Nj\u00eb episod emocionues \u00ebsht\u00eb sh\u00ebnuar n\u00eb ndeshjen mes Manchester Cityt dhe Everton.<\/p>\n<p>Dy lojtar\u00ebt e t\u00eb dyja skuadrave, me komb\u00ebsi ukrainase jan\u00eb p\u00ebrqafuar n\u00eb mes t\u00eb fush\u00ebs, n\u00eb vazhd\u00ebn e zhvillimeve q\u00eb po ndodhin n\u00eb Ukrain\u00eb.<\/p>\n<p>Futbollistet q\u00eb u p\u00ebrqafuan ishin Oleksand\u00ebr Zinchenko i Manchester Cityt dhe Vitaly Mykolenko i Everton.<\/p>\n<p>Mbrojt\u00ebsi i majt\u00eb i Cityt nuk ishte n\u00eb gjendje t\u2019i mbante lot\u00ebt.<\/p>\n<p>I gjith\u00eb Goodison Park nuk i ndali ovacionet n\u00eb shenj\u00eb solidariteti me Ukrain\u00ebn.<\/p>\n<div id=\"attachment_54637\" style=\"width: 820px\" class=\"wp-caption alignnone\"><img data-recalc-dims=\"1\" loading=\"lazy\" decoding=\"async\" aria-describedby=\"caption-attachment-54637\" data-attachment-id=\"54637\" data-permalink=\"https:\/\/www.shqiperia.com\/blog\/dy-futbollistet-ukrainas-ne-premier-league-perqafohen-ne-mes-te-fushes-vajtojne-per-ate-qe-po-i-ndodh-vendit-te-tyre\/dy-futbollistet-ukrainas-ne-premier-league-perqafohen-ne-mes-te-fushes-2\/\" data-orig-file=\"https:\/\/i0.wp.com\/www.shqiperia.com\/blog\/wp-content\/uploads\/2022\/02\/Dy-futbollistet-ukrainas-ne-Premier-League-perqafohen-ne-mes-te-fushes-2.jpg?fit=580%2C450&amp;ssl=1\" data-orig-size=\"580,450\" data-comments-opened=\"1\" data-image-meta=\"{&quot;aperture&quot;:&quot;0&quot;,&quot;credit&quot;:&quot;&quot;,&quot;camera&quot;:&quot;&quot;,&quot;caption&quot;:&quot;&quot;,&quot;created_timestamp&quot;:&quot;0&quot;,&quot;copyright&quot;:&quot;&quot;,&quot;focal_length&quot;:&quot;0&quot;,&quot;iso&quot;:&quot;0&quot;,&quot;shutter_speed&quot;:&quot;0&quot;,&quot;title&quot;:&quot;&quot;,&quot;orientation&quot;:&quot;0&quot;}\" data-image-title=\"Dy futbollist\u00ebt ukrainas n\u00eb Premier League p\u00ebrqafohen n\u00eb mes t\u00eb fush\u00ebs (2)\" data-image-description=\"\" data-image-caption=\"&lt;p&gt;Dy futbollist\u00ebt ukrainas n\u00eb Premier League p\u00ebrqafohen n\u00eb mes t\u00eb fush\u00ebs &lt;\/p&gt;\n\" data-medium-file=\"https:\/\/i0.wp.com\/www.shqiperia.com\/blog\/wp-content\/uploads\/2022\/02\/Dy-futbollistet-ukrainas-ne-Premier-League-perqafohen-ne-mes-te-fushes-2.jpg?fit=300%2C233&amp;ssl=1\" data-large-file=\"https:\/\/i0.wp.com\/www.shqiperia.com\/blog\/wp-content\/uploads\/2022\/02\/Dy-futbollistet-ukrainas-ne-Premier-League-perqafohen-ne-mes-te-fushes-2.jpg?fit=580%2C450&amp;ssl=1\" class=\" wp-image-54637\" alt=\"\" src=\"https:\/\/i0.wp.com\/www.shqiperia.com\/blog\/wp-content\/uploads\/2022\/02\/Dy-futbollistet-ukrainas-ne-Premier-League-perqafohen-ne-mes-te-fushes-2.jpg?resize=810%2C629&#038;ssl=1\" width=\"810\" height=\"629\" srcset=\"https:\/\/i0.wp.com\/www.shqiperia.com\/blog\/wp-content\/uploads\/2022\/02\/Dy-futbollistet-ukrainas-ne-Premier-League-perqafohen-ne-mes-te-fushes-2.jpg?resize=300%2C233&amp;ssl=1 300w, https:\/\/i0.wp.com\/www.shqiperia.com\/blog\/wp-content\/uploads\/2022\/02\/Dy-futbollistet-ukrainas-ne-Premier-League-perqafohen-ne-mes-te-fushes-2.jpg?resize=450%2C349&amp;ssl=1 450w, https:\/\/i0.wp.com\/www.shqiperia.com\/blog\/wp-content\/uploads\/2022\/02\/Dy-futbollistet-ukrainas-ne-Premier-League-perqafohen-ne-mes-te-fushes-2.jpg?resize=400%2C310&amp;ssl=1 400w, https:\/\/i0.wp.com\/www.shqiperia.com\/blog\/wp-content\/uploads\/2022\/02\/Dy-futbollistet-ukrainas-ne-Premier-League-perqafohen-ne-mes-te-fushes-2.jpg?w=580&amp;ssl=1 580w\" sizes=\"auto, (max-width: 810px) 100vw, 810px\" \/><p id=\"caption-attachment-54637\" class=\"wp-caption-text\">Dy futbollist\u00ebt ukrainas n\u00eb Premier League p\u00ebrqafohen n\u00eb mes t\u00eb fush\u00ebs<\/p><\/div>\n<p>BalkanWeb<\/p>\n","protected":false},"excerpt":{"rendered":"<p>Dy futbollist\u00ebt ukrainas n\u00eb \u201cPremier League\u201d p\u00ebrqafohen n\u00eb mes t\u00eb fush\u00ebs, vajtojn\u00eb p\u00ebr at\u00eb q\u00eb po i ndodh vendit t\u00eb tyre 26 Shkurt,2022 Lufta n\u00eb Ukrain\u00eb ka solidarizuar nj\u00eb bot\u00eb t\u00eb t\u00ebr\u00eb, jo vet\u00ebm n\u00eb aspektin politik, por edhe at\u00eb t\u00eb sportit. Nj\u00eb episod emocionues \u00ebsht\u00eb sh\u00ebnuar n\u00eb ndeshjen mes Manchester Cityt dhe Everton. Dy [&hellip;]<\/p>\n","protected":false},"author":9,"featured_media":54637,"comment_status":"open","ping_status":"open","sticky":false,"template":"","format":"standard","meta":{"jetpack_post_was_ever_published":false,"_jetpack_newsletter_access":"","_jetpack_dont_email_post_to_subs":false,"_jetpack_newsletter_tier_id":0,"_jetpack_memberships_contains_paywalled_content":false,"_jetpack_memberships_contains_paid_content":false,"footnotes":"","jetpack_publicize_message":"","jetpack_publicize_feature_enabled":true,"jetpack_social_post_already_shared":true,"jetpack_social_options":{"image_generator_settings":{"template":"highway","default_image_id":0,"font":"","enabled":false},"version":2}},"categories":[27,85,35],"tags":[],"class_list":["post-54636","post","type-post","status-publish","format-standard","has-post-thumbnail","hentry","category-blogu-i-udhetarit","category-histori","category-shoqerore"],"jetpack_publicize_connections":[],"jetpack_featured_media_url":"https:\/\/i0.wp.com\/www.shqiperia.com\/blog\/wp-content\/uploads\/2022\/02\/Dy-futbollistet-ukrainas-ne-Premier-League-perqafohen-ne-mes-te-fushes-2.jpg?fit=580%2C450&ssl=1","jetpack_sharing_enabled":true,"jetpack_shortlink":"https:\/\/wp.me\/p5Z6wp-ede","jetpack-related-posts":[{"id":81640,"url":"https:\/\/www.shqiperia.com\/blog\/imagjinoni-sa-po-vuajne-keta-te-dy-analisti-i-njohur-ben-veprimin-e-pazakonte-ulet-ne-mes-te-studios-te-qajme-per-ramen-dhe-melonin\/","url_meta":{"origin":54636,"position":0},"title":"&#8220;Imagjinoni sa po vuajn\u00eb k\u00ebta t\u00eb dy&#8221;. &#8211;  Analisti i njohur b\u00ebn veprimin e pazakont\u00eb, ulet n\u00eb mes t\u00eb studios: &#8211; T\u00eb qajm\u00eb p\u00ebr Ram\u00ebn dhe Melonin","author":"Kurt Farka","date":"June 5, 2024","format":false,"excerpt":"6 Qershor 2024 ... Kemi par\u00eb sot p\u00ebmbylljen e nj\u00eb mar\u00ebveshje dhe 1 or\u00eb e gjys\u00ebm spektak\u00ebl dhe kryeministrja po qanin s\u00eb bashku se u \u00ebsht\u00eb hedhur shum\u00eb balt\u00eb p\u00ebr shkak t\u00eb vuajtjes s\u00eb madhe q\u00eb i ka shkaktuar opozita italiane e Melonit dhe opozita shqiptare... Analisti Arian Galdini b\u00ebri\u2026","rel":"","context":"In &quot;Blogu i Udh\u00ebtarit&quot;","block_context":{"text":"Blogu i Udh\u00ebtarit","link":"https:\/\/www.shqiperia.com\/blog\/category\/blogu-i-udhetarit\/"},"img":{"alt_text":"","src":"https:\/\/i0.wp.com\/www.shqiperia.com\/blog\/wp-content\/uploads\/2024\/06\/20230926113735_art.jpg?fit=800%2C533&ssl=1&resize=350%2C200","width":350,"height":200,"srcset":"https:\/\/i0.wp.com\/www.shqiperia.com\/blog\/wp-content\/uploads\/2024\/06\/20230926113735_art.jpg?fit=800%2C533&ssl=1&resize=350%2C200 1x, https:\/\/i0.wp.com\/www.shqiperia.com\/blog\/wp-content\/uploads\/2024\/06\/20230926113735_art.jpg?fit=800%2C533&ssl=1&resize=525%2C300 1.5x, https:\/\/i0.wp.com\/www.shqiperia.com\/blog\/wp-content\/uploads\/2024\/06\/20230926113735_art.jpg?fit=800%2C533&ssl=1&resize=700%2C400 2x"},"classes":[]},{"id":95045,"url":"https:\/\/www.shqiperia.com\/blog\/anomali-misterioze-mbi-atlantikun-jugor-nasa-paralajmeron-ndryshime-te-pazakonta-ne-fushen-magnetike-te-tokes\/","url_meta":{"origin":54636,"position":1},"title":"Anomali misterioze mbi Atlantikun Jugor, NASA paralajm\u00ebron ndryshime t\u00eb pazakonta n\u00eb fush\u00ebn magnetike t\u00eb Tok\u00ebs","author":"Kurt Farka","date":"November 21, 2025","format":false,"excerpt":"21 Nentor 2025 Prej vitesh, NASA po v\u00ebzhgon nj\u00eb anomali t\u00eb \u00e7uditshme n\u00eb fush\u00ebn magnetike t\u00eb Tok\u00ebs, nj\u00eb zon\u00eb gjigante me intensitet m\u00eb t\u00eb ul\u00ebt magnetik n\u00eb atmosfer\u00eb, q\u00eb shtrihet mes Amerik\u00ebs s\u00eb Jugut dhe Afrik\u00ebs Jugper\u00ebndimore. Kjo dukuri n\u00eb zhvillim quhet Anomalia e Atlantikut Jugor (South Atlantic Anomaly \u2013\u2026","rel":"","context":"In &quot;Blogu i Udh\u00ebtarit&quot;","block_context":{"text":"Blogu i Udh\u00ebtarit","link":"https:\/\/www.shqiperia.com\/blog\/category\/blogu-i-udhetarit\/"},"img":{"alt_text":"","src":"https:\/\/i0.wp.com\/www.shqiperia.com\/blog\/wp-content\/uploads\/2025\/11\/640-0-b269cadc98aa27e64720d4771b145e24.png?fit=640%2C378&ssl=1&resize=350%2C200","width":350,"height":200,"srcset":"https:\/\/i0.wp.com\/www.shqiperia.com\/blog\/wp-content\/uploads\/2025\/11\/640-0-b269cadc98aa27e64720d4771b145e24.png?fit=640%2C378&ssl=1&resize=350%2C200 1x, https:\/\/i0.wp.com\/www.shqiperia.com\/blog\/wp-content\/uploads\/2025\/11\/640-0-b269cadc98aa27e64720d4771b145e24.png?fit=640%2C378&ssl=1&resize=525%2C300 1.5x"},"classes":[]},{"id":57751,"url":"https:\/\/www.shqiperia.com\/blog\/presidenti-i-ke-viziton-ukrainen-ndodh-e-papritura-gjate-takimit-me-kryeministrin-ukrainas-michel-detyrohet-te\/","url_meta":{"origin":54636,"position":2},"title":"Presidenti i KE viziton Ukrain\u00ebn &#8211; Ndodh e papritura gjat\u00eb takimit me kryeministrin ukrainas, Michel detyrohet t\u00eb&#8230;","author":"Kurt Farka","date":"May 9, 2022","format":false,"excerpt":"Presidenti i KE viziton Ukrain\u00ebn - Ndodh e papritura gjat\u00eb takimit me kryeministrin ukrainas, Michel detyrohet t\u00eb... 9 MAJ 2022 B\u00ebhet me dije se dit\u00ebn e sotme se takimi mes presidentit t\u00eb K\u00ebshillit Europian dhe kryeministrit ukrainas \u00ebsht\u00eb nd\u00ebrprer\u00eb pasi sulmet ruse kan\u00eb nisur mbi Odesa. Zyrtari shpjegoi se Michel\u2026","rel":"","context":"In &quot;Blogu i Udh\u00ebtarit&quot;","block_context":{"text":"Blogu i Udh\u00ebtarit","link":"https:\/\/www.shqiperia.com\/blog\/category\/blogu-i-udhetarit\/"},"img":{"alt_text":"","src":"https:\/\/i0.wp.com\/www.shqiperia.com\/blog\/wp-content\/uploads\/2022\/05\/800-0-62793ab573c14.jpg?fit=800%2C450&ssl=1&resize=350%2C200","width":350,"height":200,"srcset":"https:\/\/i0.wp.com\/www.shqiperia.com\/blog\/wp-content\/uploads\/2022\/05\/800-0-62793ab573c14.jpg?fit=800%2C450&ssl=1&resize=350%2C200 1x, https:\/\/i0.wp.com\/www.shqiperia.com\/blog\/wp-content\/uploads\/2022\/05\/800-0-62793ab573c14.jpg?fit=800%2C450&ssl=1&resize=525%2C300 1.5x, https:\/\/i0.wp.com\/www.shqiperia.com\/blog\/wp-content\/uploads\/2022\/05\/800-0-62793ab573c14.jpg?fit=800%2C450&ssl=1&resize=700%2C400 2x"},"classes":[]},{"id":49992,"url":"https:\/\/www.shqiperia.com\/blog\/katari-ben-te-detyrueshme-vaksinen-edhe-per-futbollistet-fifa-ne-hall-per-kupen-e-botes-2022lexime\/","url_meta":{"origin":54636,"position":3},"title":"Katari b\u00ebn t\u00eb detyrueshme vaksin\u00ebn edhe p\u00ebr futbollist\u00ebt, FIFA n\u00eb hall p\u00ebr Kup\u00ebn e Bot\u00ebs","author":"Kurt Farka","date":"September 20, 2021","format":false,"excerpt":"Katari b\u00ebn t\u00eb detyrueshme vaksin\u00ebn edhe p\u00ebr futbollist\u00ebt, FIFA n\u00eb hall p\u00ebr Kup\u00ebn e Bot\u00ebs 2022Lexime - 20.09.21 Vaksina do t\u00eb jet\u00eb e detyrueshme n\u00eb Bot\u00ebrorin e vitit t\u00eb ardhsh\u00ebm. Katari, i cili \u00ebsht\u00eb vendi organizator i Bot\u00ebrorit p\u00ebr vitin e ardhsh\u00ebm, po k\u00ebrkon vaksinim t\u00eb detyruesh\u00ebm p\u00ebr t\u00eb gjith\u00eb\u2026","rel":"","context":"In &quot;Press Releases&quot;","block_context":{"text":"Press Releases","link":"https:\/\/www.shqiperia.com\/blog\/category\/press-releases\/"},"img":{"alt_text":"","src":"https:\/\/i0.wp.com\/www.shqiperia.com\/blog\/wp-content\/uploads\/2021\/09\/qatar-770x433-1.jpg?fit=770%2C433&ssl=1&resize=350%2C200","width":350,"height":200,"srcset":"https:\/\/i0.wp.com\/www.shqiperia.com\/blog\/wp-content\/uploads\/2021\/09\/qatar-770x433-1.jpg?fit=770%2C433&ssl=1&resize=350%2C200 1x, https:\/\/i0.wp.com\/www.shqiperia.com\/blog\/wp-content\/uploads\/2021\/09\/qatar-770x433-1.jpg?fit=770%2C433&ssl=1&resize=525%2C300 1.5x, https:\/\/i0.wp.com\/www.shqiperia.com\/blog\/wp-content\/uploads\/2021\/09\/qatar-770x433-1.jpg?fit=770%2C433&ssl=1&resize=700%2C400 2x"},"classes":[]},{"id":90033,"url":"https:\/\/www.shqiperia.com\/blog\/perplasja-trump-zelensky-bota-ndahet-ne-mes-kush-mbeshteti-presidentin-e-shba-e-kush-ate-ukrainas-reagimet\/","url_meta":{"origin":54636,"position":4},"title":"P\u00ebrplasja Trump-Zelensky, bota \u201cndahet\u201d n\u00eb mes\/ Kush mb\u00ebshteti presidentin e SHBA, e kush at\u00eb ukrainas? Reagimet.","author":"Kurt Farka","date":"March 1, 2025","format":false,"excerpt":"1 Mars 2025 Nj\u00eb bised\u00eb e tensionuar mes Presidentit t\u00eb SHBA-ve Donald Trump dhe homologut t\u00eb tij ukrainas, Volodymir Zelensky, brenda n\u00eb Zyr\u00ebn Ovale, ka sjell\u00eb nj\u00eb tjet\u00ebr p\u00ebrplasje mes liderve europian\u00eb dhe SHBA-ve. Nd\u00ebrsa Zelensky i ka k\u00ebrkuar ndihm\u00eb dhe nj\u00eb paqe konkrete, Trump i ka kujtuar presidentit ukrainas\u2026","rel":"","context":"In &quot;Blogu i Udh\u00ebtarit&quot;","block_context":{"text":"Blogu i Udh\u00ebtarit","link":"https:\/\/www.shqiperia.com\/blog\/category\/blogu-i-udhetarit\/"},"img":{"alt_text":"","src":"https:\/\/i0.wp.com\/www.shqiperia.com\/blog\/wp-content\/uploads\/2025\/03\/wmremove-transformed.png?fit=752%2C440&ssl=1&resize=350%2C200","width":350,"height":200,"srcset":"https:\/\/i0.wp.com\/www.shqiperia.com\/blog\/wp-content\/uploads\/2025\/03\/wmremove-transformed.png?fit=752%2C440&ssl=1&resize=350%2C200 1x, https:\/\/i0.wp.com\/www.shqiperia.com\/blog\/wp-content\/uploads\/2025\/03\/wmremove-transformed.png?fit=752%2C440&ssl=1&resize=525%2C300 1.5x, https:\/\/i0.wp.com\/www.shqiperia.com\/blog\/wp-content\/uploads\/2025\/03\/wmremove-transformed.png?fit=752%2C440&ssl=1&resize=700%2C400 2x"},"classes":[]},{"id":58061,"url":"https:\/\/www.shqiperia.com\/blog\/katastrofa-ushqimore-po-vjen-the-economist-si-vladimir-putin-po-shkaterron-jetet-e-njerezve-ne-bote-larg-fushes-se-betejes\/","url_meta":{"origin":54636,"position":5},"title":"Katastrofa ushqimore po vjen! The Economist: &#8211; Si Vladimir Putin po shkat\u00ebrron jet\u00ebt e njer\u00ebzve n\u00eb bot\u00eb, larg fush\u00ebs s\u00eb betej\u00ebs","author":"Kurt Farka","date":"May 24, 2022","format":false,"excerpt":"Katastrofa ushqimore po vjen! The Economist: - Si Vladimir Putin po shkat\u00ebrron jet\u00ebt e njer\u00ebzve n\u00eb bot\u00eb, larg fush\u00ebs s\u00eb betej\u00ebs 22 Maji 2022 Katastrofa ushqimore po vjen! The Economist: Si Vladimir Putin po shkat\u00ebrron jet\u00ebt e njer\u00ebzve n\u00eb bot\u00eb, larg fush\u00ebs s\u00eb betej\u00ebs Duke pushtuar Ukrain\u00ebn, Vladimir Putini do\u2026","rel":"","context":"In &quot;Blogu i Udh\u00ebtarit&quot;","block_context":{"text":"Blogu i Udh\u00ebtarit","link":"https:\/\/www.shqiperia.com\/blog\/category\/blogu-i-udhetarit\/"},"img":{"alt_text":"","src":"https:\/\/i0.wp.com\/www.shqiperia.com\/blog\/wp-content\/uploads\/2022\/05\/1ea45a13-1432-4423-8494-becc5f3fd35d-905x450-1.jpg?fit=905%2C450&ssl=1&resize=350%2C200","width":350,"height":200,"srcset":"https:\/\/i0.wp.com\/www.shqiperia.com\/blog\/wp-content\/uploads\/2022\/05\/1ea45a13-1432-4423-8494-becc5f3fd35d-905x450-1.jpg?fit=905%2C450&ssl=1&resize=350%2C200 1x, https:\/\/i0.wp.com\/www.shqiperia.com\/blog\/wp-content\/uploads\/2022\/05\/1ea45a13-1432-4423-8494-becc5f3fd35d-905x450-1.jpg?fit=905%2C450&ssl=1&resize=525%2C300 1.5x, https:\/\/i0.wp.com\/www.shqiperia.com\/blog\/wp-content\/uploads\/2022\/05\/1ea45a13-1432-4423-8494-becc5f3fd35d-905x450-1.jpg?fit=905%2C450&ssl=1&resize=700%2C400 2x"},"classes":[]}],"_links":{"self":[{"href":"https:\/\/www.shqiperia.com\/blog\/wp-json\/wp\/v2\/posts\/54636","targetHints":{"allow":["GET"]}}],"collection":[{"href":"https:\/\/www.shqiperia.com\/blog\/wp-json\/wp\/v2\/posts"}],"about":[{"href":"https:\/\/www.shqiperia.com\/blog\/wp-json\/wp\/v2\/types\/post"}],"author":[{"embeddable":true,"href":"https:\/\/www.shqiperia.com\/blog\/wp-json\/wp\/v2\/users\/9"}],"replies":[{"embeddable":true,"href":"https:\/\/www.shqiperia.com\/blog\/wp-json\/wp\/v2\/comments?post=54636"}],"version-history":[{"count":2,"href":"https:\/\/www.shqiperia.com\/blog\/wp-json\/wp\/v2\/posts\/54636\/revisions"}],"predecessor-version":[{"id":54641,"href":"https:\/\/www.shqiperia.com\/blog\/wp-json\/wp\/v2\/posts\/54636\/revisions\/54641"}],"wp:featuredmedia":[{"embeddable":true,"href":"https:\/\/www.shqiperia.com\/blog\/wp-json\/wp\/v2\/media\/54637"}],"wp:attachment":[{"href":"https:\/\/www.shqiperia.com\/blog\/wp-json\/wp\/v2\/media?parent=54636"}],"wp:term":[{"taxonomy":"category","embeddable":true,"href":"https:\/\/www.shqiperia.com\/blog\/wp-json\/wp\/v2\/categories?post=54636"},{"taxonomy":"post_tag","embeddable":true,"href":"https:\/\/www.shqiperia.com\/blog\/wp-json\/wp\/v2\/tags?post=54636"}],"curies":[{"name":"wp","href":"https:\/\/api.w.org\/{rel}","templated":true}]}}