{"id":54626,"date":"2022-02-26T19:47:32","date_gmt":"2022-02-26T19:47:32","guid":{"rendered":"https:\/\/www.shqiperia.com\/blog\/?p=54626"},"modified":"2022-02-26T19:47:32","modified_gmt":"2022-02-26T19:47:32","slug":"presidenti-zelensky-nip-heroit-te-ushtrise-se-kuqe-kundra-hitlerit-vete-personalitet-kundra-diktatorit-putin","status":"publish","type":"post","link":"https:\/\/www.shqiperia.com\/blog\/presidenti-zelensky-nip-heroit-te-ushtrise-se-kuqe-kundra-hitlerit-vete-personalitet-kundra-diktatorit-putin\/","title":{"rendered":"Presidenti Zelensky nip \u00a0heroit te \u201cUshtrise se Kuqe\u201d kundra Hitlerit, vete Personalitet kundra Diktatorit Putin \u2026"},"content":{"rendered":"<div id=\"attachment_54627\" style=\"width: 763px\" class=\"wp-caption alignnone\"><img data-recalc-dims=\"1\" loading=\"lazy\" decoding=\"async\" aria-describedby=\"caption-attachment-54627\" data-attachment-id=\"54627\" data-permalink=\"https:\/\/www.shqiperia.com\/blog\/presidenti-zelensky-nip-heroit-te-ushtrise-se-kuqe-kundra-hitlerit-vete-personalitet-kundra-diktatorit-putin\/presidenti-volodymyr-zelensky-tek-varri-i-gjyshit-2\/\" data-orig-file=\"https:\/\/i0.wp.com\/www.shqiperia.com\/blog\/wp-content\/uploads\/2022\/02\/Presidenti-Volodymyr-Zelensky-tek-Varri-i-Gjyshit-2.jpg?fit=833%2C479&amp;ssl=1\" data-orig-size=\"833,479\" data-comments-opened=\"1\" data-image-meta=\"{&quot;aperture&quot;:&quot;0&quot;,&quot;credit&quot;:&quot;Panorama Live&quot;,&quot;camera&quot;:&quot;&quot;,&quot;caption&quot;:&quot;&quot;,&quot;created_timestamp&quot;:&quot;1645907085&quot;,&quot;copyright&quot;:&quot;&quot;,&quot;focal_length&quot;:&quot;0&quot;,&quot;iso&quot;:&quot;0&quot;,&quot;shutter_speed&quot;:&quot;0&quot;,&quot;title&quot;:&quot;&quot;,&quot;orientation&quot;:&quot;0&quot;}\" data-image-title=\"Presidenti Volodymyr Zelensky tek Varri i Gjyshit (2)\" data-image-description=\"\" data-image-caption=\"&lt;p&gt;Presidenti Volodymyr Zelensky tek Varri i Gjyshit (2)&lt;\/p&gt;\n\" data-medium-file=\"https:\/\/i0.wp.com\/www.shqiperia.com\/blog\/wp-content\/uploads\/2022\/02\/Presidenti-Volodymyr-Zelensky-tek-Varri-i-Gjyshit-2.jpg?fit=300%2C173&amp;ssl=1\" data-large-file=\"https:\/\/i0.wp.com\/www.shqiperia.com\/blog\/wp-content\/uploads\/2022\/02\/Presidenti-Volodymyr-Zelensky-tek-Varri-i-Gjyshit-2.jpg?fit=833%2C479&amp;ssl=1\" class=\" wp-image-54627\" alt=\"\" src=\"https:\/\/i0.wp.com\/www.shqiperia.com\/blog\/wp-content\/uploads\/2022\/02\/Presidenti-Volodymyr-Zelensky-tek-Varri-i-Gjyshit-2.jpg?resize=753%2C434&#038;ssl=1\" width=\"753\" height=\"434\" srcset=\"https:\/\/i0.wp.com\/www.shqiperia.com\/blog\/wp-content\/uploads\/2022\/02\/Presidenti-Volodymyr-Zelensky-tek-Varri-i-Gjyshit-2.jpg?resize=300%2C173&amp;ssl=1 300w, https:\/\/i0.wp.com\/www.shqiperia.com\/blog\/wp-content\/uploads\/2022\/02\/Presidenti-Volodymyr-Zelensky-tek-Varri-i-Gjyshit-2.jpg?resize=768%2C442&amp;ssl=1 768w, https:\/\/i0.wp.com\/www.shqiperia.com\/blog\/wp-content\/uploads\/2022\/02\/Presidenti-Volodymyr-Zelensky-tek-Varri-i-Gjyshit-2.jpg?resize=450%2C259&amp;ssl=1 450w, https:\/\/i0.wp.com\/www.shqiperia.com\/blog\/wp-content\/uploads\/2022\/02\/Presidenti-Volodymyr-Zelensky-tek-Varri-i-Gjyshit-2.jpg?resize=600%2C345&amp;ssl=1 600w, https:\/\/i0.wp.com\/www.shqiperia.com\/blog\/wp-content\/uploads\/2022\/02\/Presidenti-Volodymyr-Zelensky-tek-Varri-i-Gjyshit-2.jpg?resize=400%2C230&amp;ssl=1 400w, https:\/\/i0.wp.com\/www.shqiperia.com\/blog\/wp-content\/uploads\/2022\/02\/Presidenti-Volodymyr-Zelensky-tek-Varri-i-Gjyshit-2.jpg?w=833&amp;ssl=1 833w\" sizes=\"auto, (max-width: 753px) 100vw, 753px\" \/><p id=\"caption-attachment-54627\" class=\"wp-caption-text\">Presidenti Volodymyr Zelensky tek Varri i Gjyshit (2)<\/p><\/div>\n<p>Presidenti Zelensky nip \u00a0heroit te \u201cUshtrise se Kuqe\u201d kundra Hitlerit, vete Personalitet kundra Diktatorit Putin \u2026<\/p>\n<p>26 Shkurt 2022<\/p>\n<p>Disa dit\u00eb p\u00ebrpara se Volodymyr Zelensky t\u00eb merrte detyr\u00ebn si Presidenti i Ukrain\u00ebs, ai udh\u00ebtoi drejt qytetit t\u00eb tij t\u00eb lindjes, Kryvyi Rih.<\/p>\n<p>Atje ai vizitoi varrezat dhe vendosi nj\u00eb lule mbi varrin e gjyshit t\u00eb tij Semyon Ivanovich Zelensky, i cili luftoi si pjes\u00eb e \u201cUshtrin\u00eb s\u00eb Kuqe\u201d t\u00eb Bashkimit Sovjetik gjat\u00eb Luft\u00ebs s\u00eb Dyt\u00eb Bot\u00ebrore.<\/p>\n<p>\u201c[Semyon] kaloi gjith\u00eb luft\u00ebn dhe mbetet p\u00ebrgjithmon\u00eb n\u00eb kujtes\u00ebn time si nj\u00eb nga ata heronj q\u00eb mbrojt\u00ebn Ukrain\u00ebn nga nazist\u00ebt. Faleminderit p\u00ebr faktin q\u00eb ideologjia \u00e7njer\u00ebzore e nazizmit \u00ebsht\u00eb p\u00ebrgjithmon\u00eb nj\u00eb gj\u00eb e s\u00eb kaluar\u00ebs. Faleminderit atyre q\u00eb luftuan kund\u00ebr nazizmit \u2013 dhe fituan\u201d shkroi Zelensky n\u00eb Facebook.<\/p>\n<p><img data-recalc-dims=\"1\" loading=\"lazy\" decoding=\"async\" data-attachment-id=\"54628\" data-permalink=\"https:\/\/www.shqiperia.com\/blog\/presidenti-zelensky-nip-heroit-te-ushtrise-se-kuqe-kundra-hitlerit-vete-personalitet-kundra-diktatorit-putin\/presidenti-volodymyr-zelensky-tek-varri-i-gjyshit\/\" data-orig-file=\"https:\/\/i0.wp.com\/www.shqiperia.com\/blog\/wp-content\/uploads\/2022\/02\/Presidenti-Volodymyr-Zelensky-tek-Varri-i-Gjyshit.jpg?fit=833%2C577&amp;ssl=1\" data-orig-size=\"833,577\" data-comments-opened=\"1\" data-image-meta=\"{&quot;aperture&quot;:&quot;0&quot;,&quot;credit&quot;:&quot;Panorama Live&quot;,&quot;camera&quot;:&quot;&quot;,&quot;caption&quot;:&quot;&quot;,&quot;created_timestamp&quot;:&quot;1645907085&quot;,&quot;copyright&quot;:&quot;&quot;,&quot;focal_length&quot;:&quot;0&quot;,&quot;iso&quot;:&quot;0&quot;,&quot;shutter_speed&quot;:&quot;0&quot;,&quot;title&quot;:&quot;&quot;,&quot;orientation&quot;:&quot;0&quot;}\" data-image-title=\"Presidenti Volodymyr Zelensky tek Varri i Gjyshit\" data-image-description=\"\" data-image-caption=\"\" data-medium-file=\"https:\/\/i0.wp.com\/www.shqiperia.com\/blog\/wp-content\/uploads\/2022\/02\/Presidenti-Volodymyr-Zelensky-tek-Varri-i-Gjyshit.jpg?fit=300%2C208&amp;ssl=1\" data-large-file=\"https:\/\/i0.wp.com\/www.shqiperia.com\/blog\/wp-content\/uploads\/2022\/02\/Presidenti-Volodymyr-Zelensky-tek-Varri-i-Gjyshit.jpg?fit=833%2C577&amp;ssl=1\" class=\"alignnone  wp-image-54628\" alt=\"\" src=\"https:\/\/i0.wp.com\/www.shqiperia.com\/blog\/wp-content\/uploads\/2022\/02\/Presidenti-Volodymyr-Zelensky-tek-Varri-i-Gjyshit.jpg?resize=873%2C605&#038;ssl=1\" width=\"873\" height=\"605\" srcset=\"https:\/\/i0.wp.com\/www.shqiperia.com\/blog\/wp-content\/uploads\/2022\/02\/Presidenti-Volodymyr-Zelensky-tek-Varri-i-Gjyshit.jpg?resize=300%2C208&amp;ssl=1 300w, https:\/\/i0.wp.com\/www.shqiperia.com\/blog\/wp-content\/uploads\/2022\/02\/Presidenti-Volodymyr-Zelensky-tek-Varri-i-Gjyshit.jpg?resize=768%2C532&amp;ssl=1 768w, https:\/\/i0.wp.com\/www.shqiperia.com\/blog\/wp-content\/uploads\/2022\/02\/Presidenti-Volodymyr-Zelensky-tek-Varri-i-Gjyshit.jpg?resize=450%2C312&amp;ssl=1 450w, https:\/\/i0.wp.com\/www.shqiperia.com\/blog\/wp-content\/uploads\/2022\/02\/Presidenti-Volodymyr-Zelensky-tek-Varri-i-Gjyshit.jpg?resize=600%2C416&amp;ssl=1 600w, https:\/\/i0.wp.com\/www.shqiperia.com\/blog\/wp-content\/uploads\/2022\/02\/Presidenti-Volodymyr-Zelensky-tek-Varri-i-Gjyshit.jpg?resize=400%2C277&amp;ssl=1 400w, https:\/\/i0.wp.com\/www.shqiperia.com\/blog\/wp-content\/uploads\/2022\/02\/Presidenti-Volodymyr-Zelensky-tek-Varri-i-Gjyshit.jpg?w=833&amp;ssl=1 833w\" sizes=\"auto, (max-width: 873px) 100vw, 873px\" \/><\/p>\n<p>Kjo deklarat\u00eb prek\u00ebse do t\u00eb dukej e \u00e7uditshme k\u00ebt\u00eb jav\u00eb n\u00ebse dikush do t\u00eb besonte pretekstin e presidentit rus Vladimir Putin p\u00ebr pushtimin e vendit. Sipas \u201cThe Washington Post\u201d, nj\u00eb nga q\u00ebllimet e \u201coperacionit special ushtarak\u201d, ishte \u201cdenazifikimi\u201d i Ukrain\u00ebs.<\/p>\n<p>Putin thot\u00eb se do t\u00eb \u2018denazifikoj\u00eb\u2019 Ukrain\u00ebn. Sipas medias amerikane, pretendimi \u00ebsht\u00eb qesharak n\u00eb pamje t\u00eb par\u00eb. Jo vet\u00ebm q\u00eb lideri i Ukrain\u00ebs \u00ebsht\u00eb hebre, por shum\u00eb nga t\u00eb af\u00ebrmit e tij u vran\u00eb nga nazist\u00ebt.<\/p>\n<p>N\u00eb janar 2020, gjat\u00eb p\u00ebrkujtimit n\u00eb Izrael t\u00eb 75-vjetorit t\u00eb \u00e7lirimit t\u00eb Aushvicit, Zelensky i rr\u00ebfeu kryeministrit izraelit Benjamin Netanyahu dy histori t\u00eb disa prej heronjve m\u00eb t\u00eb guximsh\u00ebm t\u00eb vendit t\u00eb tij gjat\u00eb luft\u00ebs: nj\u00eb grua myslimane t\u00eb Krimes\u00eb dhe nj\u00eb prift katolik, t\u00eb cil\u00ebt shp\u00ebtuan dhjet\u00ebra f\u00ebmij\u00eb hebrenj.<\/p>\n<p>N\u00eb nj\u00eb intervist\u00eb me Times of Israel n\u00eb t\u00eb nj\u00ebjtin muaj, Zelensky tha se st\u00ebrgjyshi i tij dhe 4 f\u00ebmij\u00ebt luftuan t\u00eb gjith\u00eb n\u00eb ushtrin\u00eb sovjetike, por gjyshi i tij ishte i vetmi q\u00eb u kthye n\u00eb sht\u00ebpi.<\/p>\n<p>M\u00eb shum\u00eb se 1 milion ukrainas hebrenj u vran\u00eb gjat\u00eb Holokaustit. Si president, Zelensky ka mbik\u00ebqyrur ndryshimet e emrave n\u00eb shum\u00eb monumente t\u00eb vjetra sovjetike dhe emrat e rrug\u00ebve me ato t\u00eb heronjve ukrainas, duke p\u00ebrfshir\u00eb hebrenjt\u00eb ukrainas.<\/p>\n","protected":false},"excerpt":{"rendered":"<p>Presidenti Zelensky nip \u00a0heroit te \u201cUshtrise se Kuqe\u201d kundra Hitlerit, vete Personalitet kundra Diktatorit Putin \u2026 26 Shkurt 2022 Disa dit\u00eb p\u00ebrpara se Volodymyr Zelensky t\u00eb merrte detyr\u00ebn si Presidenti i Ukrain\u00ebs, ai udh\u00ebtoi drejt qytetit t\u00eb tij t\u00eb lindjes, Kryvyi Rih. Atje ai vizitoi varrezat dhe vendosi nj\u00eb lule mbi varrin e gjyshit t\u00eb [&hellip;]<\/p>\n","protected":false},"author":9,"featured_media":54627,"comment_status":"open","ping_status":"open","sticky":false,"template":"","format":"standard","meta":{"jetpack_post_was_ever_published":false,"_jetpack_newsletter_access":"","_jetpack_dont_email_post_to_subs":false,"_jetpack_newsletter_tier_id":0,"_jetpack_memberships_contains_paywalled_content":false,"_jetpack_memberships_contains_paid_content":false,"footnotes":"","jetpack_publicize_message":"","jetpack_publicize_feature_enabled":true,"jetpack_social_post_already_shared":true,"jetpack_social_options":{"image_generator_settings":{"template":"highway","default_image_id":0,"font":"","enabled":false},"version":2}},"categories":[27,85,35],"tags":[],"class_list":["post-54626","post","type-post","status-publish","format-standard","has-post-thumbnail","hentry","category-blogu-i-udhetarit","category-histori","category-shoqerore"],"jetpack_publicize_connections":[],"jetpack_featured_media_url":"https:\/\/i0.wp.com\/www.shqiperia.com\/blog\/wp-content\/uploads\/2022\/02\/Presidenti-Volodymyr-Zelensky-tek-Varri-i-Gjyshit-2.jpg?fit=833%2C479&ssl=1","jetpack_sharing_enabled":true,"jetpack_shortlink":"https:\/\/wp.me\/p5Z6wp-ed4","jetpack-related-posts":[{"id":83511,"url":"https:\/\/www.shqiperia.com\/blog\/inkursioni-ne-kursk-presidenti-zelensky-ushtria-ukrainase-ka-forcuar-pozicionet-ne-rajon\/","url_meta":{"origin":54626,"position":0},"title":"Inkursioni n\u00eb Kursk, Presidenti Zelensky: &#8211; Ushtria ukrainase ka forcuar pozicionet n\u00eb rajon","author":"Kurt Farka","date":"August 17, 2024","format":false,"excerpt":"17 Gusht 2024 Presidenti ukrainas, Volodymyr Zelensky, tha se trupat e tij kan\u00eb forcuar pozicionet dhe kan\u00eb zgjeruar territorin n\u00eb rajonin rus t\u00eb Kurskut, pas pothuajse dy jav\u00eb q\u00eb nga nisja e inkursionit t\u00eb tyre. Ukraina tha se ka marr\u00eb kontrollin e 82 vendbanimeve n\u00eb nj\u00eb zon\u00eb prej 1.150 kilometrash\u2026","rel":"","context":"In &quot;Blogu i Udh\u00ebtarit&quot;","block_context":{"text":"Blogu i Udh\u00ebtarit","link":"https:\/\/www.shqiperia.com\/blog\/category\/blogu-i-udhetarit\/"},"img":{"alt_text":"","src":"https:\/\/i0.wp.com\/www.shqiperia.com\/blog\/wp-content\/uploads\/2024\/08\/lcimg-284db91a-1540-4338-8e9e-8b7f330ff482.jpeg?fit=1024%2C682&ssl=1&resize=350%2C200","width":350,"height":200,"srcset":"https:\/\/i0.wp.com\/www.shqiperia.com\/blog\/wp-content\/uploads\/2024\/08\/lcimg-284db91a-1540-4338-8e9e-8b7f330ff482.jpeg?fit=1024%2C682&ssl=1&resize=350%2C200 1x, https:\/\/i0.wp.com\/www.shqiperia.com\/blog\/wp-content\/uploads\/2024\/08\/lcimg-284db91a-1540-4338-8e9e-8b7f330ff482.jpeg?fit=1024%2C682&ssl=1&resize=525%2C300 1.5x, https:\/\/i0.wp.com\/www.shqiperia.com\/blog\/wp-content\/uploads\/2024\/08\/lcimg-284db91a-1540-4338-8e9e-8b7f330ff482.jpeg?fit=1024%2C682&ssl=1&resize=700%2C400 2x"},"classes":[]},{"id":89206,"url":"https:\/\/www.shqiperia.com\/blog\/le-te-bejme-nje-marreveshje-volodymyr-zelensky-amerikanet-ndihmuan-me-se-shumti-prandaj-amerikanet-duhet-te-fitojne-me-shume\/","url_meta":{"origin":54626,"position":1},"title":"\u201cLe t\u00eb b\u00ebjm\u00eb nj\u00eb marr\u00ebveshje\u201d. Volodymyr Zelensky: &#8211; Amerikan\u00ebt ndihmuan m\u00eb s\u00eb shumti, prandaj amerikan\u00ebt duhet t\u00eb fitojn\u00eb m\u00eb shum\u00eb.","author":"Kurt Farka","date":"February 7, 2025","format":false,"excerpt":"7 Shkurt 2025 Presidenti ukrainas, Volodymyr Zelensky thot\u00eb se \u00ebsht\u00eb i gatsh\u00ebm t\u00eb b\u00ebj\u00eb nj\u00eb marr\u00ebveshje me Donald Trump, i cili k\u00ebrkoi minerale t\u00eb rralla n\u00eb k\u00ebmbim t\u00eb mb\u00ebshtetjes financiare. Trump, administrata e t\u00eb cilit po b\u00ebn presion p\u00ebr nj\u00eb fund t\u00eb shpejt\u00eb t\u00eb luft\u00ebs s\u00eb Ukrain\u00ebs me Rusin\u00eb, e\u2026","rel":"","context":"In &quot;Blogu i Udh\u00ebtarit&quot;","block_context":{"text":"Blogu i Udh\u00ebtarit","link":"https:\/\/www.shqiperia.com\/blog\/category\/blogu-i-udhetarit\/"},"img":{"alt_text":"","src":"https:\/\/i0.wp.com\/www.shqiperia.com\/blog\/wp-content\/uploads\/2025\/02\/640-0-96deee3e2dc8a67fd9c228d820f7dd8d.jpeg?fit=640%2C426&ssl=1&resize=350%2C200","width":350,"height":200,"srcset":"https:\/\/i0.wp.com\/www.shqiperia.com\/blog\/wp-content\/uploads\/2025\/02\/640-0-96deee3e2dc8a67fd9c228d820f7dd8d.jpeg?fit=640%2C426&ssl=1&resize=350%2C200 1x, https:\/\/i0.wp.com\/www.shqiperia.com\/blog\/wp-content\/uploads\/2025\/02\/640-0-96deee3e2dc8a67fd9c228d820f7dd8d.jpeg?fit=640%2C426&ssl=1&resize=525%2C300 1.5x"},"classes":[]},{"id":91899,"url":"https:\/\/www.shqiperia.com\/blog\/takimi-koke-me-koke-me-zelenskyn-reagon-trump-kuptova-se-putin-nuk-deshiron-ti-jape-fund-luftes\/","url_meta":{"origin":54626,"position":2},"title":"Takimi \u2018kok\u00eb m\u00eb kok\u00eb\u2019 me Zelenskyn. Reagon Trump: &#8211; Kuptova se Putin nuk d\u00ebshiron t\u2019i jap\u00eb fund luft\u00ebs","author":"Kurt Farka","date":"April 27, 2025","format":false,"excerpt":"27 Prill 2025 Presidenti i SHBA Donald Trump ka b\u00ebr\u00eb nj\u00eb postim n\u00eb rrjetet sociale pas takimit t\u00eb tij me Volodymyr Zelenskky brenda Bazilik\u00ebs s\u00eb Sh\u00ebn Pjetrit m\u00ebngjesin e sot\u00ebm. Pasi kritikoi New York Times p\u00ebr mbulimin e p\u00ebrpjekjeve t\u00eb tij p\u00ebr t\u00eb nd\u00ebrmjet\u00ebsuar paqen n\u00eb Evrop\u00eb, Trump thot\u00eb se:\u2026","rel":"","context":"In &quot;Blogu i Udh\u00ebtarit&quot;","block_context":{"text":"Blogu i Udh\u00ebtarit","link":"https:\/\/www.shqiperia.com\/blog\/category\/blogu-i-udhetarit\/"},"img":{"alt_text":"","src":"https:\/\/i0.wp.com\/www.shqiperia.com\/blog\/wp-content\/uploads\/2025\/04\/16252980_042624-getty-trump-zelenskyy-rome-img.jpg?fit=1200%2C728&ssl=1&resize=350%2C200","width":350,"height":200,"srcset":"https:\/\/i0.wp.com\/www.shqiperia.com\/blog\/wp-content\/uploads\/2025\/04\/16252980_042624-getty-trump-zelenskyy-rome-img.jpg?fit=1200%2C728&ssl=1&resize=350%2C200 1x, https:\/\/i0.wp.com\/www.shqiperia.com\/blog\/wp-content\/uploads\/2025\/04\/16252980_042624-getty-trump-zelenskyy-rome-img.jpg?fit=1200%2C728&ssl=1&resize=525%2C300 1.5x, https:\/\/i0.wp.com\/www.shqiperia.com\/blog\/wp-content\/uploads\/2025\/04\/16252980_042624-getty-trump-zelenskyy-rome-img.jpg?fit=1200%2C728&ssl=1&resize=700%2C400 2x, https:\/\/i0.wp.com\/www.shqiperia.com\/blog\/wp-content\/uploads\/2025\/04\/16252980_042624-getty-trump-zelenskyy-rome-img.jpg?fit=1200%2C728&ssl=1&resize=1050%2C600 3x"},"classes":[]},{"id":62854,"url":"https:\/\/www.shqiperia.com\/blog\/flamuri-ukrainas-valvitet-ne-goditja-e-forte-ndaj-rusise-presidenti-zelensky-konfirmon-suksesin\/","url_meta":{"origin":54626,"position":3},"title":"&#8220;Flamuri ukrainas valvitet n\u00eb&#8230;&#8221;. Goditja e fort\u00eb ndaj Rusis\u00eb, presidenti Zelensky konfirmon suksesin","author":"Kurt Farka","date":"October 2, 2022","format":false,"excerpt":"2 Tetor 2022 N\u00eb fjalimin e tij t\u00eb nat\u00ebs t\u00eb shtun\u00ebn, presidenti i Ukrain\u00ebs Volodymyr Zelensky konfirmoi t\u00ebrheqjen e forcave ruse nga qyteti strategjik i Donetskut, Lyman. \u201cFlamuri ukrainas \u00ebsht\u00eb tashm\u00eb n\u00eb Lyman, rajoni Donetsk. Luftimet vazhdojn\u00eb ende atje. Por nuk ka asnj\u00eb gjurm\u00eb t\u00eb ndonj\u00eb \u2018pseudo-referendumi\u2019 atje\u201d, tha Zelensky.\u2026","rel":"","context":"In &quot;Blogu i Udh\u00ebtarit&quot;","block_context":{"text":"Blogu i Udh\u00ebtarit","link":"https:\/\/www.shqiperia.com\/blog\/category\/blogu-i-udhetarit\/"},"img":{"alt_text":"","src":"https:\/\/i0.wp.com\/www.shqiperia.com\/blog\/wp-content\/uploads\/2022\/10\/800-0-6338a458c2774.jpg?fit=800%2C453&ssl=1&resize=350%2C200","width":350,"height":200,"srcset":"https:\/\/i0.wp.com\/www.shqiperia.com\/blog\/wp-content\/uploads\/2022\/10\/800-0-6338a458c2774.jpg?fit=800%2C453&ssl=1&resize=350%2C200 1x, https:\/\/i0.wp.com\/www.shqiperia.com\/blog\/wp-content\/uploads\/2022\/10\/800-0-6338a458c2774.jpg?fit=800%2C453&ssl=1&resize=525%2C300 1.5x, https:\/\/i0.wp.com\/www.shqiperia.com\/blog\/wp-content\/uploads\/2022\/10\/800-0-6338a458c2774.jpg?fit=800%2C453&ssl=1&resize=700%2C400 2x"},"classes":[]},{"id":81841,"url":"https:\/\/www.shqiperia.com\/blog\/putin-ofron-armepushim-me-kushte-ne-ukraine-kievi-e-refuzon-zelensky-eshte-ultimatum-ajo-qe-kerkon-presidenti-rus\/","url_meta":{"origin":54626,"position":4},"title":"Putin ofron arm\u00ebpushim me kushte n\u00eb Ukrain\u00eb. Kievi e refuzon, Zelensky: \u00cbsht\u00eb ultimatum, ajo q\u00eb k\u00ebrkon presidenti rus \u2026","author":"Kurt Farka","date":"June 15, 2024","format":false,"excerpt":"15 Qershor 2024 Presidenti rus Vladimir Putin ofroi t\u00eb premten arm\u00ebpushim n\u00eb Ukrain\u00eb dhe nisjen e bisedimeve n\u00ebse Kievi fillon t\u00eb t\u00ebrheq\u00eb trupat nga kat\u00ebr rajonet e Ukrain\u00ebs t\u00eb aneksuara nga Moska n\u00eb vitin 2022 dhe heqjen dor\u00eb nga planet p\u00ebr an\u00ebtar\u00ebsim n\u00eb NATO. Presidenti ukrainas Volodymyr Zelenskyy e hodhi\u2026","rel":"","context":"In &quot;Blogu i Udh\u00ebtarit&quot;","block_context":{"text":"Blogu i Udh\u00ebtarit","link":"https:\/\/www.shqiperia.com\/blog\/category\/blogu-i-udhetarit\/"},"img":{"alt_text":"","src":"https:\/\/i0.wp.com\/www.shqiperia.com\/blog\/wp-content\/uploads\/2024\/06\/Putin-sot-eshte-cmenduria-e-botes.jpg?fit=960%2C540&ssl=1&resize=350%2C200","width":350,"height":200,"srcset":"https:\/\/i0.wp.com\/www.shqiperia.com\/blog\/wp-content\/uploads\/2024\/06\/Putin-sot-eshte-cmenduria-e-botes.jpg?fit=960%2C540&ssl=1&resize=350%2C200 1x, https:\/\/i0.wp.com\/www.shqiperia.com\/blog\/wp-content\/uploads\/2024\/06\/Putin-sot-eshte-cmenduria-e-botes.jpg?fit=960%2C540&ssl=1&resize=525%2C300 1.5x, https:\/\/i0.wp.com\/www.shqiperia.com\/blog\/wp-content\/uploads\/2024\/06\/Putin-sot-eshte-cmenduria-e-botes.jpg?fit=960%2C540&ssl=1&resize=700%2C400 2x"},"classes":[]},{"id":71495,"url":"https:\/\/www.shqiperia.com\/blog\/putin-dhe-zelensky-pranojne-te-takojne-delegacionin-afrikan-te-paqes-ne-moske-dhe-kiev\/","url_meta":{"origin":54626,"position":5},"title":"Putin dhe Zelensky pranojn\u00eb t\u00eb takojn\u00eb delegacionin afrikan t\u00eb paqes n\u00eb Mosk\u00eb dhe Kiev","author":"Kurt Farka","date":"May 16, 2023","format":false,"excerpt":"16 Maji 2023 Sipas presidentit t\u00eb Afrik\u00ebs s\u00eb Jugut, homolog\u00ebt e tij Vladimir Putin dhe Volodymyr Zelensky kan\u00eb r\u00ebn\u00eb dakord p\u00ebr t\u00eb zhvilluar takime t\u00eb ndara me nj\u00eb delegacion t\u00eb krer\u00ebve t\u00eb shteteve afrikane p\u00ebr t\u00eb diskutuar nj\u00eb plan t\u00eb mundsh\u00ebm p\u00ebr t\u2019i dh\u00ebn\u00eb fund luft\u00ebs n\u00eb Ukrain\u00eb. Presidenti i\u2026","rel":"","context":"In &quot;Blogu i Udh\u00ebtarit&quot;","block_context":{"text":"Blogu i Udh\u00ebtarit","link":"https:\/\/www.shqiperia.com\/blog\/category\/blogu-i-udhetarit\/"},"img":{"alt_text":"","src":"https:\/\/i0.wp.com\/www.shqiperia.com\/blog\/wp-content\/uploads\/2023\/05\/Vladimir-Putin-300x169-2.jpg?resize=350%2C200&ssl=1","width":350,"height":200,"srcset":"https:\/\/i0.wp.com\/www.shqiperia.com\/blog\/wp-content\/uploads\/2023\/05\/Vladimir-Putin-300x169-2.jpg?resize=350%2C200&ssl=1 1x, https:\/\/i0.wp.com\/www.shqiperia.com\/blog\/wp-content\/uploads\/2023\/05\/Vladimir-Putin-300x169-2.jpg?resize=525%2C300&ssl=1 1.5x, https:\/\/i0.wp.com\/www.shqiperia.com\/blog\/wp-content\/uploads\/2023\/05\/Vladimir-Putin-300x169-2.jpg?resize=700%2C400&ssl=1 2x"},"classes":[]}],"_links":{"self":[{"href":"https:\/\/www.shqiperia.com\/blog\/wp-json\/wp\/v2\/posts\/54626","targetHints":{"allow":["GET"]}}],"collection":[{"href":"https:\/\/www.shqiperia.com\/blog\/wp-json\/wp\/v2\/posts"}],"about":[{"href":"https:\/\/www.shqiperia.com\/blog\/wp-json\/wp\/v2\/types\/post"}],"author":[{"embeddable":true,"href":"https:\/\/www.shqiperia.com\/blog\/wp-json\/wp\/v2\/users\/9"}],"replies":[{"embeddable":true,"href":"https:\/\/www.shqiperia.com\/blog\/wp-json\/wp\/v2\/comments?post=54626"}],"version-history":[{"count":1,"href":"https:\/\/www.shqiperia.com\/blog\/wp-json\/wp\/v2\/posts\/54626\/revisions"}],"predecessor-version":[{"id":54629,"href":"https:\/\/www.shqiperia.com\/blog\/wp-json\/wp\/v2\/posts\/54626\/revisions\/54629"}],"wp:featuredmedia":[{"embeddable":true,"href":"https:\/\/www.shqiperia.com\/blog\/wp-json\/wp\/v2\/media\/54627"}],"wp:attachment":[{"href":"https:\/\/www.shqiperia.com\/blog\/wp-json\/wp\/v2\/media?parent=54626"}],"wp:term":[{"taxonomy":"category","embeddable":true,"href":"https:\/\/www.shqiperia.com\/blog\/wp-json\/wp\/v2\/categories?post=54626"},{"taxonomy":"post_tag","embeddable":true,"href":"https:\/\/www.shqiperia.com\/blog\/wp-json\/wp\/v2\/tags?post=54626"}],"curies":[{"name":"wp","href":"https:\/\/api.w.org\/{rel}","templated":true}]}}