{"id":54623,"date":"2022-02-26T19:19:32","date_gmt":"2022-02-26T19:19:32","guid":{"rendered":"https:\/\/www.shqiperia.com\/blog\/?p=54623"},"modified":"2022-02-26T19:19:32","modified_gmt":"2022-02-26T19:19:32","slug":"vijojne-protestat-ne-rusi-kunder-putinit-rreth-2700-te-arrestuar-ne-rusi","status":"publish","type":"post","link":"https:\/\/www.shqiperia.com\/blog\/vijojne-protestat-ne-rusi-kunder-putinit-rreth-2700-te-arrestuar-ne-rusi\/","title":{"rendered":"Vijojn\u00eb protestat ne Rusi kund\u00ebr Putinit.\u00a0 Rreth 2700 t\u00eb arrestuar n\u00eb Rusi"},"content":{"rendered":"<div id=\"attachment_54624\" style=\"width: 695px\" class=\"wp-caption alignnone\"><img data-recalc-dims=\"1\" loading=\"lazy\" decoding=\"async\" aria-describedby=\"caption-attachment-54624\" data-attachment-id=\"54624\" data-permalink=\"https:\/\/www.shqiperia.com\/blog\/vijojne-protestat-ne-rusi-kunder-putinit-rreth-2700-te-arrestuar-ne-rusi\/vijojne-protesta-ne-rusi-kunder-putinit\/\" data-orig-file=\"https:\/\/i0.wp.com\/www.shqiperia.com\/blog\/wp-content\/uploads\/2022\/02\/Vijojne-Protesta-ne-Rusi-kunder-Putinit..jpg?fit=800%2C450&amp;ssl=1\" data-orig-size=\"800,450\" data-comments-opened=\"1\" data-image-meta=\"{&quot;aperture&quot;:&quot;0&quot;,&quot;credit&quot;:&quot;&quot;,&quot;camera&quot;:&quot;&quot;,&quot;caption&quot;:&quot;&quot;,&quot;created_timestamp&quot;:&quot;0&quot;,&quot;copyright&quot;:&quot;&quot;,&quot;focal_length&quot;:&quot;0&quot;,&quot;iso&quot;:&quot;0&quot;,&quot;shutter_speed&quot;:&quot;0&quot;,&quot;title&quot;:&quot;&quot;,&quot;orientation&quot;:&quot;0&quot;}\" data-image-title=\"Vijojne Protesta ne Rusi kunder Putinit.\" data-image-description=\"\" data-image-caption=\"&lt;p&gt;Vijojne Protesta ne Rusi kunder Putinit.&lt;\/p&gt;\n\" data-medium-file=\"https:\/\/i0.wp.com\/www.shqiperia.com\/blog\/wp-content\/uploads\/2022\/02\/Vijojne-Protesta-ne-Rusi-kunder-Putinit..jpg?fit=300%2C169&amp;ssl=1\" data-large-file=\"https:\/\/i0.wp.com\/www.shqiperia.com\/blog\/wp-content\/uploads\/2022\/02\/Vijojne-Protesta-ne-Rusi-kunder-Putinit..jpg?fit=800%2C450&amp;ssl=1\" class=\" wp-image-54624\" alt=\"\" src=\"https:\/\/i0.wp.com\/www.shqiperia.com\/blog\/wp-content\/uploads\/2022\/02\/Vijojne-Protesta-ne-Rusi-kunder-Putinit..jpg?resize=685%2C386&#038;ssl=1\" width=\"685\" height=\"386\" srcset=\"https:\/\/i0.wp.com\/www.shqiperia.com\/blog\/wp-content\/uploads\/2022\/02\/Vijojne-Protesta-ne-Rusi-kunder-Putinit..jpg?resize=300%2C169&amp;ssl=1 300w, https:\/\/i0.wp.com\/www.shqiperia.com\/blog\/wp-content\/uploads\/2022\/02\/Vijojne-Protesta-ne-Rusi-kunder-Putinit..jpg?resize=768%2C432&amp;ssl=1 768w, https:\/\/i0.wp.com\/www.shqiperia.com\/blog\/wp-content\/uploads\/2022\/02\/Vijojne-Protesta-ne-Rusi-kunder-Putinit..jpg?resize=450%2C253&amp;ssl=1 450w, https:\/\/i0.wp.com\/www.shqiperia.com\/blog\/wp-content\/uploads\/2022\/02\/Vijojne-Protesta-ne-Rusi-kunder-Putinit..jpg?resize=600%2C338&amp;ssl=1 600w, https:\/\/i0.wp.com\/www.shqiperia.com\/blog\/wp-content\/uploads\/2022\/02\/Vijojne-Protesta-ne-Rusi-kunder-Putinit..jpg?resize=400%2C225&amp;ssl=1 400w, https:\/\/i0.wp.com\/www.shqiperia.com\/blog\/wp-content\/uploads\/2022\/02\/Vijojne-Protesta-ne-Rusi-kunder-Putinit..jpg?w=800&amp;ssl=1 800w\" sizes=\"auto, (max-width: 685px) 100vw, 685px\" \/><p id=\"caption-attachment-54624\" class=\"wp-caption-text\">Vijojne Protesta ne Rusi kunder Putinit.<\/p><\/div>\n<p>Vijojn\u00eb protestat ne Rusi kund\u00ebr Putinit.\u00a0 Rreth 2700 t\u00eb arrestuar n\u00eb Rusi<\/p>\n<p>26 SHKURT 2022<\/p>\n<p>2692 qytetar\u00eb jan\u00eb arrestuar n\u00eb protestat n\u00eb Rusi kund\u00ebr luft\u00ebs n\u00eb Ukrain\u00eb q\u00eb prej t\u00eb enjtes.<\/p>\n<p>T\u00eb pakt\u00ebn 1,370 prej tyre u arrestuan n\u00eb protestat n\u00eb Mosk\u00eb, nd\u00ebrsa vijojn\u00eb\u00a0 n\u00eb t\u00eb pakt\u00ebn 27 qytete.<\/p>\n<p>T\u00eb enjten, Komiteti Hetues i Rusis\u00eb paralajm\u00ebroi se pjes\u00ebmarrja n\u00eb \u00e7do protest\u00eb kund\u00ebr luft\u00ebs ishte e paligjshme.<\/p>\n<p>Ai gjithashtu tha se veprat penale mund t\u00eb futeshin n\u00eb dosjet kriminale t\u00eb pjes\u00ebmarr\u00ebsve, t\u00eb cilat do t\u00eb \u201cl\u00ebnin gjurm\u00eb n\u00eb t\u00eb ardhmen e personit\u201d.<\/p>\n<p>Gazeta Sot<\/p>\n","protected":false},"excerpt":{"rendered":"<p>Vijojn\u00eb protestat ne Rusi kund\u00ebr Putinit.\u00a0 Rreth 2700 t\u00eb arrestuar n\u00eb Rusi 26 SHKURT 2022 2692 qytetar\u00eb jan\u00eb arrestuar n\u00eb protestat n\u00eb Rusi kund\u00ebr luft\u00ebs n\u00eb Ukrain\u00eb q\u00eb prej t\u00eb enjtes. T\u00eb pakt\u00ebn 1,370 prej tyre u arrestuan n\u00eb protestat n\u00eb Mosk\u00eb, nd\u00ebrsa vijojn\u00eb\u00a0 n\u00eb t\u00eb pakt\u00ebn 27 qytete. T\u00eb enjten, Komiteti Hetues i Rusis\u00eb [&hellip;]<\/p>\n","protected":false},"author":9,"featured_media":54624,"comment_status":"open","ping_status":"open","sticky":false,"template":"","format":"standard","meta":{"jetpack_post_was_ever_published":false,"_jetpack_newsletter_access":"","_jetpack_dont_email_post_to_subs":false,"_jetpack_newsletter_tier_id":0,"_jetpack_memberships_contains_paywalled_content":false,"_jetpack_memberships_contains_paid_content":false,"footnotes":"","jetpack_publicize_message":"","jetpack_publicize_feature_enabled":true,"jetpack_social_post_already_shared":true,"jetpack_social_options":{"image_generator_settings":{"template":"highway","default_image_id":0,"font":"","enabled":false},"version":2}},"categories":[27,1,35],"tags":[],"class_list":["post-54623","post","type-post","status-publish","format-standard","has-post-thumbnail","hentry","category-blogu-i-udhetarit","category-njoftime-shtypi","category-shoqerore"],"jetpack_publicize_connections":[],"jetpack_featured_media_url":"https:\/\/i0.wp.com\/www.shqiperia.com\/blog\/wp-content\/uploads\/2022\/02\/Vijojne-Protesta-ne-Rusi-kunder-Putinit..jpg?fit=800%2C450&ssl=1","jetpack_sharing_enabled":true,"jetpack_shortlink":"https:\/\/wp.me\/p5Z6wp-ed1","jetpack-related-posts":[{"id":62649,"url":"https:\/\/www.shqiperia.com\/blog\/kunder-urdhrit-te-putinit-per-mobilizim-ne-rusi-qindra-te-arrestuar-ne-pak-ore-vijojne-protestat\/","url_meta":{"origin":54623,"position":0},"title":"Kund\u00ebr urdhrit t\u00eb Putinit p\u00ebr mobilizim n\u00eb Rusi, qindra t\u00eb arrestuar n\u00eb pak or\u00eb. &#8211; Vijojn\u00eb protestat","author":"Kurt Farka","date":"September 25, 2022","format":false,"excerpt":"25 Shtator 2022 Qindra persona jan\u00eb arrestuar nga autoritetet nd\u00ebrsa protestat kund\u00ebr \u201cmobilizimit t\u00eb pjessh\u00ebm\u201d t\u00eb ri t\u00eb Rusis\u00eb vazhdojn\u00eb n\u00eb t\u00eb gjith\u00eb vendin, ka th\u00ebn\u00eb nj\u00eb grup i pavarur p\u00ebr t\u00eb drejtat e njeriut. Sipas BBC, OVD-Info tha se 724 persona u arrestuan n\u00eb 32 qytete t\u00eb ndryshme ruse\u2026","rel":"","context":"In &quot;Blogu i Udh\u00ebtarit&quot;","block_context":{"text":"Blogu i Udh\u00ebtarit","link":"https:\/\/www.shqiperia.com\/blog\/category\/blogu-i-udhetarit\/"},"img":{"alt_text":"","src":"https:\/\/i0.wp.com\/www.shqiperia.com\/blog\/wp-content\/uploads\/2022\/09\/126838662_gettyimages-1243475184.jpg?fit=976%2C549&ssl=1&resize=350%2C200","width":350,"height":200,"srcset":"https:\/\/i0.wp.com\/www.shqiperia.com\/blog\/wp-content\/uploads\/2022\/09\/126838662_gettyimages-1243475184.jpg?fit=976%2C549&ssl=1&resize=350%2C200 1x, https:\/\/i0.wp.com\/www.shqiperia.com\/blog\/wp-content\/uploads\/2022\/09\/126838662_gettyimages-1243475184.jpg?fit=976%2C549&ssl=1&resize=525%2C300 1.5x, https:\/\/i0.wp.com\/www.shqiperia.com\/blog\/wp-content\/uploads\/2022\/09\/126838662_gettyimages-1243475184.jpg?fit=976%2C549&ssl=1&resize=700%2C400 2x"},"classes":[]},{"id":54480,"url":"https:\/\/www.shqiperia.com\/blog\/shperthejne-protestat-ne-rusi-kunder-luftes-ne-ukraine-mbi-600-te-arrestuar\/","url_meta":{"origin":54623,"position":1},"title":"Shp\u00ebrthejn\u00eb protestat n\u00eb Rusi kund\u00ebr luft\u00ebs n\u00eb Ukrain\u00eb.\u00a0 Protesta jane organizuar n\u00eb 40 qytete. &#8211; Mbi 600 t\u00eb arrestuar","author":"Kurt Farka","date":"February 24, 2022","format":false,"excerpt":"Shp\u00ebrthejn\u00eb protestat n\u00eb Rusi kund\u00ebr luft\u00ebs n\u00eb Ukrain\u00eb.\u00a0 Protesta jane organizuar n\u00eb 40 qytete. - Mbi 600 t\u00eb arrestuar 24 SHKURT 2022 Policia ruse ka arrestuar m\u00eb shum\u00eb se 650 persona n\u00eb protestat kund\u00ebr luft\u00ebs t\u00eb mbajtura n\u00eb qytete n\u00eb t\u00eb gjith\u00eb vendin. Demonstratat ishin organizuar n\u00eb 40 vende t\u00eb\u2026","rel":"","context":"In &quot;Blogu i Udh\u00ebtarit&quot;","block_context":{"text":"Blogu i Udh\u00ebtarit","link":"https:\/\/www.shqiperia.com\/blog\/category\/blogu-i-udhetarit\/"},"img":{"alt_text":"","src":"https:\/\/i0.wp.com\/www.shqiperia.com\/blog\/wp-content\/uploads\/2022\/02\/Protesta-ne-Rusi.jpeg?fit=736%2C375&ssl=1&resize=350%2C200","width":350,"height":200,"srcset":"https:\/\/i0.wp.com\/www.shqiperia.com\/blog\/wp-content\/uploads\/2022\/02\/Protesta-ne-Rusi.jpeg?fit=736%2C375&ssl=1&resize=350%2C200 1x, https:\/\/i0.wp.com\/www.shqiperia.com\/blog\/wp-content\/uploads\/2022\/02\/Protesta-ne-Rusi.jpeg?fit=736%2C375&ssl=1&resize=525%2C300 1.5x, https:\/\/i0.wp.com\/www.shqiperia.com\/blog\/wp-content\/uploads\/2022\/02\/Protesta-ne-Rusi.jpeg?fit=736%2C375&ssl=1&resize=700%2C400 2x"},"classes":[]},{"id":54801,"url":"https:\/\/www.shqiperia.com\/blog\/ne-rusi-nuk-kursen-as-femijet-shoqerohen-ne-polici-bashke-me-prinderit-deri-tani-7-mije-te-arrestuar-ja-pankartat-qe-mbajne-ne-duar-vogelushet\/","url_meta":{"origin":54623,"position":2},"title":"Ne Rusi nuk kursen as f\u00ebmij\u00ebt, shoq\u00ebrohen n\u00eb Polici bashk\u00eb me prind\u00ebrit. &#8211; Deri tani 7 mij\u00eb t\u00eb arrestuar. Ja pankartat q\u00eb mbajn\u00eb n\u00eb duar vog\u00eblush\u00ebt","author":"Kurt Farka","date":"March 2, 2022","format":false,"excerpt":"Ne Rusi nuk kursen as f\u00ebmij\u00ebt, shoq\u00ebrohen n\u00eb Polici bashk\u00eb me prind\u00ebrit. - Deri tani 7 mij\u00eb t\u00eb arrestuar. Ja pankartat q\u00eb mbajn\u00eb n\u00eb duar vog\u00eblush\u00ebt 2 Mars 2022 Protestuesit n\u00eb Rusi kan\u00eb sfiduar Mosk\u00ebn dhe kan\u00eb dal\u00eb n\u00eb rrug\u00eb kund\u00ebr luft\u00ebs q\u00eb ka nisur Presidenti Vladimir Putin n\u00eb Ukrain\u00eb,\u2026","rel":"","context":"In &quot;Blogu i Udh\u00ebtarit&quot;","block_context":{"text":"Blogu i Udh\u00ebtarit","link":"https:\/\/www.shqiperia.com\/blog\/category\/blogu-i-udhetarit\/"},"img":{"alt_text":"","src":"https:\/\/i0.wp.com\/www.shqiperia.com\/blog\/wp-content\/uploads\/2022\/03\/Femije-te-Arrestuar-Rusi-2-Copy.jpg?fit=959%2C610&ssl=1&resize=350%2C200","width":350,"height":200,"srcset":"https:\/\/i0.wp.com\/www.shqiperia.com\/blog\/wp-content\/uploads\/2022\/03\/Femije-te-Arrestuar-Rusi-2-Copy.jpg?fit=959%2C610&ssl=1&resize=350%2C200 1x, https:\/\/i0.wp.com\/www.shqiperia.com\/blog\/wp-content\/uploads\/2022\/03\/Femije-te-Arrestuar-Rusi-2-Copy.jpg?fit=959%2C610&ssl=1&resize=525%2C300 1.5x, https:\/\/i0.wp.com\/www.shqiperia.com\/blog\/wp-content\/uploads\/2022\/03\/Femije-te-Arrestuar-Rusi-2-Copy.jpg?fit=959%2C610&ssl=1&resize=700%2C400 2x"},"classes":[]},{"id":72370,"url":"https:\/\/www.shqiperia.com\/blog\/kryengritja-e-armatosur-kunder-pushtetit-te-putinit-kreu-i-grupit-wagner-pretendon-marrjen-e-qytetit-te-dyte-ne-rusi-kemi-kapur-te-gjitha-objektet-ushtarake\/","url_meta":{"origin":54623,"position":3},"title":"Kryengritja e armatosur kund\u00ebr pushtetit t\u00eb Putinit, kreu i Grupit Wagner pretendon marrjen e qytetit t\u00eb dyt\u00eb n\u00eb Rusi: &#8211; Kemi kapur t\u00eb gjitha objektet ushtarake!","author":"Kurt Farka","date":"June 24, 2023","format":false,"excerpt":"24 Qershor 2023 Vijojn\u00eb trazirat n\u00eb Rusi, pas kryengritjes s\u00eb armatosur t\u00eb grupit mercenar rus, Wagner Sipas\u00a0mediave t\u00eb huaja, kreu i k\u00ebtij grupi, Yevgeny Prigozhin, pretendon marrjen n\u00eb zot\u00ebrim t\u00eb qytetit t\u00eb dyt\u00eb n\u00eb Rusi, Rostov-on-Don, nj\u00eb qytet relativisht i madh. Prigozhin thot\u00eb se ka kapur \u201ct\u00eb gjitha objektet ushtarake\u201d\u2026","rel":"","context":"In &quot;Blogu i Udh\u00ebtarit&quot;","block_context":{"text":"Blogu i Udh\u00ebtarit","link":"https:\/\/www.shqiperia.com\/blog\/category\/blogu-i-udhetarit\/"},"img":{"alt_text":"","src":"https:\/\/i0.wp.com\/www.shqiperia.com\/blog\/wp-content\/uploads\/2023\/06\/sdkks.jpg?fit=740%2C414&ssl=1&resize=350%2C200","width":350,"height":200,"srcset":"https:\/\/i0.wp.com\/www.shqiperia.com\/blog\/wp-content\/uploads\/2023\/06\/sdkks.jpg?fit=740%2C414&ssl=1&resize=350%2C200 1x, https:\/\/i0.wp.com\/www.shqiperia.com\/blog\/wp-content\/uploads\/2023\/06\/sdkks.jpg?fit=740%2C414&ssl=1&resize=525%2C300 1.5x, https:\/\/i0.wp.com\/www.shqiperia.com\/blog\/wp-content\/uploads\/2023\/06\/sdkks.jpg?fit=740%2C414&ssl=1&resize=700%2C400 2x"},"classes":[]},{"id":43257,"url":"https:\/\/www.shqiperia.com\/blog\/cfare-po-ndodh-ne-rusi-shperthejne-protestat-e-dhunshme-mijera-persona-kane-sfiduar-motin-e-acarte-dhe-kercenimeve-te-policise-dhjetera-te-shoqeruar\/","url_meta":{"origin":54623,"position":4},"title":"\u00c7far\u00eb po ndodh n\u00eb Rusi? Shp\u00ebrthejn\u00eb protestat e dhunshme, mij\u00ebra persona kan\u00eb sfiduar motin e acart\u00eb dhe k\u00ebrc\u00ebnimeve t\u00eb Policis\u00eb, dhjet\u00ebra t\u00eb shoq\u00ebruar","author":"Kurt Farka","date":"January 23, 2021","format":false,"excerpt":"\u00c7far\u00eb po ndodh n\u00eb Rusi? Shp\u00ebrthejn\u00eb protestat e dhunshme, mij\u00ebra persona kan\u00eb sfiduar motin e acart\u00eb dhe k\u00ebrc\u00ebnimeve t\u00eb Policis\u00eb, dhjet\u00ebra t\u00eb shoq\u00ebruar 23 JANAR 2021 Mij\u00ebra persona n\u00eb Rusi i kan\u00eb rezistuar t\u00eb shtun\u00ebn motit t\u00eb ftoht\u00eb dhe k\u00ebrc\u00ebnimeve t\u00eb policis\u00eb p\u00ebr shtypje t\u00eb protestave, dhe kan\u00eb b\u00ebr\u00eb thirrje\u2026","rel":"","context":"In &quot;Blogu i Udh\u00ebtarit&quot;","block_context":{"text":"Blogu i Udh\u00ebtarit","link":"https:\/\/www.shqiperia.com\/blog\/category\/blogu-i-udhetarit\/"},"img":{"alt_text":"","src":"https:\/\/i0.wp.com\/www.shqiperia.com\/blog\/wp-content\/uploads\/2021\/01\/800-0-95b0cea0b8aa54ad23ddcd91c379e637.jpg?fit=800%2C467&ssl=1&resize=350%2C200","width":350,"height":200,"srcset":"https:\/\/i0.wp.com\/www.shqiperia.com\/blog\/wp-content\/uploads\/2021\/01\/800-0-95b0cea0b8aa54ad23ddcd91c379e637.jpg?fit=800%2C467&ssl=1&resize=350%2C200 1x, https:\/\/i0.wp.com\/www.shqiperia.com\/blog\/wp-content\/uploads\/2021\/01\/800-0-95b0cea0b8aa54ad23ddcd91c379e637.jpg?fit=800%2C467&ssl=1&resize=525%2C300 1.5x, https:\/\/i0.wp.com\/www.shqiperia.com\/blog\/wp-content\/uploads\/2021\/01\/800-0-95b0cea0b8aa54ad23ddcd91c379e637.jpg?fit=800%2C467&ssl=1&resize=700%2C400 2x"},"classes":[]},{"id":53650,"url":"https:\/\/www.shqiperia.com\/blog\/konflikti-ukraine-rusi-erdogan-rusia-te-tregohet-e-mencur-nese-nis-ofensiven-ushtarake-turqia-do-te-luftoje-kunder-putinit\/","url_meta":{"origin":54623,"position":5},"title":"Konflikti Ukrain\u00eb-Rusi. \u00a0Erdogan: &#8211; Rusia t\u00eb tregohet e men\u00e7ur, n\u00ebse nis ofensiv\u00ebn ushtarake, Turqia do t\u00eb luftoj\u00eb kund\u00ebr Putinit!","author":"Kurt Farka","date":"January 31, 2022","format":false,"excerpt":"Konflikti Ukrain\u00eb-Rusi. \u00a0Erdogan: - Rusia t\u00eb tregohet e men\u00e7ur, n\u00ebse nis ofensiv\u00ebn ushtarake, Turqia do t\u00eb luftoj\u00eb kund\u00ebr Putinit! 31 Janar 2022 Presidenti turk, Rexhep Tajip Erdogan ka th\u00ebn\u00eb n\u00eb nj\u00eb deklarat\u00eb p\u00ebr mediat se Rusia duhet t\u00eb tregohet e men\u00e7ur dhe t\u00eb mos nis\u00eb nj\u00eb konflikt ushtarak n\u00eb Ukrain\u00eb.\u2026","rel":"","context":"In &quot;Blogu i Udh\u00ebtarit&quot;","block_context":{"text":"Blogu i Udh\u00ebtarit","link":"https:\/\/www.shqiperia.com\/blog\/category\/blogu-i-udhetarit\/"},"img":{"alt_text":"","src":"https:\/\/i0.wp.com\/www.shqiperia.com\/blog\/wp-content\/uploads\/2022\/01\/Erdogan.jpg?fit=770%2C426&ssl=1&resize=350%2C200","width":350,"height":200,"srcset":"https:\/\/i0.wp.com\/www.shqiperia.com\/blog\/wp-content\/uploads\/2022\/01\/Erdogan.jpg?fit=770%2C426&ssl=1&resize=350%2C200 1x, https:\/\/i0.wp.com\/www.shqiperia.com\/blog\/wp-content\/uploads\/2022\/01\/Erdogan.jpg?fit=770%2C426&ssl=1&resize=525%2C300 1.5x, https:\/\/i0.wp.com\/www.shqiperia.com\/blog\/wp-content\/uploads\/2022\/01\/Erdogan.jpg?fit=770%2C426&ssl=1&resize=700%2C400 2x"},"classes":[]}],"_links":{"self":[{"href":"https:\/\/www.shqiperia.com\/blog\/wp-json\/wp\/v2\/posts\/54623","targetHints":{"allow":["GET"]}}],"collection":[{"href":"https:\/\/www.shqiperia.com\/blog\/wp-json\/wp\/v2\/posts"}],"about":[{"href":"https:\/\/www.shqiperia.com\/blog\/wp-json\/wp\/v2\/types\/post"}],"author":[{"embeddable":true,"href":"https:\/\/www.shqiperia.com\/blog\/wp-json\/wp\/v2\/users\/9"}],"replies":[{"embeddable":true,"href":"https:\/\/www.shqiperia.com\/blog\/wp-json\/wp\/v2\/comments?post=54623"}],"version-history":[{"count":1,"href":"https:\/\/www.shqiperia.com\/blog\/wp-json\/wp\/v2\/posts\/54623\/revisions"}],"predecessor-version":[{"id":54625,"href":"https:\/\/www.shqiperia.com\/blog\/wp-json\/wp\/v2\/posts\/54623\/revisions\/54625"}],"wp:featuredmedia":[{"embeddable":true,"href":"https:\/\/www.shqiperia.com\/blog\/wp-json\/wp\/v2\/media\/54624"}],"wp:attachment":[{"href":"https:\/\/www.shqiperia.com\/blog\/wp-json\/wp\/v2\/media?parent=54623"}],"wp:term":[{"taxonomy":"category","embeddable":true,"href":"https:\/\/www.shqiperia.com\/blog\/wp-json\/wp\/v2\/categories?post=54623"},{"taxonomy":"post_tag","embeddable":true,"href":"https:\/\/www.shqiperia.com\/blog\/wp-json\/wp\/v2\/tags?post=54623"}],"curies":[{"name":"wp","href":"https:\/\/api.w.org\/{rel}","templated":true}]}}