{"id":54620,"date":"2022-02-26T19:11:07","date_gmt":"2022-02-26T19:11:07","guid":{"rendered":"https:\/\/www.shqiperia.com\/blog\/?p=54620"},"modified":"2022-02-26T19:11:07","modified_gmt":"2022-02-26T19:11:07","slug":"republika-ceke-holanda-dhe-portugalia-do-te-dergojne-perforcime-per-te-ndihmuar-ukrainen","status":"publish","type":"post","link":"https:\/\/www.shqiperia.com\/blog\/republika-ceke-holanda-dhe-portugalia-do-te-dergojne-perforcime-per-te-ndihmuar-ukrainen\/","title":{"rendered":"Republika \u00c7eke, Holanda dhe Portugalia do t\u00eb d\u00ebrgojn\u00eb p\u00ebrforcime p\u00ebr t\u00eb ndihmuar Ukrain\u00ebn"},"content":{"rendered":"<p><img data-recalc-dims=\"1\" loading=\"lazy\" decoding=\"async\" data-attachment-id=\"54621\" data-permalink=\"https:\/\/www.shqiperia.com\/blog\/republika-ceke-holanda-dhe-portugalia-do-te-dergojne-perforcime-per-te-ndihmuar-ukrainen\/ukraine-2-970x500\/\" data-orig-file=\"https:\/\/i0.wp.com\/www.shqiperia.com\/blog\/wp-content\/uploads\/2022\/02\/ukraine-2-970x500-1.jpg?fit=970%2C500&amp;ssl=1\" data-orig-size=\"970,500\" data-comments-opened=\"1\" data-image-meta=\"{&quot;aperture&quot;:&quot;0&quot;,&quot;credit&quot;:&quot;use&quot;,&quot;camera&quot;:&quot;&quot;,&quot;caption&quot;:&quot;&quot;,&quot;created_timestamp&quot;:&quot;1645309364&quot;,&quot;copyright&quot;:&quot;&quot;,&quot;focal_length&quot;:&quot;0&quot;,&quot;iso&quot;:&quot;0&quot;,&quot;shutter_speed&quot;:&quot;0&quot;,&quot;title&quot;:&quot;&quot;,&quot;orientation&quot;:&quot;0&quot;}\" data-image-title=\"ukraine-2-970&#215;500\" data-image-description=\"\" data-image-caption=\"\" data-medium-file=\"https:\/\/i0.wp.com\/www.shqiperia.com\/blog\/wp-content\/uploads\/2022\/02\/ukraine-2-970x500-1.jpg?fit=300%2C155&amp;ssl=1\" data-large-file=\"https:\/\/i0.wp.com\/www.shqiperia.com\/blog\/wp-content\/uploads\/2022\/02\/ukraine-2-970x500-1.jpg?fit=970%2C500&amp;ssl=1\" class=\"alignnone  wp-image-54621\" alt=\"\" src=\"https:\/\/i0.wp.com\/www.shqiperia.com\/blog\/wp-content\/uploads\/2022\/02\/ukraine-2-970x500-1.jpg?resize=635%2C330&#038;ssl=1\" width=\"635\" height=\"330\" \/><\/p>\n<p>Republika \u00c7eke, Holanda dhe Portugalia do t\u00eb d\u00ebrgojn\u00eb p\u00ebrforcime p\u00ebr t\u00eb ndihmuar Ukrain\u00ebn<\/p>\n<p>26 SHKURT 2022<\/p>\n<p>Tre an\u00ebtar\u00eb t\u00eb NATO-s kan\u00eb njoftuar se do t\u00eb d\u00ebrgojn\u00eb p\u00ebrforcime p\u00ebr t\u00eb ndihmuar Ukrain\u00ebn n\u00eb betej\u00ebn e saj kund\u00ebr Rusis\u00eb.<\/p>\n<p>Republika \u00c7eke u zotua t\u00eb shtun\u00ebn t\u00eb d\u00ebrgoj\u00eb nj\u00eb \u201cd\u00ebrges\u00eb arm\u00ebsh n\u00eb Ukrain\u00eb\u201d me vler\u00eb mbi 8.5 milion\u00eb dollar\u00eb n\u00eb nj\u00eb \u201cvend t\u00eb zgjedhur nga ukrainasit\u201d.<\/p>\n<p>\u201cQeveria ka miratuar nj\u00eb d\u00ebrges\u00eb arm\u00ebsh n\u00eb Ukrain\u00eb. Ne po d\u00ebrgojm\u00eb mitraloz\u00eb, automatik\u00eb, pushk\u00eb snajper dhe pistoleta dhe municionet e tyre p\u00ebrkat\u00ebse me vler\u00eb 188 milion\u00eb CZK\u201d, shkroi n\u00eb Twitter kryeministri \u00e7ek Petr Fiala .<\/p>\n<p>\u201cNe po b\u00ebjm\u00eb gjith\u00e7ka q\u00eb mundemi p\u00ebr t\u00eb ndihmuar Ukrain\u00ebn\u201d, shtoi Fiala.<\/p>\n<p>Holanda gjithashtu tha t\u00eb shtun\u00ebn se do t&#8217;i siguronte Ukrain\u00ebs m\u00eb shum\u00eb fuqi zjarri.<\/p>\n<p>Holanda do t&#8217;i furnizoj\u00eb Ukrain\u00ebs 200 raketa anti-ajrore Stinger. Materiale t\u00eb tjera mbrojt\u00ebse tashm\u00eb jan\u00eb duke u nisur\u201d, shkroi n\u00eb Twitter k\u00ebshilltari i kryeministrit p\u00ebr pun\u00ebt e jashtme dhe mbrojtjen, Geoffrey van Leeuwen\u00a0 .<\/p>\n<p>Kryeministri portugez Antonio Costa tha t\u00eb premten se vendi do t\u00eb d\u00ebrgonte p\u00ebrforcime p\u00ebr t&#8217;u bashkuar me ushtar\u00ebt ukrainas n\u00eb terren p\u00ebr t\u00eb ndihmuar n\u00eb sigurimin e kufijve t\u00eb tyre pasi kjo &#8220;\u00ebsht\u00eb nj\u00eb luft\u00eb kund\u00ebr liris\u00eb s\u00eb vet\u00ebvendosjes s\u00eb nj\u00eb vendi demokratik dhe p\u00ebr k\u00ebt\u00eb arsye \u00ebsht\u00eb gjithashtu nj\u00eb luft\u00eb&#8221;. kund\u00ebr liris\u00eb s\u00eb vet\u00ebvendosjes dhe kund\u00ebr demokracis\u00eb\u201d.<\/p>\n<p>Duke folur n\u00eb nj\u00eb konferenc\u00eb p\u00ebr shtyp n\u00eb televizion, kryeministri portugez vazhdoi t\u00eb thoshte se \u201cishte nj\u00eb unanimitet i t\u00eb gjitha shteteve, n\u00eb funksion t\u00eb nevoj\u00ebs p\u00ebr t\u00eb forcuar pranin\u00eb e NATO-s n\u00eb kufijt\u00eb e Ukrain\u00ebs dhe n\u00eb t\u00eb gjitha vendet e aleanc\u00ebs q\u00eb jan\u00eb af\u00ebr rajonin e Ukrain\u00ebs\u201d.<\/p>\n<p>\u201cPortugalia, n\u00eb k\u00ebt\u00eb kuptim, p\u00ebrve\u00e7 forcave q\u00eb k\u00ebt\u00eb vit i ka caktuar komand\u00ebs evropiane t\u00eb NATO-s, vendosi t\u00eb parashikoj\u00eb, nga gjysma e dyt\u00eb deri n\u00eb gjysm\u00ebn e par\u00eb, mobilizimin dhe angazhimin e nj\u00eb kompanie k\u00ebmb\u00ebsorie q\u00eb do t\u00eb veproj\u00eb n\u00eb Rumani. dhe kjo do t\u00eb projektohet n\u00eb jav\u00ebt n\u00eb vijim\u201d, tha Costa.<\/p>\n<p>&#8220;Disa vende t\u00eb tjera n\u00eb k\u00ebt\u00eb moment ose po parashikojn\u00eb ose p\u00ebrforcojn\u00eb ose po vendosin t\u00eb p\u00ebrforcojn\u00eb pjes\u00ebmarrjen e tyre me k\u00ebto vende [n\u00eb kufi me Ukrain\u00ebn] n\u00eb m\u00ebnyr\u00eb q\u00eb t\u00eb ken\u00eb nj\u00eb manifestim t\u00eb qart\u00eb t\u00eb unitetit dhe parandalimit n\u00eb lidhje me veprimet e Rusis\u00eb,&#8221; shtoi Costa.<\/p>\n<p>Kur u k\u00ebrkua p\u00ebr nj\u00eb num\u00ebr specifik prej tyre q\u00eb do t\u00eb d\u00ebrgohej p\u00ebr t\u00eb mb\u00ebshtetur Ukrain\u00ebn, Costa tha se kompania e k\u00ebmb\u00ebsoris\u00eb do t\u00eb p\u00ebrfshinte 175 trupa.<\/p>\n<p>Gazeta Sot<\/p>\n","protected":false},"excerpt":{"rendered":"<p>Republika \u00c7eke, Holanda dhe Portugalia do t\u00eb d\u00ebrgojn\u00eb p\u00ebrforcime p\u00ebr t\u00eb ndihmuar Ukrain\u00ebn 26 SHKURT 2022 Tre an\u00ebtar\u00eb t\u00eb NATO-s kan\u00eb njoftuar se do t\u00eb d\u00ebrgojn\u00eb p\u00ebrforcime p\u00ebr t\u00eb ndihmuar Ukrain\u00ebn n\u00eb betej\u00ebn e saj kund\u00ebr Rusis\u00eb. Republika \u00c7eke u zotua t\u00eb shtun\u00ebn t\u00eb d\u00ebrgoj\u00eb nj\u00eb \u201cd\u00ebrges\u00eb arm\u00ebsh n\u00eb Ukrain\u00eb\u201d me vler\u00eb mbi 8.5 milion\u00eb [&hellip;]<\/p>\n","protected":false},"author":9,"featured_media":54621,"comment_status":"open","ping_status":"open","sticky":false,"template":"","format":"standard","meta":{"jetpack_post_was_ever_published":false,"_jetpack_newsletter_access":"","_jetpack_dont_email_post_to_subs":false,"_jetpack_newsletter_tier_id":0,"_jetpack_memberships_contains_paywalled_content":false,"_jetpack_memberships_contains_paid_content":false,"footnotes":"","jetpack_publicize_message":"","jetpack_publicize_feature_enabled":true,"jetpack_social_post_already_shared":true,"jetpack_social_options":{"image_generator_settings":{"template":"highway","default_image_id":0,"font":"","enabled":false},"version":2}},"categories":[27,1],"tags":[],"class_list":["post-54620","post","type-post","status-publish","format-standard","has-post-thumbnail","hentry","category-blogu-i-udhetarit","category-njoftime-shtypi"],"jetpack_publicize_connections":[],"jetpack_featured_media_url":"https:\/\/i0.wp.com\/www.shqiperia.com\/blog\/wp-content\/uploads\/2022\/02\/ukraine-2-970x500-1.jpg?fit=970%2C500&ssl=1","jetpack_sharing_enabled":true,"jetpack_shortlink":"https:\/\/wp.me\/p5Z6wp-ecY","jetpack-related-posts":[{"id":54787,"url":"https:\/\/www.shqiperia.com\/blog\/ndihma-ushtarake-nga-e-gjithe-bota-drejt-ukraines-kush-po-lufton-ke\/","url_meta":{"origin":54620,"position":0},"title":"Ndihma ushtarake nga e gjith\u00eb bota drejt Ukrain\u00ebs \u2013 kush po lufton k\u00eb?","author":"Kurt Farka","date":"March 2, 2022","format":false,"excerpt":"Ndihma ushtarake nga e gjith\u00eb bota drejt Ukrain\u00ebs \u2013 kush po lufton k\u00eb? 1 Mars 2022 Edhe shtete neutrale si Suedia kan\u00eb nisur t\u00eb d\u00ebrgojn\u00eb arm\u00eb dhe ndihma ushtarake drejt Ukrain\u00ebs. N\u00eb nj\u00eb koh\u00eb kur konflikti po avancon dita dit\u00ebs, duket se shum\u00eb shpejt ai mund t\u00eb kthehet n\u00eb nj\u00eb\u2026","rel":"","context":"In &quot;Blogu i Udh\u00ebtarit&quot;","block_context":{"text":"Blogu i Udh\u00ebtarit","link":"https:\/\/www.shqiperia.com\/blog\/category\/blogu-i-udhetarit\/"},"img":{"alt_text":"","src":"https:\/\/i0.wp.com\/www.shqiperia.com\/blog\/wp-content\/uploads\/2022\/03\/prishtina-entry-view-picture-west-55469194.jpg?fit=905%2C450&ssl=1&resize=350%2C200","width":350,"height":200,"srcset":"https:\/\/i0.wp.com\/www.shqiperia.com\/blog\/wp-content\/uploads\/2022\/03\/prishtina-entry-view-picture-west-55469194.jpg?fit=905%2C450&ssl=1&resize=350%2C200 1x, https:\/\/i0.wp.com\/www.shqiperia.com\/blog\/wp-content\/uploads\/2022\/03\/prishtina-entry-view-picture-west-55469194.jpg?fit=905%2C450&ssl=1&resize=525%2C300 1.5x, https:\/\/i0.wp.com\/www.shqiperia.com\/blog\/wp-content\/uploads\/2022\/03\/prishtina-entry-view-picture-west-55469194.jpg?fit=905%2C450&ssl=1&resize=700%2C400 2x"},"classes":[]},{"id":54604,"url":"https:\/\/www.shqiperia.com\/blog\/holanda-dergon-raketa-toke-ajer-ne-ukraine\/","url_meta":{"origin":54620,"position":1},"title":"Holanda d\u00ebrgon raketa tok\u00eb-aj\u00ebr n\u00eb Ukrain\u00eb","author":"Kurt Farka","date":"February 26, 2022","format":false,"excerpt":"Holanda d\u00ebrgon raketa tok\u00eb-aj\u00ebr n\u00eb Ukrain\u00eb 26 Shkurt 2022 Qeveria e Holand\u00ebs njoftoi se do t\u00eb d\u00ebrgoj\u00eb 200 raketa Stinger n\u00eb Ukrain\u00eb. Ajo tha se vendimi u mor pas k\u00ebrkes\u00ebs nga Ukraina, p\u00ebr ta ndihmuar at\u00eb q\u00eb t\u00eb mbrohet kund\u00ebr sulmeve t\u00eb Rusis\u00eb. Raketat Stinger jan\u00eb arm\u00eb tok\u00eb-aj\u00ebr q\u00eb mund\u2026","rel":"","context":"In &quot;Blogu i Udh\u00ebtarit&quot;","block_context":{"text":"Blogu i Udh\u00ebtarit","link":"https:\/\/www.shqiperia.com\/blog\/category\/blogu-i-udhetarit\/"},"img":{"alt_text":"","src":"https:\/\/i0.wp.com\/www.shqiperia.com\/blog\/wp-content\/uploads\/2022\/02\/800-0-0ed95c092e16954bb901a17f25831d97.jpg?fit=800%2C411&ssl=1&resize=350%2C200","width":350,"height":200,"srcset":"https:\/\/i0.wp.com\/www.shqiperia.com\/blog\/wp-content\/uploads\/2022\/02\/800-0-0ed95c092e16954bb901a17f25831d97.jpg?fit=800%2C411&ssl=1&resize=350%2C200 1x, https:\/\/i0.wp.com\/www.shqiperia.com\/blog\/wp-content\/uploads\/2022\/02\/800-0-0ed95c092e16954bb901a17f25831d97.jpg?fit=800%2C411&ssl=1&resize=525%2C300 1.5x, https:\/\/i0.wp.com\/www.shqiperia.com\/blog\/wp-content\/uploads\/2022\/02\/800-0-0ed95c092e16954bb901a17f25831d97.jpg?fit=800%2C411&ssl=1&resize=700%2C400 2x"},"classes":[]},{"id":93088,"url":"https:\/\/www.shqiperia.com\/blog\/franca-e-britania-gati-te-dergojne-force-sigurie-ne-ukraine-pas-perfundimit-te-luftimeve\/","url_meta":{"origin":54620,"position":2},"title":"Franca e Britania gati t\u00eb d\u00ebrgojn\u00eb &#8220;forc\u00eb sigurie&#8221; n\u00eb Ukrain\u00eb pas p\u00ebrfundimit t\u00eb luftimeve","author":"Kurt Farka","date":"August 18, 2025","format":false,"excerpt":"18 Gusht 2025 Lider\u00ebt e Britanis\u00eb dhe Franc\u00ebs deklaruan sot, n\u00eb nj\u00eb komunikat\u00eb t\u00eb p\u00ebrbashk\u00ebt pas nj\u00eb takimi virtual me presidentin Volodymyr Zelensky dhe aleat\u00eb t\u00eb tjer\u00eb, se jan\u00eb gati t\u00eb vendosin nj\u00eb \u201cforc\u00eb sigurie\u201d n\u00eb Ukrain\u00eb sapo t\u00eb ndalen luftimet. Deklarat\u00eb u b\u00eb e ditur n\u00eb nj\u00eb njoftim t\u00eb\u2026","rel":"","context":"In &quot;Blogu i Udh\u00ebtarit&quot;","block_context":{"text":"Blogu i Udh\u00ebtarit","link":"https:\/\/www.shqiperia.com\/blog\/category\/blogu-i-udhetarit\/"},"img":{"alt_text":"","src":"https:\/\/i0.wp.com\/www.shqiperia.com\/blog\/wp-content\/uploads\/2025\/08\/640-0-fr-1755502090.jpg?fit=640%2C353&ssl=1&resize=350%2C200","width":350,"height":200,"srcset":"https:\/\/i0.wp.com\/www.shqiperia.com\/blog\/wp-content\/uploads\/2025\/08\/640-0-fr-1755502090.jpg?fit=640%2C353&ssl=1&resize=350%2C200 1x, https:\/\/i0.wp.com\/www.shqiperia.com\/blog\/wp-content\/uploads\/2025\/08\/640-0-fr-1755502090.jpg?fit=640%2C353&ssl=1&resize=525%2C300 1.5x"},"classes":[]},{"id":53672,"url":"https:\/\/www.shqiperia.com\/blog\/lufte-mes-ukraines-dhe-rusise-shba-ja-dergon-ne-ukraine-ndihme-vdekjeprurese-ushtarake\/","url_meta":{"origin":54620,"position":3},"title":"Luft\u00eb mes Ukrain\u00ebs dhe Rusis\u00eb? &#8211; SHBA-ja d\u00ebrgon n\u00eb Ukrain\u00eb \u201cndihm\u00eb vdekjeprur\u00ebse\u201d ushtarake","author":"Kurt Farka","date":"February 2, 2022","format":false,"excerpt":"Luft\u00eb mes Ukrain\u00ebs dhe Rusis\u00eb? - SHBA-ja d\u00ebrgon n\u00eb Ukrain\u00eb \u201cndihm\u00eb vdekjeprur\u00ebse\u201d ushtarake 23 JANAR 2022 Rreth 90 ton\u00eb t\u00eb \u201cndihm\u00ebs vdekjeprur\u00ebse\u201d t\u00eb Shteteve t\u00eb Bashkuara ka arritur n\u00eb Ukrain\u00eb, teksa tensionet jan\u00eb t\u00eb larta p\u00ebr shkak t\u00eb grumbullimit t\u00eb ushtris\u00eb ruse p\u00ebrgjat\u00eb kufirit me Ukrain\u00ebn. Kjo ishte d\u00ebrgesa e\u2026","rel":"","context":"In &quot;Blogu i Udh\u00ebtarit&quot;","block_context":{"text":"Blogu i Udh\u00ebtarit","link":"https:\/\/www.shqiperia.com\/blog\/category\/blogu-i-udhetarit\/"},"img":{"alt_text":"","src":"https:\/\/i0.wp.com\/www.shqiperia.com\/blog\/wp-content\/uploads\/2022\/02\/640-0-61ed1150e65ca.png?fit=640%2C339&ssl=1&resize=350%2C200","width":350,"height":200,"srcset":"https:\/\/i0.wp.com\/www.shqiperia.com\/blog\/wp-content\/uploads\/2022\/02\/640-0-61ed1150e65ca.png?fit=640%2C339&ssl=1&resize=350%2C200 1x, https:\/\/i0.wp.com\/www.shqiperia.com\/blog\/wp-content\/uploads\/2022\/02\/640-0-61ed1150e65ca.png?fit=640%2C339&ssl=1&resize=525%2C300 1.5x"},"classes":[]},{"id":60773,"url":"https:\/\/www.shqiperia.com\/blog\/maqedonia-e-veriut-pritet-te-ndihmoje-ukrainen-me-tanke-dhe-avione-kievi-kombet-e-vogla-po-tregojne-me-shume-guxim-se\/","url_meta":{"origin":54620,"position":4},"title":"Maqedonia e Veriut pritet t\u00eb ndihmoj\u00eb Ukrain\u00ebn me tanke dhe avion\u00eb! Kievi: &#8211; Kombet e vogla po tregojn\u00eb m\u00eb shum\u00eb guxim se\u2026","author":"Kurt Farka","date":"August 7, 2022","format":false,"excerpt":"6 Gusht 2022. Maqedonia e Veriut ka r\u00ebn\u00eb dakord t\u00eb furnizoj\u00eb Ukrain\u00ebn me tanke dhe aeroplan\u00eb p\u00ebr t\u00eb ndihmuar n\u00eb shmangien e pushtimit t\u00eb vazhduesh\u00ebm t\u00eb Mosk\u00ebs, tha t\u00eb shtun\u00ebn ndihm\u00ebsi i lart\u00eb i presidentit ukrainas Mykhailo Podolyak. \u201cShum\u00eb kombe t\u00eb vogla po tregojn\u00eb m\u00eb shum\u00eb guxim se gjysma e\u2026","rel":"","context":"In &quot;Blogu i Udh\u00ebtarit&quot;","block_context":{"text":"Blogu i Udh\u00ebtarit","link":"https:\/\/www.shqiperia.com\/blog\/category\/blogu-i-udhetarit\/"},"img":{"alt_text":"","src":"https:\/\/i0.wp.com\/www.shqiperia.com\/blog\/wp-content\/uploads\/2022\/08\/Maqedonia-e-Veriut-do-Ukrainen-me-tanke-dhe-aeroplane.jpg?fit=851%2C503&ssl=1&resize=350%2C200","width":350,"height":200,"srcset":"https:\/\/i0.wp.com\/www.shqiperia.com\/blog\/wp-content\/uploads\/2022\/08\/Maqedonia-e-Veriut-do-Ukrainen-me-tanke-dhe-aeroplane.jpg?fit=851%2C503&ssl=1&resize=350%2C200 1x, https:\/\/i0.wp.com\/www.shqiperia.com\/blog\/wp-content\/uploads\/2022\/08\/Maqedonia-e-Veriut-do-Ukrainen-me-tanke-dhe-aeroplane.jpg?fit=851%2C503&ssl=1&resize=525%2C300 1.5x, https:\/\/i0.wp.com\/www.shqiperia.com\/blog\/wp-content\/uploads\/2022\/08\/Maqedonia-e-Veriut-do-Ukrainen-me-tanke-dhe-aeroplane.jpg?fit=851%2C503&ssl=1&resize=700%2C400 2x"},"classes":[]},{"id":56462,"url":"https:\/\/www.shqiperia.com\/blog\/56462-2\/","url_meta":{"origin":54620,"position":5},"title":"\u00c7ekia merr vendimin ndaj Ukrain\u00ebs. &#8211; Shikoni \u00e7far\u00eb po ndodh, publikohen pamjet","author":"Kurt Farka","date":"April 7, 2022","format":false,"excerpt":"\u00c7ekia merr vendimin ndaj Ukrain\u00ebs. - Shikoni \u00e7far\u00eb po ndodh, publikohen pamjet 7 PRILL 2022 Fotot e mjeteve ushtarake n\u00eb trena n\u00eb nj\u00eb stacion n\u00eb qytetin \u00e7ek t\u00eb Jihlava, q\u00eb thuhet se shkon n\u00eb Ukrain\u00eb, jan\u00eb raportuar n\u00eb mediat lokale, shkruan BBC. Ministrja e Mbrojtjes Jana Cernochova tha t\u00eb mart\u00ebn\u2026","rel":"","context":"In &quot;Blogu i Udh\u00ebtarit&quot;","block_context":{"text":"Blogu i Udh\u00ebtarit","link":"https:\/\/www.shqiperia.com\/blog\/category\/blogu-i-udhetarit\/"},"img":{"alt_text":"","src":"https:\/\/i0.wp.com\/www.shqiperia.com\/blog\/wp-content\/uploads\/2022\/04\/Republika-Ceke-po-dergonte-pajisje-ushtarake-te-rendesishme-ne-Ukraine..jpg?fit=640%2C340&ssl=1&resize=350%2C200","width":350,"height":200,"srcset":"https:\/\/i0.wp.com\/www.shqiperia.com\/blog\/wp-content\/uploads\/2022\/04\/Republika-Ceke-po-dergonte-pajisje-ushtarake-te-rendesishme-ne-Ukraine..jpg?fit=640%2C340&ssl=1&resize=350%2C200 1x, https:\/\/i0.wp.com\/www.shqiperia.com\/blog\/wp-content\/uploads\/2022\/04\/Republika-Ceke-po-dergonte-pajisje-ushtarake-te-rendesishme-ne-Ukraine..jpg?fit=640%2C340&ssl=1&resize=525%2C300 1.5x"},"classes":[]}],"_links":{"self":[{"href":"https:\/\/www.shqiperia.com\/blog\/wp-json\/wp\/v2\/posts\/54620","targetHints":{"allow":["GET"]}}],"collection":[{"href":"https:\/\/www.shqiperia.com\/blog\/wp-json\/wp\/v2\/posts"}],"about":[{"href":"https:\/\/www.shqiperia.com\/blog\/wp-json\/wp\/v2\/types\/post"}],"author":[{"embeddable":true,"href":"https:\/\/www.shqiperia.com\/blog\/wp-json\/wp\/v2\/users\/9"}],"replies":[{"embeddable":true,"href":"https:\/\/www.shqiperia.com\/blog\/wp-json\/wp\/v2\/comments?post=54620"}],"version-history":[{"count":1,"href":"https:\/\/www.shqiperia.com\/blog\/wp-json\/wp\/v2\/posts\/54620\/revisions"}],"predecessor-version":[{"id":54622,"href":"https:\/\/www.shqiperia.com\/blog\/wp-json\/wp\/v2\/posts\/54620\/revisions\/54622"}],"wp:featuredmedia":[{"embeddable":true,"href":"https:\/\/www.shqiperia.com\/blog\/wp-json\/wp\/v2\/media\/54621"}],"wp:attachment":[{"href":"https:\/\/www.shqiperia.com\/blog\/wp-json\/wp\/v2\/media?parent=54620"}],"wp:term":[{"taxonomy":"category","embeddable":true,"href":"https:\/\/www.shqiperia.com\/blog\/wp-json\/wp\/v2\/categories?post=54620"},{"taxonomy":"post_tag","embeddable":true,"href":"https:\/\/www.shqiperia.com\/blog\/wp-json\/wp\/v2\/tags?post=54620"}],"curies":[{"name":"wp","href":"https:\/\/api.w.org\/{rel}","templated":true}]}}