{"id":54613,"date":"2022-02-26T18:01:46","date_gmt":"2022-02-26T18:01:46","guid":{"rendered":"https:\/\/www.shqiperia.com\/blog\/?p=54613"},"modified":"2022-02-26T18:01:59","modified_gmt":"2022-02-26T18:01:59","slug":"putini-u-cmend-serbet-kunder-vucic-ngrihen-ne-protesta-te-medha-mbani-duart-larg-ukraines","status":"publish","type":"post","link":"https:\/\/www.shqiperia.com\/blog\/putini-u-cmend-serbet-kunder-vucic-ngrihen-ne-protesta-te-medha-mbani-duart-larg-ukraines\/","title":{"rendered":"\u201cPutini u \u00e7mend\u201d, serb\u00ebt kund\u00ebr Vu\u00e7i\u00e7, ngrihen n\u00eb protesta t\u00eb m\u00ebdha: Mbani duart larg Ukrain\u00ebs!"},"content":{"rendered":"<div id=\"attachment_54614\" style=\"width: 652px\" class=\"wp-caption alignnone\"><img data-recalc-dims=\"1\" loading=\"lazy\" decoding=\"async\" aria-describedby=\"caption-attachment-54614\" data-attachment-id=\"54614\" data-permalink=\"https:\/\/www.shqiperia.com\/blog\/putini-u-cmend-serbet-kunder-vucic-ngrihen-ne-protesta-te-medha-mbani-duart-larg-ukraines\/demonstrata-anti-putin-ne-beograd-serbi-3\/\" data-orig-file=\"https:\/\/i0.wp.com\/www.shqiperia.com\/blog\/wp-content\/uploads\/2022\/02\/Demonstrata-Anti-Putin-ne-Beograd-Serbi.-3.jpg?fit=905%2C450&amp;ssl=1\" data-orig-size=\"905,450\" data-comments-opened=\"1\" data-image-meta=\"{&quot;aperture&quot;:&quot;0&quot;,&quot;credit&quot;:&quot;&quot;,&quot;camera&quot;:&quot;&quot;,&quot;caption&quot;:&quot;&quot;,&quot;created_timestamp&quot;:&quot;0&quot;,&quot;copyright&quot;:&quot;&quot;,&quot;focal_length&quot;:&quot;0&quot;,&quot;iso&quot;:&quot;0&quot;,&quot;shutter_speed&quot;:&quot;0&quot;,&quot;title&quot;:&quot;&quot;,&quot;orientation&quot;:&quot;0&quot;}\" data-image-title=\"Demonstrata Anti Putin ne Beograd Serbi. (3)\" data-image-description=\"\" data-image-caption=\"&lt;p&gt;\u201cPutini u \u00e7mend\u201d, serb\u00ebt kund\u00ebr Vu\u00e7i\u00e7, ngrihen n\u00eb protesta t\u00eb m\u00ebdha: Mbani duart larg Ukrain\u00ebs!&lt;\/p&gt;\n\" data-medium-file=\"https:\/\/i0.wp.com\/www.shqiperia.com\/blog\/wp-content\/uploads\/2022\/02\/Demonstrata-Anti-Putin-ne-Beograd-Serbi.-3.jpg?fit=300%2C149&amp;ssl=1\" data-large-file=\"https:\/\/i0.wp.com\/www.shqiperia.com\/blog\/wp-content\/uploads\/2022\/02\/Demonstrata-Anti-Putin-ne-Beograd-Serbi.-3.jpg?fit=905%2C450&amp;ssl=1\" class=\" wp-image-54614\" alt=\"\" src=\"https:\/\/i0.wp.com\/www.shqiperia.com\/blog\/wp-content\/uploads\/2022\/02\/Demonstrata-Anti-Putin-ne-Beograd-Serbi.-3.jpg?resize=642%2C319&#038;ssl=1\" width=\"642\" height=\"319\" srcset=\"https:\/\/i0.wp.com\/www.shqiperia.com\/blog\/wp-content\/uploads\/2022\/02\/Demonstrata-Anti-Putin-ne-Beograd-Serbi.-3.jpg?resize=300%2C149&amp;ssl=1 300w, https:\/\/i0.wp.com\/www.shqiperia.com\/blog\/wp-content\/uploads\/2022\/02\/Demonstrata-Anti-Putin-ne-Beograd-Serbi.-3.jpg?resize=768%2C382&amp;ssl=1 768w, https:\/\/i0.wp.com\/www.shqiperia.com\/blog\/wp-content\/uploads\/2022\/02\/Demonstrata-Anti-Putin-ne-Beograd-Serbi.-3.jpg?resize=450%2C224&amp;ssl=1 450w, https:\/\/i0.wp.com\/www.shqiperia.com\/blog\/wp-content\/uploads\/2022\/02\/Demonstrata-Anti-Putin-ne-Beograd-Serbi.-3.jpg?resize=600%2C298&amp;ssl=1 600w, https:\/\/i0.wp.com\/www.shqiperia.com\/blog\/wp-content\/uploads\/2022\/02\/Demonstrata-Anti-Putin-ne-Beograd-Serbi.-3.jpg?resize=400%2C199&amp;ssl=1 400w, https:\/\/i0.wp.com\/www.shqiperia.com\/blog\/wp-content\/uploads\/2022\/02\/Demonstrata-Anti-Putin-ne-Beograd-Serbi.-3.jpg?w=905&amp;ssl=1 905w\" sizes=\"auto, (max-width: 642px) 100vw, 642px\" \/><p id=\"caption-attachment-54614\" class=\"wp-caption-text\">\u201cPutini u \u00e7mend\u201d, serb\u00ebt kund\u00ebr Vu\u00e7i\u00e7, ngrihen n\u00eb protesta t\u00eb m\u00ebdha: Mbani duart larg Ukrain\u00ebs!<\/p><\/div>\n<p>\u201cPutini u \u00e7mend\u201d, serb\u00ebt kund\u00ebr Vu\u00e7i\u00e7, ngrihen n\u00eb protesta t\u00eb m\u00ebdha: Mbani duart larg Ukrain\u00ebs!<\/p>\n<p>26 Shkurt \u00a02022<\/p>\n<p>\u201cPutini u \u00e7mend\u201d, &#8211; Mbani duart larg Ukrain\u00ebs!<\/p>\n<p>Presidenti serb, Aleksandar Vu\u00e7i\u00e7, gjat\u00eb dit\u00ebs s\u00eb djeshme ka pohuar se nuk do t\u2019i vendos sanksione Rusis\u00eb pas pushtimit t\u00eb Ukrain\u00ebs.<\/p>\n<div id=\"attachment_54616\" style=\"width: 541px\" class=\"wp-caption alignnone\"><img data-recalc-dims=\"1\" loading=\"lazy\" decoding=\"async\" aria-describedby=\"caption-attachment-54616\" data-attachment-id=\"54616\" data-permalink=\"https:\/\/www.shqiperia.com\/blog\/putini-u-cmend-serbet-kunder-vucic-ngrihen-ne-protesta-te-medha-mbani-duart-larg-ukraines\/demonstrata-anti-putin-ne-beograd-serbi-2\/\" data-orig-file=\"https:\/\/i0.wp.com\/www.shqiperia.com\/blog\/wp-content\/uploads\/2022\/02\/Demonstrata-Anti-Putin-ne-Beograd-Serbi.-2.jpg?fit=660%2C516&amp;ssl=1\" data-orig-size=\"660,516\" data-comments-opened=\"1\" data-image-meta=\"{&quot;aperture&quot;:&quot;0&quot;,&quot;credit&quot;:&quot;&quot;,&quot;camera&quot;:&quot;&quot;,&quot;caption&quot;:&quot;&quot;,&quot;created_timestamp&quot;:&quot;0&quot;,&quot;copyright&quot;:&quot;&quot;,&quot;focal_length&quot;:&quot;0&quot;,&quot;iso&quot;:&quot;0&quot;,&quot;shutter_speed&quot;:&quot;0&quot;,&quot;title&quot;:&quot;&quot;,&quot;orientation&quot;:&quot;0&quot;}\" data-image-title=\"Demonstrata Anti Putin ne Beograd Serbi. (2)\" data-image-description=\"\" data-image-caption=\"&lt;p&gt;Demonstrata Anti Putin ne Beograd Serbi. &lt;\/p&gt;\n\" data-medium-file=\"https:\/\/i0.wp.com\/www.shqiperia.com\/blog\/wp-content\/uploads\/2022\/02\/Demonstrata-Anti-Putin-ne-Beograd-Serbi.-2.jpg?fit=300%2C235&amp;ssl=1\" data-large-file=\"https:\/\/i0.wp.com\/www.shqiperia.com\/blog\/wp-content\/uploads\/2022\/02\/Demonstrata-Anti-Putin-ne-Beograd-Serbi.-2.jpg?fit=660%2C516&amp;ssl=1\" class=\" wp-image-54616\" alt=\"\" src=\"https:\/\/i0.wp.com\/www.shqiperia.com\/blog\/wp-content\/uploads\/2022\/02\/Demonstrata-Anti-Putin-ne-Beograd-Serbi.-2.jpg?resize=531%2C418&#038;ssl=1\" width=\"531\" height=\"418\" \/><p id=\"caption-attachment-54616\" class=\"wp-caption-text\">Demonstrata Anti Putin ne Beograd Serbi.<\/p><\/div>\n<p>Por, qytetar\u00ebt serb\u00eb kan\u00eb protestuar n\u00eb qend\u00ebr t\u00eb Beogradit, gjegj\u00ebsisht organizator\u00eb t\u00eb demonstrat\u00ebs ishin \u201cGrat\u00eb n\u00eb t\u00eb zeza\u201d.<\/p>\n<p>T\u00eb mbledhurit mbajn\u00eb pankarta ku shkruhej \u201cPutin, mbaji duart larg Ukrain\u00ebs\u201d, \u201cNdal luft\u00ebn n\u00eb Ukrain\u00eb\u201d, \u201cGrat\u00eb n\u00eb t\u00eb zeza kund\u00ebr luft\u00ebs\u201d, \u201cPutini u \u00e7mend\u201d, \u201cStop Putin, ndalo luft\u00ebn\u201d.<\/p>\n<div id=\"attachment_54617\" style=\"width: 688px\" class=\"wp-caption alignnone\"><img data-recalc-dims=\"1\" loading=\"lazy\" decoding=\"async\" aria-describedby=\"caption-attachment-54617\" data-attachment-id=\"54617\" data-permalink=\"https:\/\/www.shqiperia.com\/blog\/putini-u-cmend-serbet-kunder-vucic-ngrihen-ne-protesta-te-medha-mbani-duart-larg-ukraines\/demonstrata-anti-putin-ne-beograd-serbi\/\" data-orig-file=\"https:\/\/i0.wp.com\/www.shqiperia.com\/blog\/wp-content\/uploads\/2022\/02\/Demonstrata-Anti-Putin-ne-Beograd-Serbi..jpg?fit=670%2C531&amp;ssl=1\" data-orig-size=\"670,531\" data-comments-opened=\"1\" data-image-meta=\"{&quot;aperture&quot;:&quot;0&quot;,&quot;credit&quot;:&quot;&quot;,&quot;camera&quot;:&quot;&quot;,&quot;caption&quot;:&quot;&quot;,&quot;created_timestamp&quot;:&quot;0&quot;,&quot;copyright&quot;:&quot;&quot;,&quot;focal_length&quot;:&quot;0&quot;,&quot;iso&quot;:&quot;0&quot;,&quot;shutter_speed&quot;:&quot;0&quot;,&quot;title&quot;:&quot;&quot;,&quot;orientation&quot;:&quot;0&quot;}\" data-image-title=\"Demonstrata Anti Putin ne Beograd Serbi.\" data-image-description=\"\" data-image-caption=\"&lt;p&gt;Demonstrata Anti Putin ne Beograd Serbi. &lt;\/p&gt;\n\" data-medium-file=\"https:\/\/i0.wp.com\/www.shqiperia.com\/blog\/wp-content\/uploads\/2022\/02\/Demonstrata-Anti-Putin-ne-Beograd-Serbi..jpg?fit=300%2C238&amp;ssl=1\" data-large-file=\"https:\/\/i0.wp.com\/www.shqiperia.com\/blog\/wp-content\/uploads\/2022\/02\/Demonstrata-Anti-Putin-ne-Beograd-Serbi..jpg?fit=670%2C531&amp;ssl=1\" class=\" wp-image-54617\" alt=\"\" src=\"https:\/\/i0.wp.com\/www.shqiperia.com\/blog\/wp-content\/uploads\/2022\/02\/Demonstrata-Anti-Putin-ne-Beograd-Serbi..jpg?resize=678%2C538&#038;ssl=1\" width=\"678\" height=\"538\" srcset=\"https:\/\/i0.wp.com\/www.shqiperia.com\/blog\/wp-content\/uploads\/2022\/02\/Demonstrata-Anti-Putin-ne-Beograd-Serbi..jpg?resize=300%2C238&amp;ssl=1 300w, https:\/\/i0.wp.com\/www.shqiperia.com\/blog\/wp-content\/uploads\/2022\/02\/Demonstrata-Anti-Putin-ne-Beograd-Serbi..jpg?resize=450%2C357&amp;ssl=1 450w, https:\/\/i0.wp.com\/www.shqiperia.com\/blog\/wp-content\/uploads\/2022\/02\/Demonstrata-Anti-Putin-ne-Beograd-Serbi..jpg?resize=600%2C476&amp;ssl=1 600w, https:\/\/i0.wp.com\/www.shqiperia.com\/blog\/wp-content\/uploads\/2022\/02\/Demonstrata-Anti-Putin-ne-Beograd-Serbi..jpg?resize=400%2C317&amp;ssl=1 400w, https:\/\/i0.wp.com\/www.shqiperia.com\/blog\/wp-content\/uploads\/2022\/02\/Demonstrata-Anti-Putin-ne-Beograd-Serbi..jpg?w=670&amp;ssl=1 670w\" sizes=\"auto, (max-width: 678px) 100vw, 678px\" \/><p id=\"caption-attachment-54617\" class=\"wp-caption-text\">Demonstrata Anti Putin ne Beograd Serbi.<\/p><\/div>\n<p>Flamuri i madh ukrainas dhe nj\u00eb ngjyr\u00eb tjet\u00ebr e bardh\u00eb q\u00eb simbolizon paqen jan\u00eb par\u00eb n\u00eb protest\u00eb, raporton nova.rs.<\/p>\n<div id=\"attachment_54618\" style=\"width: 905px\" class=\"wp-caption alignnone\"><img data-recalc-dims=\"1\" loading=\"lazy\" decoding=\"async\" aria-describedby=\"caption-attachment-54618\" data-attachment-id=\"54618\" data-permalink=\"https:\/\/www.shqiperia.com\/blog\/putini-u-cmend-serbet-kunder-vucic-ngrihen-ne-protesta-te-medha-mbani-duart-larg-ukraines\/demonstrata-anti-putin-ne-beograd-serbi-4\/\" data-orig-file=\"https:\/\/i0.wp.com\/www.shqiperia.com\/blog\/wp-content\/uploads\/2022\/02\/Demonstrata-Anti-Putin-ne-Beograd-Serbi.-1.jpg?fit=670%2C531&amp;ssl=1\" data-orig-size=\"670,531\" data-comments-opened=\"1\" data-image-meta=\"{&quot;aperture&quot;:&quot;0&quot;,&quot;credit&quot;:&quot;&quot;,&quot;camera&quot;:&quot;&quot;,&quot;caption&quot;:&quot;&quot;,&quot;created_timestamp&quot;:&quot;0&quot;,&quot;copyright&quot;:&quot;&quot;,&quot;focal_length&quot;:&quot;0&quot;,&quot;iso&quot;:&quot;0&quot;,&quot;shutter_speed&quot;:&quot;0&quot;,&quot;title&quot;:&quot;&quot;,&quot;orientation&quot;:&quot;0&quot;}\" data-image-title=\"Demonstrata Anti Putin ne Beograd Serbi.\" data-image-description=\"\" data-image-caption=\"&lt;p&gt;Demonstrata Anti Putin ne Beograd Serbi. &lt;\/p&gt;\n\" data-medium-file=\"https:\/\/i0.wp.com\/www.shqiperia.com\/blog\/wp-content\/uploads\/2022\/02\/Demonstrata-Anti-Putin-ne-Beograd-Serbi.-1.jpg?fit=300%2C238&amp;ssl=1\" data-large-file=\"https:\/\/i0.wp.com\/www.shqiperia.com\/blog\/wp-content\/uploads\/2022\/02\/Demonstrata-Anti-Putin-ne-Beograd-Serbi.-1.jpg?fit=670%2C531&amp;ssl=1\" class=\" wp-image-54618\" alt=\"\" src=\"https:\/\/i0.wp.com\/www.shqiperia.com\/blog\/wp-content\/uploads\/2022\/02\/Demonstrata-Anti-Putin-ne-Beograd-Serbi.-1.jpg?resize=895%2C710&#038;ssl=1\" width=\"895\" height=\"710\" srcset=\"https:\/\/i0.wp.com\/www.shqiperia.com\/blog\/wp-content\/uploads\/2022\/02\/Demonstrata-Anti-Putin-ne-Beograd-Serbi.-1.jpg?resize=300%2C238&amp;ssl=1 300w, https:\/\/i0.wp.com\/www.shqiperia.com\/blog\/wp-content\/uploads\/2022\/02\/Demonstrata-Anti-Putin-ne-Beograd-Serbi.-1.jpg?resize=450%2C357&amp;ssl=1 450w, https:\/\/i0.wp.com\/www.shqiperia.com\/blog\/wp-content\/uploads\/2022\/02\/Demonstrata-Anti-Putin-ne-Beograd-Serbi.-1.jpg?resize=600%2C476&amp;ssl=1 600w, https:\/\/i0.wp.com\/www.shqiperia.com\/blog\/wp-content\/uploads\/2022\/02\/Demonstrata-Anti-Putin-ne-Beograd-Serbi.-1.jpg?resize=400%2C317&amp;ssl=1 400w, https:\/\/i0.wp.com\/www.shqiperia.com\/blog\/wp-content\/uploads\/2022\/02\/Demonstrata-Anti-Putin-ne-Beograd-Serbi.-1.jpg?w=670&amp;ssl=1 670w\" sizes=\"auto, (max-width: 895px) 100vw, 895px\" \/><p id=\"caption-attachment-54618\" class=\"wp-caption-text\">Demonstrata Anti Putin ne Beograd Serbi.<\/p><\/div>\n<p>Gazeta Dita<\/p>\n","protected":false},"excerpt":{"rendered":"<p>\u201cPutini u \u00e7mend\u201d, serb\u00ebt kund\u00ebr Vu\u00e7i\u00e7, ngrihen n\u00eb protesta t\u00eb m\u00ebdha: Mbani duart larg Ukrain\u00ebs! 26 Shkurt \u00a02022 \u201cPutini u \u00e7mend\u201d, &#8211; Mbani duart larg Ukrain\u00ebs! Presidenti serb, Aleksandar Vu\u00e7i\u00e7, gjat\u00eb dit\u00ebs s\u00eb djeshme ka pohuar se nuk do t\u2019i vendos sanksione Rusis\u00eb pas pushtimit t\u00eb Ukrain\u00ebs. Por, qytetar\u00ebt serb\u00eb kan\u00eb protestuar n\u00eb qend\u00ebr t\u00eb [&hellip;]<\/p>\n","protected":false},"author":9,"featured_media":54614,"comment_status":"open","ping_status":"open","sticky":false,"template":"","format":"standard","meta":{"jetpack_post_was_ever_published":false,"_jetpack_newsletter_access":"","_jetpack_dont_email_post_to_subs":false,"_jetpack_newsletter_tier_id":0,"_jetpack_memberships_contains_paywalled_content":false,"_jetpack_memberships_contains_paid_content":false,"footnotes":"","jetpack_publicize_message":"","jetpack_publicize_feature_enabled":true,"jetpack_social_post_already_shared":true,"jetpack_social_options":{"image_generator_settings":{"template":"highway","default_image_id":0,"font":"","enabled":false},"version":2}},"categories":[27,1],"tags":[],"class_list":["post-54613","post","type-post","status-publish","format-standard","has-post-thumbnail","hentry","category-blogu-i-udhetarit","category-njoftime-shtypi"],"jetpack_publicize_connections":[],"jetpack_featured_media_url":"https:\/\/i0.wp.com\/www.shqiperia.com\/blog\/wp-content\/uploads\/2022\/02\/Demonstrata-Anti-Putin-ne-Beograd-Serbi.-3.jpg?fit=905%2C450&ssl=1","jetpack_sharing_enabled":true,"jetpack_shortlink":"https:\/\/wp.me\/p5Z6wp-ecR","jetpack-related-posts":[{"id":57279,"url":"https:\/\/www.shqiperia.com\/blog\/keshtu-jane-vellezerit-ruse-shperthejne-mediat-serbe-kunder-putin-ka-njohur-kosoven-e-goditi-serbine-pas-shpine\/","url_meta":{"origin":54613,"position":0},"title":"\u201cK\u00ebshtu jan\u00eb v\u00ebllez\u00ebrit rus\u00eb?&#8221; &#8211; Shp\u00ebrthejn\u00eb mediat serbe kund\u00ebr Putin: Ka njohur Kosov\u00ebn, e goditi Serbin\u00eb pas shpine","author":"Kurt Farka","date":"April 28, 2022","format":false,"excerpt":"\u201cK\u00ebshtu jan\u00eb v\u00ebllez\u00ebrit rus\u00eb?\" - Shp\u00ebrthejn\u00eb mediat serbe kund\u00ebr Putin: Ka njohur Kosov\u00ebn, e goditi Serbin\u00eb pas shpine 28 PRILL 2022 Krahasimi q\u00eb Vladimir Putin u ka b\u00ebr\u00eb dy rajoneve me Kosov\u00ebn duke th\u00ebn\u00eb dy rajonet e Ukrain\u00ebs Donetsk dhe Luhansk jan\u00eb njohur nga Rusia n\u00eb baz\u00eb t\u00eb precedentit t\u00eb\u2026","rel":"","context":"In &quot;Blogu i Udh\u00ebtarit&quot;","block_context":{"text":"Blogu i Udh\u00ebtarit","link":"https:\/\/www.shqiperia.com\/blog\/category\/blogu-i-udhetarit\/"},"img":{"alt_text":"","src":"https:\/\/i0.wp.com\/www.shqiperia.com\/blog\/wp-content\/uploads\/2022\/04\/640-0-626a43fa267af.png?fit=640%2C343&ssl=1&resize=350%2C200","width":350,"height":200,"srcset":"https:\/\/i0.wp.com\/www.shqiperia.com\/blog\/wp-content\/uploads\/2022\/04\/640-0-626a43fa267af.png?fit=640%2C343&ssl=1&resize=350%2C200 1x, https:\/\/i0.wp.com\/www.shqiperia.com\/blog\/wp-content\/uploads\/2022\/04\/640-0-626a43fa267af.png?fit=640%2C343&ssl=1&resize=525%2C300 1.5x"},"classes":[]},{"id":55490,"url":"https:\/\/www.shqiperia.com\/blog\/ushtaret-rus-ngrihen-kunder-putinit-hedhin-akuza-te-renda-shoku-president-ju-po-genjeni-na-keni-perdorur-si\/","url_meta":{"origin":54613,"position":1},"title":"Ushtar\u00ebt rus ngrihen kund\u00ebr Putinit, hedhin akuza t\u00eb r\u00ebnda: &#8211; Shoku president ju po g\u00ebnjeni, na keni p\u00ebrdorur si&#8230;","author":"Kurt Farka","date":"March 16, 2022","format":false,"excerpt":"Ushtar\u00ebt rus ngrihen kund\u00ebr Putinit, hedhin akuza t\u00eb r\u00ebnda: - Shoku president ju po g\u00ebnjeni, na keni p\u00ebrdorur si... 15 MARS 2022 5 ushtar\u00eb rus kan\u00eb ngritur akuza ndaj Vladimir Putinit dhe Rusis\u00eb duke th\u00ebn\u00eb se jan\u00eb p\u00ebrdorur \"si mish p\u00ebr top\", n\u00eb pushtimi ne Ukrain\u00ebs. N\u00eb nj\u00eb konferenc\u00eb p\u00ebr\u2026","rel":"","context":"In &quot;Blogu i Udh\u00ebtarit&quot;","block_context":{"text":"Blogu i Udh\u00ebtarit","link":"https:\/\/www.shqiperia.com\/blog\/category\/blogu-i-udhetarit\/"},"img":{"alt_text":"","src":"https:\/\/i0.wp.com\/www.shqiperia.com\/blog\/wp-content\/uploads\/2022\/03\/800-0-6230dfc6d9b1d.jpg?fit=705%2C329&ssl=1&resize=350%2C200","width":350,"height":200,"srcset":"https:\/\/i0.wp.com\/www.shqiperia.com\/blog\/wp-content\/uploads\/2022\/03\/800-0-6230dfc6d9b1d.jpg?fit=705%2C329&ssl=1&resize=350%2C200 1x, https:\/\/i0.wp.com\/www.shqiperia.com\/blog\/wp-content\/uploads\/2022\/03\/800-0-6230dfc6d9b1d.jpg?fit=705%2C329&ssl=1&resize=525%2C300 1.5x, https:\/\/i0.wp.com\/www.shqiperia.com\/blog\/wp-content\/uploads\/2022\/03\/800-0-6230dfc6d9b1d.jpg?fit=705%2C329&ssl=1&resize=700%2C400 2x"},"classes":[]},{"id":87701,"url":"https:\/\/www.shqiperia.com\/blog\/studentet-dhe-sindikatat-e-grave-ngrihen-kunder-presidentit-vucic-dhe-qeverise-se-tij\/","url_meta":{"origin":54613,"position":2},"title":"Student\u00ebt dhe sindikatat e grave ngrihen kund\u00ebr presidentit Vu\u00e7i\u00e7 dhe qeveris\u00eb s\u00eb tij","author":"Kurt Farka","date":"December 22, 2024","format":false,"excerpt":"21 Dhjetor 2024 Dhjet\u00ebra mij\u00ebra veta u mblodh\u00ebn t\u00eb diel\u00ebn n\u00eb nj\u00eb shesh qendror n\u00eb Beograd duke protestuar kund\u00ebr presidentit t\u00eb Serbis\u00eb Aleksandar Vu\u00e7i\u00e7 dhe qeveris\u00eb s\u00eb tij. Protesta e organizuar nga student\u00ebt dhe sindikatat e fermer\u00ebve, \u00ebsht\u00eb pjes\u00eb e nj\u00eb l\u00ebvizjeje m\u00eb t\u00eb gjer\u00eb q\u00eb k\u00ebrkon p\u00ebrgjegj\u00ebsi p\u00ebr shembjen\u2026","rel":"","context":"In &quot;Blogu i Udh\u00ebtarit&quot;","block_context":{"text":"Blogu i Udh\u00ebtarit","link":"https:\/\/www.shqiperia.com\/blog\/category\/blogu-i-udhetarit\/"},"img":{"alt_text":"","src":"https:\/\/i0.wp.com\/www.shqiperia.com\/blog\/wp-content\/uploads\/2024\/12\/protesta1.jpg?fit=1200%2C667&ssl=1&resize=350%2C200","width":350,"height":200,"srcset":"https:\/\/i0.wp.com\/www.shqiperia.com\/blog\/wp-content\/uploads\/2024\/12\/protesta1.jpg?fit=1200%2C667&ssl=1&resize=350%2C200 1x, https:\/\/i0.wp.com\/www.shqiperia.com\/blog\/wp-content\/uploads\/2024\/12\/protesta1.jpg?fit=1200%2C667&ssl=1&resize=525%2C300 1.5x, https:\/\/i0.wp.com\/www.shqiperia.com\/blog\/wp-content\/uploads\/2024\/12\/protesta1.jpg?fit=1200%2C667&ssl=1&resize=700%2C400 2x, https:\/\/i0.wp.com\/www.shqiperia.com\/blog\/wp-content\/uploads\/2024\/12\/protesta1.jpg?fit=1200%2C667&ssl=1&resize=1050%2C600 3x"},"classes":[]},{"id":59417,"url":"https:\/\/www.shqiperia.com\/blog\/putini-synon-nje-konflikt-te-ri-ne-ballkan-rusia-po-planifikon-vrasjen-e-vucic\/","url_meta":{"origin":54613,"position":3},"title":"\u201cPutini synon nj\u00eb konflikt t\u00eb ri n\u00eb Ballkan\u201d: &#8211; Rusia po planifikon vrasjen e Vu\u00e7i\u00e7!","author":"Kurt Farka","date":"June 26, 2022","format":false,"excerpt":"22 Qershor 2022 Befason Lideri Politik i Vojvodines Politikani i njohur serb, Nenad \u010canak ka b\u00ebr\u00eb nj\u00eb deklarat\u00eb t\u00eb fort\u00eb, duke th\u00ebn\u00eb se \u201cRusia synon t\u00eb vras\u00eb Presidentin e Serbis\u00eb Aleksnad\u00ebr Vu\u00e7i\u00e7\u201d. N\u00eb nj\u00eb intervist\u00eb dh\u00ebn\u00eb s\u00eb fundmi n\u00eb televizionin FACE t\u00eb Sarajev\u00ebs, presidenti i Lidhjes s\u00eb Social Demokrat\u00ebve t\u00eb\u2026","rel":"","context":"In &quot;Blogu i Udh\u00ebtarit&quot;","block_context":{"text":"Blogu i Udh\u00ebtarit","link":"https:\/\/www.shqiperia.com\/blog\/category\/blogu-i-udhetarit\/"},"img":{"alt_text":"","src":"https:\/\/i0.wp.com\/www.shqiperia.com\/blog\/wp-content\/uploads\/2022\/06\/Nenad-Canak-Politikan-i-njohur-serb.png?fit=768%2C430&ssl=1&resize=350%2C200","width":350,"height":200,"srcset":"https:\/\/i0.wp.com\/www.shqiperia.com\/blog\/wp-content\/uploads\/2022\/06\/Nenad-Canak-Politikan-i-njohur-serb.png?fit=768%2C430&ssl=1&resize=350%2C200 1x, https:\/\/i0.wp.com\/www.shqiperia.com\/blog\/wp-content\/uploads\/2022\/06\/Nenad-Canak-Politikan-i-njohur-serb.png?fit=768%2C430&ssl=1&resize=525%2C300 1.5x, https:\/\/i0.wp.com\/www.shqiperia.com\/blog\/wp-content\/uploads\/2022\/06\/Nenad-Canak-Politikan-i-njohur-serb.png?fit=768%2C430&ssl=1&resize=700%2C400 2x"},"classes":[]},{"id":54456,"url":"https:\/\/www.shqiperia.com\/blog\/pushtimi-rus-futbollisti-ukrainas-nuk-permbahet-putini-rimisherimi-i-hitlerit\/","url_meta":{"origin":54613,"position":4},"title":"Pushtimi rus, futbollisti ukrainas nuk p\u00ebrmbahet: &#8211; Putini, rimish\u00ebrimi i Hitlerit","author":"Kurt Farka","date":"February 24, 2022","format":false,"excerpt":"Pushtimi rus, futbollisti ukrainas nuk p\u00ebrmbahet: - Putini, rimish\u00ebrimi i Hitlerit 24 Shkurt 2022 Pushtimet ruse ndaj Ukrain\u00ebs kan\u00eb sjellur reagime dhe nga bota e sportit, ku shum\u00eb sportist\u00eb, por sidomos futbollist\u00eb ukrainas jan\u00eb solidarizuar p\u00ebr t\u00eb mbrojtur shtetin e tyre dhe disa t\u00eb tjer\u00eb kan\u00eb sulmuar presidentin e Rusis\u00eb,\u2026","rel":"","context":"In &quot;Blogu i Udh\u00ebtarit&quot;","block_context":{"text":"Blogu i Udh\u00ebtarit","link":"https:\/\/www.shqiperia.com\/blog\/category\/blogu-i-udhetarit\/"},"img":{"alt_text":"","src":"https:\/\/i0.wp.com\/www.shqiperia.com\/blog\/wp-content\/uploads\/2022\/02\/gb.jpg?fit=776%2C489&ssl=1&resize=350%2C200","width":350,"height":200,"srcset":"https:\/\/i0.wp.com\/www.shqiperia.com\/blog\/wp-content\/uploads\/2022\/02\/gb.jpg?fit=776%2C489&ssl=1&resize=350%2C200 1x, https:\/\/i0.wp.com\/www.shqiperia.com\/blog\/wp-content\/uploads\/2022\/02\/gb.jpg?fit=776%2C489&ssl=1&resize=525%2C300 1.5x, https:\/\/i0.wp.com\/www.shqiperia.com\/blog\/wp-content\/uploads\/2022\/02\/gb.jpg?fit=776%2C489&ssl=1&resize=700%2C400 2x"},"classes":[]},{"id":71819,"url":"https:\/\/www.shqiperia.com\/blog\/tensionet-ne-veri-vucic-kercenon-kosoven-do-te-ndodhe-dicka-qe-nuk-e-kemi-pare-me-pare\/","url_meta":{"origin":54613,"position":5},"title":"Tensionet n\u00eb Veri, Vu\u00e7i\u00e7 k\u00ebrc\u00ebnon Kosov\u00ebn: &#8211; Do t\u00eb ndodh\u00eb di\u00e7ka q\u00eb nuk e kemi par\u00eb m\u00eb par\u00eb!","author":"Kurt Farka","date":"May 29, 2023","format":false,"excerpt":"29 Maji 2023 Presidenti i Serbis\u00eb, Aleksandar Vu\u00e7i\u00e7, tha se n\u00eb Kosov\u00eb do t\u00eb ndodh\u00eb di\u00e7ka q\u00eb \u201cnuk e kemi par\u00eb m\u00eb par\u00eb\u201d, nd\u00ebrsa situat\u00ebn aktuale e vler\u00ebsoi si m\u00eb t\u00eb v\u00ebshtir\u00ebn deri m\u00eb tani. \u201cKam frik\u00eb nga destabiliteti, madje edhe nga konfliktet e m\u00ebdha, sepse e di q\u00eb serb\u00ebt\u2026","rel":"","context":"In &quot;Blogu i Udh\u00ebtarit&quot;","block_context":{"text":"Blogu i Udh\u00ebtarit","link":"https:\/\/www.shqiperia.com\/blog\/category\/blogu-i-udhetarit\/"},"img":{"alt_text":"","src":"https:\/\/i0.wp.com\/www.shqiperia.com\/blog\/wp-content\/uploads\/2023\/05\/230202-1723-948-0900-420647-030205vucic2.jpg?fit=1169%2C506&ssl=1&resize=350%2C200","width":350,"height":200,"srcset":"https:\/\/i0.wp.com\/www.shqiperia.com\/blog\/wp-content\/uploads\/2023\/05\/230202-1723-948-0900-420647-030205vucic2.jpg?fit=1169%2C506&ssl=1&resize=350%2C200 1x, https:\/\/i0.wp.com\/www.shqiperia.com\/blog\/wp-content\/uploads\/2023\/05\/230202-1723-948-0900-420647-030205vucic2.jpg?fit=1169%2C506&ssl=1&resize=525%2C300 1.5x, https:\/\/i0.wp.com\/www.shqiperia.com\/blog\/wp-content\/uploads\/2023\/05\/230202-1723-948-0900-420647-030205vucic2.jpg?fit=1169%2C506&ssl=1&resize=700%2C400 2x, https:\/\/i0.wp.com\/www.shqiperia.com\/blog\/wp-content\/uploads\/2023\/05\/230202-1723-948-0900-420647-030205vucic2.jpg?fit=1169%2C506&ssl=1&resize=1050%2C600 3x"},"classes":[]}],"_links":{"self":[{"href":"https:\/\/www.shqiperia.com\/blog\/wp-json\/wp\/v2\/posts\/54613","targetHints":{"allow":["GET"]}}],"collection":[{"href":"https:\/\/www.shqiperia.com\/blog\/wp-json\/wp\/v2\/posts"}],"about":[{"href":"https:\/\/www.shqiperia.com\/blog\/wp-json\/wp\/v2\/types\/post"}],"author":[{"embeddable":true,"href":"https:\/\/www.shqiperia.com\/blog\/wp-json\/wp\/v2\/users\/9"}],"replies":[{"embeddable":true,"href":"https:\/\/www.shqiperia.com\/blog\/wp-json\/wp\/v2\/comments?post=54613"}],"version-history":[{"count":1,"href":"https:\/\/www.shqiperia.com\/blog\/wp-json\/wp\/v2\/posts\/54613\/revisions"}],"predecessor-version":[{"id":54619,"href":"https:\/\/www.shqiperia.com\/blog\/wp-json\/wp\/v2\/posts\/54613\/revisions\/54619"}],"wp:featuredmedia":[{"embeddable":true,"href":"https:\/\/www.shqiperia.com\/blog\/wp-json\/wp\/v2\/media\/54614"}],"wp:attachment":[{"href":"https:\/\/www.shqiperia.com\/blog\/wp-json\/wp\/v2\/media?parent=54613"}],"wp:term":[{"taxonomy":"category","embeddable":true,"href":"https:\/\/www.shqiperia.com\/blog\/wp-json\/wp\/v2\/categories?post=54613"},{"taxonomy":"post_tag","embeddable":true,"href":"https:\/\/www.shqiperia.com\/blog\/wp-json\/wp\/v2\/tags?post=54613"}],"curies":[{"name":"wp","href":"https:\/\/api.w.org\/{rel}","templated":true}]}}