{"id":54610,"date":"2022-02-26T17:43:46","date_gmt":"2022-02-26T17:43:46","guid":{"rendered":"https:\/\/www.shqiperia.com\/blog\/?p=54610"},"modified":"2022-02-26T17:43:46","modified_gmt":"2022-02-26T17:43:46","slug":"grate-ne-ukraine-krijojne-bomba-molotov-per-te-mbrojtur-qytetin-e-tyre","status":"publish","type":"post","link":"https:\/\/www.shqiperia.com\/blog\/grate-ne-ukraine-krijojne-bomba-molotov-per-te-mbrojtur-qytetin-e-tyre\/","title":{"rendered":"Grat\u00eb n\u00eb Ukrain\u00eb krijojn\u00eb bomba molotov p\u00ebr t\u00eb mbrojtur qytetin e tyre"},"content":{"rendered":"<p><img data-recalc-dims=\"1\" loading=\"lazy\" decoding=\"async\" data-attachment-id=\"54611\" data-permalink=\"https:\/\/www.shqiperia.com\/blog\/grate-ne-ukraine-krijojne-bomba-molotov-per-te-mbrojtur-qytetin-e-tyre\/gramolotov\/\" data-orig-file=\"https:\/\/i0.wp.com\/www.shqiperia.com\/blog\/wp-content\/uploads\/2022\/02\/gramolotov.jpg?fit=624%2C391&amp;ssl=1\" data-orig-size=\"624,391\" data-comments-opened=\"1\" data-image-meta=\"{&quot;aperture&quot;:&quot;0&quot;,&quot;credit&quot;:&quot;&quot;,&quot;camera&quot;:&quot;&quot;,&quot;caption&quot;:&quot;&quot;,&quot;created_timestamp&quot;:&quot;0&quot;,&quot;copyright&quot;:&quot;&quot;,&quot;focal_length&quot;:&quot;0&quot;,&quot;iso&quot;:&quot;0&quot;,&quot;shutter_speed&quot;:&quot;0&quot;,&quot;title&quot;:&quot;&quot;,&quot;orientation&quot;:&quot;0&quot;}\" data-image-title=\"gramolotov\" data-image-description=\"\" data-image-caption=\"\" data-medium-file=\"https:\/\/i0.wp.com\/www.shqiperia.com\/blog\/wp-content\/uploads\/2022\/02\/gramolotov.jpg?fit=300%2C188&amp;ssl=1\" data-large-file=\"https:\/\/i0.wp.com\/www.shqiperia.com\/blog\/wp-content\/uploads\/2022\/02\/gramolotov.jpg?fit=624%2C391&amp;ssl=1\" class=\"alignnone  wp-image-54611\" alt=\"\" src=\"https:\/\/i0.wp.com\/www.shqiperia.com\/blog\/wp-content\/uploads\/2022\/02\/gramolotov.jpg?resize=589%2C369&#038;ssl=1\" width=\"589\" height=\"369\" srcset=\"https:\/\/i0.wp.com\/www.shqiperia.com\/blog\/wp-content\/uploads\/2022\/02\/gramolotov.jpg?resize=300%2C188&amp;ssl=1 300w, https:\/\/i0.wp.com\/www.shqiperia.com\/blog\/wp-content\/uploads\/2022\/02\/gramolotov.jpg?resize=450%2C282&amp;ssl=1 450w, https:\/\/i0.wp.com\/www.shqiperia.com\/blog\/wp-content\/uploads\/2022\/02\/gramolotov.jpg?resize=600%2C376&amp;ssl=1 600w, https:\/\/i0.wp.com\/www.shqiperia.com\/blog\/wp-content\/uploads\/2022\/02\/gramolotov.jpg?resize=400%2C251&amp;ssl=1 400w, https:\/\/i0.wp.com\/www.shqiperia.com\/blog\/wp-content\/uploads\/2022\/02\/gramolotov.jpg?w=624&amp;ssl=1 624w\" sizes=\"auto, (max-width: 589px) 100vw, 589px\" \/><\/p>\n<p>Grat\u00eb n\u00eb Ukrain\u00eb krijojn\u00eb bomba molotov p\u00ebr t\u00eb mbrojtur qytetin e tyre<\/p>\n<p>26 Shkurt 2022 Grat\u00eb civile n\u00eb Ukrain\u00eb nuk lejohen q\u00eb t\u00eb futen vullnetarisht n\u00eb ushtri p\u00ebr t\u00eb luftuar kund\u00ebr Rusis\u00eb.<\/p>\n<p>Por kjo nuk i ka ndaluar ato q\u00eb t\u00eb japin kontributin e tyre n\u00eb k\u00ebt\u00eb situat\u00eb. BBC ka publikuar nj\u00eb foto ku shihen disa gra n\u00eb qytetin e Dnipros t\u00eb cilat krijojn\u00eb bomba molotov.<\/p>\n<p>K\u00ebto jan\u00eb arm\u00eb artizanale, n\u00eb m\u00ebnyr\u00eb q\u00eb qytetar\u00ebt t\u00eb mbrojn\u00eb sht\u00ebpit\u00eb e tyre nga ushtar\u00ebt rus\u00eb.<\/p>\n<p>P\u00ebr BBC ato shprehen se jan\u00eb t\u00eb frik\u00ebsuara nga situata, por duhet t\u00eb p\u00ebrgatiten p\u00ebr \u00e7do skenar.<\/p>\n<p>Dnipro ende nuk \u00ebsht\u00eb prekur nga sulmi rus, por \u00ebsht\u00eb prekur nga kostot e luft\u00ebs n\u00eb rajonet e tjera.<\/p>\n<p>Gazeta Panorama<\/p>\n","protected":false},"excerpt":{"rendered":"<p>Grat\u00eb n\u00eb Ukrain\u00eb krijojn\u00eb bomba molotov p\u00ebr t\u00eb mbrojtur qytetin e tyre 26 Shkurt 2022 Grat\u00eb civile n\u00eb Ukrain\u00eb nuk lejohen q\u00eb t\u00eb futen vullnetarisht n\u00eb ushtri p\u00ebr t\u00eb luftuar kund\u00ebr Rusis\u00eb. Por kjo nuk i ka ndaluar ato q\u00eb t\u00eb japin kontributin e tyre n\u00eb k\u00ebt\u00eb situat\u00eb. BBC ka publikuar nj\u00eb foto ku shihen [&hellip;]<\/p>\n","protected":false},"author":9,"featured_media":54611,"comment_status":"open","ping_status":"open","sticky":false,"template":"","format":"standard","meta":{"jetpack_post_was_ever_published":false,"_jetpack_newsletter_access":"","_jetpack_dont_email_post_to_subs":false,"_jetpack_newsletter_tier_id":0,"_jetpack_memberships_contains_paywalled_content":false,"_jetpack_memberships_contains_paid_content":false,"footnotes":"","jetpack_publicize_message":"","jetpack_publicize_feature_enabled":true,"jetpack_social_post_already_shared":true,"jetpack_social_options":{"image_generator_settings":{"template":"highway","default_image_id":0,"font":"","enabled":false},"version":2}},"categories":[27,1],"tags":[],"class_list":["post-54610","post","type-post","status-publish","format-standard","has-post-thumbnail","hentry","category-blogu-i-udhetarit","category-njoftime-shtypi"],"jetpack_publicize_connections":[],"jetpack_featured_media_url":"https:\/\/i0.wp.com\/www.shqiperia.com\/blog\/wp-content\/uploads\/2022\/02\/gramolotov.jpg?fit=624%2C391&ssl=1","jetpack_sharing_enabled":true,"jetpack_shortlink":"https:\/\/wp.me\/p5Z6wp-ecO","jetpack-related-posts":[{"id":59085,"url":"https:\/\/www.shqiperia.com\/blog\/rusi-dolen-te-protestonin-ne-rusi-grate-zhvishen-ne-komisariat-dhe-filmohen-nga-kamerat-e-policeve\/","url_meta":{"origin":54610,"position":0},"title":"Rusi\/ Dol\u00ebn t\u00eb protestonin n\u00eb Rusi, grat\u00eb zhvishen n\u00eb komisariat dhe filmohen nga kamerat e polic\u00ebve","author":"Kurt Farka","date":"June 15, 2022","format":false,"excerpt":"15 Qershor 2022 Policia ruse ka arrestuar 20 gra pas protest\u00ebs q\u00eb ata b\u00ebn\u00eb kund\u00ebr luft\u00ebs dhe i detyruan ato t\u00eb zhvisheshin duke u filmuar nga kamerat e polic\u00ebve. Grat\u00eb t\u00eb mosh\u00ebs 18 deri n\u00eb 27 vje\u00e7 u mblodh\u00ebn pran\u00eb nj\u00eb mitingu n\u00eb qytetin Nizhny Novgorod. Sipas avokatit t\u00eb tyre,\u2026","rel":"","context":"In &quot;Blogu i Udh\u00ebtarit&quot;","block_context":{"text":"Blogu i Udh\u00ebtarit","link":"https:\/\/www.shqiperia.com\/blog\/category\/blogu-i-udhetarit\/"},"img":{"alt_text":"","src":"https:\/\/i0.wp.com\/www.shqiperia.com\/blog\/wp-content\/uploads\/2022\/06\/640-0-rusijpg-1655279340.jpg?fit=640%2C333&ssl=1&resize=350%2C200","width":350,"height":200,"srcset":"https:\/\/i0.wp.com\/www.shqiperia.com\/blog\/wp-content\/uploads\/2022\/06\/640-0-rusijpg-1655279340.jpg?fit=640%2C333&ssl=1&resize=350%2C200 1x, https:\/\/i0.wp.com\/www.shqiperia.com\/blog\/wp-content\/uploads\/2022\/06\/640-0-rusijpg-1655279340.jpg?fit=640%2C333&ssl=1&resize=525%2C300 1.5x"},"classes":[]},{"id":50039,"url":"https:\/\/www.shqiperia.com\/blog\/plot-me-femra-njihuni-me-qytetin-ku-grate-bejne-ligjin\/","url_meta":{"origin":54610,"position":1},"title":"Plot me femra, njihuni me qytetin ku grat\u00eb \u201cb\u00ebjn\u00eb ligjin\u201d","author":"Kurt Farka","date":"September 22, 2021","format":false,"excerpt":"Plot me femra, njihuni me qytetin ku grat\u00eb \u201cb\u00ebjn\u00eb ligjin\u201d 22 SHTATOR 2021 Do t'ju b\u00ebj\u00eb habi po t\u00eb d\u00ebgjoni p\u00ebr Noiva do Cordeiro, nj\u00eb qytet brazilian ku jetojn\u00eb vet\u00ebm gra. Ishte Maria Senorina de Lima q\u00eb e \"themeloi\" n\u00eb vitin 1981, e cila u d\u00ebbua m\u00eb pas nga fshati\u2026","rel":"","context":"In &quot;Press Releases&quot;","block_context":{"text":"Press Releases","link":"https:\/\/www.shqiperia.com\/blog\/category\/press-releases\/"},"img":{"alt_text":"","src":"https:\/\/i0.wp.com\/www.shqiperia.com\/blog\/wp-content\/uploads\/2021\/09\/640-0-dc77fcfe31a5c878488788750b6cbd32.jpg?fit=640%2C360&ssl=1&resize=350%2C200","width":350,"height":200,"srcset":"https:\/\/i0.wp.com\/www.shqiperia.com\/blog\/wp-content\/uploads\/2021\/09\/640-0-dc77fcfe31a5c878488788750b6cbd32.jpg?fit=640%2C360&ssl=1&resize=350%2C200 1x, https:\/\/i0.wp.com\/www.shqiperia.com\/blog\/wp-content\/uploads\/2021\/09\/640-0-dc77fcfe31a5c878488788750b6cbd32.jpg?fit=640%2C360&ssl=1&resize=525%2C300 1.5x"},"classes":[]},{"id":57408,"url":"https:\/\/www.shqiperia.com\/blog\/ukraine-grate-ishin-perdhunuar-para-se-te-vriteshin-mjeket-nxjerrin-prova-rreqethese-fytyrat-cope-cope-ndonjehere-nuk-kane-fare-koke\/","url_meta":{"origin":54610,"position":2},"title":"Ukraine: &#8211; \u2018Grat\u00eb ishin p\u00ebrdhunuar para se t\u00eb vriteshin\u2019, mjek\u00ebt nxjerrin prova rr\u00ebqeth\u00ebse: \u201cFytyrat cop\u00eb-cop\u00eb, ndonj\u00ebher\u00eb nuk kan\u00eb fare kok\u00eb\u201d","author":"Kurt Farka","date":"April 30, 2022","format":false,"excerpt":"Ukraine: \u2018Grat\u00eb ishin p\u00ebrdhunuar para se t\u00eb vriteshin\u2019, mjek\u00ebt nxjerrin prova rr\u00ebqeth\u00ebse: \u201cFytyrat cop\u00eb-cop\u00eb, ndonj\u00ebher\u00eb nuk kan\u00eb fare kok\u00eb\u201d 25 Prill 2022 \u2018Grat\u00eb ishin p\u00ebrdhunuar para se t\u00eb vriteshin\u2019, mjek\u00ebt nxjerrin prova rr\u00ebqeth\u00ebse: \u201cFytyrat cop\u00eb-cop\u00eb, ndonj\u00ebher\u00eb nuk kan\u00eb fare kok\u00eb\u201d P\u00ebrdhunimet e grave ukrainase para t\u00eb vriteshin nga rus\u00ebt jan\u00eb\u2026","rel":"","context":"In &quot;Blogu i Udh\u00ebtarit&quot;","block_context":{"text":"Blogu i Udh\u00ebtarit","link":"https:\/\/www.shqiperia.com\/blog\/category\/blogu-i-udhetarit\/"},"img":{"alt_text":"","src":"https:\/\/i0.wp.com\/www.shqiperia.com\/blog\/wp-content\/uploads\/2022\/04\/Screenshot-2022-04-25-142129-905x395-1.jpg?fit=905%2C395&ssl=1&resize=350%2C200","width":350,"height":200,"srcset":"https:\/\/i0.wp.com\/www.shqiperia.com\/blog\/wp-content\/uploads\/2022\/04\/Screenshot-2022-04-25-142129-905x395-1.jpg?fit=905%2C395&ssl=1&resize=350%2C200 1x, https:\/\/i0.wp.com\/www.shqiperia.com\/blog\/wp-content\/uploads\/2022\/04\/Screenshot-2022-04-25-142129-905x395-1.jpg?fit=905%2C395&ssl=1&resize=525%2C300 1.5x, https:\/\/i0.wp.com\/www.shqiperia.com\/blog\/wp-content\/uploads\/2022\/04\/Screenshot-2022-04-25-142129-905x395-1.jpg?fit=905%2C395&ssl=1&resize=700%2C400 2x"},"classes":[]},{"id":76620,"url":"https:\/\/www.shqiperia.com\/blog\/grate-e-ushtareve-ruse-kerkojne-kthimin-e-burrave-nga-lufta-vendosin-lule-ne-murin-e-kremlinit\/","url_meta":{"origin":54610,"position":3},"title":"Grat\u00eb e ushtar\u00ebve rus\u00eb k\u00ebrkojn\u00eb kthimin e burrave nga lufta. &#8211; Vendosin lule n\u00eb Murin e Kremlinit","author":"Kurt Farka","date":"December 24, 2023","format":false,"excerpt":"24 Dhjetor 2023 Disa dhjetra gra ruse me shall\u00eb t\u00eb bardh\u00eb n\u00eb kok\u00eb, t\u00eb cilat jan\u00eb bashk\u00ebshortet, n\u00ebnat apo partneret e ushtar\u00ebve t\u00eb mobilizuar n\u00eb luft\u00ebn mizore n\u00eb Ukrain\u00eb, vendosnin sot lule n\u00eb varrin e ushtarit t\u00eb panjohur para Kremlinit n\u00eb Mosk\u00eb. Me gjestin e tyre ato tentonin t\u00eb nderonin\u2026","rel":"","context":"In &quot;Blogu i Udh\u00ebtarit&quot;","block_context":{"text":"Blogu i Udh\u00ebtarit","link":"https:\/\/www.shqiperia.com\/blog\/category\/blogu-i-udhetarit\/"},"img":{"alt_text":"","src":"https:\/\/i0.wp.com\/www.shqiperia.com\/blog\/wp-content\/uploads\/2023\/12\/640-0-3d99e8d9c0ed3663fea9069c3807fb3e.png?fit=640%2C395&ssl=1&resize=350%2C200","width":350,"height":200,"srcset":"https:\/\/i0.wp.com\/www.shqiperia.com\/blog\/wp-content\/uploads\/2023\/12\/640-0-3d99e8d9c0ed3663fea9069c3807fb3e.png?fit=640%2C395&ssl=1&resize=350%2C200 1x, https:\/\/i0.wp.com\/www.shqiperia.com\/blog\/wp-content\/uploads\/2023\/12\/640-0-3d99e8d9c0ed3663fea9069c3807fb3e.png?fit=640%2C395&ssl=1&resize=525%2C300 1.5x"},"classes":[]},{"id":90208,"url":"https:\/\/www.shqiperia.com\/blog\/berisha-rama-eshte-kryeministri-me-mizogjen-ne-histori-zhduku-60-milione-euro-qe-dha-qeveria-franceze-per-grate\/","url_meta":{"origin":54610,"position":4},"title":"Berisha: &#8211; Rama \u00ebsht\u00eb kryeministri m\u00eb mizogjen n\u00eb histori! Zhduku 60 milion\u00eb euro q\u00eb dha qeveria franceze p\u00ebr grat\u00eb","author":"Kurt Farka","date":"March 8, 2025","format":false,"excerpt":"8 Marts 2025 Sali Berisha, prezantoi k\u00ebt\u00eb 8 Mars, n\u00eb dit\u00ebn Nd\u00ebrkomb\u00ebtare t\u00eb Gruas, programin e qeverisjes \u2018Fuqizimi i grave dhe vajzave\u2019. Kryedemokrati tha se gruaja shqiptare ndodhet n\u00eb vitet nd\u00ebr m\u00eb t\u00eb v\u00ebshtirat e saj. Sipas Berish\u00ebs, shkak p\u00ebr k\u00ebt\u00eb \u00ebsht\u00eb kryeministri Rama, i cili zhduku 60 milion\u00eb euro\u2026","rel":"","context":"In &quot;Politika&quot;","block_context":{"text":"Politika","link":"https:\/\/www.shqiperia.com\/blog\/category\/politika\/"},"img":{"alt_text":"","src":"https:\/\/i0.wp.com\/www.shqiperia.com\/blog\/wp-content\/uploads\/2025\/03\/auto_69ee718c-dd09-4468-aadc-2b08b1f9c2251741434849.jpg?fit=900%2C600&ssl=1&resize=350%2C200","width":350,"height":200,"srcset":"https:\/\/i0.wp.com\/www.shqiperia.com\/blog\/wp-content\/uploads\/2025\/03\/auto_69ee718c-dd09-4468-aadc-2b08b1f9c2251741434849.jpg?fit=900%2C600&ssl=1&resize=350%2C200 1x, https:\/\/i0.wp.com\/www.shqiperia.com\/blog\/wp-content\/uploads\/2025\/03\/auto_69ee718c-dd09-4468-aadc-2b08b1f9c2251741434849.jpg?fit=900%2C600&ssl=1&resize=525%2C300 1.5x, https:\/\/i0.wp.com\/www.shqiperia.com\/blog\/wp-content\/uploads\/2025\/03\/auto_69ee718c-dd09-4468-aadc-2b08b1f9c2251741434849.jpg?fit=900%2C600&ssl=1&resize=700%2C400 2x"},"classes":[]},{"id":98345,"url":"https:\/\/www.shqiperia.com\/blog\/cfare-mendonin-vertet-grate-ne-lashtesi-per-seksin\/","url_meta":{"origin":54610,"position":5},"title":"\u00c7far\u00eb mendonin v\u00ebrtet grat\u00eb n\u00eb lasht\u00ebsi p\u00ebr seksin","author":"Kurt Farka","date":"March 12, 2026","format":false,"excerpt":"12 Mars 2026 Imazhi q\u00eb ka mb\u00ebrritur deri n\u00eb dit\u00ebt tona p\u00ebr seksualitetin fem\u00ebror n\u00eb lasht\u00ebsi \u00ebsht\u00eb formuar n\u00eb mas\u00eb t\u00eb madhe nga z\u00ebra mashkullor\u00eb, shpesh t\u00eb mbushur me paragjykime dhe stereotipe. Megjithat\u00eb, p\u00ebrmes poezive, letrave, veprave t\u00eb artit dhe disa d\u00ebshmive t\u00eb rralla t\u00eb grave, shfaqet nj\u00eb tablo m\u00eb\u2026","rel":"","context":"In &quot;Histori&quot;","block_context":{"text":"Histori","link":"https:\/\/www.shqiperia.com\/blog\/category\/histori\/"},"img":{"alt_text":"","src":"https:\/\/i0.wp.com\/www.shqiperia.com\/blog\/wp-content\/uploads\/2026\/03\/Screenshot-2026-03-11-110743-1024x561-1.jpg?fit=1024%2C561&ssl=1&resize=350%2C200","width":350,"height":200,"srcset":"https:\/\/i0.wp.com\/www.shqiperia.com\/blog\/wp-content\/uploads\/2026\/03\/Screenshot-2026-03-11-110743-1024x561-1.jpg?fit=1024%2C561&ssl=1&resize=350%2C200 1x, https:\/\/i0.wp.com\/www.shqiperia.com\/blog\/wp-content\/uploads\/2026\/03\/Screenshot-2026-03-11-110743-1024x561-1.jpg?fit=1024%2C561&ssl=1&resize=525%2C300 1.5x, https:\/\/i0.wp.com\/www.shqiperia.com\/blog\/wp-content\/uploads\/2026\/03\/Screenshot-2026-03-11-110743-1024x561-1.jpg?fit=1024%2C561&ssl=1&resize=700%2C400 2x"},"classes":[]}],"_links":{"self":[{"href":"https:\/\/www.shqiperia.com\/blog\/wp-json\/wp\/v2\/posts\/54610","targetHints":{"allow":["GET"]}}],"collection":[{"href":"https:\/\/www.shqiperia.com\/blog\/wp-json\/wp\/v2\/posts"}],"about":[{"href":"https:\/\/www.shqiperia.com\/blog\/wp-json\/wp\/v2\/types\/post"}],"author":[{"embeddable":true,"href":"https:\/\/www.shqiperia.com\/blog\/wp-json\/wp\/v2\/users\/9"}],"replies":[{"embeddable":true,"href":"https:\/\/www.shqiperia.com\/blog\/wp-json\/wp\/v2\/comments?post=54610"}],"version-history":[{"count":1,"href":"https:\/\/www.shqiperia.com\/blog\/wp-json\/wp\/v2\/posts\/54610\/revisions"}],"predecessor-version":[{"id":54612,"href":"https:\/\/www.shqiperia.com\/blog\/wp-json\/wp\/v2\/posts\/54610\/revisions\/54612"}],"wp:featuredmedia":[{"embeddable":true,"href":"https:\/\/www.shqiperia.com\/blog\/wp-json\/wp\/v2\/media\/54611"}],"wp:attachment":[{"href":"https:\/\/www.shqiperia.com\/blog\/wp-json\/wp\/v2\/media?parent=54610"}],"wp:term":[{"taxonomy":"category","embeddable":true,"href":"https:\/\/www.shqiperia.com\/blog\/wp-json\/wp\/v2\/categories?post=54610"},{"taxonomy":"post_tag","embeddable":true,"href":"https:\/\/www.shqiperia.com\/blog\/wp-json\/wp\/v2\/tags?post=54610"}],"curies":[{"name":"wp","href":"https:\/\/api.w.org\/{rel}","templated":true}]}}