{"id":54588,"date":"2022-02-26T11:59:06","date_gmt":"2022-02-26T11:59:06","guid":{"rendered":"https:\/\/www.shqiperia.com\/blog\/?p=54588"},"modified":"2022-02-26T11:59:06","modified_gmt":"2022-02-26T11:59:06","slug":"refuzuan-ti-dorezohen-luftanijes-ruse-13-ushtare-bombardohen-duke-mbrojtur-ishullin-ushtaret-ishin-nga-18-deri-ne-22-vjec","status":"publish","type":"post","link":"https:\/\/www.shqiperia.com\/blog\/refuzuan-ti-dorezohen-luftanijes-ruse-13-ushtare-bombardohen-duke-mbrojtur-ishullin-ushtaret-ishin-nga-18-deri-ne-22-vjec\/","title":{"rendered":"Refuzuan t&#8217;i dor\u00ebzohen luftanijes ruse, 13 ushtar\u00eb bombardohen duke mbrojtur Ishullin.  &#8211; Ushtaret ishin nga 18 deri ne 22 vjec."},"content":{"rendered":"<p><img data-recalc-dims=\"1\" loading=\"lazy\" decoding=\"async\" data-attachment-id=\"54589\" data-permalink=\"https:\/\/www.shqiperia.com\/blog\/refuzuan-ti-dorezohen-luftanijes-ruse-13-ushtare-bombardohen-duke-mbrojtur-ishullin-ushtaret-ishin-nga-18-deri-ne-22-vjec\/640-0-123416831-mediaitem123416828-1645796626\/\" data-orig-file=\"https:\/\/i0.wp.com\/www.shqiperia.com\/blog\/wp-content\/uploads\/2022\/02\/640-0-123416831-mediaitem123416828-1645796626.jpg?fit=640%2C360&amp;ssl=1\" data-orig-size=\"640,360\" data-comments-opened=\"1\" data-image-meta=\"{&quot;aperture&quot;:&quot;0&quot;,&quot;credit&quot;:&quot;&quot;,&quot;camera&quot;:&quot;&quot;,&quot;caption&quot;:&quot;&quot;,&quot;created_timestamp&quot;:&quot;0&quot;,&quot;copyright&quot;:&quot;&quot;,&quot;focal_length&quot;:&quot;0&quot;,&quot;iso&quot;:&quot;0&quot;,&quot;shutter_speed&quot;:&quot;0&quot;,&quot;title&quot;:&quot;&quot;,&quot;orientation&quot;:&quot;0&quot;}\" data-image-title=\"-640-0&#8211;123416831-mediaitem123416828-1645796626\" data-image-description=\"\" data-image-caption=\"\" data-medium-file=\"https:\/\/i0.wp.com\/www.shqiperia.com\/blog\/wp-content\/uploads\/2022\/02\/640-0-123416831-mediaitem123416828-1645796626.jpg?fit=300%2C169&amp;ssl=1\" data-large-file=\"https:\/\/i0.wp.com\/www.shqiperia.com\/blog\/wp-content\/uploads\/2022\/02\/640-0-123416831-mediaitem123416828-1645796626.jpg?fit=640%2C360&amp;ssl=1\" class=\"alignnone  wp-image-54589\" alt=\"\" src=\"https:\/\/i0.wp.com\/www.shqiperia.com\/blog\/wp-content\/uploads\/2022\/02\/640-0-123416831-mediaitem123416828-1645796626.jpg?resize=660%2C372&#038;ssl=1\" width=\"660\" height=\"372\" srcset=\"https:\/\/i0.wp.com\/www.shqiperia.com\/blog\/wp-content\/uploads\/2022\/02\/640-0-123416831-mediaitem123416828-1645796626.jpg?resize=300%2C169&amp;ssl=1 300w, https:\/\/i0.wp.com\/www.shqiperia.com\/blog\/wp-content\/uploads\/2022\/02\/640-0-123416831-mediaitem123416828-1645796626.jpg?resize=450%2C253&amp;ssl=1 450w, https:\/\/i0.wp.com\/www.shqiperia.com\/blog\/wp-content\/uploads\/2022\/02\/640-0-123416831-mediaitem123416828-1645796626.jpg?resize=600%2C338&amp;ssl=1 600w, https:\/\/i0.wp.com\/www.shqiperia.com\/blog\/wp-content\/uploads\/2022\/02\/640-0-123416831-mediaitem123416828-1645796626.jpg?resize=400%2C225&amp;ssl=1 400w, https:\/\/i0.wp.com\/www.shqiperia.com\/blog\/wp-content\/uploads\/2022\/02\/640-0-123416831-mediaitem123416828-1645796626.jpg?w=640&amp;ssl=1 640w\" sizes=\"auto, (max-width: 660px) 100vw, 660px\" \/><\/p>\n<p>Refuzuan t&#8217;i dor\u00ebzohen luftanijes ruse, 13 ushtar\u00eb bombardohen duke mbrojtur Ishullin.<\/p>\n<p>&#8211; Ushtaret ishin nga 18 deri ne 22 vjec.<\/p>\n<p>Nga OraNews<\/p>\n<p>25 Shkurt 2022<\/p>\n<p>Qeveria e Ukrain\u00ebs do t\u00eb nderoj\u00eb nj\u00eb grup ushtar\u00ebsh q\u00eb vdiq\u00ebn duke mbrojtur nj\u00eb nga ishujt e vendit nga forcat ruse.<\/p>\n<p>Kievi thot\u00eb se humbi kontaktin me 13 roje kufitare t\u00eb vendosur n\u00eb ishullin Zmiinyi (Ishullin e Gjarp\u00ebrinjve), pasi ata refuzuan t\u00eb ndiqnin urdhrat e nj\u00eb luftanijeje ruse p\u00ebr t\u00eb dor\u00ebzuar arm\u00ebt e tyre.<\/p>\n<p>Ukraina thot\u00eb se ata m\u00eb pas u bombarduan nga ajri dhe deti.<\/p>\n<p>Por Rusia mohon t\u00eb ket\u00eb vrar\u00eb dik\u00eb dhe thot\u00eb se t\u00eb gjitha trupat jan\u00eb dor\u00ebzuar.<\/p>\n<p>Ishulli i vog\u00ebl \u00ebsht\u00eb 142 km (88 milje) n\u00eb jug t\u00eb Odessa n\u00eb Detin e Zi.<\/p>\n<p>N\u00eb regjistrimet audio t\u00eb paverifikuara t\u00eb l\u00ebshuara nga qeveria ukrainase, d\u00ebgjohen ushtar\u00ebt duke shk\u00ebmbyer komente me nj\u00eb luftanije ruse.<\/p>\n<p>&#8220;Kjo \u00ebsht\u00eb nj\u00eb anije luftarake ruse,&#8221; thot\u00eb nj\u00eb z\u00eb n\u00eb klip.<\/p>\n<p>&#8220;Un\u00eb ju propozoj t\u00eb lini arm\u00ebt dhe t\u00eb dor\u00ebzoheni p\u00ebr t\u00eb shmangur gjakderdhjen dhe viktimat e panevojshme. P\u00ebrndryshe do t\u00eb bombardoheni.&#8221;<\/p>\n<p>Sipas audios, ushtar\u00ebt ukrainas mund t\u00eb d\u00ebgjohen duke folur mes tyre duke r\u00ebn\u00eb dakord.<\/p>\n<p>M\u00eb pas ata p\u00ebrgjigjen: \u201cAnije luftarake ruse, shko n\u00eb ferr\u201d.<\/p>\n<p>Sipas Ukrain\u00ebs, k\u00ebto ishin fjal\u00ebt e fundit t\u00eb d\u00ebgjuara nga ishulli p\u00ebrpara se Rusia t\u00eb fillonte sulmet.<\/p>\n<p>&#8220;N\u00eb ishullin ton\u00eb Zmiinyi, duke e mbrojtur at\u00eb deri n\u00eb fund, t\u00eb gjith\u00eb rojet kufitare vdiq\u00ebn heroikisht,&#8221; vuri n\u00eb dukje Presidenti Volodymyr Zelensky.<\/p>\n<p>&#8220;Por ata nuk u dor\u00ebzuan. T\u00eb gjith\u00ebve do t&#8217;u jepet pas vdekjes titulli Hero i Ukrain\u00ebs. I p\u00ebrjetsh\u00ebm kujtimi p\u00ebr ata q\u00eb dhan\u00eb jet\u00ebn p\u00ebr Ukrain\u00ebn.&#8221;<\/p>\n","protected":false},"excerpt":{"rendered":"<p>Refuzuan t&#8217;i dor\u00ebzohen luftanijes ruse, 13 ushtar\u00eb bombardohen duke mbrojtur Ishullin. &#8211; Ushtaret ishin nga 18 deri ne 22 vjec. Nga OraNews 25 Shkurt 2022 Qeveria e Ukrain\u00ebs do t\u00eb nderoj\u00eb nj\u00eb grup ushtar\u00ebsh q\u00eb vdiq\u00ebn duke mbrojtur nj\u00eb nga ishujt e vendit nga forcat ruse. Kievi thot\u00eb se humbi kontaktin me 13 roje kufitare [&hellip;]<\/p>\n","protected":false},"author":9,"featured_media":54589,"comment_status":"open","ping_status":"open","sticky":false,"template":"","format":"standard","meta":{"jetpack_post_was_ever_published":false,"_jetpack_newsletter_access":"","_jetpack_dont_email_post_to_subs":false,"_jetpack_newsletter_tier_id":0,"_jetpack_memberships_contains_paywalled_content":false,"_jetpack_memberships_contains_paid_content":false,"footnotes":"","jetpack_publicize_message":"","jetpack_publicize_feature_enabled":true,"jetpack_social_post_already_shared":true,"jetpack_social_options":{"image_generator_settings":{"template":"highway","default_image_id":0,"font":"","enabled":false},"version":2}},"categories":[27,1,35],"tags":[],"class_list":["post-54588","post","type-post","status-publish","format-standard","has-post-thumbnail","hentry","category-blogu-i-udhetarit","category-njoftime-shtypi","category-shoqerore"],"jetpack_publicize_connections":[],"jetpack_featured_media_url":"https:\/\/i0.wp.com\/www.shqiperia.com\/blog\/wp-content\/uploads\/2022\/02\/640-0-123416831-mediaitem123416828-1645796626.jpg?fit=640%2C360&ssl=1","jetpack_sharing_enabled":true,"jetpack_shortlink":"https:\/\/wp.me\/p5Z6wp-ecs","jetpack-related-posts":[{"id":94596,"url":"https:\/\/www.shqiperia.com\/blog\/si-ndeshkohen-ruset-qe-refuzojne-te-luftojne-ekzekutime-tortura-dhe-duele-romake\/","url_meta":{"origin":54588,"position":0},"title":"Si nd\u00ebshkohen rus\u00ebt q\u00eb refuzojn\u00eb t\u00eb luftojn\u00eb, ekzekutime, tortura dhe duele romake","author":"Kurt Farka","date":"November 2, 2025","format":false,"excerpt":"3 Nentor 2025 The Guardian publikon nj\u00eb hetim zbulues nga media e pavarur Verstka \u2013 mbi 100 ushtarak\u00eb rus\u00eb akuzohen p\u00ebr vrasje, tortur\u00eb ose d\u00ebnim me vdekje kund\u00ebr koleg\u00ebve t\u00eb tyre. Komandant\u00ebt rus\u00eb po ekzekutojn\u00eb ose po i d\u00ebrgojn\u00eb q\u00ebllimisht drejt vdekjes s\u00eb sigurt ushtar\u00ebt q\u00eb refuzojn\u00eb t\u00eb luftojn\u00eb n\u00eb\u2026","rel":"","context":"In &quot;Blogu i Udh\u00ebtarit&quot;","block_context":{"text":"Blogu i Udh\u00ebtarit","link":"https:\/\/www.shqiperia.com\/blog\/category\/blogu-i-udhetarit\/"},"img":{"alt_text":"","src":"https:\/\/i0.wp.com\/www.shqiperia.com\/blog\/wp-content\/uploads\/2025\/11\/IMG_9108.webp?fit=1111%2C625&ssl=1&resize=350%2C200","width":350,"height":200,"srcset":"https:\/\/i0.wp.com\/www.shqiperia.com\/blog\/wp-content\/uploads\/2025\/11\/IMG_9108.webp?fit=1111%2C625&ssl=1&resize=350%2C200 1x, https:\/\/i0.wp.com\/www.shqiperia.com\/blog\/wp-content\/uploads\/2025\/11\/IMG_9108.webp?fit=1111%2C625&ssl=1&resize=525%2C300 1.5x, https:\/\/i0.wp.com\/www.shqiperia.com\/blog\/wp-content\/uploads\/2025\/11\/IMG_9108.webp?fit=1111%2C625&ssl=1&resize=700%2C400 2x, https:\/\/i0.wp.com\/www.shqiperia.com\/blog\/wp-content\/uploads\/2025\/11\/IMG_9108.webp?fit=1111%2C625&ssl=1&resize=1050%2C600 3x"},"classes":[]},{"id":55990,"url":"https:\/\/www.shqiperia.com\/blog\/ushtaret-ruse-vrasin-komandatin-e-tyre-e-shtypin-me-tank\/","url_meta":{"origin":54588,"position":1},"title":"Ushtar\u00ebt rus\u00eb vrasin komandatin e tyre, e shtypin me tank","author":"Kurt Farka","date":"March 26, 2022","format":false,"excerpt":"Ushtar\u00ebt rus\u00eb vrasin komandatin e tyre, e shtypin me tank 25 Mars 2022 Nj\u00eb kolonel rus, komandat i nj\u00eb brigade \u00ebsht\u00eb vrar\u00eb nga ushtar\u00ebt e tij t\u00eb cil\u00ebt b\u00ebn\u00eb kryengritje p\u00ebr shkak t\u00eb humbjeve t\u00eb m\u00ebdha n\u00eb njer\u00ebz q\u00eb kishte p\u00ebsuar brigada e tyre. Nj\u00eb tregues ky i pak\u00ebnaq\u00ebsis\u00eb mes\u2026","rel":"","context":"In &quot;Blogu i Udh\u00ebtarit&quot;","block_context":{"text":"Blogu i Udh\u00ebtarit","link":"https:\/\/www.shqiperia.com\/blog\/category\/blogu-i-udhetarit\/"},"img":{"alt_text":"","src":"https:\/\/i0.wp.com\/www.shqiperia.com\/blog\/wp-content\/uploads\/2022\/03\/rusi-1.png?fit=800%2C400&ssl=1&resize=350%2C200","width":350,"height":200,"srcset":"https:\/\/i0.wp.com\/www.shqiperia.com\/blog\/wp-content\/uploads\/2022\/03\/rusi-1.png?fit=800%2C400&ssl=1&resize=350%2C200 1x, https:\/\/i0.wp.com\/www.shqiperia.com\/blog\/wp-content\/uploads\/2022\/03\/rusi-1.png?fit=800%2C400&ssl=1&resize=525%2C300 1.5x, https:\/\/i0.wp.com\/www.shqiperia.com\/blog\/wp-content\/uploads\/2022\/03\/rusi-1.png?fit=800%2C400&ssl=1&resize=700%2C400 2x"},"classes":[]},{"id":57891,"url":"https:\/\/www.shqiperia.com\/blog\/me-varrosen-te-gjalle-ukrainasi-rrefen-tmerrin-e-kaluar-nga-ruset\/","url_meta":{"origin":54588,"position":2},"title":"\u201cM\u00eb varros\u00ebn t\u00eb gjall\u00eb\u201d, ukrainasi rr\u00ebfen tmerrin e kaluar nga rus\u00ebt","author":"Kurt Farka","date":"May 17, 2022","format":false,"excerpt":"\u201cM\u00eb varros\u00ebn t\u00eb gjall\u00eb\u201d, ukrainasi rr\u00ebfen tmerrin e kaluar nga rus\u00ebt 17 MAJ 2022 Nj\u00eb ukrainas ka rr\u00ebfyer tmerrin q\u00eb ka kaluar nga rus\u00ebt. Mykola Kulichenko \u00ebsht\u00eb q\u00eblluar nga ushtar\u00ebt rus\u00eb dhe e kan\u00eb varrosur t\u00eb gjall\u00eb n\u00eb rajonin verior t\u00eb Chernihiv t\u00eb Ukrain\u00ebs. Mykola tregon varrin e pash\u00ebnuar n\u00eb\u2026","rel":"","context":"In &quot;Histori&quot;","block_context":{"text":"Histori","link":"https:\/\/www.shqiperia.com\/blog\/category\/histori\/"},"img":{"alt_text":"","src":"https:\/\/i0.wp.com\/www.shqiperia.com\/blog\/wp-content\/uploads\/2022\/05\/800-0-6283ecb3a69e4.png?fit=800%2C419&ssl=1&resize=350%2C200","width":350,"height":200,"srcset":"https:\/\/i0.wp.com\/www.shqiperia.com\/blog\/wp-content\/uploads\/2022\/05\/800-0-6283ecb3a69e4.png?fit=800%2C419&ssl=1&resize=350%2C200 1x, https:\/\/i0.wp.com\/www.shqiperia.com\/blog\/wp-content\/uploads\/2022\/05\/800-0-6283ecb3a69e4.png?fit=800%2C419&ssl=1&resize=525%2C300 1.5x, https:\/\/i0.wp.com\/www.shqiperia.com\/blog\/wp-content\/uploads\/2022\/05\/800-0-6283ecb3a69e4.png?fit=800%2C419&ssl=1&resize=700%2C400 2x"},"classes":[]},{"id":57922,"url":"https:\/\/www.shqiperia.com\/blog\/do-tu-keputja-pjese-te-veshit-cdo-dite-nena-ruse-qe-urren-femijet-ukrainas-do-u-thoja-vdisni-vuani\/","url_meta":{"origin":54588,"position":3},"title":"\u201cDo t\u2019u k\u00ebputja pjes\u00eb t\u00eb veshit \u00e7do dit\u00eb\u201d, n\u00ebna ruse q\u00eb urren f\u00ebmij\u00ebt ukrainas: &#8211; Do u thoja vdisni, vuani","author":"Kurt Farka","date":"May 18, 2022","format":false,"excerpt":"\u201cDo t\u2019u k\u00ebputja pjes\u00eb t\u00eb veshit \u00e7do dit\u00eb\u201d, n\u00ebna ruse q\u00eb urren f\u00ebmij\u00ebt ukrainas: - Do u thoja vdisni, vuani 18 MAJ 2022 Zemerimi i Nenes ruse\u00a0ishte duksh\u00ebm p\u00ebr shkak t\u00eb raportimeve q\u00eb f\u00ebmij\u00ebt ukrainas refuzuan t\u00eb sh\u00ebnonin Dit\u00ebn e Fitores m\u00eb 9 maj, Nj\u00eb grua ruse q\u00eb i k\u00ebrkonte\u2026","rel":"","context":"In &quot;Histori&quot;","block_context":{"text":"Histori","link":"https:\/\/www.shqiperia.com\/blog\/category\/histori\/"},"img":{"alt_text":"","src":"https:\/\/i0.wp.com\/www.shqiperia.com\/blog\/wp-content\/uploads\/2022\/05\/Do-tu-keputja-pjese-te-veshit-cdo-dite-nena-ruse-qe-urren-femijet-ukrainas-Do-u-thoja-vdisni-vuani.png?fit=640%2C388&ssl=1&resize=350%2C200","width":350,"height":200,"srcset":"https:\/\/i0.wp.com\/www.shqiperia.com\/blog\/wp-content\/uploads\/2022\/05\/Do-tu-keputja-pjese-te-veshit-cdo-dite-nena-ruse-qe-urren-femijet-ukrainas-Do-u-thoja-vdisni-vuani.png?fit=640%2C388&ssl=1&resize=350%2C200 1x, https:\/\/i0.wp.com\/www.shqiperia.com\/blog\/wp-content\/uploads\/2022\/05\/Do-tu-keputja-pjese-te-veshit-cdo-dite-nena-ruse-qe-urren-femijet-ukrainas-Do-u-thoja-vdisni-vuani.png?fit=640%2C388&ssl=1&resize=525%2C300 1.5x"},"classes":[]},{"id":65532,"url":"https:\/\/www.shqiperia.com\/blog\/nyt-uashingtoni-u-perpoq-te-pengonte-kievin-te-vriste-shefin-e-shtabit-te-forcave-te-armatosura-ruse\/","url_meta":{"origin":54588,"position":4},"title":"NYT: &#8211; Uashingtoni u p\u00ebrpoq t\u00eb pengonte Kievin t\u00eb vriste shefin e shtabit t\u00eb Forcave t\u00eb Armatosura ruse","author":"Kurt Farka","date":"December 18, 2022","format":false,"excerpt":"18 Dhjetor 2022 Shtetet e Bashkuara u p\u00ebrpoq\u00ebn t\u00eb ndalonin ushtar\u00ebt ukrainas q\u00eb t\u00eb vrisnin shefin e shtabit t\u00eb Forcave t\u00eb Armatosura ruse. Zyrtar\u00ebt amerikan\u00eb zbuluan se gjenerali Valery Gerasimov po planifikonte nj\u00eb udh\u00ebtim n\u00eb vij\u00ebn e par\u00eb t\u00eb frontit, por ua fshehu informacionin ukrainasve, t\u00eb shqet\u00ebsuar se nj\u00eb tentativ\u00eb\u2026","rel":"","context":"In &quot;Blogu i Udh\u00ebtarit&quot;","block_context":{"text":"Blogu i Udh\u00ebtarit","link":"https:\/\/www.shqiperia.com\/blog\/category\/blogu-i-udhetarit\/"},"img":{"alt_text":"","src":"https:\/\/i0.wp.com\/www.shqiperia.com\/blog\/wp-content\/uploads\/2022\/12\/640-0-1671359007x1671347323-c25luoixm5pr7by4osarrivhj4-817.jpg?fit=640%2C361&ssl=1&resize=350%2C200","width":350,"height":200,"srcset":"https:\/\/i0.wp.com\/www.shqiperia.com\/blog\/wp-content\/uploads\/2022\/12\/640-0-1671359007x1671347323-c25luoixm5pr7by4osarrivhj4-817.jpg?fit=640%2C361&ssl=1&resize=350%2C200 1x, https:\/\/i0.wp.com\/www.shqiperia.com\/blog\/wp-content\/uploads\/2022\/12\/640-0-1671359007x1671347323-c25luoixm5pr7by4osarrivhj4-817.jpg?fit=640%2C361&ssl=1&resize=525%2C300 1.5x"},"classes":[]},{"id":30192,"url":"https:\/\/www.shqiperia.com\/blog\/kush-shkel-aty-vdes-njihuni-me-ishullin-e-vetem-ne-toke-qe-askush-nuk-guxon-te-shkoje\/","url_meta":{"origin":54588,"position":5},"title":"\u201cKush shkel aty, vdes\u201d, njihuni me ishullin e vet\u00ebm n\u00eb Tok\u00eb q\u00eb askush nuk guxon t\u00eb shkoj\u00eb.","author":"Kurt Farka","date":"January 10, 2020","format":false,"excerpt":"\u201cKush shkel aty, vdes\u201d, njihuni me ishullin e vet\u00ebm n\u00eb Tok\u00eb q\u00eb askush nuk guxon t\u00eb shkoj\u00eb T\u00eb gjith\u00eb e din\u00eb q\u00eb nuk ka asnj\u00eb vend n\u00eb hart\u00ebn e planetit Tok\u00eb q\u00eb nuk \u00ebsht\u00eb eksploruar nga njer\u00ebzit. Por ja q\u00eb \u00ebsht\u00eb nj\u00eb vend ku as aventurieri m\u00eb guximtar nuk ka\u2026","rel":"","context":"In &quot;Blogu i Udh\u00ebtarit&quot;","block_context":{"text":"Blogu i Udh\u00ebtarit","link":"https:\/\/www.shqiperia.com\/blog\/category\/blogu-i-udhetarit\/"},"img":{"alt_text":"","src":"https:\/\/i0.wp.com\/www.shqiperia.com\/blog\/wp-content\/uploads\/2020\/01\/ishullio.jpg?fit=520%2C281&ssl=1&resize=350%2C200","width":350,"height":200},"classes":[]}],"_links":{"self":[{"href":"https:\/\/www.shqiperia.com\/blog\/wp-json\/wp\/v2\/posts\/54588","targetHints":{"allow":["GET"]}}],"collection":[{"href":"https:\/\/www.shqiperia.com\/blog\/wp-json\/wp\/v2\/posts"}],"about":[{"href":"https:\/\/www.shqiperia.com\/blog\/wp-json\/wp\/v2\/types\/post"}],"author":[{"embeddable":true,"href":"https:\/\/www.shqiperia.com\/blog\/wp-json\/wp\/v2\/users\/9"}],"replies":[{"embeddable":true,"href":"https:\/\/www.shqiperia.com\/blog\/wp-json\/wp\/v2\/comments?post=54588"}],"version-history":[{"count":1,"href":"https:\/\/www.shqiperia.com\/blog\/wp-json\/wp\/v2\/posts\/54588\/revisions"}],"predecessor-version":[{"id":54590,"href":"https:\/\/www.shqiperia.com\/blog\/wp-json\/wp\/v2\/posts\/54588\/revisions\/54590"}],"wp:featuredmedia":[{"embeddable":true,"href":"https:\/\/www.shqiperia.com\/blog\/wp-json\/wp\/v2\/media\/54589"}],"wp:attachment":[{"href":"https:\/\/www.shqiperia.com\/blog\/wp-json\/wp\/v2\/media?parent=54588"}],"wp:term":[{"taxonomy":"category","embeddable":true,"href":"https:\/\/www.shqiperia.com\/blog\/wp-json\/wp\/v2\/categories?post=54588"},{"taxonomy":"post_tag","embeddable":true,"href":"https:\/\/www.shqiperia.com\/blog\/wp-json\/wp\/v2\/tags?post=54588"}],"curies":[{"name":"wp","href":"https:\/\/api.w.org\/{rel}","templated":true}]}}