{"id":54582,"date":"2022-02-26T11:35:35","date_gmt":"2022-02-26T11:35:35","guid":{"rendered":"https:\/\/www.shqiperia.com\/blog\/?p=54582"},"modified":"2022-02-26T11:38:11","modified_gmt":"2022-02-26T11:38:11","slug":"arma-sekrete-e-ukraines-kush-eshte-fantazma-e-kievit-piloti-qe-po-tmerron-ruset","status":"publish","type":"post","link":"https:\/\/www.shqiperia.com\/blog\/arma-sekrete-e-ukraines-kush-eshte-fantazma-e-kievit-piloti-qe-po-tmerron-ruset\/","title":{"rendered":"Arma sekrete e Ukrain\u00ebs Kush \u00ebsht\u00eb \u201cFantazma e Kievit\u201d, piloti q\u00eb po tmerron rus\u00ebt"},"content":{"rendered":"<p><img data-recalc-dims=\"1\" loading=\"lazy\" decoding=\"async\" data-attachment-id=\"54584\" data-permalink=\"https:\/\/www.shqiperia.com\/blog\/arma-sekrete-e-ukraines-kush-eshte-fantazma-e-kievit-piloti-qe-po-tmerron-ruset\/fantazma-e-kievit-300x168\/\" data-orig-file=\"https:\/\/i0.wp.com\/www.shqiperia.com\/blog\/wp-content\/uploads\/2022\/02\/fantazma-e-Kievit-300x168-1.png?fit=300%2C168&amp;ssl=1\" data-orig-size=\"300,168\" data-comments-opened=\"1\" data-image-meta=\"{&quot;aperture&quot;:&quot;0&quot;,&quot;credit&quot;:&quot;&quot;,&quot;camera&quot;:&quot;&quot;,&quot;caption&quot;:&quot;&quot;,&quot;created_timestamp&quot;:&quot;0&quot;,&quot;copyright&quot;:&quot;&quot;,&quot;focal_length&quot;:&quot;0&quot;,&quot;iso&quot;:&quot;0&quot;,&quot;shutter_speed&quot;:&quot;0&quot;,&quot;title&quot;:&quot;&quot;,&quot;orientation&quot;:&quot;0&quot;}\" data-image-title=\"fantazma-e-Kievit-300&#215;168\" data-image-description=\"\" data-image-caption=\"\" data-medium-file=\"https:\/\/i0.wp.com\/www.shqiperia.com\/blog\/wp-content\/uploads\/2022\/02\/fantazma-e-Kievit-300x168-1.png?fit=300%2C168&amp;ssl=1\" data-large-file=\"https:\/\/i0.wp.com\/www.shqiperia.com\/blog\/wp-content\/uploads\/2022\/02\/fantazma-e-Kievit-300x168-1.png?fit=300%2C168&amp;ssl=1\" class=\"alignnone wp-image-54584\" alt=\"\" src=\"https:\/\/i0.wp.com\/www.shqiperia.com\/blog\/wp-content\/uploads\/2022\/02\/fantazma-e-Kievit-300x168-1.png?resize=555%2C311&#038;ssl=1\" width=\"555\" height=\"311\" \/><\/p>\n<p>Arma sekrete e Ukrain\u00ebs Kush \u00ebsht\u00eb \u201cFantazma e Kievit\u201d, piloti q\u00eb po tmerron rus\u00ebt<\/p>\n<p>&#8211; 26.02.22<\/p>\n<p>Teksa Rusia tanim\u00eb ka hyr\u00eb n\u00eb dit\u00ebn e saj t\u00eb tret\u00eb t\u00eb pushtimit t\u00eb Ukrain\u00ebs, n\u00eb Twitter po qarkullon me shpejt\u00ebsi nj\u00eb \u201clegjend\u00eb urbane\u201d, q\u00eb ka t\u00eb b\u00ebj\u00eb me historin\u00eb e nj\u00eb piloti ukrainas t\u00eb aeroplanit luftarak, q\u00eb deri m\u00eb tani ka arritur t\u00eb rr\u00ebzoj\u00eb gjasht\u00eb aeroplan\u00eb rus\u00eb.<\/p>\n<p>Piloti tashm\u00eb ka marr\u00eb nofk\u00ebn \u201cFantazma e Kievit\u201d, por deri m\u00eb tani nuk ka ndonj\u00eb konfirmim zyrtar p\u00ebr identitetin e tij. Nd\u00ebrkoh\u00eb jan\u00eb publikuar fotografit\u00eb e aeroplanit q\u00eb fluturon mbi qytetet ukrainase, dhe po shkat\u00ebrron aeroplan\u00ebt e armikut.<\/p>\n<p>Heroi i Ukrain\u00ebs tani \u00ebsht\u00eb nj\u00eb \u201clegjend\u00eb urbane\u201d, pasi ka pak pilot\u00eb t\u00eb aeroplan\u00ebve luftarak q\u00eb kan\u00eb arritur t\u00eb shkat\u00ebrrojn\u00eb nj\u00eb num\u00ebr kaq t\u00eb madh t\u00eb fluturakeve t\u00eb armikut.<\/p>\n<p>Megjithat\u00eb, p\u00ebr \u201cFantazm\u00ebn e Kievit\u201d q\u00eb fluturon me MiG-29 po flitet shum\u00eb, ai t\u00eb enjten rr\u00ebzoi gjasht\u00eb aeroplan\u00eb rus\u00eb \u2013 duke u b\u00ebr\u00eb \u201casi fluturues\u201d i shekullit XXI.<\/p>\n<p>\u201cAsi fluturues\u201d konsiderohen pilot\u00ebt q\u00eb kan\u00eb rr\u00ebzuar pes\u00eb apo m\u00eb shum\u00eb aeroplan\u00eb t\u00eb armikut gjat\u00eb luftimeve \u2013 q\u00eb \u00ebsht\u00eb nj\u00eb mision tejet i v\u00ebshtir\u00eb.<\/p>\n<div id=\"attachment_54585\" style=\"width: 844px\" class=\"wp-caption alignnone\"><img data-recalc-dims=\"1\" loading=\"lazy\" decoding=\"async\" aria-describedby=\"caption-attachment-54585\" data-attachment-id=\"54585\" data-permalink=\"https:\/\/www.shqiperia.com\/blog\/arma-sekrete-e-ukraines-kush-eshte-fantazma-e-kievit-piloti-qe-po-tmerron-ruset\/640-0-62194c493be8a\/\" data-orig-file=\"https:\/\/i0.wp.com\/www.shqiperia.com\/blog\/wp-content\/uploads\/2022\/02\/640-0-62194c493be8a.png?fit=640%2C342&amp;ssl=1\" data-orig-size=\"640,342\" data-comments-opened=\"1\" data-image-meta=\"{&quot;aperture&quot;:&quot;0&quot;,&quot;credit&quot;:&quot;&quot;,&quot;camera&quot;:&quot;&quot;,&quot;caption&quot;:&quot;&quot;,&quot;created_timestamp&quot;:&quot;0&quot;,&quot;copyright&quot;:&quot;&quot;,&quot;focal_length&quot;:&quot;0&quot;,&quot;iso&quot;:&quot;0&quot;,&quot;shutter_speed&quot;:&quot;0&quot;,&quot;title&quot;:&quot;&quot;,&quot;orientation&quot;:&quot;0&quot;}\" data-image-title=\"640-0-62194c493be8a\" data-image-description=\"\" data-image-caption=\"&lt;p&gt;Arma sekrete e Ukrain\u00ebs Kush \u00ebsht\u00eb \u201cFantazma e Kievit\u201d, piloti q\u00eb po tmerron rus\u00ebt&lt;\/p&gt;\n\" data-medium-file=\"https:\/\/i0.wp.com\/www.shqiperia.com\/blog\/wp-content\/uploads\/2022\/02\/640-0-62194c493be8a.png?fit=300%2C160&amp;ssl=1\" data-large-file=\"https:\/\/i0.wp.com\/www.shqiperia.com\/blog\/wp-content\/uploads\/2022\/02\/640-0-62194c493be8a.png?fit=640%2C342&amp;ssl=1\" class=\" wp-image-54585\" alt=\"\" src=\"https:\/\/i0.wp.com\/www.shqiperia.com\/blog\/wp-content\/uploads\/2022\/02\/640-0-62194c493be8a.png?resize=834%2C445&#038;ssl=1\" width=\"834\" height=\"445\" srcset=\"https:\/\/i0.wp.com\/www.shqiperia.com\/blog\/wp-content\/uploads\/2022\/02\/640-0-62194c493be8a.png?resize=300%2C160&amp;ssl=1 300w, https:\/\/i0.wp.com\/www.shqiperia.com\/blog\/wp-content\/uploads\/2022\/02\/640-0-62194c493be8a.png?resize=450%2C240&amp;ssl=1 450w, https:\/\/i0.wp.com\/www.shqiperia.com\/blog\/wp-content\/uploads\/2022\/02\/640-0-62194c493be8a.png?resize=600%2C321&amp;ssl=1 600w, https:\/\/i0.wp.com\/www.shqiperia.com\/blog\/wp-content\/uploads\/2022\/02\/640-0-62194c493be8a.png?resize=400%2C214&amp;ssl=1 400w, https:\/\/i0.wp.com\/www.shqiperia.com\/blog\/wp-content\/uploads\/2022\/02\/640-0-62194c493be8a.png?w=640&amp;ssl=1 640w\" sizes=\"auto, (max-width: 834px) 100vw, 834px\" \/><p id=\"caption-attachment-54585\" class=\"wp-caption-text\">Arma sekrete e Ukrain\u00ebs Kush \u00ebsht\u00eb \u201cFantazma e Kievit\u201d, piloti q\u00eb po tmerron rus\u00ebt<\/p><\/div>\n<p>\u201cFantazma e Kievit\u201d deri m\u00eb tani ka rr\u00ebzuar dy aeroplan\u00eb Su-35, nj\u00eb Su-27, nj\u00eb MiG-29 dhe dy Su-25.<\/p>\n<p>Rreth or\u00ebs 4:20 t\u00eb m\u00ebngjesit t\u00eb enjtes n\u00eb pjes\u00ebn qendrore t\u00eb Kievit jan\u00eb par\u00eb copat e aeroplan\u00ebve n\u00ebp\u00ebr lagje t\u00eb ndryshme, e Ministria ukrainase e Mbrojtjes ka konfirmuar se jan\u00eb shkat\u00ebrruar fluturaket ruse.<\/p>\n<p>Gazeta Shqiptare<\/p>\n","protected":false},"excerpt":{"rendered":"<p>Arma sekrete e Ukrain\u00ebs Kush \u00ebsht\u00eb \u201cFantazma e Kievit\u201d, piloti q\u00eb po tmerron rus\u00ebt &#8211; 26.02.22 Teksa Rusia tanim\u00eb ka hyr\u00eb n\u00eb dit\u00ebn e saj t\u00eb tret\u00eb t\u00eb pushtimit t\u00eb Ukrain\u00ebs, n\u00eb Twitter po qarkullon me shpejt\u00ebsi nj\u00eb \u201clegjend\u00eb urbane\u201d, q\u00eb ka t\u00eb b\u00ebj\u00eb me historin\u00eb e nj\u00eb piloti ukrainas t\u00eb aeroplanit luftarak, q\u00eb deri [&hellip;]<\/p>\n","protected":false},"author":9,"featured_media":54584,"comment_status":"open","ping_status":"open","sticky":false,"template":"","format":"standard","meta":{"jetpack_post_was_ever_published":false,"_jetpack_newsletter_access":"","_jetpack_dont_email_post_to_subs":false,"_jetpack_newsletter_tier_id":0,"_jetpack_memberships_contains_paywalled_content":false,"_jetpack_memberships_contains_paid_content":false,"footnotes":"","jetpack_publicize_message":"","jetpack_publicize_feature_enabled":true,"jetpack_social_post_already_shared":true,"jetpack_social_options":{"image_generator_settings":{"template":"highway","default_image_id":0,"font":"","enabled":false},"version":2}},"categories":[27,14,35],"tags":[],"class_list":["post-54582","post","type-post","status-publish","format-standard","has-post-thumbnail","hentry","category-blogu-i-udhetarit","category-press-releases","category-shoqerore"],"jetpack_publicize_connections":[],"jetpack_featured_media_url":"https:\/\/i0.wp.com\/www.shqiperia.com\/blog\/wp-content\/uploads\/2022\/02\/fantazma-e-Kievit-300x168-1.png?fit=300%2C168&ssl=1","jetpack_sharing_enabled":true,"jetpack_shortlink":"https:\/\/wp.me\/p5Z6wp-ecm","jetpack-related-posts":[{"id":54649,"url":"https:\/\/www.shqiperia.com\/blog\/ruset-hyjne-ne-qytetin-harkiv-shperthim-ne-nje-depo-nafte-jashte-kievit\/","url_meta":{"origin":54582,"position":0},"title":"Rus\u00ebt hyjn\u00eb n\u00eb qytetin Harkiv, shp\u00ebrthim n\u00eb nj\u00eb depo naft\u00eb jasht\u00eb Kievit","author":"Kurt Farka","date":"February 27, 2022","format":false,"excerpt":"Rus\u00ebt hyjn\u00eb n\u00eb qytetin Harkiv, shp\u00ebrthim n\u00eb nj\u00eb depo naft\u00eb jasht\u00eb Kievit Nga OraNews 27 Shkurt 2022 Pavar\u00ebsisht paralajm\u00ebrimeve t\u00eb nat\u00ebs s\u00eb kaluar q\u00eb kryeqyteti i Ukrain\u00ebs do t\u00eb sulmohej nga raketat ruse, goditjet ajrore nuk kan\u00eb ndodhur ende, ndon\u00ebse ka pasur shp\u00ebrthime jasht\u00eb qytetit. Autoritetet kan\u00eb th\u00ebn\u00eb se sulmi\u2026","rel":"","context":"In &quot;Blogu i Udh\u00ebtarit&quot;","block_context":{"text":"Blogu i Udh\u00ebtarit","link":"https:\/\/www.shqiperia.com\/blog\/category\/blogu-i-udhetarit\/"},"img":{"alt_text":"","src":"https:\/\/i0.wp.com\/www.shqiperia.com\/blog\/wp-content\/uploads\/2022\/02\/640-0-3189290-1645943413.jpg?fit=640%2C360&ssl=1&resize=350%2C200","width":350,"height":200,"srcset":"https:\/\/i0.wp.com\/www.shqiperia.com\/blog\/wp-content\/uploads\/2022\/02\/640-0-3189290-1645943413.jpg?fit=640%2C360&ssl=1&resize=350%2C200 1x, https:\/\/i0.wp.com\/www.shqiperia.com\/blog\/wp-content\/uploads\/2022\/02\/640-0-3189290-1645943413.jpg?fit=640%2C360&ssl=1&resize=525%2C300 1.5x"},"classes":[]},{"id":54787,"url":"https:\/\/www.shqiperia.com\/blog\/ndihma-ushtarake-nga-e-gjithe-bota-drejt-ukraines-kush-po-lufton-ke\/","url_meta":{"origin":54582,"position":1},"title":"Ndihma ushtarake nga e gjith\u00eb bota drejt Ukrain\u00ebs \u2013 kush po lufton k\u00eb?","author":"Kurt Farka","date":"March 2, 2022","format":false,"excerpt":"Ndihma ushtarake nga e gjith\u00eb bota drejt Ukrain\u00ebs \u2013 kush po lufton k\u00eb? 1 Mars 2022 Edhe shtete neutrale si Suedia kan\u00eb nisur t\u00eb d\u00ebrgojn\u00eb arm\u00eb dhe ndihma ushtarake drejt Ukrain\u00ebs. N\u00eb nj\u00eb koh\u00eb kur konflikti po avancon dita dit\u00ebs, duket se shum\u00eb shpejt ai mund t\u00eb kthehet n\u00eb nj\u00eb\u2026","rel":"","context":"In &quot;Blogu i Udh\u00ebtarit&quot;","block_context":{"text":"Blogu i Udh\u00ebtarit","link":"https:\/\/www.shqiperia.com\/blog\/category\/blogu-i-udhetarit\/"},"img":{"alt_text":"","src":"https:\/\/i0.wp.com\/www.shqiperia.com\/blog\/wp-content\/uploads\/2022\/03\/prishtina-entry-view-picture-west-55469194.jpg?fit=905%2C450&ssl=1&resize=350%2C200","width":350,"height":200,"srcset":"https:\/\/i0.wp.com\/www.shqiperia.com\/blog\/wp-content\/uploads\/2022\/03\/prishtina-entry-view-picture-west-55469194.jpg?fit=905%2C450&ssl=1&resize=350%2C200 1x, https:\/\/i0.wp.com\/www.shqiperia.com\/blog\/wp-content\/uploads\/2022\/03\/prishtina-entry-view-picture-west-55469194.jpg?fit=905%2C450&ssl=1&resize=525%2C300 1.5x, https:\/\/i0.wp.com\/www.shqiperia.com\/blog\/wp-content\/uploads\/2022\/03\/prishtina-entry-view-picture-west-55469194.jpg?fit=905%2C450&ssl=1&resize=700%2C400 2x"},"classes":[]},{"id":76404,"url":"https:\/\/www.shqiperia.com\/blog\/vullnetaret-nga-rusia-po-i-bashkohen-radheve-te-ushtrise-se-ukraines\/","url_meta":{"origin":54582,"position":2},"title":"Vullnetar\u00ebt nga Rusia po i bashkohen radh\u00ebve t\u00eb ushtris\u00eb s\u00eb Ukrain\u00ebs","author":"Kurt Farka","date":"December 15, 2023","format":false,"excerpt":"15 Dhjetor 2023 T\u00eb tronditur nga lufta e Mosk\u00ebs, vullnetar\u00ebt rus\u00eb po i bashkohen radh\u00ebve t\u00eb ushtris\u00eb s\u00eb Ukrain\u00ebs p\u00ebr t\u00eb luftuar kund\u00ebr trupave t\u00eb Vladimir Putinit. Kur Moska hyri n\u00eb Ukrain\u00eb, nj\u00eb i ri rus, i cili ka nofk\u00ebn Karabas, ishte d\u00ebshp\u00ebruar, raporton euronews. I tronditur nga imazhet e\u2026","rel":"","context":"In &quot;Blogu i Udh\u00ebtarit&quot;","block_context":{"text":"Blogu i Udh\u00ebtarit","link":"https:\/\/www.shqiperia.com\/blog\/category\/blogu-i-udhetarit\/"},"img":{"alt_text":"","src":"https:\/\/i0.wp.com\/www.shqiperia.com\/blog\/wp-content\/uploads\/2023\/12\/640-0-57add09bbf86915a749e7360f4e94f20.jpg?fit=640%2C360&ssl=1&resize=350%2C200","width":350,"height":200,"srcset":"https:\/\/i0.wp.com\/www.shqiperia.com\/blog\/wp-content\/uploads\/2023\/12\/640-0-57add09bbf86915a749e7360f4e94f20.jpg?fit=640%2C360&ssl=1&resize=350%2C200 1x, https:\/\/i0.wp.com\/www.shqiperia.com\/blog\/wp-content\/uploads\/2023\/12\/640-0-57add09bbf86915a749e7360f4e94f20.jpg?fit=640%2C360&ssl=1&resize=525%2C300 1.5x"},"classes":[]},{"id":54597,"url":"https:\/\/www.shqiperia.com\/blog\/pushtimi-nuk-po-ecen-sipas-planit-rusia-fut-ne-ukraine-armen-shkaterrimtare\/","url_meta":{"origin":54582,"position":3},"title":"Pushtimi nuk po ec\u00ebn sipas planit, Rusia fut n\u00eb Ukrain\u00eb arm\u00ebn shkat\u00ebrrimtare","author":"Kurt Farka","date":"February 26, 2022","format":false,"excerpt":"Pushtimi nuk po ec\u00ebn sipas planit, Rusia fut n\u00eb Ukrain\u00eb arm\u00ebn shkat\u00ebrrimtare 26 SHKURT 2022 \u2026 Ka edhe disa trupa ruse q\u00eb po kthehen. Me sa duket rus\u00ebt po b\u00ebjn\u00eb rotacion t\u00eb forcave t\u00eb tyre atje, p\u00ebr t\u00eb vijuar operacionin ushtarak\u201d Gazetari i CNN, Frederik Pleitgen raporton se rus\u00ebt po\u2026","rel":"","context":"In &quot;Blogu i Udh\u00ebtarit&quot;","block_context":{"text":"Blogu i Udh\u00ebtarit","link":"https:\/\/www.shqiperia.com\/blog\/category\/blogu-i-udhetarit\/"},"img":{"alt_text":"","src":"https:\/\/i0.wp.com\/www.shqiperia.com\/blog\/wp-content\/uploads\/2022\/02\/800-0-a37061644231b17923ee874bfee568e6.png?fit=800%2C450&ssl=1&resize=350%2C200","width":350,"height":200,"srcset":"https:\/\/i0.wp.com\/www.shqiperia.com\/blog\/wp-content\/uploads\/2022\/02\/800-0-a37061644231b17923ee874bfee568e6.png?fit=800%2C450&ssl=1&resize=350%2C200 1x, https:\/\/i0.wp.com\/www.shqiperia.com\/blog\/wp-content\/uploads\/2022\/02\/800-0-a37061644231b17923ee874bfee568e6.png?fit=800%2C450&ssl=1&resize=525%2C300 1.5x, https:\/\/i0.wp.com\/www.shqiperia.com\/blog\/wp-content\/uploads\/2022\/02\/800-0-a37061644231b17923ee874bfee568e6.png?fit=800%2C450&ssl=1&resize=700%2C400 2x"},"classes":[]},{"id":54259,"url":"https:\/\/www.shqiperia.com\/blog\/ruset-nxjerrin-armet-berthamore-deklarata-e-forte-pas-ukraines-radhen-e-ka\/","url_meta":{"origin":54582,"position":4},"title":"Rus\u00ebt nxjerrin arm\u00ebt b\u00ebrthamore. &#8211; \u00a0Deklarata e fort\u00eb: &#8220;Pas Ukrain\u00ebs, radh\u00ebn e ka&#8230;&#8221;","author":"Kurt Farka","date":"February 20, 2022","format":false,"excerpt":"Rus\u00ebt nxjerrin arm\u00ebt b\u00ebrthamore. - \u00a0Deklarata e fort\u00eb: \"Pas Ukrain\u00ebs, radh\u00ebn e ka...\" \u2026 sekretarja e Jashtme britanike, paralajm\u00ebron se n\u00ebse nuk merren masa tani, pushtimi nuk p\u00ebrfundon n\u00eb Ukrain\u00eb, por vjen deri n\u00eb Ballkan. 20 SHKURT\u00a0 2022 Nj\u00eb tymnaj\u00eb e madhe \u00ebsht\u00eb krijuar n\u00eb kufirin ruso-ukrainas pasi rus\u00ebt kan\u00eb\u2026","rel":"","context":"In &quot;Blogu i Udh\u00ebtarit&quot;","block_context":{"text":"Blogu i Udh\u00ebtarit","link":"https:\/\/www.shqiperia.com\/blog\/category\/blogu-i-udhetarit\/"},"img":{"alt_text":"","src":"https:\/\/i0.wp.com\/www.shqiperia.com\/blog\/wp-content\/uploads\/2022\/02\/640-0-621283ff83d97.jpg?fit=640%2C335&ssl=1&resize=350%2C200","width":350,"height":200,"srcset":"https:\/\/i0.wp.com\/www.shqiperia.com\/blog\/wp-content\/uploads\/2022\/02\/640-0-621283ff83d97.jpg?fit=640%2C335&ssl=1&resize=350%2C200 1x, https:\/\/i0.wp.com\/www.shqiperia.com\/blog\/wp-content\/uploads\/2022\/02\/640-0-621283ff83d97.jpg?fit=640%2C335&ssl=1&resize=525%2C300 1.5x"},"classes":[]},{"id":55341,"url":"https:\/\/www.shqiperia.com\/blog\/rusia-do-te-perdore-trupat-e-ukrainasve-te-vdekur-per-nje-sulm-te-rreme-ne-cernobil\/","url_meta":{"origin":54582,"position":5},"title":"Rusia do t\u00eb p\u00ebrdor\u00eb trupat e ukrainasve t\u00eb vdekur p\u00ebr nj\u00eb sulm t\u00eb rrem\u00eb n\u00eb \u00c7ernobil","author":"Kurt Farka","date":"March 12, 2022","format":false,"excerpt":"Rusia do t\u00eb p\u00ebrdor\u00eb trupat e ukrainasve t\u00eb vdekur p\u00ebr nj\u00eb sulm t\u00eb rrem\u00eb n\u00eb \u00c7ernobil 12 MARS 2022 Rusia po grumbullon trupat e ukrainasve t\u00eb vdekur p\u00ebr t\u00eb organizuar nj\u00eb sulm t\u00eb rrem\u00eb n\u00eb \u00c7ernobil , duke l\u00ebshuar mbetje radioaktive n\u00eb nj\u00eb \u2018katastrof\u00eb t\u00eb shkaktuar nga njeriu\u2019 q\u00eb do\u2026","rel":"","context":"In &quot;Blogu i Udh\u00ebtarit&quot;","block_context":{"text":"Blogu i Udh\u00ebtarit","link":"https:\/\/www.shqiperia.com\/blog\/category\/blogu-i-udhetarit\/"},"img":{"alt_text":"","src":"https:\/\/i0.wp.com\/www.shqiperia.com\/blog\/wp-content\/uploads\/2022\/03\/Cernobili.png?fit=640%2C362&ssl=1&resize=350%2C200","width":350,"height":200,"srcset":"https:\/\/i0.wp.com\/www.shqiperia.com\/blog\/wp-content\/uploads\/2022\/03\/Cernobili.png?fit=640%2C362&ssl=1&resize=350%2C200 1x, https:\/\/i0.wp.com\/www.shqiperia.com\/blog\/wp-content\/uploads\/2022\/03\/Cernobili.png?fit=640%2C362&ssl=1&resize=525%2C300 1.5x"},"classes":[]}],"_links":{"self":[{"href":"https:\/\/www.shqiperia.com\/blog\/wp-json\/wp\/v2\/posts\/54582","targetHints":{"allow":["GET"]}}],"collection":[{"href":"https:\/\/www.shqiperia.com\/blog\/wp-json\/wp\/v2\/posts"}],"about":[{"href":"https:\/\/www.shqiperia.com\/blog\/wp-json\/wp\/v2\/types\/post"}],"author":[{"embeddable":true,"href":"https:\/\/www.shqiperia.com\/blog\/wp-json\/wp\/v2\/users\/9"}],"replies":[{"embeddable":true,"href":"https:\/\/www.shqiperia.com\/blog\/wp-json\/wp\/v2\/comments?post=54582"}],"version-history":[{"count":3,"href":"https:\/\/www.shqiperia.com\/blog\/wp-json\/wp\/v2\/posts\/54582\/revisions"}],"predecessor-version":[{"id":54587,"href":"https:\/\/www.shqiperia.com\/blog\/wp-json\/wp\/v2\/posts\/54582\/revisions\/54587"}],"wp:featuredmedia":[{"embeddable":true,"href":"https:\/\/www.shqiperia.com\/blog\/wp-json\/wp\/v2\/media\/54584"}],"wp:attachment":[{"href":"https:\/\/www.shqiperia.com\/blog\/wp-json\/wp\/v2\/media?parent=54582"}],"wp:term":[{"taxonomy":"category","embeddable":true,"href":"https:\/\/www.shqiperia.com\/blog\/wp-json\/wp\/v2\/categories?post=54582"},{"taxonomy":"post_tag","embeddable":true,"href":"https:\/\/www.shqiperia.com\/blog\/wp-json\/wp\/v2\/tags?post=54582"}],"curies":[{"name":"wp","href":"https:\/\/api.w.org\/{rel}","templated":true}]}}