{"id":54578,"date":"2022-02-26T10:51:29","date_gmt":"2022-02-26T10:51:29","guid":{"rendered":"https:\/\/www.shqiperia.com\/blog\/?p=54578"},"modified":"2022-02-26T10:54:20","modified_gmt":"2022-02-26T10:54:20","slug":"presidenti-i-ukraines-i-pergjigjet-biden-per-oferten-per-evakuim-kam-nevoje-per-municion-jo-nje-udhetim","status":"publish","type":"post","link":"https:\/\/www.shqiperia.com\/blog\/presidenti-i-ukraines-i-pergjigjet-biden-per-oferten-per-evakuim-kam-nevoje-per-municion-jo-nje-udhetim\/","title":{"rendered":"Presidenti i Ukrain\u00ebs i p\u00ebrgjigjet Biden p\u00ebr ofert\u00ebn p\u00ebr evakuim.  \u201cKam nevoj\u00eb p\u00ebr municion, jo nj\u00eb udh\u00ebtim\u201d"},"content":{"rendered":"<p><img data-recalc-dims=\"1\" loading=\"lazy\" decoding=\"async\" data-attachment-id=\"54579\" data-permalink=\"https:\/\/www.shqiperia.com\/blog\/presidenti-i-ukraines-i-pergjigjet-biden-per-oferten-per-evakuim-kam-nevoje-per-municion-jo-nje-udhetim\/640-0-621a036bcff12\/\" data-orig-file=\"https:\/\/i0.wp.com\/www.shqiperia.com\/blog\/wp-content\/uploads\/2022\/02\/640-0-621a036bcff12.jpg?fit=640%2C309&amp;ssl=1\" data-orig-size=\"640,309\" data-comments-opened=\"1\" data-image-meta=\"{&quot;aperture&quot;:&quot;0&quot;,&quot;credit&quot;:&quot;&quot;,&quot;camera&quot;:&quot;&quot;,&quot;caption&quot;:&quot;&quot;,&quot;created_timestamp&quot;:&quot;0&quot;,&quot;copyright&quot;:&quot;&quot;,&quot;focal_length&quot;:&quot;0&quot;,&quot;iso&quot;:&quot;0&quot;,&quot;shutter_speed&quot;:&quot;0&quot;,&quot;title&quot;:&quot;&quot;,&quot;orientation&quot;:&quot;0&quot;}\" data-image-title=\"-640-0-621a036bcff12\" data-image-description=\"\" data-image-caption=\"\" data-medium-file=\"https:\/\/i0.wp.com\/www.shqiperia.com\/blog\/wp-content\/uploads\/2022\/02\/640-0-621a036bcff12.jpg?fit=300%2C145&amp;ssl=1\" data-large-file=\"https:\/\/i0.wp.com\/www.shqiperia.com\/blog\/wp-content\/uploads\/2022\/02\/640-0-621a036bcff12.jpg?fit=640%2C309&amp;ssl=1\" class=\"alignnone wp-image-54579\" alt=\"\" src=\"https:\/\/i0.wp.com\/www.shqiperia.com\/blog\/wp-content\/uploads\/2022\/02\/640-0-621a036bcff12.jpg?resize=643%2C313&#038;ssl=1\" width=\"643\" height=\"313\" \/><\/p>\n<p>Presidenti i Ukrain\u00ebs i p\u00ebrgjigjet Biden p\u00ebr ofert\u00ebn p\u00ebr evakuim.<\/p>\n<p>&#8211; \u201cKam nevoj\u00eb p\u00ebr municion, jo nj\u00eb udh\u00ebtim\u201d<\/p>\n<p>26 SHKURT 2022<\/p>\n<p>Presidenti ukrainas, Volodymyr Zelensky, i ka kthyer p\u00ebrgjigje presidentit t\u00eb Shteteve t\u00eb Bashkuara t\u00eb Amerik\u00ebs, Joe Biden, i cili i ofroi mund\u00ebsin\u00eb p\u00ebr evakuim.<\/p>\n<p>\u201cLufta \u00ebsht\u00eb k\u00ebtu. Kam nevoj\u00eb p\u00ebr municione, jo nj\u00eb udh\u00ebtim\u201d, ka th\u00ebn\u00eb nj\u00eb zyrtar i lart\u00eb i inteligjenc\u00ebs amerikane me njohuri t\u00eb drejtp\u00ebrdrejta t\u00eb bised\u00ebs, i cili gjithashtu e p\u00ebrshkroi Zelenskyn si optimist.<\/p>\n<p>Ne nje Thirrje drejtuar popullit te tij <span>Presidenti tha: <\/span><\/p>\n<p><span>\u2013 \u201cUn\u00eb jam k\u00ebtu. Ne nuk po i ulim arm\u00ebt. Ne do t\u00eb mbrojm\u00eb vendin ton\u00eb, sepse arma jon\u00eb \u00ebsht\u00eb e v\u00ebrteta, dhe e v\u00ebrteta jon\u00eb \u00ebsht\u00eb se kjo \u00ebsht\u00eb toka jon\u00eb, vendi yn\u00eb, f\u00ebmij\u00ebt tan\u00eb dhe ne do t\u2019i mbrojm\u00eb t\u00eb gjitha k\u00ebto.<\/span><\/p>\n<p>\u201cWashington Post\u201d kishte cituar gjithashtu zyrtar\u00eb amerikan\u00eb dhe ukrainas t\u00eb cil\u00ebt than\u00eb se qeveria amerikane ishte e p\u00ebrgatitur p\u00ebr t\u00eb ndihmuar Zelensky.<\/p>\n<p>Zelensky \u00ebsht\u00eb vler\u00ebsuar gjer\u00ebsisht n\u00eb mediat sociale p\u00ebr reagimin e tij ndaj pushtimit rus. Presidenti Volodymyr kishte mbajtur m\u00eb her\u00ebt nj\u00eb fjalim emocionues n\u00eb t\u00eb cilin u zotua se do t\u00eb vazhdoj\u00eb t\u00eb luftoj\u00eb, duke th\u00ebn\u00eb: \u201cKur t\u00eb na sulmoni, do t\u00eb shihni fytyrat tona, jo shpin\u00ebn\u201d.<\/p>\n<p>Gazeta Shqip<\/p>\n","protected":false},"excerpt":{"rendered":"<p>Presidenti i Ukrain\u00ebs i p\u00ebrgjigjet Biden p\u00ebr ofert\u00ebn p\u00ebr evakuim. &#8211; \u201cKam nevoj\u00eb p\u00ebr municion, jo nj\u00eb udh\u00ebtim\u201d 26 SHKURT 2022 Presidenti ukrainas, Volodymyr Zelensky, i ka kthyer p\u00ebrgjigje presidentit t\u00eb Shteteve t\u00eb Bashkuara t\u00eb Amerik\u00ebs, Joe Biden, i cili i ofroi mund\u00ebsin\u00eb p\u00ebr evakuim. \u201cLufta \u00ebsht\u00eb k\u00ebtu. Kam nevoj\u00eb p\u00ebr municione, jo nj\u00eb udh\u00ebtim\u201d, [&hellip;]<\/p>\n","protected":false},"author":9,"featured_media":54579,"comment_status":"open","ping_status":"open","sticky":false,"template":"","format":"standard","meta":{"jetpack_post_was_ever_published":false,"_jetpack_newsletter_access":"","_jetpack_dont_email_post_to_subs":false,"_jetpack_newsletter_tier_id":0,"_jetpack_memberships_contains_paywalled_content":false,"_jetpack_memberships_contains_paid_content":false,"footnotes":"","jetpack_publicize_message":"","jetpack_publicize_feature_enabled":true,"jetpack_social_post_already_shared":true,"jetpack_social_options":{"image_generator_settings":{"template":"highway","default_image_id":0,"font":"","enabled":false},"version":2}},"categories":[27,1,35],"tags":[],"class_list":["post-54578","post","type-post","status-publish","format-standard","has-post-thumbnail","hentry","category-blogu-i-udhetarit","category-njoftime-shtypi","category-shoqerore"],"jetpack_publicize_connections":[],"jetpack_featured_media_url":"https:\/\/i0.wp.com\/www.shqiperia.com\/blog\/wp-content\/uploads\/2022\/02\/640-0-621a036bcff12.jpg?fit=640%2C309&ssl=1","jetpack_sharing_enabled":true,"jetpack_shortlink":"https:\/\/wp.me\/p5Z6wp-eci","jetpack-related-posts":[{"id":54575,"url":"https:\/\/www.shqiperia.com\/blog\/presidenti-zelensky-flet-serish-dhe-zbardh-detajet-koha-per-te-vendosur-per-anetaresimin-e-ukraines-ne-be\/","url_meta":{"origin":54578,"position":0},"title":"Presidenti Zelensky flet s\u00ebrish dhe zbardh detajet: &#8211; Koha p\u00ebr t\u00eb vendosur p\u00ebr an\u00ebtar\u00ebsimin e Ukrain\u00ebs n\u00eb BE","author":"Kurt Farka","date":"February 26, 2022","format":false,"excerpt":"Presidenti Zelensky flet s\u00ebrish dhe zbardh detajet: - Koha p\u00ebr t\u00eb vendosur p\u00ebr an\u00ebtar\u00ebsimin e Ukrain\u00ebs n\u00eb BE 26 SHKURT 2022 Presidenti tha: - \u201cUn\u00eb jam k\u00ebtu. Ne nuk po i ulim arm\u00ebt. Ne do t\u00eb mbrojm\u00eb vendin ton\u00eb, sepse arma jon\u00eb \u00ebsht\u00eb e v\u00ebrteta, dhe e v\u00ebrteta jon\u00eb \u00ebsht\u00eb\u2026","rel":"","context":"In &quot;Blogu i Udh\u00ebtarit&quot;","block_context":{"text":"Blogu i Udh\u00ebtarit","link":"https:\/\/www.shqiperia.com\/blog\/category\/blogu-i-udhetarit\/"},"img":{"alt_text":"","src":"https:\/\/i0.wp.com\/www.shqiperia.com\/blog\/wp-content\/uploads\/2022\/02\/Presidenti-Zelensky.jpg?fit=800%2C445&ssl=1&resize=350%2C200","width":350,"height":200,"srcset":"https:\/\/i0.wp.com\/www.shqiperia.com\/blog\/wp-content\/uploads\/2022\/02\/Presidenti-Zelensky.jpg?fit=800%2C445&ssl=1&resize=350%2C200 1x, https:\/\/i0.wp.com\/www.shqiperia.com\/blog\/wp-content\/uploads\/2022\/02\/Presidenti-Zelensky.jpg?fit=800%2C445&ssl=1&resize=525%2C300 1.5x, https:\/\/i0.wp.com\/www.shqiperia.com\/blog\/wp-content\/uploads\/2022\/02\/Presidenti-Zelensky.jpg?fit=800%2C445&ssl=1&resize=700%2C400 2x"},"classes":[]},{"id":49429,"url":"https:\/\/www.shqiperia.com\/blog\/uragani-i-fuqishem-pritet-te-godase-sot-kete-shtet-organet-qeveritare-ngrene-alarmin-dhe-urdherojne-evakuimin-e-banoreve\/","url_meta":{"origin":54578,"position":1},"title":"Uragani i fuqish\u00ebm pritet t\u00eb godas\u00eb sot k\u00ebt\u00eb shtet, organet qeveritare ngren\u00eb alarmin dhe urdh\u00ebrojn\u00eb evakuimin e banor\u00ebve","author":"Kurt Farka","date":"August 29, 2021","format":false,"excerpt":"Uragani i fuqish\u00ebm pritet t\u00eb godas\u00eb sot k\u00ebt\u00eb shtet, organet qeveritare ngren\u00eb alarmin dhe urdh\u00ebrojn\u00eb evakuimin e banor\u00ebve 29 GUSHT 2021 Parashikuesit e motit paralajm\u00ebruan banor\u00ebt p\u00ebrgjat\u00eb bregut t\u00eb shtetit t\u00eb Luizian\u00ebs q\u00eb t\u00eb nxitojn\u00eb me evakuimet n\u00eb pritje t\u00eb uraganit Ida, i cili pritet t\u00eb sjell\u00eb er\u00ebra deri n\u00eb\u2026","rel":"","context":"In &quot;Blogu i Udh\u00ebtarit&quot;","block_context":{"text":"Blogu i Udh\u00ebtarit","link":"https:\/\/www.shqiperia.com\/blog\/category\/blogu-i-udhetarit\/"},"img":{"alt_text":"","src":"https:\/\/i0.wp.com\/www.shqiperia.com\/blog\/wp-content\/uploads\/2021\/08\/800-0-612b3f3246c73.jpg?fit=800%2C450&ssl=1&resize=350%2C200","width":350,"height":200,"srcset":"https:\/\/i0.wp.com\/www.shqiperia.com\/blog\/wp-content\/uploads\/2021\/08\/800-0-612b3f3246c73.jpg?fit=800%2C450&ssl=1&resize=350%2C200 1x, https:\/\/i0.wp.com\/www.shqiperia.com\/blog\/wp-content\/uploads\/2021\/08\/800-0-612b3f3246c73.jpg?fit=800%2C450&ssl=1&resize=525%2C300 1.5x, https:\/\/i0.wp.com\/www.shqiperia.com\/blog\/wp-content\/uploads\/2021\/08\/800-0-612b3f3246c73.jpg?fit=800%2C450&ssl=1&resize=700%2C400 2x"},"classes":[]},{"id":53201,"url":"https:\/\/www.shqiperia.com\/blog\/erdogan-gezimi-dhe-dhimbja-juaj-jane-gezimi-e-dhimbja-jone-sapo-morem-lajmin-e-hidhur-per-termetin-menjehere-u-vume-ne-levizje\/","url_meta":{"origin":54578,"position":2},"title":"Erdogan: &#8211; G\u00ebzimi dhe dhimbja juaj, jan\u00eb g\u00ebzimi e dhimbja jon\u00eb! Sapo mor\u00ebm lajmin e hidhur p\u00ebr t\u00ebrmetin, menj\u00ebher\u00eb u vum\u00eb n\u00eb l\u00ebvizje","author":"Kurt Farka","date":"January 17, 2022","format":false,"excerpt":"Erdogan: - G\u00ebzimi dhe dhimbja juaj, jan\u00eb g\u00ebzimi e dhimbja jon\u00eb! Sapo mor\u00ebm lajmin e hidhur p\u00ebr t\u00ebrmetin, menj\u00ebher\u00eb u vum\u00eb n\u00eb l\u00ebvizje 17 janar 2022 Presidenti turk Erdogan nga La\u00e7i ku \u00ebsht\u00eb i pranish\u00ebm n\u00eb ceremonin\u00eb e dor\u00ebzimit t\u00eb 522 banesave t\u00eb nd\u00ebrtuara nga Turqia p\u00ebr familjet e d\u00ebmtuara\u2026","rel":"","context":"In &quot;Blogu i Udh\u00ebtarit&quot;","block_context":{"text":"Blogu i Udh\u00ebtarit","link":"https:\/\/www.shqiperia.com\/blog\/category\/blogu-i-udhetarit\/"},"img":{"alt_text":"","src":"https:\/\/i0.wp.com\/www.shqiperia.com\/blog\/wp-content\/uploads\/2022\/01\/erdogan-1-e1642419772707-905x450-1.png?fit=905%2C450&ssl=1&resize=350%2C200","width":350,"height":200,"srcset":"https:\/\/i0.wp.com\/www.shqiperia.com\/blog\/wp-content\/uploads\/2022\/01\/erdogan-1-e1642419772707-905x450-1.png?fit=905%2C450&ssl=1&resize=350%2C200 1x, https:\/\/i0.wp.com\/www.shqiperia.com\/blog\/wp-content\/uploads\/2022\/01\/erdogan-1-e1642419772707-905x450-1.png?fit=905%2C450&ssl=1&resize=525%2C300 1.5x, https:\/\/i0.wp.com\/www.shqiperia.com\/blog\/wp-content\/uploads\/2022\/01\/erdogan-1-e1642419772707-905x450-1.png?fit=905%2C450&ssl=1&resize=700%2C400 2x"},"classes":[]},{"id":81338,"url":"https:\/\/www.shqiperia.com\/blog\/nga-mbrojtja-e-ukraines-kunder-rusise-te-ndihmat-ne-gaza-biden-kadeteve-ushtarake-po-thirreni-per-tu-perballur-me-kercenime-si-kurre-me-pare\/","url_meta":{"origin":54578,"position":3},"title":"Nga mbrojtja e Ukrain\u00ebs kund\u00ebr Rusis\u00eb te ndihmat n\u00eb Gaza, Biden kadet\u00ebve ushtarak\u00eb: Po thirreni p\u00ebr t\u2019u p\u00ebrballur me k\u00ebrc\u00ebnime si kurr\u00eb m\u00eb par\u00eb","author":"Kurt Farka","date":"May 26, 2024","format":false,"excerpt":"26 Maji 2024 Presidenti Joe Biden u tha t\u00eb shtun\u00ebn t\u00eb diplomuarve t\u00eb Akademis\u00eb Ushtarake t\u00eb Shteteve t\u00eb Bashkuara se brezi i tyre po thirrej p\u00ebr t\u2019u p\u00ebrballur me k\u00ebrc\u00ebnime n\u00eb mbar\u00eb globin dhe p\u00ebr t\u00eb ruajtur idealet e atdheut brenda vendit \u201csi kurr\u00eb m\u00eb par\u00eb\u201d. Fraza e p\u00ebrdorur si\u2026","rel":"","context":"In &quot;Blogu i Udh\u00ebtarit&quot;","block_context":{"text":"Blogu i Udh\u00ebtarit","link":"https:\/\/www.shqiperia.com\/blog\/category\/blogu-i-udhetarit\/"},"img":{"alt_text":"","src":"https:\/\/i0.wp.com\/www.shqiperia.com\/blog\/wp-content\/uploads\/2024\/05\/640-0-7d7abfedeef06dfb291f1c9474561872.jpg?fit=640%2C383&ssl=1&resize=350%2C200","width":350,"height":200,"srcset":"https:\/\/i0.wp.com\/www.shqiperia.com\/blog\/wp-content\/uploads\/2024\/05\/640-0-7d7abfedeef06dfb291f1c9474561872.jpg?fit=640%2C383&ssl=1&resize=350%2C200 1x, https:\/\/i0.wp.com\/www.shqiperia.com\/blog\/wp-content\/uploads\/2024\/05\/640-0-7d7abfedeef06dfb291f1c9474561872.jpg?fit=640%2C383&ssl=1&resize=525%2C300 1.5x"},"classes":[]},{"id":90033,"url":"https:\/\/www.shqiperia.com\/blog\/perplasja-trump-zelensky-bota-ndahet-ne-mes-kush-mbeshteti-presidentin-e-shba-e-kush-ate-ukrainas-reagimet\/","url_meta":{"origin":54578,"position":4},"title":"P\u00ebrplasja Trump-Zelensky, bota \u201cndahet\u201d n\u00eb mes\/ Kush mb\u00ebshteti presidentin e SHBA, e kush at\u00eb ukrainas? Reagimet.","author":"Kurt Farka","date":"March 1, 2025","format":false,"excerpt":"1 Mars 2025 Nj\u00eb bised\u00eb e tensionuar mes Presidentit t\u00eb SHBA-ve Donald Trump dhe homologut t\u00eb tij ukrainas, Volodymir Zelensky, brenda n\u00eb Zyr\u00ebn Ovale, ka sjell\u00eb nj\u00eb tjet\u00ebr p\u00ebrplasje mes liderve europian\u00eb dhe SHBA-ve. Nd\u00ebrsa Zelensky i ka k\u00ebrkuar ndihm\u00eb dhe nj\u00eb paqe konkrete, Trump i ka kujtuar presidentit ukrainas\u2026","rel":"","context":"In &quot;Blogu i Udh\u00ebtarit&quot;","block_context":{"text":"Blogu i Udh\u00ebtarit","link":"https:\/\/www.shqiperia.com\/blog\/category\/blogu-i-udhetarit\/"},"img":{"alt_text":"","src":"https:\/\/i0.wp.com\/www.shqiperia.com\/blog\/wp-content\/uploads\/2025\/03\/wmremove-transformed.png?fit=752%2C440&ssl=1&resize=350%2C200","width":350,"height":200,"srcset":"https:\/\/i0.wp.com\/www.shqiperia.com\/blog\/wp-content\/uploads\/2025\/03\/wmremove-transformed.png?fit=752%2C440&ssl=1&resize=350%2C200 1x, https:\/\/i0.wp.com\/www.shqiperia.com\/blog\/wp-content\/uploads\/2025\/03\/wmremove-transformed.png?fit=752%2C440&ssl=1&resize=525%2C300 1.5x, https:\/\/i0.wp.com\/www.shqiperia.com\/blog\/wp-content\/uploads\/2025\/03\/wmremove-transformed.png?fit=752%2C440&ssl=1&resize=700%2C400 2x"},"classes":[]},{"id":55400,"url":"https:\/\/www.shqiperia.com\/blog\/ukraina-rusia-bombardon-nje-xhami-qe%e2%80%8b-strehonte-80-persona\/","url_meta":{"origin":54578,"position":5},"title":"Ukraina: Rusia bombardon nj\u00eb xhami q\u00eb\u200b strehonte 80 persona","author":"Kurt Farka","date":"March 14, 2022","format":false,"excerpt":"Ukraina: Rusia bombardon nj\u00eb xhami q\u00eb\u200b strehonte 80 persona 12 MARS 2022 Forcat ruse kan\u00eb bombarduar nj\u00eb xhami n\u00eb qytetin Mariupol, ku jan\u00eb strehuar m\u00eb shum\u00eb se 80 t\u00eb rritur dhe f\u00ebmij\u00eb, p\u00ebrfshir\u00eb shtetas turq, ka th\u00ebn\u00eb Ministria e Jashtme ukrainase. Ministria ka th\u00ebn\u00eb se xhamia n\u00eb Mariupol \u00ebsht\u00eb bombarduar\u2026","rel":"","context":"In &quot;Blogu i Udh\u00ebtarit&quot;","block_context":{"text":"Blogu i Udh\u00ebtarit","link":"https:\/\/www.shqiperia.com\/blog\/category\/blogu-i-udhetarit\/"},"img":{"alt_text":"","src":"https:\/\/i0.wp.com\/www.shqiperia.com\/blog\/wp-content\/uploads\/2022\/03\/640-0-622ca45045bc0.jpg?fit=640%2C360&ssl=1&resize=350%2C200","width":350,"height":200,"srcset":"https:\/\/i0.wp.com\/www.shqiperia.com\/blog\/wp-content\/uploads\/2022\/03\/640-0-622ca45045bc0.jpg?fit=640%2C360&ssl=1&resize=350%2C200 1x, https:\/\/i0.wp.com\/www.shqiperia.com\/blog\/wp-content\/uploads\/2022\/03\/640-0-622ca45045bc0.jpg?fit=640%2C360&ssl=1&resize=525%2C300 1.5x"},"classes":[]}],"_links":{"self":[{"href":"https:\/\/www.shqiperia.com\/blog\/wp-json\/wp\/v2\/posts\/54578","targetHints":{"allow":["GET"]}}],"collection":[{"href":"https:\/\/www.shqiperia.com\/blog\/wp-json\/wp\/v2\/posts"}],"about":[{"href":"https:\/\/www.shqiperia.com\/blog\/wp-json\/wp\/v2\/types\/post"}],"author":[{"embeddable":true,"href":"https:\/\/www.shqiperia.com\/blog\/wp-json\/wp\/v2\/users\/9"}],"replies":[{"embeddable":true,"href":"https:\/\/www.shqiperia.com\/blog\/wp-json\/wp\/v2\/comments?post=54578"}],"version-history":[{"count":2,"href":"https:\/\/www.shqiperia.com\/blog\/wp-json\/wp\/v2\/posts\/54578\/revisions"}],"predecessor-version":[{"id":54581,"href":"https:\/\/www.shqiperia.com\/blog\/wp-json\/wp\/v2\/posts\/54578\/revisions\/54581"}],"wp:featuredmedia":[{"embeddable":true,"href":"https:\/\/www.shqiperia.com\/blog\/wp-json\/wp\/v2\/media\/54579"}],"wp:attachment":[{"href":"https:\/\/www.shqiperia.com\/blog\/wp-json\/wp\/v2\/media?parent=54578"}],"wp:term":[{"taxonomy":"category","embeddable":true,"href":"https:\/\/www.shqiperia.com\/blog\/wp-json\/wp\/v2\/categories?post=54578"},{"taxonomy":"post_tag","embeddable":true,"href":"https:\/\/www.shqiperia.com\/blog\/wp-json\/wp\/v2\/tags?post=54578"}],"curies":[{"name":"wp","href":"https:\/\/api.w.org\/{rel}","templated":true}]}}