{"id":54575,"date":"2022-02-26T10:43:52","date_gmt":"2022-02-26T10:43:52","guid":{"rendered":"https:\/\/www.shqiperia.com\/blog\/?p=54575"},"modified":"2022-02-26T10:43:52","modified_gmt":"2022-02-26T10:43:52","slug":"presidenti-zelensky-flet-serish-dhe-zbardh-detajet-koha-per-te-vendosur-per-anetaresimin-e-ukraines-ne-be","status":"publish","type":"post","link":"https:\/\/www.shqiperia.com\/blog\/presidenti-zelensky-flet-serish-dhe-zbardh-detajet-koha-per-te-vendosur-per-anetaresimin-e-ukraines-ne-be\/","title":{"rendered":"Presidenti Zelensky flet s\u00ebrish dhe zbardh detajet: &#8211; Koha p\u00ebr t\u00eb vendosur p\u00ebr an\u00ebtar\u00ebsimin e Ukrain\u00ebs n\u00eb BE"},"content":{"rendered":"<div id=\"attachment_54576\" style=\"width: 684px\" class=\"wp-caption alignnone\"><img data-recalc-dims=\"1\" loading=\"lazy\" decoding=\"async\" aria-describedby=\"caption-attachment-54576\" data-attachment-id=\"54576\" data-permalink=\"https:\/\/www.shqiperia.com\/blog\/presidenti-zelensky-flet-serish-dhe-zbardh-detajet-koha-per-te-vendosur-per-anetaresimin-e-ukraines-ne-be\/presidenti-zelensky\/\" data-orig-file=\"https:\/\/i0.wp.com\/www.shqiperia.com\/blog\/wp-content\/uploads\/2022\/02\/Presidenti-Zelensky.jpg?fit=800%2C445&amp;ssl=1\" data-orig-size=\"800,445\" data-comments-opened=\"1\" data-image-meta=\"{&quot;aperture&quot;:&quot;0&quot;,&quot;credit&quot;:&quot;&quot;,&quot;camera&quot;:&quot;&quot;,&quot;caption&quot;:&quot;&quot;,&quot;created_timestamp&quot;:&quot;0&quot;,&quot;copyright&quot;:&quot;&quot;,&quot;focal_length&quot;:&quot;0&quot;,&quot;iso&quot;:&quot;0&quot;,&quot;shutter_speed&quot;:&quot;0&quot;,&quot;title&quot;:&quot;&quot;,&quot;orientation&quot;:&quot;0&quot;}\" data-image-title=\"Presidenti Zelensky\" data-image-description=\"\" data-image-caption=\"&lt;p&gt;Presidenti Zelensky&lt;\/p&gt;\n\" data-medium-file=\"https:\/\/i0.wp.com\/www.shqiperia.com\/blog\/wp-content\/uploads\/2022\/02\/Presidenti-Zelensky.jpg?fit=300%2C167&amp;ssl=1\" data-large-file=\"https:\/\/i0.wp.com\/www.shqiperia.com\/blog\/wp-content\/uploads\/2022\/02\/Presidenti-Zelensky.jpg?fit=800%2C445&amp;ssl=1\" class=\" wp-image-54576\" alt=\"\" src=\"https:\/\/i0.wp.com\/www.shqiperia.com\/blog\/wp-content\/uploads\/2022\/02\/Presidenti-Zelensky.jpg?resize=674%2C375&#038;ssl=1\" width=\"674\" height=\"375\" srcset=\"https:\/\/i0.wp.com\/www.shqiperia.com\/blog\/wp-content\/uploads\/2022\/02\/Presidenti-Zelensky.jpg?resize=300%2C167&amp;ssl=1 300w, https:\/\/i0.wp.com\/www.shqiperia.com\/blog\/wp-content\/uploads\/2022\/02\/Presidenti-Zelensky.jpg?resize=768%2C427&amp;ssl=1 768w, https:\/\/i0.wp.com\/www.shqiperia.com\/blog\/wp-content\/uploads\/2022\/02\/Presidenti-Zelensky.jpg?resize=450%2C250&amp;ssl=1 450w, https:\/\/i0.wp.com\/www.shqiperia.com\/blog\/wp-content\/uploads\/2022\/02\/Presidenti-Zelensky.jpg?resize=600%2C334&amp;ssl=1 600w, https:\/\/i0.wp.com\/www.shqiperia.com\/blog\/wp-content\/uploads\/2022\/02\/Presidenti-Zelensky.jpg?resize=400%2C223&amp;ssl=1 400w, https:\/\/i0.wp.com\/www.shqiperia.com\/blog\/wp-content\/uploads\/2022\/02\/Presidenti-Zelensky.jpg?w=800&amp;ssl=1 800w\" sizes=\"auto, (max-width: 674px) 100vw, 674px\" \/><p id=\"caption-attachment-54576\" class=\"wp-caption-text\">Presidenti Zelensky<\/p><\/div>\n<p>Presidenti Zelensky flet s\u00ebrish dhe zbardh detajet: &#8211; Koha p\u00ebr t\u00eb vendosur p\u00ebr an\u00ebtar\u00ebsimin e Ukrain\u00ebs n\u00eb BE<\/p>\n<p>26 SHKURT 2022<\/p>\n<p>Presidenti tha: &#8211; \u201cUn\u00eb jam k\u00ebtu. Ne nuk po i ulim arm\u00ebt. Ne do t\u00eb mbrojm\u00eb vendin ton\u00eb, sepse arma jon\u00eb \u00ebsht\u00eb e v\u00ebrteta, dhe e v\u00ebrteta jon\u00eb \u00ebsht\u00eb se kjo \u00ebsht\u00eb toka jon\u00eb, vendi yn\u00eb, f\u00ebmij\u00ebt tan\u00eb dhe ne do t\u2019i mbrojm\u00eb t\u00eb gjitha k\u00ebto.<\/p>\n<p>Presidenti ukrainas Volodymyr Zelensky tha se tani \u00ebsht\u00eb nj\u00eb \u201cmoment vendimtar\u201d p\u00ebr t\u00eb vendosur p\u00ebr an\u00ebtar\u00ebsimin e vendit t\u00eb tij n\u00eb Bashkimin Evropian, n\u00eb nj\u00eb postim n\u00eb \u201cTwitter\u201d t\u00eb shtun\u00ebn.<\/p>\n<p>\u201c\u00cbsht\u00eb nj\u00eb moment vendimtar p\u00ebr t\u00eb mbyllur nj\u00eb her\u00eb e p\u00ebrgjithmon\u00eb diskutimin e gjat\u00eb dhe p\u00ebr t\u00eb vendosur p\u00ebr an\u00ebtar\u00ebsimin e Ukrain\u00ebs n\u00eb BE. Diskutuam me presidentin e BE p\u00ebr ndihm\u00ebn e m\u00ebtejshme efektive dhe luft\u00ebn heroike t\u00eb ukrainasve p\u00ebr t\u00eb ardhmen e tyre t\u00eb lir\u00eb\u201d, thuhet n\u00eb nj\u00eb postim n\u00eb Twitter-in e tij.<\/p>\n<p>M\u00eb her\u00ebt t\u00eb shtun\u00ebn, nd\u00ebrsa beteja p\u00ebr Kievin vazhdonte, Zelensky shkoi n\u00eb platform\u00ebn e mediave sociale disa her\u00eb p\u00ebr t\u00eb postuar p\u00ebrdit\u00ebsime.<\/p>\n<p>N\u00eb nj\u00eb video prej 40 sekondash t\u00eb titulluar \u201cmos u besoni lajmeve t\u00eb rreme\u201d, presidenti tha: \u201cUn\u00eb jam k\u00ebtu. Ne nuk po i ulim arm\u00ebt. Ne do t\u00eb mbrojm\u00eb vendin ton\u00eb, sepse arma jon\u00eb \u00ebsht\u00eb e v\u00ebrteta, dhe e v\u00ebrteta jon\u00eb \u00ebsht\u00eb se kjo \u00ebsht\u00eb toka jon\u00eb, vendi yn\u00eb, f\u00ebmij\u00ebt tan\u00eb dhe ne do t\u2019i mbrojm\u00eb t\u00eb gjitha k\u00ebto.<\/p>\n<p>\u201cKjo \u00ebsht\u00eb. Kjo \u00ebsht\u00eb gjith\u00e7ka q\u00eb doja t\u2019ju them. Lavdi Ukrain\u00ebs,\u201d shtoi ai.<\/p>\n<p>N\u00eb nj\u00eb postim t\u00eb ve\u00e7ant\u00eb n\u00eb Twitter t\u00eb shtun\u00ebn n\u00eb m\u00ebngjes, ai gjithashtu tha: \u201cNj\u00eb dit\u00eb e re n\u00eb vij\u00ebn e frontit diplomatik filloi me nj\u00eb bised\u00eb me Emmanuel Macron. Arm\u00ebt dhe pajisjet nga partner\u00ebt tan\u00eb jan\u00eb rrug\u00ebs p\u00ebr n\u00eb Ukrain\u00eb. Koalicioni kund\u00ebr luft\u00ebs po funksionon!\u201d<\/p>\n<p>Presidenti francez Emmanuel Macron t\u00eb shtun\u00ebn paralajm\u00ebroi se lufta n\u00eb Ukrain\u00eb dhe kriza rreth saj \u201cdo t\u00eb zgjas\u00eb\u201d pasi ai parashikoi ndikime n\u00eb tregjet ushqimore.<\/p>\n<p>\u201cN\u00ebse mund t\u2019ju them nj\u00eb gj\u00eb k\u00ebt\u00eb m\u00ebngjes, \u00ebsht\u00eb se kjo luft\u00eb do t\u00eb zgjas\u00eb,\u201d tha Macron n\u00eb panairin vjetor t\u00eb bujq\u00ebsis\u00eb n\u00eb Franc\u00eb.<\/p>\n<p>\u201cKjo kriz\u00eb do t\u00eb zgjas\u00eb, kjo luft\u00eb do t\u00eb zgjas\u00eb dhe t\u00eb gjitha krizat q\u00eb vijn\u00eb me t\u00eb do t\u00eb ken\u00eb pasoja t\u00eb q\u00ebndrueshme\u201d, shtoi Macron, duke paralajm\u00ebruar: \u201cDuhet t\u00eb jemi t\u00eb p\u00ebrgatitur.<\/p>\n<p>\u201cFrancez\u00eb dhe evropian\u00eb, ne do t\u00eb jemi atje\u201d, tha ai, \u201cp\u00ebr t\u00eb nd\u00ebrtuar p\u00ebrgjigje afatshkurt\u00ebra dhe afatmesme p\u00ebr t\u00eb provuar dhe siguruar plot\u00ebsisht energjin\u00eb ton\u00eb\u201d.<\/p>\n<p>Presidenti tha se \u201cndikimi i kriz\u00ebs n\u00eb jet\u00ebn ton\u00eb\u201d do t\u00eb shtrihet edhe n\u00eb bot\u00ebn e fermer\u00ebve dhe ushqimit, pa dh\u00ebn\u00eb detaje t\u00eb m\u00ebtejshme.<\/p>\n<p>Gazeta Sot<\/p>\n","protected":false},"excerpt":{"rendered":"<p>Presidenti Zelensky flet s\u00ebrish dhe zbardh detajet: &#8211; Koha p\u00ebr t\u00eb vendosur p\u00ebr an\u00ebtar\u00ebsimin e Ukrain\u00ebs n\u00eb BE 26 SHKURT 2022 Presidenti tha: &#8211; \u201cUn\u00eb jam k\u00ebtu. Ne nuk po i ulim arm\u00ebt. Ne do t\u00eb mbrojm\u00eb vendin ton\u00eb, sepse arma jon\u00eb \u00ebsht\u00eb e v\u00ebrteta, dhe e v\u00ebrteta jon\u00eb \u00ebsht\u00eb se kjo \u00ebsht\u00eb toka jon\u00eb, [&hellip;]<\/p>\n","protected":false},"author":9,"featured_media":54576,"comment_status":"open","ping_status":"open","sticky":false,"template":"","format":"standard","meta":{"jetpack_post_was_ever_published":false,"_jetpack_newsletter_access":"","_jetpack_dont_email_post_to_subs":false,"_jetpack_newsletter_tier_id":0,"_jetpack_memberships_contains_paywalled_content":false,"_jetpack_memberships_contains_paid_content":false,"footnotes":"","jetpack_publicize_message":"","jetpack_publicize_feature_enabled":true,"jetpack_social_post_already_shared":true,"jetpack_social_options":{"image_generator_settings":{"template":"highway","default_image_id":0,"font":"","enabled":false},"version":2}},"categories":[27,1,35],"tags":[],"class_list":["post-54575","post","type-post","status-publish","format-standard","has-post-thumbnail","hentry","category-blogu-i-udhetarit","category-njoftime-shtypi","category-shoqerore"],"jetpack_publicize_connections":[],"jetpack_featured_media_url":"https:\/\/i0.wp.com\/www.shqiperia.com\/blog\/wp-content\/uploads\/2022\/02\/Presidenti-Zelensky.jpg?fit=800%2C445&ssl=1","jetpack_sharing_enabled":true,"jetpack_shortlink":"https:\/\/wp.me\/p5Z6wp-ecf","jetpack-related-posts":[{"id":54578,"url":"https:\/\/www.shqiperia.com\/blog\/presidenti-i-ukraines-i-pergjigjet-biden-per-oferten-per-evakuim-kam-nevoje-per-municion-jo-nje-udhetim\/","url_meta":{"origin":54575,"position":0},"title":"Presidenti i Ukrain\u00ebs i p\u00ebrgjigjet Biden p\u00ebr ofert\u00ebn p\u00ebr evakuim.  \u201cKam nevoj\u00eb p\u00ebr municion, jo nj\u00eb udh\u00ebtim\u201d","author":"Kurt Farka","date":"February 26, 2022","format":false,"excerpt":"Presidenti i Ukrain\u00ebs i p\u00ebrgjigjet Biden p\u00ebr ofert\u00ebn p\u00ebr evakuim. - \u201cKam nevoj\u00eb p\u00ebr municion, jo nj\u00eb udh\u00ebtim\u201d 26 SHKURT 2022 Presidenti ukrainas, Volodymyr Zelensky, i ka kthyer p\u00ebrgjigje presidentit t\u00eb Shteteve t\u00eb Bashkuara t\u00eb Amerik\u00ebs, Joe Biden, i cili i ofroi mund\u00ebsin\u00eb p\u00ebr evakuim. \u201cLufta \u00ebsht\u00eb k\u00ebtu. Kam nevoj\u00eb\u2026","rel":"","context":"In &quot;Blogu i Udh\u00ebtarit&quot;","block_context":{"text":"Blogu i Udh\u00ebtarit","link":"https:\/\/www.shqiperia.com\/blog\/category\/blogu-i-udhetarit\/"},"img":{"alt_text":"","src":"https:\/\/i0.wp.com\/www.shqiperia.com\/blog\/wp-content\/uploads\/2022\/02\/640-0-621a036bcff12.jpg?fit=640%2C309&ssl=1&resize=350%2C200","width":350,"height":200,"srcset":"https:\/\/i0.wp.com\/www.shqiperia.com\/blog\/wp-content\/uploads\/2022\/02\/640-0-621a036bcff12.jpg?fit=640%2C309&ssl=1&resize=350%2C200 1x, https:\/\/i0.wp.com\/www.shqiperia.com\/blog\/wp-content\/uploads\/2022\/02\/640-0-621a036bcff12.jpg?fit=640%2C309&ssl=1&resize=525%2C300 1.5x"},"classes":[]},{"id":54530,"url":"https:\/\/www.shqiperia.com\/blog\/erdogan-nato-duhet-te-ndermarre-hapa-me-te-vendosur-me-keshilla-e-pamundur-te-arrish-ndokund\/","url_meta":{"origin":54575,"position":1},"title":"Erdogan: &#8211; NATO duhet t\u00eb nd\u00ebrmarr\u00eb hapa m\u00eb t\u00eb vendosur, me k\u00ebshilla e pamundur t\u00eb arrish ndokund &#8230;","author":"Kurt Farka","date":"February 25, 2022","format":false,"excerpt":"Erdogan: - NATO duhet t\u00eb nd\u00ebrmarr\u00eb hapa m\u00eb t\u00eb vendosur, me k\u00ebshilla e pamundur t\u00eb arrish ndokund ... 25 SHKURT 2022 Presidenti i Turqis\u00eb, Recep Tayyip Erdogan, ka deklaruar se NATO duhet t\u00eb kishte nd\u00ebrmarr\u00eb hapa m\u00eb t\u00eb vendosur, nd\u00ebrsa nd\u00ebrhyrja ushtarake ruse n\u00eb Ukrain\u00eb vazhdon. Presidenti Erdo?an kritikoi q\u00ebndrimin\u2026","rel":"","context":"In &quot;Blogu i Udh\u00ebtarit&quot;","block_context":{"text":"Blogu i Udh\u00ebtarit","link":"https:\/\/www.shqiperia.com\/blog\/category\/blogu-i-udhetarit\/"},"img":{"alt_text":"","src":"https:\/\/i0.wp.com\/www.shqiperia.com\/blog\/wp-content\/uploads\/2022\/02\/Erdogan.jpg?fit=640%2C363&ssl=1&resize=350%2C200","width":350,"height":200,"srcset":"https:\/\/i0.wp.com\/www.shqiperia.com\/blog\/wp-content\/uploads\/2022\/02\/Erdogan.jpg?fit=640%2C363&ssl=1&resize=350%2C200 1x, https:\/\/i0.wp.com\/www.shqiperia.com\/blog\/wp-content\/uploads\/2022\/02\/Erdogan.jpg?fit=640%2C363&ssl=1&resize=525%2C300 1.5x"},"classes":[]},{"id":90033,"url":"https:\/\/www.shqiperia.com\/blog\/perplasja-trump-zelensky-bota-ndahet-ne-mes-kush-mbeshteti-presidentin-e-shba-e-kush-ate-ukrainas-reagimet\/","url_meta":{"origin":54575,"position":2},"title":"P\u00ebrplasja Trump-Zelensky, bota \u201cndahet\u201d n\u00eb mes\/ Kush mb\u00ebshteti presidentin e SHBA, e kush at\u00eb ukrainas? Reagimet.","author":"Kurt Farka","date":"March 1, 2025","format":false,"excerpt":"1 Mars 2025 Nj\u00eb bised\u00eb e tensionuar mes Presidentit t\u00eb SHBA-ve Donald Trump dhe homologut t\u00eb tij ukrainas, Volodymir Zelensky, brenda n\u00eb Zyr\u00ebn Ovale, ka sjell\u00eb nj\u00eb tjet\u00ebr p\u00ebrplasje mes liderve europian\u00eb dhe SHBA-ve. Nd\u00ebrsa Zelensky i ka k\u00ebrkuar ndihm\u00eb dhe nj\u00eb paqe konkrete, Trump i ka kujtuar presidentit ukrainas\u2026","rel":"","context":"In &quot;Blogu i Udh\u00ebtarit&quot;","block_context":{"text":"Blogu i Udh\u00ebtarit","link":"https:\/\/www.shqiperia.com\/blog\/category\/blogu-i-udhetarit\/"},"img":{"alt_text":"","src":"https:\/\/i0.wp.com\/www.shqiperia.com\/blog\/wp-content\/uploads\/2025\/03\/wmremove-transformed.png?fit=752%2C440&ssl=1&resize=350%2C200","width":350,"height":200,"srcset":"https:\/\/i0.wp.com\/www.shqiperia.com\/blog\/wp-content\/uploads\/2025\/03\/wmremove-transformed.png?fit=752%2C440&ssl=1&resize=350%2C200 1x, https:\/\/i0.wp.com\/www.shqiperia.com\/blog\/wp-content\/uploads\/2025\/03\/wmremove-transformed.png?fit=752%2C440&ssl=1&resize=525%2C300 1.5x, https:\/\/i0.wp.com\/www.shqiperia.com\/blog\/wp-content\/uploads\/2025\/03\/wmremove-transformed.png?fit=752%2C440&ssl=1&resize=700%2C400 2x"},"classes":[]},{"id":66836,"url":"https:\/\/www.shqiperia.com\/blog\/bild-zbardh-skenaret-kthese-historike-ne-konfliktin-e-kosoves-serbia-ne-prag-te-ultimatumit-be-ne-ose-putinin\/","url_meta":{"origin":54575,"position":3},"title":"\u201cBild\u201d zbardh skenaret: &#8211; Kthes\u00eb historike n\u00eb konfliktin e Kosov\u00ebs? &#8211; Serbia n\u00eb prag t\u00eb ultimatumit: BE-n\u00eb ose Putinin","author":"Kurt Farka","date":"January 27, 2023","format":false,"excerpt":"27 Janar 2023 Presidenti serb Aleksandar Vu\u00e7iq, 52 vje\u00e7, ka treguar se mund t\u00eb pranoj\u00eb planin e fundit gjermano-francez p\u00ebr normalizimin e marr\u00ebdh\u00ebnieve me Kosov\u00ebn. Negociator\u00ebt per\u00ebndimor\u00eb i kishin dh\u00ebn\u00eb atij zgjedhjen p\u00ebr t\u00eb pranuar planin ose p\u00ebr t\u00eb mbartur pasojat: nd\u00ebrprerjen e negociatave t\u00eb pranimit n\u00eb BE dhe investimet\u2026","rel":"","context":"In &quot;Blogu i Udh\u00ebtarit&quot;","block_context":{"text":"Blogu i Udh\u00ebtarit","link":"https:\/\/www.shqiperia.com\/blog\/category\/blogu-i-udhetarit\/"},"img":{"alt_text":"","src":"https:\/\/i0.wp.com\/www.shqiperia.com\/blog\/wp-content\/uploads\/2023\/01\/800-0-e599aada611b181458e66fe24f628a3f.jpg?fit=800%2C491&ssl=1&resize=350%2C200","width":350,"height":200,"srcset":"https:\/\/i0.wp.com\/www.shqiperia.com\/blog\/wp-content\/uploads\/2023\/01\/800-0-e599aada611b181458e66fe24f628a3f.jpg?fit=800%2C491&ssl=1&resize=350%2C200 1x, https:\/\/i0.wp.com\/www.shqiperia.com\/blog\/wp-content\/uploads\/2023\/01\/800-0-e599aada611b181458e66fe24f628a3f.jpg?fit=800%2C491&ssl=1&resize=525%2C300 1.5x, https:\/\/i0.wp.com\/www.shqiperia.com\/blog\/wp-content\/uploads\/2023\/01\/800-0-e599aada611b181458e66fe24f628a3f.jpg?fit=800%2C491&ssl=1&resize=700%2C400 2x"},"classes":[]},{"id":54886,"url":"https:\/\/www.shqiperia.com\/blog\/zelensky-lutje-te-deshperuar-senatoreve-amerikane-cfare-i-kerkon\/","url_meta":{"origin":54575,"position":4},"title":"Zelensky &#8216;lutje t\u00eb d\u00ebshp\u00ebruar&#8217; senator\u00ebve amerikan\u00eb, \u00e7far\u00eb i k\u00ebrkon","author":"Kurt Farka","date":"March 5, 2022","format":false,"excerpt":"Zelensky 'lutje t\u00eb d\u00ebshp\u00ebruar' senator\u00ebve amerikan\u00eb, \u00e7far\u00eb i k\u00ebrkon 5 Mars 2022 Presidenti ukrainas Zelensky b\u00ebri nj\u00eb \"lutje t\u00eb d\u00ebshp\u00ebruar\" p\u00ebr senator\u00ebt amerikan\u00eb p\u00ebr t\u00eb ndihmuar vendin e tij t\u00eb marr\u00eb m\u00eb shum\u00eb avion\u00eb p\u00ebr t\u00eb luftuar pushtimin rus. Zelensky e b\u00ebri k\u00ebrkes\u00ebn n\u00eb nj\u00eb telefonat\u00eb t\u00eb cil\u00ebs iu bashkuan\u2026","rel":"","context":"In &quot;Blogu i Udh\u00ebtarit&quot;","block_context":{"text":"Blogu i Udh\u00ebtarit","link":"https:\/\/www.shqiperia.com\/blog\/category\/blogu-i-udhetarit\/"},"img":{"alt_text":"","src":"https:\/\/i0.wp.com\/www.shqiperia.com\/blog\/wp-content\/uploads\/2022\/03\/640-0-ap22044686557931-1646513154.jpg?fit=640%2C348&ssl=1&resize=350%2C200","width":350,"height":200,"srcset":"https:\/\/i0.wp.com\/www.shqiperia.com\/blog\/wp-content\/uploads\/2022\/03\/640-0-ap22044686557931-1646513154.jpg?fit=640%2C348&ssl=1&resize=350%2C200 1x, https:\/\/i0.wp.com\/www.shqiperia.com\/blog\/wp-content\/uploads\/2022\/03\/640-0-ap22044686557931-1646513154.jpg?fit=640%2C348&ssl=1&resize=525%2C300 1.5x"},"classes":[]},{"id":49818,"url":"https:\/\/www.shqiperia.com\/blog\/vizita-e-lamtumires-se-kancelares-angela-merkel-ne-ballkanin-perendimor-dw-zbardh-detajet-pse-perzgjodhi-beogradin-dhe-tiranen\/","url_meta":{"origin":54575,"position":5},"title":"Vizita e lamtumir\u00ebs s\u00eb kancelares Angela Merkel n\u00eb Ballkanin Per\u00ebndimor, DW zbardh detajet: &#8211; Pse p\u00ebrzgjodhi Beogradin dhe Tiran\u00ebn?","author":"Kurt Farka","date":"September 13, 2021","format":false,"excerpt":"Vizita e lamtumir\u00ebs s\u00eb kancelares Angela Merkel n\u00eb Ballkanin Per\u00ebndimor, DW zbardh detajet: - Pse p\u00ebrzgjodhi Beogradin dhe Tiran\u00ebn? 13 SHTATOR 2021 Kancelarja Angela Merkel do t\u00eb q\u00ebndroj\u00eb sot dhe nes\u00ebr (13-14.09) n\u00eb vizit\u00eb lamtumire n\u00eb Ballkanin Per\u00ebndimor. Interesante \u00ebsht\u00eb q\u00eb ajo ka zgjedhur t\u00eb vizitoj\u00eb vet\u00ebm Beogradin dhe Tiran\u00ebn.\u2026","rel":"","context":"In &quot;Blogu i Udh\u00ebtarit&quot;","block_context":{"text":"Blogu i Udh\u00ebtarit","link":"https:\/\/www.shqiperia.com\/blog\/category\/blogu-i-udhetarit\/"},"img":{"alt_text":"","src":"https:\/\/i0.wp.com\/www.shqiperia.com\/blog\/wp-content\/uploads\/2021\/09\/800-0-b5a8d8d6bbba6ca2bd23e39327720fd1.jpg?fit=764%2C426&ssl=1&resize=350%2C200","width":350,"height":200,"srcset":"https:\/\/i0.wp.com\/www.shqiperia.com\/blog\/wp-content\/uploads\/2021\/09\/800-0-b5a8d8d6bbba6ca2bd23e39327720fd1.jpg?fit=764%2C426&ssl=1&resize=350%2C200 1x, https:\/\/i0.wp.com\/www.shqiperia.com\/blog\/wp-content\/uploads\/2021\/09\/800-0-b5a8d8d6bbba6ca2bd23e39327720fd1.jpg?fit=764%2C426&ssl=1&resize=525%2C300 1.5x, https:\/\/i0.wp.com\/www.shqiperia.com\/blog\/wp-content\/uploads\/2021\/09\/800-0-b5a8d8d6bbba6ca2bd23e39327720fd1.jpg?fit=764%2C426&ssl=1&resize=700%2C400 2x"},"classes":[]}],"_links":{"self":[{"href":"https:\/\/www.shqiperia.com\/blog\/wp-json\/wp\/v2\/posts\/54575","targetHints":{"allow":["GET"]}}],"collection":[{"href":"https:\/\/www.shqiperia.com\/blog\/wp-json\/wp\/v2\/posts"}],"about":[{"href":"https:\/\/www.shqiperia.com\/blog\/wp-json\/wp\/v2\/types\/post"}],"author":[{"embeddable":true,"href":"https:\/\/www.shqiperia.com\/blog\/wp-json\/wp\/v2\/users\/9"}],"replies":[{"embeddable":true,"href":"https:\/\/www.shqiperia.com\/blog\/wp-json\/wp\/v2\/comments?post=54575"}],"version-history":[{"count":1,"href":"https:\/\/www.shqiperia.com\/blog\/wp-json\/wp\/v2\/posts\/54575\/revisions"}],"predecessor-version":[{"id":54577,"href":"https:\/\/www.shqiperia.com\/blog\/wp-json\/wp\/v2\/posts\/54575\/revisions\/54577"}],"wp:featuredmedia":[{"embeddable":true,"href":"https:\/\/www.shqiperia.com\/blog\/wp-json\/wp\/v2\/media\/54576"}],"wp:attachment":[{"href":"https:\/\/www.shqiperia.com\/blog\/wp-json\/wp\/v2\/media?parent=54575"}],"wp:term":[{"taxonomy":"category","embeddable":true,"href":"https:\/\/www.shqiperia.com\/blog\/wp-json\/wp\/v2\/categories?post=54575"},{"taxonomy":"post_tag","embeddable":true,"href":"https:\/\/www.shqiperia.com\/blog\/wp-json\/wp\/v2\/tags?post=54575"}],"curies":[{"name":"wp","href":"https:\/\/api.w.org\/{rel}","templated":true}]}}