{"id":54572,"date":"2022-02-26T10:32:39","date_gmt":"2022-02-26T10:32:39","guid":{"rendered":"https:\/\/www.shqiperia.com\/blog\/?p=54572"},"modified":"2022-02-26T10:32:39","modified_gmt":"2022-02-26T10:32:39","slug":"forcat-ruse-zmbrapsen-prane-qytetit-te-lviv-ushtria-ukrainase-korr-triumfin-e-pare","status":"publish","type":"post","link":"https:\/\/www.shqiperia.com\/blog\/forcat-ruse-zmbrapsen-prane-qytetit-te-lviv-ushtria-ukrainase-korr-triumfin-e-pare\/","title":{"rendered":"Forcat ruse zmbrapsen pran\u00eb qytetit t\u00eb Lviv, ushtria ukrainase korr triumfin e par\u00eb"},"content":{"rendered":"<p><img data-recalc-dims=\"1\" loading=\"lazy\" decoding=\"async\" data-attachment-id=\"54573\" data-permalink=\"https:\/\/www.shqiperia.com\/blog\/forcat-ruse-zmbrapsen-prane-qytetit-te-lviv-ushtria-ukrainase-korr-triumfin-e-pare\/800-0-9570efd534089099f50e2f373f5f43ed-1\/\" data-orig-file=\"https:\/\/i0.wp.com\/www.shqiperia.com\/blog\/wp-content\/uploads\/2022\/02\/800-0-9570efd534089099f50e2f373f5f43ed-1.jpg?fit=800%2C446&amp;ssl=1\" data-orig-size=\"800,446\" data-comments-opened=\"1\" data-image-meta=\"{&quot;aperture&quot;:&quot;0&quot;,&quot;credit&quot;:&quot;&quot;,&quot;camera&quot;:&quot;&quot;,&quot;caption&quot;:&quot;&quot;,&quot;created_timestamp&quot;:&quot;0&quot;,&quot;copyright&quot;:&quot;&quot;,&quot;focal_length&quot;:&quot;0&quot;,&quot;iso&quot;:&quot;0&quot;,&quot;shutter_speed&quot;:&quot;0&quot;,&quot;title&quot;:&quot;&quot;,&quot;orientation&quot;:&quot;0&quot;}\" data-image-title=\"-800-0-9570efd534089099f50e2f373f5f43ed (1)\" data-image-description=\"\" data-image-caption=\"\" data-medium-file=\"https:\/\/i0.wp.com\/www.shqiperia.com\/blog\/wp-content\/uploads\/2022\/02\/800-0-9570efd534089099f50e2f373f5f43ed-1.jpg?fit=300%2C167&amp;ssl=1\" data-large-file=\"https:\/\/i0.wp.com\/www.shqiperia.com\/blog\/wp-content\/uploads\/2022\/02\/800-0-9570efd534089099f50e2f373f5f43ed-1.jpg?fit=800%2C446&amp;ssl=1\" class=\"alignnone  wp-image-54573\" alt=\"\" src=\"https:\/\/i0.wp.com\/www.shqiperia.com\/blog\/wp-content\/uploads\/2022\/02\/800-0-9570efd534089099f50e2f373f5f43ed-1.jpg?resize=550%2C306&#038;ssl=1\" width=\"550\" height=\"306\" srcset=\"https:\/\/i0.wp.com\/www.shqiperia.com\/blog\/wp-content\/uploads\/2022\/02\/800-0-9570efd534089099f50e2f373f5f43ed-1.jpg?resize=300%2C167&amp;ssl=1 300w, https:\/\/i0.wp.com\/www.shqiperia.com\/blog\/wp-content\/uploads\/2022\/02\/800-0-9570efd534089099f50e2f373f5f43ed-1.jpg?resize=768%2C428&amp;ssl=1 768w, https:\/\/i0.wp.com\/www.shqiperia.com\/blog\/wp-content\/uploads\/2022\/02\/800-0-9570efd534089099f50e2f373f5f43ed-1.jpg?resize=450%2C251&amp;ssl=1 450w, https:\/\/i0.wp.com\/www.shqiperia.com\/blog\/wp-content\/uploads\/2022\/02\/800-0-9570efd534089099f50e2f373f5f43ed-1.jpg?resize=600%2C335&amp;ssl=1 600w, https:\/\/i0.wp.com\/www.shqiperia.com\/blog\/wp-content\/uploads\/2022\/02\/800-0-9570efd534089099f50e2f373f5f43ed-1.jpg?resize=400%2C223&amp;ssl=1 400w, https:\/\/i0.wp.com\/www.shqiperia.com\/blog\/wp-content\/uploads\/2022\/02\/800-0-9570efd534089099f50e2f373f5f43ed-1.jpg?w=800&amp;ssl=1 800w\" sizes=\"auto, (max-width: 550px) 100vw, 550px\" \/><\/p>\n<p>Forcat ruse zmbrapsen pran\u00eb qytetit t\u00eb Lviv, ushtria ukrainase korr triumfin e par\u00eb<\/p>\n<p>26 SHKURT 2022<\/p>\n<p>Forcat ukrainase kan\u00eb zmbrapsur nj\u00eb sulm t\u00eb 60 parashutist\u00ebve rus\u00eb pran\u00eb Lvivit, raporton Reuters.<\/p>\n<p>Kryetari i bashkis\u00eb s\u00eb Lviv, Andriy Sadovyi, tha se ushtar\u00ebt rus\u00eb u raportuan se ishin t\u00ebrhequr pas p\u00ebrleshjes me ushtrin\u00eb n\u00eb Brody, Ukrain\u00ebn per\u00ebndimore, rreth 65 milje larg qytetit.<\/p>\n<p>Gazeta Sot<\/p>\n","protected":false},"excerpt":{"rendered":"<p>Forcat ruse zmbrapsen pran\u00eb qytetit t\u00eb Lviv, ushtria ukrainase korr triumfin e par\u00eb 26 SHKURT 2022 Forcat ukrainase kan\u00eb zmbrapsur nj\u00eb sulm t\u00eb 60 parashutist\u00ebve rus\u00eb pran\u00eb Lvivit, raporton Reuters. Kryetari i bashkis\u00eb s\u00eb Lviv, Andriy Sadovyi, tha se ushtar\u00ebt rus\u00eb u raportuan se ishin t\u00ebrhequr pas p\u00ebrleshjes me ushtrin\u00eb n\u00eb Brody, Ukrain\u00ebn per\u00ebndimore, rreth [&hellip;]<\/p>\n","protected":false},"author":9,"featured_media":54573,"comment_status":"open","ping_status":"open","sticky":false,"template":"","format":"standard","meta":{"jetpack_post_was_ever_published":false,"_jetpack_newsletter_access":"","_jetpack_dont_email_post_to_subs":false,"_jetpack_newsletter_tier_id":0,"_jetpack_memberships_contains_paywalled_content":false,"_jetpack_memberships_contains_paid_content":false,"footnotes":"","jetpack_publicize_message":"","jetpack_publicize_feature_enabled":true,"jetpack_social_post_already_shared":true,"jetpack_social_options":{"image_generator_settings":{"template":"highway","default_image_id":0,"font":"","enabled":false},"version":2}},"categories":[27,1],"tags":[],"class_list":["post-54572","post","type-post","status-publish","format-standard","has-post-thumbnail","hentry","category-blogu-i-udhetarit","category-njoftime-shtypi"],"jetpack_publicize_connections":[],"jetpack_featured_media_url":"https:\/\/i0.wp.com\/www.shqiperia.com\/blog\/wp-content\/uploads\/2022\/02\/800-0-9570efd534089099f50e2f373f5f43ed-1.jpg?fit=800%2C446&ssl=1","jetpack_sharing_enabled":true,"jetpack_shortlink":"https:\/\/wp.me\/p5Z6wp-ecc","jetpack-related-posts":[{"id":57696,"url":"https:\/\/www.shqiperia.com\/blog\/e-tmerrshme-ushtria-ruse-qellon-mbi-autokolonen-me-civile-ka-te-vdekur\/","url_meta":{"origin":54572,"position":0},"title":"E tmerrshme: &#8211; \u00a0Ushtria ruse q\u00ebllon mbi autokolon\u00ebn me civil\u00eb, ka t\u00eb vdekur","author":"Kurt Farka","date":"May 8, 2022","format":false,"excerpt":"E tmerrshme: - \u00a0Ushtria ruse q\u00ebllon mbi autokolon\u00ebn me civil\u00eb, ka t\u00eb vdekur 8 MAJ 2022 Forcat ruse kan\u00eb q\u00eblluar nj\u00eb kolon\u00eb automjetesh me civil\u00eb q\u00eb p\u00ebrpiqeshin t\u2019i shp\u00ebtonin luftimeve pran\u00eb qytetit t\u00eb Kharkiv duke l\u00ebn\u00eb disa t\u00eb vdekur. Sipas CNN Serhiy Bolvinov, shefi i departamentit t\u00eb hetimit, tha se\u2026","rel":"","context":"In &quot;Politika&quot;","block_context":{"text":"Politika","link":"https:\/\/www.shqiperia.com\/blog\/category\/politika\/"},"img":{"alt_text":"","src":"https:\/\/i0.wp.com\/www.shqiperia.com\/blog\/wp-content\/uploads\/2022\/05\/800-0-6277c7d8b5c23.jpg?fit=800%2C444&ssl=1&resize=350%2C200","width":350,"height":200,"srcset":"https:\/\/i0.wp.com\/www.shqiperia.com\/blog\/wp-content\/uploads\/2022\/05\/800-0-6277c7d8b5c23.jpg?fit=800%2C444&ssl=1&resize=350%2C200 1x, https:\/\/i0.wp.com\/www.shqiperia.com\/blog\/wp-content\/uploads\/2022\/05\/800-0-6277c7d8b5c23.jpg?fit=800%2C444&ssl=1&resize=525%2C300 1.5x, https:\/\/i0.wp.com\/www.shqiperia.com\/blog\/wp-content\/uploads\/2022\/05\/800-0-6277c7d8b5c23.jpg?fit=800%2C444&ssl=1&resize=700%2C400 2x"},"classes":[]},{"id":83357,"url":"https:\/\/www.shqiperia.com\/blog\/trupat-ukrainase-futen-per-here-te-pare-ne-territorin-rus-reagon-putin-provokim-ne-shkalle-te-gjere\/","url_meta":{"origin":54572,"position":1},"title":"Trupat ukrainase futen p\u00ebr her\u00eb t\u00eb par\u00eb n\u00eb territorin rus, reagon Putin: Provokim n\u00eb shkall\u00eb t\u00eb gjer\u00eb","author":"Kurt Farka","date":"August 7, 2024","format":false,"excerpt":"7 gusht 2024 ... Fillimisht, ministria ruse tha se sulmi u zmbraps, por kjo deklarat\u00eb u korrigjua m\u00eb von\u00eb p\u00ebr t\u00eb th\u00ebn\u00eb se \u201carmiku po i shkaktohet d\u00ebme nga zjarri\u201d. Rusia ka akuzuar trupat ukrainase p\u00ebr kalimin e kufirit n\u00eb rajonin e saj t\u00eb Kurskut, gj\u00eb q\u00eb, n\u00ebse konfirmohet, sh\u00ebnon\u2026","rel":"","context":"In &quot;Blogu i Udh\u00ebtarit&quot;","block_context":{"text":"Blogu i Udh\u00ebtarit","link":"https:\/\/www.shqiperia.com\/blog\/category\/blogu-i-udhetarit\/"},"img":{"alt_text":"","src":"https:\/\/i0.wp.com\/www.shqiperia.com\/blog\/wp-content\/uploads\/2024\/08\/Putin-sot-eshte-cmenduria-e-botes.jpg?fit=960%2C540&ssl=1&resize=350%2C200","width":350,"height":200,"srcset":"https:\/\/i0.wp.com\/www.shqiperia.com\/blog\/wp-content\/uploads\/2024\/08\/Putin-sot-eshte-cmenduria-e-botes.jpg?fit=960%2C540&ssl=1&resize=350%2C200 1x, https:\/\/i0.wp.com\/www.shqiperia.com\/blog\/wp-content\/uploads\/2024\/08\/Putin-sot-eshte-cmenduria-e-botes.jpg?fit=960%2C540&ssl=1&resize=525%2C300 1.5x, https:\/\/i0.wp.com\/www.shqiperia.com\/blog\/wp-content\/uploads\/2024\/08\/Putin-sot-eshte-cmenduria-e-botes.jpg?fit=960%2C540&ssl=1&resize=700%2C400 2x"},"classes":[]},{"id":62041,"url":"https:\/\/www.shqiperia.com\/blog\/forcat-ukrainase-zene-rob-gjeneralin-me-te-larte-rus-qe-nga-lufta-e-dyte-boterore\/","url_meta":{"origin":54572,"position":2},"title":"Forcat ukrainase z\u00ebn\u00eb rob gjeneralin m\u00eb t\u00eb lart\u00eb rus q\u00eb nga Lufta e Dyt\u00eb Bot\u00ebrore","author":"Kurt Farka","date":"September 10, 2022","format":false,"excerpt":"10 Shtator 2022 Ukraina ka z\u00ebn\u00eb rob nj\u00eb gjeneral rus, q\u00eb mendohet t\u00eb jet\u00eb nj\u00eb nd\u00ebr oficer\u00ebt m\u00eb t\u00eb lart\u00eb t\u00eb Mosk\u00ebs q\u00eb do t\u00eb kapeshin rob q\u00eb nga Lufta e Dyt\u00eb Bot\u00ebrore. Videoja e publikuar t\u00eb m\u00ebrkur\u00ebn zbuloi nj\u00eb grup rob\u00ebrish rus\u00eb t\u00eb arrestuar nga Ukraina n\u00eb mes t\u00eb\u2026","rel":"","context":"In &quot;Njoftime Shtypi&quot;","block_context":{"text":"Njoftime Shtypi","link":"https:\/\/www.shqiperia.com\/blog\/category\/njoftime-shtypi\/"},"img":{"alt_text":"","src":"https:\/\/i0.wp.com\/www.shqiperia.com\/blog\/wp-content\/uploads\/2022\/09\/Forcat-ukrainase-zene-rob-gjeneralin-me-te-larte-rus.jpg?fit=640%2C320&ssl=1&resize=350%2C200","width":350,"height":200,"srcset":"https:\/\/i0.wp.com\/www.shqiperia.com\/blog\/wp-content\/uploads\/2022\/09\/Forcat-ukrainase-zene-rob-gjeneralin-me-te-larte-rus.jpg?fit=640%2C320&ssl=1&resize=350%2C200 1x, https:\/\/i0.wp.com\/www.shqiperia.com\/blog\/wp-content\/uploads\/2022\/09\/Forcat-ukrainase-zene-rob-gjeneralin-me-te-larte-rus.jpg?fit=640%2C320&ssl=1&resize=525%2C300 1.5x"},"classes":[]},{"id":56120,"url":"https:\/\/www.shqiperia.com\/blog\/lufta-ne-ukraine-trupat-ruse-refuzojne-urdhrat-putini-po-dezinformohet-nga-keshilltaret-e-tij-bombardime-ne-kiev-dhe-chernihiv\/","url_meta":{"origin":54572,"position":3},"title":"Lufta n\u00eb Ukrain\u00eb: &#8211; Trupat ruse refuzojn\u00eb urdhrat, Putini po \u201cdezinformohet\u201d nga k\u00ebshilltar\u00ebt e tij, bombardime n\u00eb Kiev dhe Chernihiv","author":"Kurt Farka","date":"March 31, 2022","format":false,"excerpt":"Lufta n\u00eb Ukrain\u00eb: - Trupat ruse refuzojn\u00eb urdhrat, Putini po \u201cdezinformohet\u201d nga k\u00ebshilltar\u00ebt e tij, bombardime n\u00eb Kiev dhe Chernihiv 31 Mars 2022 Forcat ruse bombarduan Kievin dhe Chernihiv t\u00eb m\u00ebrkur\u00ebn \u2013 nj\u00eb dit\u00eb pasi Moska tha se do t\u00eb \u201culte n\u00eb m\u00ebnyr\u00eb drastike\u201d sulmin e saj ushtarak ndaj dy\u2026","rel":"","context":"In &quot;Blogu i Udh\u00ebtarit&quot;","block_context":{"text":"Blogu i Udh\u00ebtarit","link":"https:\/\/www.shqiperia.com\/blog\/category\/blogu-i-udhetarit\/"},"img":{"alt_text":"","src":"https:\/\/i0.wp.com\/www.shqiperia.com\/blog\/wp-content\/uploads\/2022\/03\/8030b026-b1e7-4235-ae22-75347978bb37.jpg?fit=624%2C376&ssl=1&resize=350%2C200","width":350,"height":200,"srcset":"https:\/\/i0.wp.com\/www.shqiperia.com\/blog\/wp-content\/uploads\/2022\/03\/8030b026-b1e7-4235-ae22-75347978bb37.jpg?fit=624%2C376&ssl=1&resize=350%2C200 1x, https:\/\/i0.wp.com\/www.shqiperia.com\/blog\/wp-content\/uploads\/2022\/03\/8030b026-b1e7-4235-ae22-75347978bb37.jpg?fit=624%2C376&ssl=1&resize=525%2C300 1.5x"},"classes":[]},{"id":73250,"url":"https:\/\/www.shqiperia.com\/blog\/ukraina-e-bindur-rusia-ka-deshtuar-te-perparoje-ne-vijen-e-frontit\/","url_meta":{"origin":54572,"position":4},"title":"Ukraina e bindur: &#8211; Rusia ka d\u00ebshtuar t\u00eb p\u00ebrparoj\u00eb n\u00eb vij\u00ebn e frontit","author":"Kurt Farka","date":"August 4, 2023","format":false,"excerpt":"4 Gusht 2023 Trupat ruse nuk kan\u00eb b\u00ebr\u00eb p\u00ebrparime n\u00eb vij\u00ebn e frontit, por kan\u00eb z\u00ebn\u00eb pozicione t\u00eb mira mbrojt\u00ebse, duke e b\u00ebr\u00eb t\u00eb v\u00ebshtir\u00eb p\u00ebr trupat ukrainase t\u00eb l\u00ebvizin n\u00eb lindje dhe jug, than\u00eb autoritetet e Kievit t\u00eb m\u00ebrkur\u00ebn. Nga ana tjet\u00ebr, trupat ruse kan\u00eb njoftuar se kan\u00eb zbrapsur\u2026","rel":"","context":"In &quot;Blogu i Udh\u00ebtarit&quot;","block_context":{"text":"Blogu i Udh\u00ebtarit","link":"https:\/\/www.shqiperia.com\/blog\/category\/blogu-i-udhetarit\/"},"img":{"alt_text":"","src":"https:\/\/i0.wp.com\/www.shqiperia.com\/blog\/wp-content\/uploads\/2023\/08\/za-770x438-1.png?fit=770%2C438&ssl=1&resize=350%2C200","width":350,"height":200,"srcset":"https:\/\/i0.wp.com\/www.shqiperia.com\/blog\/wp-content\/uploads\/2023\/08\/za-770x438-1.png?fit=770%2C438&ssl=1&resize=350%2C200 1x, https:\/\/i0.wp.com\/www.shqiperia.com\/blog\/wp-content\/uploads\/2023\/08\/za-770x438-1.png?fit=770%2C438&ssl=1&resize=525%2C300 1.5x, https:\/\/i0.wp.com\/www.shqiperia.com\/blog\/wp-content\/uploads\/2023\/08\/za-770x438-1.png?fit=770%2C438&ssl=1&resize=700%2C400 2x"},"classes":[]},{"id":50967,"url":"https:\/\/www.shqiperia.com\/blog\/zhvillime-te-bujshme-droni-turk-bombardon-forcat-ruse-ne-kufirin-me-ukrainen-nisen-tanket\/","url_meta":{"origin":54572,"position":5},"title":"Zhvillime t\u00eb bujshme! Droni turk bombardon forcat ruse n\u00eb kufirin me Ukrain\u00ebn, nisen tanket .","author":"Kurt Farka","date":"October 30, 2021","format":false,"excerpt":"Zhvillime t\u00eb bujshme! Droni turk bombardon forcat ruse n\u00eb kufirin me Ukrain\u00ebn, nisen tanket . 28 TETOR 2021 Ushtria e Ukrain\u00ebs ka konfirmuar se ka kryer sulmin e saj t\u00eb par\u00eb duke p\u00ebrdorur nj\u00eb dron t\u00eb armatosur Bayraktar TB2 t\u00eb prodhimit turk. TB2 shkat\u00ebrroi nj\u00eb obus 122 mm D-30 q\u00eb\u2026","rel":"","context":"In &quot;Blogu i Udh\u00ebtarit&quot;","block_context":{"text":"Blogu i Udh\u00ebtarit","link":"https:\/\/www.shqiperia.com\/blog\/category\/blogu-i-udhetarit\/"},"img":{"alt_text":"","src":"https:\/\/i0.wp.com\/www.shqiperia.com\/blog\/wp-content\/uploads\/2021\/10\/800-0-2f03b3035090b6c4d9c183816e529822.jpg?fit=800%2C449&ssl=1&resize=350%2C200","width":350,"height":200,"srcset":"https:\/\/i0.wp.com\/www.shqiperia.com\/blog\/wp-content\/uploads\/2021\/10\/800-0-2f03b3035090b6c4d9c183816e529822.jpg?fit=800%2C449&ssl=1&resize=350%2C200 1x, https:\/\/i0.wp.com\/www.shqiperia.com\/blog\/wp-content\/uploads\/2021\/10\/800-0-2f03b3035090b6c4d9c183816e529822.jpg?fit=800%2C449&ssl=1&resize=525%2C300 1.5x, https:\/\/i0.wp.com\/www.shqiperia.com\/blog\/wp-content\/uploads\/2021\/10\/800-0-2f03b3035090b6c4d9c183816e529822.jpg?fit=800%2C449&ssl=1&resize=700%2C400 2x"},"classes":[]}],"_links":{"self":[{"href":"https:\/\/www.shqiperia.com\/blog\/wp-json\/wp\/v2\/posts\/54572","targetHints":{"allow":["GET"]}}],"collection":[{"href":"https:\/\/www.shqiperia.com\/blog\/wp-json\/wp\/v2\/posts"}],"about":[{"href":"https:\/\/www.shqiperia.com\/blog\/wp-json\/wp\/v2\/types\/post"}],"author":[{"embeddable":true,"href":"https:\/\/www.shqiperia.com\/blog\/wp-json\/wp\/v2\/users\/9"}],"replies":[{"embeddable":true,"href":"https:\/\/www.shqiperia.com\/blog\/wp-json\/wp\/v2\/comments?post=54572"}],"version-history":[{"count":1,"href":"https:\/\/www.shqiperia.com\/blog\/wp-json\/wp\/v2\/posts\/54572\/revisions"}],"predecessor-version":[{"id":54574,"href":"https:\/\/www.shqiperia.com\/blog\/wp-json\/wp\/v2\/posts\/54572\/revisions\/54574"}],"wp:featuredmedia":[{"embeddable":true,"href":"https:\/\/www.shqiperia.com\/blog\/wp-json\/wp\/v2\/media\/54573"}],"wp:attachment":[{"href":"https:\/\/www.shqiperia.com\/blog\/wp-json\/wp\/v2\/media?parent=54572"}],"wp:term":[{"taxonomy":"category","embeddable":true,"href":"https:\/\/www.shqiperia.com\/blog\/wp-json\/wp\/v2\/categories?post=54572"},{"taxonomy":"post_tag","embeddable":true,"href":"https:\/\/www.shqiperia.com\/blog\/wp-json\/wp\/v2\/tags?post=54572"}],"curies":[{"name":"wp","href":"https:\/\/api.w.org\/{rel}","templated":true}]}}