{"id":54569,"date":"2022-02-26T10:22:05","date_gmt":"2022-02-26T10:22:05","guid":{"rendered":"https:\/\/www.shqiperia.com\/blog\/?p=54569"},"modified":"2022-02-26T10:22:05","modified_gmt":"2022-02-26T10:22:05","slug":"ballkani-i-hapur-deputeti-tritan-shehu-ne-keto-kushte-te-renda-per-rajonin-kryeministri-te-distancohet-nga-ai-projekt-i-jugosllavise-se-re","status":"publish","type":"post","link":"https:\/\/www.shqiperia.com\/blog\/ballkani-i-hapur-deputeti-tritan-shehu-ne-keto-kushte-te-renda-per-rajonin-kryeministri-te-distancohet-nga-ai-projekt-i-jugosllavise-se-re\/","title":{"rendered":"\u201cBallkani i hapur\u201d. \u00a0Deputeti Tritan Shehu: &#8211; N\u00eb k\u00ebto kushte t\u00eb r\u00ebnda p\u00ebr rajonin, kryeministri t\u00eb distancohet nga ai projekt i \u201cJugosllavis\u00eb s\u00eb Re\u201d"},"content":{"rendered":"<p><img data-recalc-dims=\"1\" loading=\"lazy\" decoding=\"async\" data-attachment-id=\"54570\" data-permalink=\"https:\/\/www.shqiperia.com\/blog\/ballkani-i-hapur-deputeti-tritan-shehu-ne-keto-kushte-te-renda-per-rajonin-kryeministri-te-distancohet-nga-ai-projekt-i-jugosllavise-se-re\/tritan-shehu\/\" data-orig-file=\"https:\/\/i0.wp.com\/www.shqiperia.com\/blog\/wp-content\/uploads\/2022\/02\/Tritan-Shehu.jpg?fit=1024%2C555&amp;ssl=1\" data-orig-size=\"1024,555\" data-comments-opened=\"1\" data-image-meta=\"{&quot;aperture&quot;:&quot;0&quot;,&quot;credit&quot;:&quot;&quot;,&quot;camera&quot;:&quot;&quot;,&quot;caption&quot;:&quot;&quot;,&quot;created_timestamp&quot;:&quot;0&quot;,&quot;copyright&quot;:&quot;&quot;,&quot;focal_length&quot;:&quot;0&quot;,&quot;iso&quot;:&quot;0&quot;,&quot;shutter_speed&quot;:&quot;0&quot;,&quot;title&quot;:&quot;&quot;,&quot;orientation&quot;:&quot;0&quot;}\" data-image-title=\"Tritan Shehu\" data-image-description=\"\" data-image-caption=\"\" data-medium-file=\"https:\/\/i0.wp.com\/www.shqiperia.com\/blog\/wp-content\/uploads\/2022\/02\/Tritan-Shehu.jpg?fit=300%2C163&amp;ssl=1\" data-large-file=\"https:\/\/i0.wp.com\/www.shqiperia.com\/blog\/wp-content\/uploads\/2022\/02\/Tritan-Shehu.jpg?fit=1024%2C555&amp;ssl=1\" class=\"alignnone  wp-image-54570\" alt=\"\" src=\"https:\/\/i0.wp.com\/www.shqiperia.com\/blog\/wp-content\/uploads\/2022\/02\/Tritan-Shehu.jpg?resize=504%2C274&#038;ssl=1\" width=\"504\" height=\"274\" srcset=\"https:\/\/i0.wp.com\/www.shqiperia.com\/blog\/wp-content\/uploads\/2022\/02\/Tritan-Shehu.jpg?resize=300%2C163&amp;ssl=1 300w, https:\/\/i0.wp.com\/www.shqiperia.com\/blog\/wp-content\/uploads\/2022\/02\/Tritan-Shehu.jpg?resize=768%2C416&amp;ssl=1 768w, https:\/\/i0.wp.com\/www.shqiperia.com\/blog\/wp-content\/uploads\/2022\/02\/Tritan-Shehu.jpg?resize=450%2C244&amp;ssl=1 450w, https:\/\/i0.wp.com\/www.shqiperia.com\/blog\/wp-content\/uploads\/2022\/02\/Tritan-Shehu.jpg?resize=600%2C325&amp;ssl=1 600w, https:\/\/i0.wp.com\/www.shqiperia.com\/blog\/wp-content\/uploads\/2022\/02\/Tritan-Shehu.jpg?resize=400%2C217&amp;ssl=1 400w, https:\/\/i0.wp.com\/www.shqiperia.com\/blog\/wp-content\/uploads\/2022\/02\/Tritan-Shehu.jpg?w=1024&amp;ssl=1 1024w\" sizes=\"auto, (max-width: 504px) 100vw, 504px\" \/><\/p>\n<p>\u201cBallkani i hapur\u201d. \u00a0Deputeti Tritan Shehu: &#8211; N\u00eb k\u00ebto kushte t\u00eb r\u00ebnda p\u00ebr rajonin, kryeministri t\u00eb distancohet nga ai projekt i \u201cJugosllavis\u00eb s\u00eb Re\u201d<\/p>\n<p>26 Shkurt\u00a0 2022<\/p>\n<p>Ne nje postim ne rrjetet sociale, Shehu thote se \u201cne keto kushte te renda edhe per Rajonin tone, megjithese me vonese, i kerkoj Kryeministrit te distancohet nga ai projekt i \u201cJugosllavise se Re\u201d, projekt ne te vertete edhe percares per Rajonin e shqiptaret, ndesh me interesat tona strategjike\u201d.<\/p>\n<p>POSTIMI I PLOTE I TRITAN SHEHUT<\/p>\n<p>\u201cBallkani i hapur\u201d perkthehet \u201cBallkani i Rusise\u201d.<\/p>\n<p>Serbia, inisiatoria dhe lider e nismes \u201cBallkani i hapur\u201d, por dhe firmetarja e Unionit EuroAsian te Moskes, deklaron ate qe pritej, mos aderimin ne frontin anti agresion, duke hedhur poshte kerkesen per tu solidarizuar me sanksionet kunder Rusise.<\/p>\n<p>Nuk mund te ndodhte ndryshe me nje vend te armatosur rende e me \u201cfytyre\u201d nga Rusia.<\/p>\n<p>Ne keto kushte te renda edhe per Rajonin tone, megjithese me vonese, i kerkoj:<\/p>\n<p>1- Kryeministrit te distancohet nga ai projekt i \u201cJugosllavise se Re\u201d, projekt ne te vertete edhe percares per Rajonin e shqiptaret, ndesh me interesat tona strategjike.<\/p>\n<p>2- Deputeteve te asaj opozite te Kuvendit, qe deri tashti vetem hesht dhe nuk ka guximin te marrin asnje lloj qendrim ndaj kesaj nisme, te skjarojne pozicionin e tyre, se paku tashme.<\/p>\n<p>Bllokimi nga maxhoranca i Parlamentit dhe Komisionit te Jashtem te tij ndaj perpjekjeve per te dale me nje rezolute anti agresion, qe pa dyshim nuk mund te anashkaloje edhe rreziqet ndaj Rajonit tone, apo heshtja e disave ne ate salle, vecse njollos me turp Kuvendin.<\/p>\n<p>Gazeta Panorama<\/p>\n","protected":false},"excerpt":{"rendered":"<p>\u201cBallkani i hapur\u201d. \u00a0Deputeti Tritan Shehu: &#8211; N\u00eb k\u00ebto kushte t\u00eb r\u00ebnda p\u00ebr rajonin, kryeministri t\u00eb distancohet nga ai projekt i \u201cJugosllavis\u00eb s\u00eb Re\u201d 26 Shkurt\u00a0 2022 Ne nje postim ne rrjetet sociale, Shehu thote se \u201cne keto kushte te renda edhe per Rajonin tone, megjithese me vonese, i kerkoj Kryeministrit te distancohet nga ai [&hellip;]<\/p>\n","protected":false},"author":9,"featured_media":54570,"comment_status":"open","ping_status":"open","sticky":false,"template":"","format":"standard","meta":{"jetpack_post_was_ever_published":false,"_jetpack_newsletter_access":"","_jetpack_dont_email_post_to_subs":false,"_jetpack_newsletter_tier_id":0,"_jetpack_memberships_contains_paywalled_content":false,"_jetpack_memberships_contains_paid_content":false,"footnotes":"","jetpack_publicize_message":"","jetpack_publicize_feature_enabled":true,"jetpack_social_post_already_shared":true,"jetpack_social_options":{"image_generator_settings":{"template":"highway","default_image_id":0,"font":"","enabled":false},"version":2}},"categories":[27,2,35],"tags":[],"class_list":["post-54569","post","type-post","status-publish","format-standard","has-post-thumbnail","hentry","category-blogu-i-udhetarit","category-politika","category-shoqerore"],"jetpack_publicize_connections":[],"jetpack_featured_media_url":"https:\/\/i0.wp.com\/www.shqiperia.com\/blog\/wp-content\/uploads\/2022\/02\/Tritan-Shehu.jpg?fit=1024%2C555&ssl=1","jetpack_sharing_enabled":true,"jetpack_shortlink":"https:\/\/wp.me\/p5Z6wp-ec9","jetpack-related-posts":[{"id":72752,"url":"https:\/\/www.shqiperia.com\/blog\/takim-ne-tirane-per-te-shpallur-vendimin-e-vdekjes-per-ballkanin-e-hapur\/","url_meta":{"origin":54569,"position":0},"title":"Takim ne Tirane per te shpallur vendimin e Vdekjes per &#8220;Ballkanin e Hapur&#8221;.","author":"Kurt Farka","date":"July 16, 2023","format":false,"excerpt":"16 Korrik 2023 Deputeti i PD-s\u00eb, Tritan Shehu \u00ebsht\u00eb shprehur se \u201cBallkani i hapur\u201d ishte, sipas tij, nj\u00eb d\u00ebshtim i nj\u00eb tentative anti Per\u00ebndimore! N\u00eb nj\u00eb postim n\u00eb Facebook, shkruan se\u00a0\u00a0\u201cvendimi i Ram\u00ebs p\u00ebr t\u00eb shpallur vdekjen e \u201cBallkanit t\u00eb Hapur\u201d, nuk \u00ebsht\u00eb nj\u00eb vullnet i tij\u201d,\u00a0duke theksuar se ishte\u2026","rel":"","context":"In &quot;Blogu i Udh\u00ebtarit&quot;","block_context":{"text":"Blogu i Udh\u00ebtarit","link":"https:\/\/www.shqiperia.com\/blog\/category\/blogu-i-udhetarit\/"},"img":{"alt_text":"","src":"https:\/\/i0.wp.com\/www.shqiperia.com\/blog\/wp-content\/uploads\/2023\/07\/8b41cb2d31b22177f1bfc8a1861f7bfa_XL.jpg?fit=800%2C450&ssl=1&resize=350%2C200","width":350,"height":200,"srcset":"https:\/\/i0.wp.com\/www.shqiperia.com\/blog\/wp-content\/uploads\/2023\/07\/8b41cb2d31b22177f1bfc8a1861f7bfa_XL.jpg?fit=800%2C450&ssl=1&resize=350%2C200 1x, https:\/\/i0.wp.com\/www.shqiperia.com\/blog\/wp-content\/uploads\/2023\/07\/8b41cb2d31b22177f1bfc8a1861f7bfa_XL.jpg?fit=800%2C450&ssl=1&resize=525%2C300 1.5x, https:\/\/i0.wp.com\/www.shqiperia.com\/blog\/wp-content\/uploads\/2023\/07\/8b41cb2d31b22177f1bfc8a1861f7bfa_XL.jpg?fit=800%2C450&ssl=1&resize=700%2C400 2x"},"classes":[]},{"id":54702,"url":"https:\/\/www.shqiperia.com\/blog\/ballkani-i-hapur-kali-i-trojes-i-putinit-ne-ballkanin-perendimor\/","url_meta":{"origin":54569,"position":1},"title":"Ballkani i Hapur kali i Troj\u00ebs i Putinit n\u00eb Ballkanin Per\u00ebndimor","author":"Kurt Farka","date":"February 27, 2022","format":false,"excerpt":"Ballkani i Hapur kali i Troj\u00ebs i Putinit n\u00eb Ballkanin Per\u00ebndimor Nga Ziadin Sela 27 Shkurt 2022Ballkani i Hapur kali i Troj\u00ebs i Putinit n\u00eb Ballkanin Per\u00ebndimor P\u00ebrve\u00e7 Bjellorusis\u00eb, Serbia ishte vendi i vet\u00ebm evropian q\u00eb nuk e mb\u00ebshteti rezolut\u00ebn e p\u00ebrpiluar nga Shqip\u00ebria dhe SHBA p\u00ebr miratim nga K\u00ebshilli\u2026","rel":"","context":"In &quot;Blogu i Udh\u00ebtarit&quot;","block_context":{"text":"Blogu i Udh\u00ebtarit","link":"https:\/\/www.shqiperia.com\/blog\/category\/blogu-i-udhetarit\/"},"img":{"alt_text":"","src":"https:\/\/i0.wp.com\/www.shqiperia.com\/blog\/wp-content\/uploads\/2022\/02\/Screenshot_15-7.jpg?fit=573%2C305&ssl=1&resize=350%2C200","width":350,"height":200,"srcset":"https:\/\/i0.wp.com\/www.shqiperia.com\/blog\/wp-content\/uploads\/2022\/02\/Screenshot_15-7.jpg?fit=573%2C305&ssl=1&resize=350%2C200 1x, https:\/\/i0.wp.com\/www.shqiperia.com\/blog\/wp-content\/uploads\/2022\/02\/Screenshot_15-7.jpg?fit=573%2C305&ssl=1&resize=525%2C300 1.5x"},"classes":[]},{"id":61240,"url":"https:\/\/www.shqiperia.com\/blog\/djali-i-miliarderit-xhorxh-soros-ndjek-kemba-kembes-treshen-rama-vucic-zaev-projektit-ballkani-i-hapur-cfare-po-thuret-ne-prapaskene\/","url_meta":{"origin":54569,"position":2},"title":"Djali i miliarderit Xhorxh Soros ndjek \u201ck\u00ebmba-k\u00ebmb\u00ebs\u201d treshen Rama-Vu\u00e7i\u00e7-Zaev. &#8211; Projektit \u201cBallkani i Hapur\u201d, \u00e7far\u00eb po thuret n\u00eb prapasken\u00eb?","author":"Kurt Farka","date":"August 17, 2022","format":false,"excerpt":"- 17 Gusht 2022. \"Edhe Ministri i Jasht\u00ebm rus Sergei Lavrov ka pranuar q\u00eb projekti i Ballkanit t\u00eb Hapur mb\u00ebshtetet qart\u00ebsisht nga rus\u00ebt, t\u00eb cil\u00ebt e konsiderojn\u00eb k\u00ebt\u00eb nj\u00eb nism\u00eb t\u00eb Serbis\u00eb...\". N\u00eb Ballkanin e Hapur shum\u00eb t\u00eb komentuar, shtetet\u00a0 e rajonit m\u00eb shum\u00eb po largohen sesa po bashkohen, duke\u2026","rel":"","context":"In &quot;Blogu i Udh\u00ebtarit&quot;","block_context":{"text":"Blogu i Udh\u00ebtarit","link":"https:\/\/www.shqiperia.com\/blog\/category\/blogu-i-udhetarit\/"},"img":{"alt_text":"","src":"https:\/\/i0.wp.com\/www.shqiperia.com\/blog\/wp-content\/uploads\/2022\/08\/Projektit-Ballkani-i-Hapur-cfare-po-thuret-ne-prapaskene.jpg?fit=800%2C448&ssl=1&resize=350%2C200","width":350,"height":200,"srcset":"https:\/\/i0.wp.com\/www.shqiperia.com\/blog\/wp-content\/uploads\/2022\/08\/Projektit-Ballkani-i-Hapur-cfare-po-thuret-ne-prapaskene.jpg?fit=800%2C448&ssl=1&resize=350%2C200 1x, https:\/\/i0.wp.com\/www.shqiperia.com\/blog\/wp-content\/uploads\/2022\/08\/Projektit-Ballkani-i-Hapur-cfare-po-thuret-ne-prapaskene.jpg?fit=800%2C448&ssl=1&resize=525%2C300 1.5x, https:\/\/i0.wp.com\/www.shqiperia.com\/blog\/wp-content\/uploads\/2022\/08\/Projektit-Ballkani-i-Hapur-cfare-po-thuret-ne-prapaskene.jpg?fit=800%2C448&ssl=1&resize=700%2C400 2x"},"classes":[]},{"id":48794,"url":"https:\/\/www.shqiperia.com\/blog\/po-mbahet-ne-shkup-ballkani-i-hapur-vjen-reagimi-i-ashper-i-vetvendosjes-abazi-flet-per-skenare-sot-108-vite-nga-konferenca-e-londres-rama-po-e-vendos-shqiperine-nen-vasalit\/","url_meta":{"origin":54569,"position":3},"title":"Po mbahet n\u00eb Shkup \u2018Ballkani i Hapur\u2019. &#8211; Vjen reagimi i ashp\u00ebr i Vetvendosjes, Abazi flet p\u00ebr skenare: &#8211; Sot, 108 vite nga Konferenca e Londr\u00ebs, Rama po e vendos Shqip\u00ebrin\u00eb n\u00ebn vasalitetin e Serbis\u00eb","author":"Kurt Farka","date":"July 29, 2021","format":false,"excerpt":"Po mbahet n\u00eb Shkup \u2018Ballkani i Hapur\u2019. - Vjen reagimi i ashp\u00ebr i Vetvendosjes, Abazi flet p\u00ebr skenare: - Sot, 108 vite nga Konferenca e Londr\u00ebs, Rama po e vendos Shqip\u00ebrin\u00eb n\u00ebn vasalitetin e Serbis\u00eb 29 KORRIK 2021 N\u00eb Maqedonis\u00eb s\u00eb Veriut po zhvillohet Forumi Ekonomik \u201cBallkani i Hapur\u201d, ku\u2026","rel":"","context":"In &quot;Politika&quot;","block_context":{"text":"Politika","link":"https:\/\/www.shqiperia.com\/blog\/category\/politika\/"},"img":{"alt_text":"","src":"https:\/\/i0.wp.com\/www.shqiperia.com\/blog\/wp-content\/uploads\/2021\/07\/800-480-61027e817fcd7.jpg?fit=800%2C480&ssl=1&resize=350%2C200","width":350,"height":200,"srcset":"https:\/\/i0.wp.com\/www.shqiperia.com\/blog\/wp-content\/uploads\/2021\/07\/800-480-61027e817fcd7.jpg?fit=800%2C480&ssl=1&resize=350%2C200 1x, https:\/\/i0.wp.com\/www.shqiperia.com\/blog\/wp-content\/uploads\/2021\/07\/800-480-61027e817fcd7.jpg?fit=800%2C480&ssl=1&resize=525%2C300 1.5x, https:\/\/i0.wp.com\/www.shqiperia.com\/blog\/wp-content\/uploads\/2021\/07\/800-480-61027e817fcd7.jpg?fit=800%2C480&ssl=1&resize=700%2C400 2x"},"classes":[]},{"id":72576,"url":"https:\/\/www.shqiperia.com\/blog\/ballkani-i-hapur-mentor-kikia-realiteti-politik-mes-kosoves-dhe-serbise-kullon-ende-gjak\/","url_meta":{"origin":54569,"position":4},"title":"\u201cBallkani i Hapur\u201d, Mentor Kikia: &#8211; Realiteti politik mes Kosov\u00ebs dhe Serbis\u00eb kullon ende gjak","author":"Kurt Farka","date":"July 4, 2023","format":false,"excerpt":"4 Korrik 2023 Analisti Mentor Kikia \u00ebsht\u00eb shprehur se nisma e \u201cBallkanit t\u00eb Hapur\u201d e iniciuar nga kryeministri Edi Rama, presidenti serb, Aleksand\u00ebr Vu\u00e7i\u00e7 dhe ish-kryeministri i Maqedonis\u00eb s\u00eb Veriut, Zoran Zaev, ishte nj\u00eb \u201cpallat mbi uj\u00eb\u201d q\u00eb sipas tij \u201cu zhyt\u201d. Komentet Kikia i b\u00ebri p\u00ebrmes nj\u00eb intervste n\u00eb,\u2026","rel":"","context":"In &quot;Blogu i Udh\u00ebtarit&quot;","block_context":{"text":"Blogu i Udh\u00ebtarit","link":"https:\/\/www.shqiperia.com\/blog\/category\/blogu-i-udhetarit\/"},"img":{"alt_text":"","src":"https:\/\/i0.wp.com\/www.shqiperia.com\/blog\/wp-content\/uploads\/2023\/07\/Screenshot_218.png?fit=498%2C334&ssl=1&resize=350%2C200","width":350,"height":200},"classes":[]},{"id":52180,"url":"https:\/\/www.shqiperia.com\/blog\/tritan-shehu-kerkon-doreheqjen-e-bashes-je-ne-kohe-te-besh-edhe-kete-levizje\/","url_meta":{"origin":54569,"position":5},"title":"Tritan Shehu k\u00ebrkon dor\u00ebheqjen e Bash\u00ebs: &#8211; Je n\u00eb koh\u00eb t\u00eb b\u00ebsh edhe k\u00ebt\u00eb l\u00ebvizje","author":"Kurt Farka","date":"December 9, 2021","format":false,"excerpt":"Tritan Shehu k\u00ebrkon dor\u00ebheqjen e Bash\u00ebs: - Je n\u00eb koh\u00eb t\u00eb b\u00ebsh edhe k\u00ebt\u00eb l\u00ebvizje 9 DHJETOR 2021 Deputeti i PD ka k\u00ebrkaur dor\u00ebheqjen e Lulzim Bash\u00ebs nga posti q\u00eb mban n\u00eb parti, pak para s\u00eb t\u00eb mbahet Kuvendi i 11 dhjetorit. I ftuar n\u00eb emisionin \u201cTop Talk\u201d ai theksoi\u2026","rel":"","context":"In &quot;Blogu i Udh\u00ebtarit&quot;","block_context":{"text":"Blogu i Udh\u00ebtarit","link":"https:\/\/www.shqiperia.com\/blog\/category\/blogu-i-udhetarit\/"},"img":{"alt_text":"","src":"https:\/\/i0.wp.com\/www.shqiperia.com\/blog\/wp-content\/uploads\/2021\/12\/Lulzim-Basha.jpg?fit=800%2C510&ssl=1&resize=350%2C200","width":350,"height":200,"srcset":"https:\/\/i0.wp.com\/www.shqiperia.com\/blog\/wp-content\/uploads\/2021\/12\/Lulzim-Basha.jpg?fit=800%2C510&ssl=1&resize=350%2C200 1x, https:\/\/i0.wp.com\/www.shqiperia.com\/blog\/wp-content\/uploads\/2021\/12\/Lulzim-Basha.jpg?fit=800%2C510&ssl=1&resize=525%2C300 1.5x, https:\/\/i0.wp.com\/www.shqiperia.com\/blog\/wp-content\/uploads\/2021\/12\/Lulzim-Basha.jpg?fit=800%2C510&ssl=1&resize=700%2C400 2x"},"classes":[]}],"_links":{"self":[{"href":"https:\/\/www.shqiperia.com\/blog\/wp-json\/wp\/v2\/posts\/54569","targetHints":{"allow":["GET"]}}],"collection":[{"href":"https:\/\/www.shqiperia.com\/blog\/wp-json\/wp\/v2\/posts"}],"about":[{"href":"https:\/\/www.shqiperia.com\/blog\/wp-json\/wp\/v2\/types\/post"}],"author":[{"embeddable":true,"href":"https:\/\/www.shqiperia.com\/blog\/wp-json\/wp\/v2\/users\/9"}],"replies":[{"embeddable":true,"href":"https:\/\/www.shqiperia.com\/blog\/wp-json\/wp\/v2\/comments?post=54569"}],"version-history":[{"count":1,"href":"https:\/\/www.shqiperia.com\/blog\/wp-json\/wp\/v2\/posts\/54569\/revisions"}],"predecessor-version":[{"id":54571,"href":"https:\/\/www.shqiperia.com\/blog\/wp-json\/wp\/v2\/posts\/54569\/revisions\/54571"}],"wp:featuredmedia":[{"embeddable":true,"href":"https:\/\/www.shqiperia.com\/blog\/wp-json\/wp\/v2\/media\/54570"}],"wp:attachment":[{"href":"https:\/\/www.shqiperia.com\/blog\/wp-json\/wp\/v2\/media?parent=54569"}],"wp:term":[{"taxonomy":"category","embeddable":true,"href":"https:\/\/www.shqiperia.com\/blog\/wp-json\/wp\/v2\/categories?post=54569"},{"taxonomy":"post_tag","embeddable":true,"href":"https:\/\/www.shqiperia.com\/blog\/wp-json\/wp\/v2\/tags?post=54569"}],"curies":[{"name":"wp","href":"https:\/\/api.w.org\/{rel}","templated":true}]}}