{"id":54565,"date":"2022-02-26T00:35:12","date_gmt":"2022-02-26T00:35:12","guid":{"rendered":"https:\/\/www.shqiperia.com\/blog\/?p=54565"},"modified":"2022-02-26T00:35:12","modified_gmt":"2022-02-26T00:35:12","slug":"krematorium-levizes-per-te-eliminuar-ushtaret-e-vrare-ruse","status":"publish","type":"post","link":"https:\/\/www.shqiperia.com\/blog\/krematorium-levizes-per-te-eliminuar-ushtaret-e-vrare-ruse\/","title":{"rendered":"Krematorium l\u00ebviz\u00ebs p\u00ebr &#8220;t\u00eb eliminuar&#8221; ushtar\u00ebt e vrar\u00eb rus\u00eb"},"content":{"rendered":"<div id=\"attachment_54566\" style=\"width: 566px\" class=\"wp-caption alignnone\"><img data-recalc-dims=\"1\" loading=\"lazy\" decoding=\"async\" aria-describedby=\"caption-attachment-54566\" data-attachment-id=\"54566\" data-permalink=\"https:\/\/www.shqiperia.com\/blog\/krematorium-levizes-per-te-eliminuar-ushtaret-e-vrare-ruse\/krematorium-levizes-per-te-eliminuar-ushtaret-e-vrare-ruse\/\" data-orig-file=\"https:\/\/i0.wp.com\/www.shqiperia.com\/blog\/wp-content\/uploads\/2022\/02\/Krematorium-levizes-per-te-eliminuar-ushtaret-e-vrare-ruse.jpg?fit=640%2C360&amp;ssl=1\" data-orig-size=\"640,360\" data-comments-opened=\"1\" data-image-meta=\"{&quot;aperture&quot;:&quot;0&quot;,&quot;credit&quot;:&quot;&quot;,&quot;camera&quot;:&quot;&quot;,&quot;caption&quot;:&quot;&quot;,&quot;created_timestamp&quot;:&quot;0&quot;,&quot;copyright&quot;:&quot;&quot;,&quot;focal_length&quot;:&quot;0&quot;,&quot;iso&quot;:&quot;0&quot;,&quot;shutter_speed&quot;:&quot;0&quot;,&quot;title&quot;:&quot;&quot;,&quot;orientation&quot;:&quot;0&quot;}\" data-image-title=\"Krematorium l\u00ebviz\u00ebs p\u00ebr t\u00eb eliminuar ushtar\u00ebt e vrar\u00eb rus\u00eb\" data-image-description=\"\" data-image-caption=\"&lt;p&gt;Krematorium l\u00ebviz\u00ebs p\u00ebr t\u00eb eliminuar ushtar\u00ebt e vrar\u00eb rus\u00eb&lt;\/p&gt;\n\" data-medium-file=\"https:\/\/i0.wp.com\/www.shqiperia.com\/blog\/wp-content\/uploads\/2022\/02\/Krematorium-levizes-per-te-eliminuar-ushtaret-e-vrare-ruse.jpg?fit=300%2C169&amp;ssl=1\" data-large-file=\"https:\/\/i0.wp.com\/www.shqiperia.com\/blog\/wp-content\/uploads\/2022\/02\/Krematorium-levizes-per-te-eliminuar-ushtaret-e-vrare-ruse.jpg?fit=640%2C360&amp;ssl=1\" class=\" wp-image-54566\" alt=\"\" src=\"https:\/\/i0.wp.com\/www.shqiperia.com\/blog\/wp-content\/uploads\/2022\/02\/Krematorium-levizes-per-te-eliminuar-ushtaret-e-vrare-ruse.jpg?resize=556%2C313&#038;ssl=1\" width=\"556\" height=\"313\" srcset=\"https:\/\/i0.wp.com\/www.shqiperia.com\/blog\/wp-content\/uploads\/2022\/02\/Krematorium-levizes-per-te-eliminuar-ushtaret-e-vrare-ruse.jpg?resize=300%2C169&amp;ssl=1 300w, https:\/\/i0.wp.com\/www.shqiperia.com\/blog\/wp-content\/uploads\/2022\/02\/Krematorium-levizes-per-te-eliminuar-ushtaret-e-vrare-ruse.jpg?resize=450%2C253&amp;ssl=1 450w, https:\/\/i0.wp.com\/www.shqiperia.com\/blog\/wp-content\/uploads\/2022\/02\/Krematorium-levizes-per-te-eliminuar-ushtaret-e-vrare-ruse.jpg?resize=600%2C338&amp;ssl=1 600w, https:\/\/i0.wp.com\/www.shqiperia.com\/blog\/wp-content\/uploads\/2022\/02\/Krematorium-levizes-per-te-eliminuar-ushtaret-e-vrare-ruse.jpg?resize=400%2C225&amp;ssl=1 400w, https:\/\/i0.wp.com\/www.shqiperia.com\/blog\/wp-content\/uploads\/2022\/02\/Krematorium-levizes-per-te-eliminuar-ushtaret-e-vrare-ruse.jpg?w=640&amp;ssl=1 640w\" sizes=\"auto, (max-width: 556px) 100vw, 556px\" \/><p id=\"caption-attachment-54566\" class=\"wp-caption-text\">Krematorium l\u00ebviz\u00ebs p\u00ebr t\u00eb eliminuar ushtar\u00ebt e vrar\u00eb rus\u00eb<\/p><\/div>\n<p>Krematorium l\u00ebviz\u00ebs p\u00ebr &#8220;t\u00eb eliminuar&#8221; ushtar\u00ebt e vrar\u00eb rus\u00eb<\/p>\n<p>Nga OraNews<\/p>\n<p>25 Shkurt 20225<\/p>\n<p>Forcat ruse kan\u00eb krematorium l\u00ebviz\u00ebs ku mund t\u00eb digjen ushtar\u00ebt e vrar\u00eb gjat\u00eb sulmit ka konfirmuar Fox News.<\/p>\n<p>Krematoriumi i l\u00ebvizsh\u00ebm \u00ebsht\u00eb par\u00eb mes trupave ruse nd\u00ebrsa vazhdojn\u00eb sulmin e tyre n\u00eb Ukrain\u00eb.<\/p>\n<p>Sekretari britanik i mbrojtjes Ben \u00cballace tha p\u00ebr \u201cThe Telegraph\u201d i cili raportoi i pari lajmin, se krematoriumi i l\u00ebvizsh\u00ebm mund t\u00eb p\u00ebrdoret si nj\u00eb m\u00ebnyr\u00eb p\u00ebr t\u00eb minimizuar viktimat ushtarake ruse.<\/p>\n<p>Trupat ruse po avancojn\u00eb drejt Kievit ku gjat\u00eb nat\u00ebs jan\u00eb d\u00ebgjuar dhe shp\u00ebrthime.<\/p>\n<div id=\"attachment_54567\" style=\"width: 873px\" class=\"wp-caption alignnone\"><img data-recalc-dims=\"1\" loading=\"lazy\" decoding=\"async\" aria-describedby=\"caption-attachment-54567\" data-attachment-id=\"54567\" data-permalink=\"https:\/\/www.shqiperia.com\/blog\/krematorium-levizes-per-te-eliminuar-ushtaret-e-vrare-ruse\/krematorium-levizes-per-te-eliminuar-ushtaret-e-vrare-ruse-2\/\" data-orig-file=\"https:\/\/i0.wp.com\/www.shqiperia.com\/blog\/wp-content\/uploads\/2022\/02\/Krematorium-levizes-per-te-eliminuar-ushtaret-e-vrare-ruse-1.jpg?fit=640%2C360&amp;ssl=1\" data-orig-size=\"640,360\" data-comments-opened=\"1\" data-image-meta=\"{&quot;aperture&quot;:&quot;0&quot;,&quot;credit&quot;:&quot;&quot;,&quot;camera&quot;:&quot;&quot;,&quot;caption&quot;:&quot;&quot;,&quot;created_timestamp&quot;:&quot;0&quot;,&quot;copyright&quot;:&quot;&quot;,&quot;focal_length&quot;:&quot;0&quot;,&quot;iso&quot;:&quot;0&quot;,&quot;shutter_speed&quot;:&quot;0&quot;,&quot;title&quot;:&quot;&quot;,&quot;orientation&quot;:&quot;0&quot;}\" data-image-title=\"Krematorium l\u00ebviz\u00ebs p\u00ebr t\u00eb eliminuar ushtar\u00ebt e vrar\u00eb rus\u00eb\" data-image-description=\"\" data-image-caption=\"&lt;p&gt;Krematorium l\u00ebviz\u00ebs p\u00ebr t\u00eb eliminuar ushtar\u00ebt e vrar\u00eb rus\u00eb&lt;\/p&gt;\n\" data-medium-file=\"https:\/\/i0.wp.com\/www.shqiperia.com\/blog\/wp-content\/uploads\/2022\/02\/Krematorium-levizes-per-te-eliminuar-ushtaret-e-vrare-ruse-1.jpg?fit=300%2C169&amp;ssl=1\" data-large-file=\"https:\/\/i0.wp.com\/www.shqiperia.com\/blog\/wp-content\/uploads\/2022\/02\/Krematorium-levizes-per-te-eliminuar-ushtaret-e-vrare-ruse-1.jpg?fit=640%2C360&amp;ssl=1\" class=\" wp-image-54567\" alt=\"\" src=\"https:\/\/i0.wp.com\/www.shqiperia.com\/blog\/wp-content\/uploads\/2022\/02\/Krematorium-levizes-per-te-eliminuar-ushtaret-e-vrare-ruse-1.jpg?resize=863%2C486&#038;ssl=1\" width=\"863\" height=\"486\" srcset=\"https:\/\/i0.wp.com\/www.shqiperia.com\/blog\/wp-content\/uploads\/2022\/02\/Krematorium-levizes-per-te-eliminuar-ushtaret-e-vrare-ruse-1.jpg?resize=300%2C169&amp;ssl=1 300w, https:\/\/i0.wp.com\/www.shqiperia.com\/blog\/wp-content\/uploads\/2022\/02\/Krematorium-levizes-per-te-eliminuar-ushtaret-e-vrare-ruse-1.jpg?resize=450%2C253&amp;ssl=1 450w, https:\/\/i0.wp.com\/www.shqiperia.com\/blog\/wp-content\/uploads\/2022\/02\/Krematorium-levizes-per-te-eliminuar-ushtaret-e-vrare-ruse-1.jpg?resize=600%2C338&amp;ssl=1 600w, https:\/\/i0.wp.com\/www.shqiperia.com\/blog\/wp-content\/uploads\/2022\/02\/Krematorium-levizes-per-te-eliminuar-ushtaret-e-vrare-ruse-1.jpg?resize=400%2C225&amp;ssl=1 400w, https:\/\/i0.wp.com\/www.shqiperia.com\/blog\/wp-content\/uploads\/2022\/02\/Krematorium-levizes-per-te-eliminuar-ushtaret-e-vrare-ruse-1.jpg?w=640&amp;ssl=1 640w\" sizes=\"auto, (max-width: 863px) 100vw, 863px\" \/><p id=\"caption-attachment-54567\" class=\"wp-caption-text\">Krematorium l\u00ebviz\u00ebs p\u00ebr t\u00eb eliminuar ushtar\u00ebt e vrar\u00eb rus\u00eb<\/p><\/div>\n<p>Nd\u00ebrkoh\u00eb,\u00a0 kryetari i bashkis\u00eb s\u00eb Kievit Vitaliy Klitschko n\u00eb Telegram shkruan p\u00ebr pes\u00eb shp\u00ebrthime q\u00eb ndodh\u00ebn pran\u00eb termocentralit Troieshchyna n\u00eb Kiev.<\/p>\n","protected":false},"excerpt":{"rendered":"<p>Krematorium l\u00ebviz\u00ebs p\u00ebr &#8220;t\u00eb eliminuar&#8221; ushtar\u00ebt e vrar\u00eb rus\u00eb Nga OraNews 25 Shkurt 20225 Forcat ruse kan\u00eb krematorium l\u00ebviz\u00ebs ku mund t\u00eb digjen ushtar\u00ebt e vrar\u00eb gjat\u00eb sulmit ka konfirmuar Fox News. Krematoriumi i l\u00ebvizsh\u00ebm \u00ebsht\u00eb par\u00eb mes trupave ruse nd\u00ebrsa vazhdojn\u00eb sulmin e tyre n\u00eb Ukrain\u00eb. Sekretari britanik i mbrojtjes Ben \u00cballace tha p\u00ebr [&hellip;]<\/p>\n","protected":false},"author":9,"featured_media":54566,"comment_status":"open","ping_status":"open","sticky":false,"template":"","format":"standard","meta":{"jetpack_post_was_ever_published":false,"_jetpack_newsletter_access":"","_jetpack_dont_email_post_to_subs":false,"_jetpack_newsletter_tier_id":0,"_jetpack_memberships_contains_paywalled_content":false,"_jetpack_memberships_contains_paid_content":false,"footnotes":"","jetpack_publicize_message":"","jetpack_publicize_feature_enabled":true,"jetpack_social_post_already_shared":true,"jetpack_social_options":{"image_generator_settings":{"template":"highway","default_image_id":0,"font":"","enabled":false},"version":2}},"categories":[27,10,35],"tags":[],"class_list":["post-54565","post","type-post","status-publish","format-standard","has-post-thumbnail","hentry","category-blogu-i-udhetarit","category-kultura","category-shoqerore"],"jetpack_publicize_connections":[],"jetpack_featured_media_url":"https:\/\/i0.wp.com\/www.shqiperia.com\/blog\/wp-content\/uploads\/2022\/02\/Krematorium-levizes-per-te-eliminuar-ushtaret-e-vrare-ruse.jpg?fit=640%2C360&ssl=1","jetpack_sharing_enabled":true,"jetpack_shortlink":"https:\/\/wp.me\/p5Z6wp-ec5","jetpack-related-posts":[{"id":55793,"url":"https:\/\/www.shqiperia.com\/blog\/publikuan-shifrat-e-sakta-te-vdekjeve-media-pro-kremlinit-fshin-artikullin-per-ushtaret-e-vrare-ruse\/","url_meta":{"origin":54565,"position":0},"title":"Publikuan shifrat e sakta t\u00eb vdekjeve, media pro Kremlinit fshin artikullin p\u00ebr ushtar\u00ebt e vrar\u00eb rus\u00eb","author":"Kurt Farka","date":"March 22, 2022","format":false,"excerpt":"Publikuan shifrat e sakta t\u00eb vdekjeve, media pro Kremlinit fshin artikullin p\u00ebr ushtar\u00ebt e vrar\u00eb rus\u00eb 21 MARS 2022 Gazeta pro Kremlinit, Komsomolskaya Pravda (KP), ka publikuar nj\u00eb artikull n\u00eb t\u00eb cilin e ka cituar Ministrin\u00eb ruse t\u00eb Mbrojtjes q\u00eb ka th\u00ebn\u00eb se 9,861 ushtar\u00eb rus\u00eb kan\u00eb vdekur gjat\u00eb luft\u00ebs\u2026","rel":"","context":"In &quot;Blogu i Udh\u00ebtarit&quot;","block_context":{"text":"Blogu i Udh\u00ebtarit","link":"https:\/\/www.shqiperia.com\/blog\/category\/blogu-i-udhetarit\/"},"img":{"alt_text":"","src":"https:\/\/i0.wp.com\/www.shqiperia.com\/blog\/wp-content\/uploads\/2022\/03\/610-406-6238eea664040.jpg?fit=610%2C353&ssl=1&resize=350%2C200","width":350,"height":200,"srcset":"https:\/\/i0.wp.com\/www.shqiperia.com\/blog\/wp-content\/uploads\/2022\/03\/610-406-6238eea664040.jpg?fit=610%2C353&ssl=1&resize=350%2C200 1x, https:\/\/i0.wp.com\/www.shqiperia.com\/blog\/wp-content\/uploads\/2022\/03\/610-406-6238eea664040.jpg?fit=610%2C353&ssl=1&resize=525%2C300 1.5x"},"classes":[]},{"id":55990,"url":"https:\/\/www.shqiperia.com\/blog\/ushtaret-ruse-vrasin-komandatin-e-tyre-e-shtypin-me-tank\/","url_meta":{"origin":54565,"position":1},"title":"Ushtar\u00ebt rus\u00eb vrasin komandatin e tyre, e shtypin me tank","author":"Kurt Farka","date":"March 26, 2022","format":false,"excerpt":"Ushtar\u00ebt rus\u00eb vrasin komandatin e tyre, e shtypin me tank 25 Mars 2022 Nj\u00eb kolonel rus, komandat i nj\u00eb brigade \u00ebsht\u00eb vrar\u00eb nga ushtar\u00ebt e tij t\u00eb cil\u00ebt b\u00ebn\u00eb kryengritje p\u00ebr shkak t\u00eb humbjeve t\u00eb m\u00ebdha n\u00eb njer\u00ebz q\u00eb kishte p\u00ebsuar brigada e tyre. Nj\u00eb tregues ky i pak\u00ebnaq\u00ebsis\u00eb mes\u2026","rel":"","context":"In &quot;Blogu i Udh\u00ebtarit&quot;","block_context":{"text":"Blogu i Udh\u00ebtarit","link":"https:\/\/www.shqiperia.com\/blog\/category\/blogu-i-udhetarit\/"},"img":{"alt_text":"","src":"https:\/\/i0.wp.com\/www.shqiperia.com\/blog\/wp-content\/uploads\/2022\/03\/rusi-1.png?fit=800%2C400&ssl=1&resize=350%2C200","width":350,"height":200,"srcset":"https:\/\/i0.wp.com\/www.shqiperia.com\/blog\/wp-content\/uploads\/2022\/03\/rusi-1.png?fit=800%2C400&ssl=1&resize=350%2C200 1x, https:\/\/i0.wp.com\/www.shqiperia.com\/blog\/wp-content\/uploads\/2022\/03\/rusi-1.png?fit=800%2C400&ssl=1&resize=525%2C300 1.5x, https:\/\/i0.wp.com\/www.shqiperia.com\/blog\/wp-content\/uploads\/2022\/03\/rusi-1.png?fit=800%2C400&ssl=1&resize=700%2C400 2x"},"classes":[]},{"id":55899,"url":"https:\/\/www.shqiperia.com\/blog\/ushtaret-ruse-te-vrare-ne-fushen-e-betejes-braktisen-nga-moska-ukraina-jane-me-qindra-ne-te-gjithe-rajonin-rusia-po-u-fsheh-nenave-kufomat-e-femijeve-te-tyre\/","url_meta":{"origin":54565,"position":2},"title":"Ushtar\u00ebt rus\u00eb t\u00eb vrar\u00eb n\u00eb fush\u00ebn e betej\u00ebs braktisen nga Moska\/. Ukraina: &#8211; Jan\u00eb me qindra n\u00eb t\u00eb gjith\u00eb rajonin, Rusia po u fsheh n\u00ebnave kufomat e f\u00ebmij\u00ebve t\u00eb tyre","author":"Kurt Farka","date":"March 23, 2022","format":false,"excerpt":"Ushtar\u00ebt rus\u00eb t\u00eb vrar\u00eb n\u00eb fush\u00ebn e betej\u00ebs braktisen nga Moska\/. Ukraina: - Jan\u00eb me qindra n\u00eb t\u00eb gjith\u00eb rajonin, Rusia po u fsheh n\u00ebnave kufomat e f\u00ebmij\u00ebve t\u00eb tyre 23 Mars 2022 Nd\u00ebrsa ngricat shkrihen dhe temperaturat jan\u00eb n\u00eb rritje, trupat e ushtar\u00ebve rus\u00eb t\u00eb shp\u00ebrndar\u00eb n\u00ebp\u00ebr zona t\u00eb\u2026","rel":"","context":"In &quot;Blogu i Udh\u00ebtarit&quot;","block_context":{"text":"Blogu i Udh\u00ebtarit","link":"https:\/\/www.shqiperia.com\/blog\/category\/blogu-i-udhetarit\/"},"img":{"alt_text":"","src":"https:\/\/i0.wp.com\/www.shqiperia.com\/blog\/wp-content\/uploads\/2022\/03\/220323123815-05-russian-soldiers-deaths-super-169-770x433-1.jpg?fit=770%2C433&ssl=1&resize=350%2C200","width":350,"height":200,"srcset":"https:\/\/i0.wp.com\/www.shqiperia.com\/blog\/wp-content\/uploads\/2022\/03\/220323123815-05-russian-soldiers-deaths-super-169-770x433-1.jpg?fit=770%2C433&ssl=1&resize=350%2C200 1x, https:\/\/i0.wp.com\/www.shqiperia.com\/blog\/wp-content\/uploads\/2022\/03\/220323123815-05-russian-soldiers-deaths-super-169-770x433-1.jpg?fit=770%2C433&ssl=1&resize=525%2C300 1.5x, https:\/\/i0.wp.com\/www.shqiperia.com\/blog\/wp-content\/uploads\/2022\/03\/220323123815-05-russian-soldiers-deaths-super-169-770x433-1.jpg?fit=770%2C433&ssl=1&resize=700%2C400 2x"},"classes":[]},{"id":65532,"url":"https:\/\/www.shqiperia.com\/blog\/nyt-uashingtoni-u-perpoq-te-pengonte-kievin-te-vriste-shefin-e-shtabit-te-forcave-te-armatosura-ruse\/","url_meta":{"origin":54565,"position":3},"title":"NYT: &#8211; Uashingtoni u p\u00ebrpoq t\u00eb pengonte Kievin t\u00eb vriste shefin e shtabit t\u00eb Forcave t\u00eb Armatosura ruse","author":"Kurt Farka","date":"December 18, 2022","format":false,"excerpt":"18 Dhjetor 2022 Shtetet e Bashkuara u p\u00ebrpoq\u00ebn t\u00eb ndalonin ushtar\u00ebt ukrainas q\u00eb t\u00eb vrisnin shefin e shtabit t\u00eb Forcave t\u00eb Armatosura ruse. Zyrtar\u00ebt amerikan\u00eb zbuluan se gjenerali Valery Gerasimov po planifikonte nj\u00eb udh\u00ebtim n\u00eb vij\u00ebn e par\u00eb t\u00eb frontit, por ua fshehu informacionin ukrainasve, t\u00eb shqet\u00ebsuar se nj\u00eb tentativ\u00eb\u2026","rel":"","context":"In &quot;Blogu i Udh\u00ebtarit&quot;","block_context":{"text":"Blogu i Udh\u00ebtarit","link":"https:\/\/www.shqiperia.com\/blog\/category\/blogu-i-udhetarit\/"},"img":{"alt_text":"","src":"https:\/\/i0.wp.com\/www.shqiperia.com\/blog\/wp-content\/uploads\/2022\/12\/640-0-1671359007x1671347323-c25luoixm5pr7by4osarrivhj4-817.jpg?fit=640%2C361&ssl=1&resize=350%2C200","width":350,"height":200,"srcset":"https:\/\/i0.wp.com\/www.shqiperia.com\/blog\/wp-content\/uploads\/2022\/12\/640-0-1671359007x1671347323-c25luoixm5pr7by4osarrivhj4-817.jpg?fit=640%2C361&ssl=1&resize=350%2C200 1x, https:\/\/i0.wp.com\/www.shqiperia.com\/blog\/wp-content\/uploads\/2022\/12\/640-0-1671359007x1671347323-c25luoixm5pr7by4osarrivhj4-817.jpg?fit=640%2C361&ssl=1&resize=525%2C300 1.5x"},"classes":[]},{"id":54588,"url":"https:\/\/www.shqiperia.com\/blog\/refuzuan-ti-dorezohen-luftanijes-ruse-13-ushtare-bombardohen-duke-mbrojtur-ishullin-ushtaret-ishin-nga-18-deri-ne-22-vjec\/","url_meta":{"origin":54565,"position":4},"title":"Refuzuan t&#8217;i dor\u00ebzohen luftanijes ruse, 13 ushtar\u00eb bombardohen duke mbrojtur Ishullin.  &#8211; Ushtaret ishin nga 18 deri ne 22 vjec.","author":"Kurt Farka","date":"February 26, 2022","format":false,"excerpt":"Refuzuan t'i dor\u00ebzohen luftanijes ruse, 13 ushtar\u00eb bombardohen duke mbrojtur Ishullin. - Ushtaret ishin nga 18 deri ne 22 vjec. Nga OraNews 25 Shkurt 2022 Qeveria e Ukrain\u00ebs do t\u00eb nderoj\u00eb nj\u00eb grup ushtar\u00ebsh q\u00eb vdiq\u00ebn duke mbrojtur nj\u00eb nga ishujt e vendit nga forcat ruse. Kievi thot\u00eb se humbi\u2026","rel":"","context":"In &quot;Blogu i Udh\u00ebtarit&quot;","block_context":{"text":"Blogu i Udh\u00ebtarit","link":"https:\/\/www.shqiperia.com\/blog\/category\/blogu-i-udhetarit\/"},"img":{"alt_text":"","src":"https:\/\/i0.wp.com\/www.shqiperia.com\/blog\/wp-content\/uploads\/2022\/02\/640-0-123416831-mediaitem123416828-1645796626.jpg?fit=640%2C360&ssl=1&resize=350%2C200","width":350,"height":200,"srcset":"https:\/\/i0.wp.com\/www.shqiperia.com\/blog\/wp-content\/uploads\/2022\/02\/640-0-123416831-mediaitem123416828-1645796626.jpg?fit=640%2C360&ssl=1&resize=350%2C200 1x, https:\/\/i0.wp.com\/www.shqiperia.com\/blog\/wp-content\/uploads\/2022\/02\/640-0-123416831-mediaitem123416828-1645796626.jpg?fit=640%2C360&ssl=1&resize=525%2C300 1.5x"},"classes":[]},{"id":55921,"url":"https:\/\/www.shqiperia.com\/blog\/sa-jane-humbjet-reale-te-ushtrise-ruse-gjate-luftes-ne-ukraine\/","url_meta":{"origin":54565,"position":5},"title":"Sa jan\u00eb humbjet reale t\u00eb ushtris\u00eb ruse gjat\u00eb luft\u00ebs n\u00eb Ukrain\u00eb?","author":"Kurt Farka","date":"March 24, 2022","format":false,"excerpt":"Sa jan\u00eb humbjet reale t\u00eb ushtris\u00eb ruse gjat\u00eb luft\u00ebs n\u00eb Ukrain\u00eb? 24 MARS 2022 Se sa ushtar\u00ebve rus\u00eb u ka kushtuar deri tani jet\u00ebn, lufta n\u00eb Ukrain\u00eb \u00ebsht\u00eb shum\u00eb e v\u00ebshtir\u00eb t\u00eb vler\u00ebsohet. Informacionet p\u00ebr k\u00ebt\u00eb jan\u00eb jasht\u00ebzakonisht kontradiktore dhe nuk mund t\u00eb verifikohen n\u00eb m\u00ebnyr\u00eb t\u00eb pavarur. Ministria ruse\u2026","rel":"","context":"In &quot;Blogu i Udh\u00ebtarit&quot;","block_context":{"text":"Blogu i Udh\u00ebtarit","link":"https:\/\/www.shqiperia.com\/blog\/category\/blogu-i-udhetarit\/"},"img":{"alt_text":"","src":"https:\/\/i0.wp.com\/www.shqiperia.com\/blog\/wp-content\/uploads\/2022\/03\/640-0-623c287b26bf7-1.jpg?fit=610%2C331&ssl=1&resize=350%2C200","width":350,"height":200,"srcset":"https:\/\/i0.wp.com\/www.shqiperia.com\/blog\/wp-content\/uploads\/2022\/03\/640-0-623c287b26bf7-1.jpg?fit=610%2C331&ssl=1&resize=350%2C200 1x, https:\/\/i0.wp.com\/www.shqiperia.com\/blog\/wp-content\/uploads\/2022\/03\/640-0-623c287b26bf7-1.jpg?fit=610%2C331&ssl=1&resize=525%2C300 1.5x"},"classes":[]}],"_links":{"self":[{"href":"https:\/\/www.shqiperia.com\/blog\/wp-json\/wp\/v2\/posts\/54565","targetHints":{"allow":["GET"]}}],"collection":[{"href":"https:\/\/www.shqiperia.com\/blog\/wp-json\/wp\/v2\/posts"}],"about":[{"href":"https:\/\/www.shqiperia.com\/blog\/wp-json\/wp\/v2\/types\/post"}],"author":[{"embeddable":true,"href":"https:\/\/www.shqiperia.com\/blog\/wp-json\/wp\/v2\/users\/9"}],"replies":[{"embeddable":true,"href":"https:\/\/www.shqiperia.com\/blog\/wp-json\/wp\/v2\/comments?post=54565"}],"version-history":[{"count":1,"href":"https:\/\/www.shqiperia.com\/blog\/wp-json\/wp\/v2\/posts\/54565\/revisions"}],"predecessor-version":[{"id":54568,"href":"https:\/\/www.shqiperia.com\/blog\/wp-json\/wp\/v2\/posts\/54565\/revisions\/54568"}],"wp:featuredmedia":[{"embeddable":true,"href":"https:\/\/www.shqiperia.com\/blog\/wp-json\/wp\/v2\/media\/54566"}],"wp:attachment":[{"href":"https:\/\/www.shqiperia.com\/blog\/wp-json\/wp\/v2\/media?parent=54565"}],"wp:term":[{"taxonomy":"category","embeddable":true,"href":"https:\/\/www.shqiperia.com\/blog\/wp-json\/wp\/v2\/categories?post=54565"},{"taxonomy":"post_tag","embeddable":true,"href":"https:\/\/www.shqiperia.com\/blog\/wp-json\/wp\/v2\/tags?post=54565"}],"curies":[{"name":"wp","href":"https:\/\/api.w.org\/{rel}","templated":true}]}}