{"id":54562,"date":"2022-02-26T00:27:38","date_gmt":"2022-02-26T00:27:38","guid":{"rendered":"https:\/\/www.shqiperia.com\/blog\/?p=54562"},"modified":"2022-02-26T00:27:38","modified_gmt":"2022-02-26T00:27:38","slug":"ushtria-ukrainase-rrezon-aeroplanin-rus-me-parashutiste-ne-bord","status":"publish","type":"post","link":"https:\/\/www.shqiperia.com\/blog\/ushtria-ukrainase-rrezon-aeroplanin-rus-me-parashutiste-ne-bord\/","title":{"rendered":"Ushtria ukrainase rr\u00ebzon aeroplanin rus me parashutist\u00eb n\u00eb bord"},"content":{"rendered":"<p><img data-recalc-dims=\"1\" loading=\"lazy\" decoding=\"async\" data-attachment-id=\"54563\" data-permalink=\"https:\/\/www.shqiperia.com\/blog\/ushtria-ukrainase-rrezon-aeroplanin-rus-me-parashutiste-ne-bord\/640-0-screenshot-2022-02-26-005725-1645833492\/\" data-orig-file=\"https:\/\/i0.wp.com\/www.shqiperia.com\/blog\/wp-content\/uploads\/2022\/02\/640-0-screenshot-2022-02-26-005725-1645833492.jpg?fit=640%2C362&amp;ssl=1\" data-orig-size=\"640,362\" data-comments-opened=\"1\" data-image-meta=\"{&quot;aperture&quot;:&quot;0&quot;,&quot;credit&quot;:&quot;&quot;,&quot;camera&quot;:&quot;&quot;,&quot;caption&quot;:&quot;&quot;,&quot;created_timestamp&quot;:&quot;0&quot;,&quot;copyright&quot;:&quot;&quot;,&quot;focal_length&quot;:&quot;0&quot;,&quot;iso&quot;:&quot;0&quot;,&quot;shutter_speed&quot;:&quot;0&quot;,&quot;title&quot;:&quot;&quot;,&quot;orientation&quot;:&quot;0&quot;}\" data-image-title=\"-640-0-screenshot-2022-02-26-005725-1645833492\" data-image-description=\"\" data-image-caption=\"\" data-medium-file=\"https:\/\/i0.wp.com\/www.shqiperia.com\/blog\/wp-content\/uploads\/2022\/02\/640-0-screenshot-2022-02-26-005725-1645833492.jpg?fit=300%2C170&amp;ssl=1\" data-large-file=\"https:\/\/i0.wp.com\/www.shqiperia.com\/blog\/wp-content\/uploads\/2022\/02\/640-0-screenshot-2022-02-26-005725-1645833492.jpg?fit=640%2C362&amp;ssl=1\" class=\"alignnone  wp-image-54563\" alt=\"\" src=\"https:\/\/i0.wp.com\/www.shqiperia.com\/blog\/wp-content\/uploads\/2022\/02\/640-0-screenshot-2022-02-26-005725-1645833492.jpg?resize=542%2C307&#038;ssl=1\" width=\"542\" height=\"307\" srcset=\"https:\/\/i0.wp.com\/www.shqiperia.com\/blog\/wp-content\/uploads\/2022\/02\/640-0-screenshot-2022-02-26-005725-1645833492.jpg?resize=300%2C170&amp;ssl=1 300w, https:\/\/i0.wp.com\/www.shqiperia.com\/blog\/wp-content\/uploads\/2022\/02\/640-0-screenshot-2022-02-26-005725-1645833492.jpg?resize=450%2C255&amp;ssl=1 450w, https:\/\/i0.wp.com\/www.shqiperia.com\/blog\/wp-content\/uploads\/2022\/02\/640-0-screenshot-2022-02-26-005725-1645833492.jpg?resize=600%2C339&amp;ssl=1 600w, https:\/\/i0.wp.com\/www.shqiperia.com\/blog\/wp-content\/uploads\/2022\/02\/640-0-screenshot-2022-02-26-005725-1645833492.jpg?resize=400%2C226&amp;ssl=1 400w, https:\/\/i0.wp.com\/www.shqiperia.com\/blog\/wp-content\/uploads\/2022\/02\/640-0-screenshot-2022-02-26-005725-1645833492.jpg?w=640&amp;ssl=1 640w\" sizes=\"auto, (max-width: 542px) 100vw, 542px\" \/><\/p>\n<p>Ushtria ukrainase rr\u00ebzon aeroplanin rus me parashutist\u00eb n\u00eb bord<\/p>\n<p>Nga OraNews<\/p>\n<p>26 Shkurt 2022<\/p>\n<p>Ushtria ukrainase rr\u00ebzon aeroplanin rus me parashutist\u00eb n\u00eb bord:<\/p>\n<p>Ukraina ka rr\u00ebzuar nj\u00eb aeroplan rus Ilyushin Il-76 me parashutist\u00eb n\u00eb bord, b\u00ebn t\u00eb ditur komandanti i P\u00ebrgjithsh\u00ebm i Forcave t\u00eb Aarmatosura t\u00eb Ukrain\u00ebs.<\/p>\n<p>BBC nuk mund t\u00eb verifikoj\u00eb n\u00eb m\u00ebnyr\u00eb t\u00eb pavarur ende lajmin. Il-76 \u00ebsht\u00eb nj\u00eb aeroplan i madh shum\u00eb funksional\u00eb me kat\u00ebr motor\u00eb<\/p>\n<p>N\u00eb nj\u00eb deklarat\u00eb t\u00eb postuar n\u00eb Facebook komandanti i Pergjithshem i FA tha se forcat e mbrojtjes ajrore ukrainase kishin rr\u00ebzuar avionin pran\u00eb Vasylkiv, af\u00ebr Kievit.<\/p>\n<p>Presidenti i Ukrain\u00ebs thot\u00eb se Rusia \u00ebsht\u00eb gati t\u00eb sulmoj\u00eb Kievin: Nata do jet\u00eb shum\u00eb e v\u00ebshtir\u00eb<\/p>\n<p>N\u00eb deklarate thuhet se \u00ebsht\u00eb hakmarrje p\u00ebr aeroplanin me parashutist\u00eb ukrainas q\u00eb u rr\u00ebzua n\u00eb aeroportin e Luhansk n\u00eb 2014.<\/p>\n","protected":false},"excerpt":{"rendered":"<p>Ushtria ukrainase rr\u00ebzon aeroplanin rus me parashutist\u00eb n\u00eb bord Nga OraNews 26 Shkurt 2022 Ushtria ukrainase rr\u00ebzon aeroplanin rus me parashutist\u00eb n\u00eb bord: Ukraina ka rr\u00ebzuar nj\u00eb aeroplan rus Ilyushin Il-76 me parashutist\u00eb n\u00eb bord, b\u00ebn t\u00eb ditur komandanti i P\u00ebrgjithsh\u00ebm i Forcave t\u00eb Aarmatosura t\u00eb Ukrain\u00ebs. BBC nuk mund t\u00eb verifikoj\u00eb n\u00eb m\u00ebnyr\u00eb t\u00eb [&hellip;]<\/p>\n","protected":false},"author":9,"featured_media":54563,"comment_status":"open","ping_status":"open","sticky":false,"template":"","format":"standard","meta":{"jetpack_post_was_ever_published":false,"_jetpack_newsletter_access":"","_jetpack_dont_email_post_to_subs":false,"_jetpack_newsletter_tier_id":0,"_jetpack_memberships_contains_paywalled_content":false,"_jetpack_memberships_contains_paid_content":false,"footnotes":"","jetpack_publicize_message":"","jetpack_publicize_feature_enabled":true,"jetpack_social_post_already_shared":true,"jetpack_social_options":{"image_generator_settings":{"template":"highway","default_image_id":0,"font":"","enabled":false},"version":2}},"categories":[27,1],"tags":[],"class_list":["post-54562","post","type-post","status-publish","format-standard","has-post-thumbnail","hentry","category-blogu-i-udhetarit","category-njoftime-shtypi"],"jetpack_publicize_connections":[],"jetpack_featured_media_url":"https:\/\/i0.wp.com\/www.shqiperia.com\/blog\/wp-content\/uploads\/2022\/02\/640-0-screenshot-2022-02-26-005725-1645833492.jpg?fit=640%2C362&ssl=1","jetpack_sharing_enabled":true,"jetpack_shortlink":"https:\/\/wp.me\/p5Z6wp-ec2","jetpack-related-posts":[{"id":83511,"url":"https:\/\/www.shqiperia.com\/blog\/inkursioni-ne-kursk-presidenti-zelensky-ushtria-ukrainase-ka-forcuar-pozicionet-ne-rajon\/","url_meta":{"origin":54562,"position":0},"title":"Inkursioni n\u00eb Kursk, Presidenti Zelensky: &#8211; Ushtria ukrainase ka forcuar pozicionet n\u00eb rajon","author":"Kurt Farka","date":"August 17, 2024","format":false,"excerpt":"17 Gusht 2024 Presidenti ukrainas, Volodymyr Zelensky, tha se trupat e tij kan\u00eb forcuar pozicionet dhe kan\u00eb zgjeruar territorin n\u00eb rajonin rus t\u00eb Kurskut, pas pothuajse dy jav\u00eb q\u00eb nga nisja e inkursionit t\u00eb tyre. Ukraina tha se ka marr\u00eb kontrollin e 82 vendbanimeve n\u00eb nj\u00eb zon\u00eb prej 1.150 kilometrash\u2026","rel":"","context":"In &quot;Blogu i Udh\u00ebtarit&quot;","block_context":{"text":"Blogu i Udh\u00ebtarit","link":"https:\/\/www.shqiperia.com\/blog\/category\/blogu-i-udhetarit\/"},"img":{"alt_text":"","src":"https:\/\/i0.wp.com\/www.shqiperia.com\/blog\/wp-content\/uploads\/2024\/08\/lcimg-284db91a-1540-4338-8e9e-8b7f330ff482.jpeg?fit=1024%2C682&ssl=1&resize=350%2C200","width":350,"height":200,"srcset":"https:\/\/i0.wp.com\/www.shqiperia.com\/blog\/wp-content\/uploads\/2024\/08\/lcimg-284db91a-1540-4338-8e9e-8b7f330ff482.jpeg?fit=1024%2C682&ssl=1&resize=350%2C200 1x, https:\/\/i0.wp.com\/www.shqiperia.com\/blog\/wp-content\/uploads\/2024\/08\/lcimg-284db91a-1540-4338-8e9e-8b7f330ff482.jpeg?fit=1024%2C682&ssl=1&resize=525%2C300 1.5x, https:\/\/i0.wp.com\/www.shqiperia.com\/blog\/wp-content\/uploads\/2024\/08\/lcimg-284db91a-1540-4338-8e9e-8b7f330ff482.jpeg?fit=1024%2C682&ssl=1&resize=700%2C400 2x"},"classes":[]},{"id":65255,"url":"https:\/\/www.shqiperia.com\/blog\/ukraina-sulmon-rusine-per-here-te-pare-qe-nga-fillimi-i-luftes\/","url_meta":{"origin":54562,"position":1},"title":"Ukraina sulmon Rusin\u00eb p\u00ebr her\u00eb t\u00eb par\u00eb q\u00eb nga fillimi i luft\u00ebs","author":"Kurt Farka","date":"December 6, 2022","format":false,"excerpt":"6 Dhjetor 2022 Ukraina ka sulmuar p\u00ebr her\u00eb t\u00eb par\u00eb n\u00eb brend\u00ebsi t\u00eb Rusis\u00eb n\u00eb nj\u00eb seri sulmesh q\u00eb lan\u00eb 3 t\u00eb vrar\u00eb dhe 6 t\u00eb plagosur. Kjo \u00ebsht\u00eb her\u00eb a par\u00eb q\u00eb Ukraina ka goditur deri m\u00eb tani kaq n\u00eb brend\u00ebsi t\u00eb Rusis\u00eb, duke synuar baza q\u00eb deri tani\u2026","rel":"","context":"In &quot;Blogu i Udh\u00ebtarit&quot;","block_context":{"text":"Blogu i Udh\u00ebtarit","link":"https:\/\/www.shqiperia.com\/blog\/category\/blogu-i-udhetarit\/"},"img":{"alt_text":"","src":"https:\/\/i0.wp.com\/www.shqiperia.com\/blog\/wp-content\/uploads\/2022\/12\/640-0-edcbff27d6fd9deae37daf80810d6865.jpg?fit=640%2C360&ssl=1&resize=350%2C200","width":350,"height":200,"srcset":"https:\/\/i0.wp.com\/www.shqiperia.com\/blog\/wp-content\/uploads\/2022\/12\/640-0-edcbff27d6fd9deae37daf80810d6865.jpg?fit=640%2C360&ssl=1&resize=350%2C200 1x, https:\/\/i0.wp.com\/www.shqiperia.com\/blog\/wp-content\/uploads\/2022\/12\/640-0-edcbff27d6fd9deae37daf80810d6865.jpg?fit=640%2C360&ssl=1&resize=525%2C300 1.5x"},"classes":[]},{"id":73187,"url":"https:\/\/www.shqiperia.com\/blog\/putin-ben-nje-oferte-paqeje-por-kerkon-nga-ukraina-20-te-territoreve-te-pushtuara\/","url_meta":{"origin":54562,"position":2},"title":"Putin b\u00ebn nj\u00eb ofert\u00eb paqeje, por k\u00ebrkon nga Ukraina 20% t\u00eb territoreve t\u00eb pushtuara!","author":"Kurt Farka","date":"August 1, 2023","format":false,"excerpt":"1 Gusht 2023 Lufta mes Ukrain\u00ebs dhe Rusis\u00eb u b\u00eb 522 dit\u00eb e vjet\u00ebr sot, m\u00eb shum\u00eb se 17 muaj ku si ushtrit\u00eb, ashtu edhe lider\u00ebt, kan\u00eb q\u00ebndruar t\u00eb patundur n\u00eb bindjet e tyre pa \u201cia l\u00ebn\u00eb krahun p\u00ebrdredhur\u201d n\u00eb d\u00ebm t\u00eb kund\u00ebrshtarit. Nj\u00eb paqe hipotetike, si\u00e7 kan\u00eb th\u00ebn\u00eb publikisht\u2026","rel":"","context":"In &quot;Blogu i Udh\u00ebtarit&quot;","block_context":{"text":"Blogu i Udh\u00ebtarit","link":"https:\/\/www.shqiperia.com\/blog\/category\/blogu-i-udhetarit\/"},"img":{"alt_text":"","src":"https:\/\/i0.wp.com\/www.shqiperia.com\/blog\/wp-content\/uploads\/2023\/08\/Download.jpg?resize=350%2C200&ssl=1","width":350,"height":200,"srcset":"https:\/\/i0.wp.com\/www.shqiperia.com\/blog\/wp-content\/uploads\/2023\/08\/Download.jpg?resize=350%2C200&ssl=1 1x, https:\/\/i0.wp.com\/www.shqiperia.com\/blog\/wp-content\/uploads\/2023\/08\/Download.jpg?resize=525%2C300&ssl=1 1.5x, https:\/\/i0.wp.com\/www.shqiperia.com\/blog\/wp-content\/uploads\/2023\/08\/Download.jpg?resize=700%2C400&ssl=1 2x"},"classes":[]},{"id":74320,"url":"https:\/\/www.shqiperia.com\/blog\/shefi-i-nato-s-paralajmeron-aleatet-e-ukraines-qe-te-pergatiten-per-nje-lufte-te-gjate\/","url_meta":{"origin":54562,"position":3},"title":"Shefi i NATO-s paralajm\u00ebron aleat\u00ebt e Ukrain\u00ebs q\u00eb t\u00eb p\u00ebrgatiten p\u00ebr \u201cnj\u00eb luft\u00eb t\u00eb gjat\u00eb\u201d","author":"Kurt Farka","date":"September 18, 2023","format":false,"excerpt":"18 Shtator 2023 Sekretari i P\u00ebrgjithsh\u00ebm i NATO-s, Jens Stoltenberg paralajm\u00ebroi se lufta q\u00eb presidenti rus Vladimir Putin po b\u00ebn kund\u00ebr Ukrain\u00ebs do t\u00eb p\u00ebrfundoj\u00eb besohet von\u00eb. \u201cShumica e luft\u00ebrave zgjasin m\u00eb shum\u00eb se sa pritej kur fillojn\u00eb fillimisht\u201d, Stoltenberg n\u00eb nj\u00eb intervist\u00eb me grupin mediatik gjerman Funke t\u00eb botuar\u2026","rel":"","context":"In &quot;Blogu i Udh\u00ebtarit&quot;","block_context":{"text":"Blogu i Udh\u00ebtarit","link":"https:\/\/www.shqiperia.com\/blog\/category\/blogu-i-udhetarit\/"},"img":{"alt_text":"","src":"https:\/\/i0.wp.com\/www.shqiperia.com\/blog\/wp-content\/uploads\/2023\/09\/gdrgfd-770x433-1.jpg?fit=770%2C433&ssl=1&resize=350%2C200","width":350,"height":200,"srcset":"https:\/\/i0.wp.com\/www.shqiperia.com\/blog\/wp-content\/uploads\/2023\/09\/gdrgfd-770x433-1.jpg?fit=770%2C433&ssl=1&resize=350%2C200 1x, https:\/\/i0.wp.com\/www.shqiperia.com\/blog\/wp-content\/uploads\/2023\/09\/gdrgfd-770x433-1.jpg?fit=770%2C433&ssl=1&resize=525%2C300 1.5x, https:\/\/i0.wp.com\/www.shqiperia.com\/blog\/wp-content\/uploads\/2023\/09\/gdrgfd-770x433-1.jpg?fit=770%2C433&ssl=1&resize=700%2C400 2x"},"classes":[]},{"id":55147,"url":"https:\/\/www.shqiperia.com\/blog\/leonardo-dicaprio-dhuron-shumen-marramendese-per-ushtrine-ukrainase\/","url_meta":{"origin":54562,"position":4},"title":"Leonardo DiCaprio dhuron shum\u00ebn marramend\u00ebse p\u00ebr ushtrin\u00eb Ukrainase","author":"Kurt Farka","date":"March 10, 2022","format":false,"excerpt":"Leonardo DiCaprio dhuron shum\u00ebn marramend\u00ebse p\u00ebr ushtrin\u00eb Ukrainase 8 Mars 2022 Leonardo DiCaprio raportohet se ka dhuruar dhjet\u00eb milion\u00eb dollar\u00eb p\u00ebr Forcat e Armatosura t\u00eb Ukrain\u00ebs, nj\u00ebher\u00ebsh shuma m\u00eb e lart\u00eb e donacioneve t\u00eb ofruara p\u00ebr vendin deri m\u00eb tani. \u201cSuperylli i Hollywoodit, i njohur p\u00ebr rolin n\u00eb filmin \u201cTitanic\u201d,\u2026","rel":"","context":"In &quot;Blogu i Udh\u00ebtarit&quot;","block_context":{"text":"Blogu i Udh\u00ebtarit","link":"https:\/\/www.shqiperia.com\/blog\/category\/blogu-i-udhetarit\/"},"img":{"alt_text":"","src":"https:\/\/i0.wp.com\/www.shqiperia.com\/blog\/wp-content\/uploads\/2022\/03\/Leonardo-DiCaprio.jpg?fit=1080%2C582&ssl=1&resize=350%2C200","width":350,"height":200,"srcset":"https:\/\/i0.wp.com\/www.shqiperia.com\/blog\/wp-content\/uploads\/2022\/03\/Leonardo-DiCaprio.jpg?fit=1080%2C582&ssl=1&resize=350%2C200 1x, https:\/\/i0.wp.com\/www.shqiperia.com\/blog\/wp-content\/uploads\/2022\/03\/Leonardo-DiCaprio.jpg?fit=1080%2C582&ssl=1&resize=525%2C300 1.5x, https:\/\/i0.wp.com\/www.shqiperia.com\/blog\/wp-content\/uploads\/2022\/03\/Leonardo-DiCaprio.jpg?fit=1080%2C582&ssl=1&resize=700%2C400 2x, https:\/\/i0.wp.com\/www.shqiperia.com\/blog\/wp-content\/uploads\/2022\/03\/Leonardo-DiCaprio.jpg?fit=1080%2C582&ssl=1&resize=1050%2C600 3x"},"classes":[]},{"id":83357,"url":"https:\/\/www.shqiperia.com\/blog\/trupat-ukrainase-futen-per-here-te-pare-ne-territorin-rus-reagon-putin-provokim-ne-shkalle-te-gjere\/","url_meta":{"origin":54562,"position":5},"title":"Trupat ukrainase futen p\u00ebr her\u00eb t\u00eb par\u00eb n\u00eb territorin rus, reagon Putin: Provokim n\u00eb shkall\u00eb t\u00eb gjer\u00eb","author":"Kurt Farka","date":"August 7, 2024","format":false,"excerpt":"7 gusht 2024 ... Fillimisht, ministria ruse tha se sulmi u zmbraps, por kjo deklarat\u00eb u korrigjua m\u00eb von\u00eb p\u00ebr t\u00eb th\u00ebn\u00eb se \u201carmiku po i shkaktohet d\u00ebme nga zjarri\u201d. Rusia ka akuzuar trupat ukrainase p\u00ebr kalimin e kufirit n\u00eb rajonin e saj t\u00eb Kurskut, gj\u00eb q\u00eb, n\u00ebse konfirmohet, sh\u00ebnon\u2026","rel":"","context":"In &quot;Blogu i Udh\u00ebtarit&quot;","block_context":{"text":"Blogu i Udh\u00ebtarit","link":"https:\/\/www.shqiperia.com\/blog\/category\/blogu-i-udhetarit\/"},"img":{"alt_text":"","src":"https:\/\/i0.wp.com\/www.shqiperia.com\/blog\/wp-content\/uploads\/2024\/08\/Putin-sot-eshte-cmenduria-e-botes.jpg?fit=960%2C540&ssl=1&resize=350%2C200","width":350,"height":200,"srcset":"https:\/\/i0.wp.com\/www.shqiperia.com\/blog\/wp-content\/uploads\/2024\/08\/Putin-sot-eshte-cmenduria-e-botes.jpg?fit=960%2C540&ssl=1&resize=350%2C200 1x, https:\/\/i0.wp.com\/www.shqiperia.com\/blog\/wp-content\/uploads\/2024\/08\/Putin-sot-eshte-cmenduria-e-botes.jpg?fit=960%2C540&ssl=1&resize=525%2C300 1.5x, https:\/\/i0.wp.com\/www.shqiperia.com\/blog\/wp-content\/uploads\/2024\/08\/Putin-sot-eshte-cmenduria-e-botes.jpg?fit=960%2C540&ssl=1&resize=700%2C400 2x"},"classes":[]}],"_links":{"self":[{"href":"https:\/\/www.shqiperia.com\/blog\/wp-json\/wp\/v2\/posts\/54562","targetHints":{"allow":["GET"]}}],"collection":[{"href":"https:\/\/www.shqiperia.com\/blog\/wp-json\/wp\/v2\/posts"}],"about":[{"href":"https:\/\/www.shqiperia.com\/blog\/wp-json\/wp\/v2\/types\/post"}],"author":[{"embeddable":true,"href":"https:\/\/www.shqiperia.com\/blog\/wp-json\/wp\/v2\/users\/9"}],"replies":[{"embeddable":true,"href":"https:\/\/www.shqiperia.com\/blog\/wp-json\/wp\/v2\/comments?post=54562"}],"version-history":[{"count":1,"href":"https:\/\/www.shqiperia.com\/blog\/wp-json\/wp\/v2\/posts\/54562\/revisions"}],"predecessor-version":[{"id":54564,"href":"https:\/\/www.shqiperia.com\/blog\/wp-json\/wp\/v2\/posts\/54562\/revisions\/54564"}],"wp:featuredmedia":[{"embeddable":true,"href":"https:\/\/www.shqiperia.com\/blog\/wp-json\/wp\/v2\/media\/54563"}],"wp:attachment":[{"href":"https:\/\/www.shqiperia.com\/blog\/wp-json\/wp\/v2\/media?parent=54562"}],"wp:term":[{"taxonomy":"category","embeddable":true,"href":"https:\/\/www.shqiperia.com\/blog\/wp-json\/wp\/v2\/categories?post=54562"},{"taxonomy":"post_tag","embeddable":true,"href":"https:\/\/www.shqiperia.com\/blog\/wp-json\/wp\/v2\/tags?post=54562"}],"curies":[{"name":"wp","href":"https:\/\/api.w.org\/{rel}","templated":true}]}}