{"id":54554,"date":"2022-02-26T00:01:47","date_gmt":"2022-02-26T00:01:47","guid":{"rendered":"https:\/\/www.shqiperia.com\/blog\/?p=54554"},"modified":"2022-02-26T00:01:47","modified_gmt":"2022-02-26T00:01:47","slug":"armiku-te-porta-sulmi-rusise-kunder-ukrainesdhe-pasojat-per-sigurine-e-ballkanit-perendimor","status":"publish","type":"post","link":"https:\/\/www.shqiperia.com\/blog\/armiku-te-porta-sulmi-rusise-kunder-ukrainesdhe-pasojat-per-sigurine-e-ballkanit-perendimor\/","title":{"rendered":"Armiku te porta: &#8211; Sulmi Rusis\u00eb kund\u00ebr Ukrain\u00ebsdhe pasojat p\u00ebr sigurin\u00eb e Ballkanit Per\u00ebndimor"},"content":{"rendered":"<div id=\"attachment_54555\" style=\"width: 679px\" class=\"wp-caption alignnone\"><img data-recalc-dims=\"1\" loading=\"lazy\" decoding=\"async\" aria-describedby=\"caption-attachment-54555\" data-attachment-id=\"54555\" data-permalink=\"https:\/\/www.shqiperia.com\/blog\/armiku-te-porta-sulmi-rusise-kunder-ukrainesdhe-pasojat-per-sigurine-e-ballkanit-perendimor\/ushtria-serbe-tregon-muskujt-vucic-paralajmeron-blerje-te-armatimeve-te-tjera\/\" data-orig-file=\"https:\/\/i0.wp.com\/www.shqiperia.com\/blog\/wp-content\/uploads\/2022\/02\/Ushtria-serbe-tregon-muskujt-Vucic-paralajmeron-blerje-te-armatimeve-te-tjera.png?fit=800%2C417&amp;ssl=1\" data-orig-size=\"800,417\" data-comments-opened=\"1\" data-image-meta=\"{&quot;aperture&quot;:&quot;0&quot;,&quot;credit&quot;:&quot;&quot;,&quot;camera&quot;:&quot;&quot;,&quot;caption&quot;:&quot;&quot;,&quot;created_timestamp&quot;:&quot;0&quot;,&quot;copyright&quot;:&quot;&quot;,&quot;focal_length&quot;:&quot;0&quot;,&quot;iso&quot;:&quot;0&quot;,&quot;shutter_speed&quot;:&quot;0&quot;,&quot;title&quot;:&quot;&quot;,&quot;orientation&quot;:&quot;0&quot;}\" data-image-title=\"Ushtria serbe tregon \u201cmuskujt\u201d, Vu\u00e7i\u00e7 paralajm\u00ebron blerje t\u00eb armatimeve t\u00eb tjera\" data-image-description=\"\" data-image-caption=\"&lt;p&gt;Ushtria serbe tregon \u201cmuskujt\u201d, Vu\u00e7i\u00e7 paralajm\u00ebron blerje t\u00eb armatimeve t\u00eb  tjera&lt;\/p&gt;\n\" data-medium-file=\"https:\/\/i0.wp.com\/www.shqiperia.com\/blog\/wp-content\/uploads\/2022\/02\/Ushtria-serbe-tregon-muskujt-Vucic-paralajmeron-blerje-te-armatimeve-te-tjera.png?fit=300%2C156&amp;ssl=1\" data-large-file=\"https:\/\/i0.wp.com\/www.shqiperia.com\/blog\/wp-content\/uploads\/2022\/02\/Ushtria-serbe-tregon-muskujt-Vucic-paralajmeron-blerje-te-armatimeve-te-tjera.png?fit=800%2C417&amp;ssl=1\" class=\" wp-image-54555\" alt=\"\" src=\"https:\/\/i0.wp.com\/www.shqiperia.com\/blog\/wp-content\/uploads\/2022\/02\/Ushtria-serbe-tregon-muskujt-Vucic-paralajmeron-blerje-te-armatimeve-te-tjera.png?resize=669%2C348&#038;ssl=1\" width=\"669\" height=\"348\" srcset=\"https:\/\/i0.wp.com\/www.shqiperia.com\/blog\/wp-content\/uploads\/2022\/02\/Ushtria-serbe-tregon-muskujt-Vucic-paralajmeron-blerje-te-armatimeve-te-tjera.png?resize=300%2C156&amp;ssl=1 300w, https:\/\/i0.wp.com\/www.shqiperia.com\/blog\/wp-content\/uploads\/2022\/02\/Ushtria-serbe-tregon-muskujt-Vucic-paralajmeron-blerje-te-armatimeve-te-tjera.png?resize=768%2C400&amp;ssl=1 768w, https:\/\/i0.wp.com\/www.shqiperia.com\/blog\/wp-content\/uploads\/2022\/02\/Ushtria-serbe-tregon-muskujt-Vucic-paralajmeron-blerje-te-armatimeve-te-tjera.png?resize=450%2C235&amp;ssl=1 450w, https:\/\/i0.wp.com\/www.shqiperia.com\/blog\/wp-content\/uploads\/2022\/02\/Ushtria-serbe-tregon-muskujt-Vucic-paralajmeron-blerje-te-armatimeve-te-tjera.png?resize=600%2C313&amp;ssl=1 600w, https:\/\/i0.wp.com\/www.shqiperia.com\/blog\/wp-content\/uploads\/2022\/02\/Ushtria-serbe-tregon-muskujt-Vucic-paralajmeron-blerje-te-armatimeve-te-tjera.png?resize=400%2C209&amp;ssl=1 400w, https:\/\/i0.wp.com\/www.shqiperia.com\/blog\/wp-content\/uploads\/2022\/02\/Ushtria-serbe-tregon-muskujt-Vucic-paralajmeron-blerje-te-armatimeve-te-tjera.png?w=800&amp;ssl=1 800w\" sizes=\"auto, (max-width: 669px) 100vw, 669px\" \/><p id=\"caption-attachment-54555\" class=\"wp-caption-text\">Ushtria serbe tregon \u201cmuskujt\u201d, Vu\u00e7i\u00e7 paralajm\u00ebron blerje t\u00eb armatimeve t\u00eb tjera<\/p><\/div>\n<p>Armiku te porta:<\/p>\n<p>&#8211; Sulmi Rusis\u00eb kund\u00ebr Ukrain\u00ebsdhe pasojat p\u00ebr sigurin\u00eb e Ballkanit Per\u00ebndimor<\/p>\n<p>NGA FLORION METOHU<\/p>\n<p>25 SHKURT 2022<\/p>\n<p>Trendi i viteve t\u00eb fundit, ai i trim\u00ebrimit t\u00eb diktator\u00ebve an\u00eb e mban bot\u00ebs, nuk mund t\u00eb mohoet.<\/p>\n<p>Nuk ka asnj\u00eb dyshim q\u00eb urdhri i Vladimir Putin, n\u00eb 24 shkurt2022, p\u00ebr t\u00eb sulmuar Ukrain\u00ebn, do t\u00eb mbahet mend si nj\u00eb nga datat kryesore t\u00eb shekullit t\u00eb XXI q\u00eb ndryshoi korniz\u00ebn e rendit dhe siguris\u00eb Bot\u00ebrore<\/p>\n<p>Pasojat e k\u00ebtij veprimi, p\u00ebrve\u00e7 humbjes s\u00eb Ukrain\u00ebs q\u00eb tashm\u00eb \u00ebsht\u00eb e sigurt, do t\u00eb jen\u00eb afatgjata, jo vet\u00ebm p\u00ebr Per\u00ebndimin, por p\u00ebr t\u00eb gjith\u00eb aren\u00ebn nd\u00ebrkomb\u00ebtare. Nj\u00eb gj\u00eb \u00ebsht\u00eb e sigurt. Trendi i viteve t\u00eb fundit, ai i trim\u00ebrimit t\u00eb diktator\u00ebve an\u00eb e mban bot\u00ebs, nuk mund t\u00eb mohoet.<\/p>\n<p>Politikat e sanksione ekonomike nuk jan\u00eb m\u00eb efikase p\u00ebr t\u00ebparandaluar marr\u00ebzit\u00eb e k\u00ebtyre individ\u00ebve. Udh\u00ebheq\u00ebsit per\u00ebndimor arsyetojn\u00eb, duke gabuar, sikur k\u00ebta diktator jan\u00eb t\u00eb ndjesh\u00ebm ndaj mir\u00ebq\u00ebnies s\u00eb shtetasve t\u00eb tyre. Kjo gj\u00eb do t\u00ebndodhte n\u00eb nj\u00eb demokraci ku politikan\u00ebt japin llogari p\u00ebrpara zgjedh\u00ebsve t\u00eb tyre por, jo n\u00eb shtete ku nuk ekziston asnj\u00eb mjet kontrolli ndaj udh\u00ebheq\u00ebsit.<\/p>\n<p>Ndoshta kjo kriz\u00eb do t\u00eb sjell\u00eb dhe nj\u00eb ndryshim n\u00eb t\u00eb menduarine Per\u00ebndimit dhe nj\u00eb nga zonat e fokusimit t\u00eb aksionit euro-atlantik do jet\u00eb padyshim Ballkani Per\u00ebndimor.<\/p>\n<p>P\u00ebr t\u00eb pakt\u00ebn nj\u00eb dekad\u00eb, kjo pjes\u00eb e kontinentit \u00ebsht\u00eb neglizhuar nga Bashkimi Europian, duke vendosur kushte pas kushtesh p\u00ebr tu plot\u00ebsuar nga shtetet e k\u00ebtij rajoni me q\u00ebllim an\u00ebtar\u00ebsimin. Por nuk duhet t\u00eb harrojm\u00eb se vet\u00eb objektivi kryesor i projektit \u00a0t\u00eb bashkimit t\u00eb vendeve europiane pas Luft\u00ebs s\u00eb Dyt\u00eb Bot\u00ebrore, ishte eliminimi i konflikteve.<\/p>\n<p>Sigurisht Ballkani Per\u00ebndimor ka probleme t\u00eb m\u00ebdha me shtetine s\u00eb drejt\u00ebs dhe korrupsionin. T\u00eb njejt\u00ebn gj\u00eb mund t\u00eb themi dhe p\u00ebr Bullgarin\u00eb dhe Rumanin\u00eb kur u an\u00ebtar\u00ebsuan dhe n\u00eb qoft\u00ebse do t\u00eb zbatoheshin t\u00eb nj\u00ebjtat kritere si ato ndaj rajonit ton\u00eb, nuk do t\u00eb ishin b\u00ebr\u00eb pjes\u00eb e familjes europiane.<\/p>\n<p>An\u00ebtar\u00ebsimi i tyre apo dhe i vendeve Balltike ishte mbi t\u00eb gjithanj\u00eb vendim gjeopolitik, p\u00ebr ti futur n\u00ebn ombrell\u00ebn mbrojt\u00ebs eekonomike, politike dhe ushtarake t\u00eb NATOS-s dhe BE, pa t\u00ebcil\u00ebn edhe ato sot do t\u00eb ishin t\u00eb k\u00ebrc\u00ebnuara\u00a0 nga revanshizmi i \u201cPutin i Tmerrshmi\u201d.<\/p>\n<p>Ballkani Per\u00ebndimor gjendet n\u00eb nj\u00eb udh\u00ebkryq dhe si nj\u00eb rajon ku influenca ruse ka qen\u00eb tradicionalisht e madhe, rrezikon t\u00eb kthehet n\u00eb nj\u00eb tjeter zon\u00eb e nxeht\u00eb p\u00ebr Per\u00ebndimin. Shenjat nuk jan\u00eb aspak t\u00eb mira. Serbia \u00ebsht\u00eb kthyer n\u00eb nj\u00eb qend\u00ebr operacionale ruse nga ku koordinon aktivitetin e vet t\u00eb influenc\u00ebs dhe destabilitetit p\u00ebr t\u00eb gjith\u00eb rajonin. Kujtojme ketu tentativ\u00ebn p\u00ebr grusht\u00a0 shteti n\u00eb Mal t\u00eb Zi, t\u00eb organizuar nga operativ t\u00eb sh\u00ebrbimeve sekrete ruse dhe serbe.<\/p>\n<p>Vet\u00eb Serbia ka nd\u00ebrmarr\u00eb nj\u00eb fushat\u00eb t\u00eb madhe riarmatimi me an\u00eb t\u00eb ndihm\u00ebs s\u00eb Mosk\u00ebs, duke ngritur shum\u00eb pik\u00ebpyetje t\u00ebq\u00ebllimeve reale t\u00eb Beogradit. Ndoshta nj\u00eb dritare e k\u00ebtyreq\u00ebllimeve u pa disa muaj me par\u00eb me kriz\u00ebn e targave n\u00eb kufirinme Republik\u00ebn e Kosov\u00ebs, kur Beogradi dislokoi nj\u00eb num\u00ebr t\u00eb madh t\u00eb ushtris\u00eb. Nj\u00eb veprim ky q\u00eb ngjan shum\u00eb me at\u00eb q\u00eb Rusia b\u00ebri n\u00eb kufirin ukrainas para se t\u00eb sulmonte. Vet\u00ebm prania e forcave t\u00eb NATO-s ndaloi nj\u00eb inkursion t\u00eb mundsh\u00ebm serb drejt territorit Kosovar.<\/p>\n<p>Prania e k\u00ebtyre forcave si n\u00eb Kosov\u00eb ashtu edhe ne BosnjeHercegovin\u00eb, i cili \u00ebsht\u00eb nj\u00eb vend tjet\u00ebr q\u00eb do t\u00eb rrezikohej t\u00eb shp\u00ebrb\u00ebhej, jan\u00eb prova m\u00eb e mir\u00eb q\u00eb tregon se sa e r\u00ebnd\u00ebsishme \u00ebsht\u00eb q\u00eb Ballkani Per\u00ebndimor t\u00eb futet plot\u00ebsisht n\u00ebn ombrell\u00ebn mbrojt\u00ebse t\u00eb Per\u00ebndimit.<\/p>\n<p>Megjith\u00ebse duket cinike, duhet th\u00ebn\u00eb q\u00eb pushtimi i Ukrain\u00ebs nga Rusia mund t\u00eb sjelli zhvillime pozitive p\u00ebr sa i p\u00ebrket shancevet\u00eb integrimit t\u00eb Ballkanit Per\u00ebndimir. Agresiviteti dhe revanshizmi i Putin do ndryshoj shum\u00eb llogarit\u00eb gjeopolitike, gjeostrategjike dhe gjeoekonomike t\u00eb lid\u00ebrve per\u00ebndimor, duke p\u00ebrfshir\u00eb edhe rajonin ton\u00eb. K\u00ebt\u00eb ndryshim do t\u00eb kemi mund\u00ebsi ta v\u00ebrtetojm\u00eb n\u00eb qershor t\u00eb k\u00ebtij viti kur t\u00eb vendoset p\u00ebr hapjen e negociatave p\u00ebr integrimin e Shqip\u00ebris\u00eb dhe Maqedonis\u00eb s\u00ebVeriut.<\/p>\n<p>Pas sulmit rus kemi hyr\u00eb zyrtarisht n\u00eb nj\u00eb etap\u00eb t\u00eb re t\u00eb marr\u00ebdh\u00ebnieve nd\u00ebrkomb\u00ebtare, ku do t\u00eb mbizot\u00ebroj ligji i xhungl\u00ebs, ligji i m\u00eb t\u00eb fortit. Kush ngelet jasht\u00eb i vet\u00ebm rrezikont\u00eb b\u00ebhet objekt i sulmeve predatore.<\/p>\n","protected":false},"excerpt":{"rendered":"<p>Armiku te porta: &#8211; Sulmi Rusis\u00eb kund\u00ebr Ukrain\u00ebsdhe pasojat p\u00ebr sigurin\u00eb e Ballkanit Per\u00ebndimor NGA FLORION METOHU 25 SHKURT 2022 Trendi i viteve t\u00eb fundit, ai i trim\u00ebrimit t\u00eb diktator\u00ebve an\u00eb e mban bot\u00ebs, nuk mund t\u00eb mohoet. Nuk ka asnj\u00eb dyshim q\u00eb urdhri i Vladimir Putin, n\u00eb 24 shkurt2022, p\u00ebr t\u00eb sulmuar Ukrain\u00ebn, do [&hellip;]<\/p>\n","protected":false},"author":9,"featured_media":54555,"comment_status":"open","ping_status":"open","sticky":false,"template":"","format":"standard","meta":{"jetpack_post_was_ever_published":false,"_jetpack_newsletter_access":"","_jetpack_dont_email_post_to_subs":false,"_jetpack_newsletter_tier_id":0,"_jetpack_memberships_contains_paywalled_content":false,"_jetpack_memberships_contains_paid_content":false,"footnotes":"","jetpack_publicize_message":"","jetpack_publicize_feature_enabled":true,"jetpack_social_post_already_shared":true,"jetpack_social_options":{"image_generator_settings":{"template":"highway","default_image_id":0,"font":"","enabled":false},"version":2}},"categories":[27,2],"tags":[],"class_list":["post-54554","post","type-post","status-publish","format-standard","has-post-thumbnail","hentry","category-blogu-i-udhetarit","category-politika"],"jetpack_publicize_connections":[],"jetpack_featured_media_url":"https:\/\/i0.wp.com\/www.shqiperia.com\/blog\/wp-content\/uploads\/2022\/02\/Ushtria-serbe-tregon-muskujt-Vucic-paralajmeron-blerje-te-armatimeve-te-tjera.png?fit=800%2C417&ssl=1","jetpack_sharing_enabled":true,"jetpack_shortlink":"https:\/\/wp.me\/p5Z6wp-ebU","jetpack-related-posts":[{"id":54447,"url":"https:\/\/www.shqiperia.com\/blog\/gjendje-lufte-mes-rusise-dhe-ukraines-nato-jep-lajmin-e-rendesishem-per-ballkanin\/","url_meta":{"origin":54554,"position":0},"title":"Gjendje lufte mes Rusis\u00eb dhe Ukrain\u00ebs: &#8211; NATO jep lajmin e R\u00cbND\u00cbSISH\u00cbM p\u00ebr Ballkanin","author":"Kurt Farka","date":"February 24, 2022","format":false,"excerpt":"Gjendje lufte mes Rusis\u00eb dhe Ukrain\u00ebs: - NATO jep lajmin e R\u00cbND\u00cbSISH\u00cbM p\u00ebr Ballkanin 24 SHKURT 2022 N\u00eb koh\u00ebn kur NATO dhe Bashkimi Evropian jan\u00eb bashkuar p\u00ebr t\u00eb d\u00ebnuar pushtimin rus n\u00eb Ukrain\u00eb, pjes\u00ebtar\u00eb t\u00eb aleanc\u00ebs kan\u00eb th\u00ebn\u00eb p\u00ebr Radion Evropa e Lir\u00eb se jan\u00eb t\u00eb gatsh\u00ebm t\u00eb vazhdojn\u00eb t\u00eb\u2026","rel":"","context":"In &quot;Blogu i Udh\u00ebtarit&quot;","block_context":{"text":"Blogu i Udh\u00ebtarit","link":"https:\/\/www.shqiperia.com\/blog\/category\/blogu-i-udhetarit\/"},"img":{"alt_text":"","src":"https:\/\/i0.wp.com\/www.shqiperia.com\/blog\/wp-content\/uploads\/2022\/02\/800-0-3bdf2dd28607075ada5f553457191ee0.jpg?fit=800%2C447&ssl=1&resize=350%2C200","width":350,"height":200,"srcset":"https:\/\/i0.wp.com\/www.shqiperia.com\/blog\/wp-content\/uploads\/2022\/02\/800-0-3bdf2dd28607075ada5f553457191ee0.jpg?fit=800%2C447&ssl=1&resize=350%2C200 1x, https:\/\/i0.wp.com\/www.shqiperia.com\/blog\/wp-content\/uploads\/2022\/02\/800-0-3bdf2dd28607075ada5f553457191ee0.jpg?fit=800%2C447&ssl=1&resize=525%2C300 1.5x, https:\/\/i0.wp.com\/www.shqiperia.com\/blog\/wp-content\/uploads\/2022\/02\/800-0-3bdf2dd28607075ada5f553457191ee0.jpg?fit=800%2C447&ssl=1&resize=700%2C400 2x"},"classes":[]},{"id":74494,"url":"https:\/\/www.shqiperia.com\/blog\/dy-kryeministra-te-bp-kerkuan-republiken-e-kfor-ne-kosove-ka-qene-rama-ne-biseden-me-dyer-te-mbyllura-apo-gazetarja-serbe-spekulon\/","url_meta":{"origin":54554,"position":1},"title":"Dy kryeministra t\u00eb BP k\u00ebrkuan \u201cRepublik\u00ebn e KFOR\u201d n\u00eb Kosov\u00eb? &#8211; Ka qen\u00eb Rama n\u00eb bised\u00ebn me dyer t\u00eb mbyllura, apo gazetarja serbe spekulon?","author":"Kurt Farka","date":"September 27, 2023","format":false,"excerpt":"27 Shtator 2023 Situata n\u00eb veri t\u00eb Kosov\u00ebs ka qen\u00eb shqet\u00ebsimi i ngritur nga dy kryeministra t\u00eb Ballkanit Per\u00ebndimor n\u00eb nj\u00eb takim me dyer t\u00eb mbyllura me zyrtar\u00eb t\u00eb lart\u00eb t\u00eb administrat\u00ebs amerikane, jav\u00ebn e kaluar n\u00eb Nju-Jork. Takimi i mbajtur tri\u00a0dit\u00eb para sulmit n\u00eb Banjsk\u00eb, \u00ebsht\u00eb zhvilluar n\u00eb OKB\u2026","rel":"","context":"In &quot;Blogu i Udh\u00ebtarit&quot;","block_context":{"text":"Blogu i Udh\u00ebtarit","link":"https:\/\/www.shqiperia.com\/blog\/category\/blogu-i-udhetarit\/"},"img":{"alt_text":"","src":"https:\/\/i0.wp.com\/www.shqiperia.com\/blog\/wp-content\/uploads\/2023\/09\/85b89db5-35e2-4865-8828-5c3ed5c6ac6f.jpeg?fit=1080%2C652&ssl=1&resize=350%2C200","width":350,"height":200,"srcset":"https:\/\/i0.wp.com\/www.shqiperia.com\/blog\/wp-content\/uploads\/2023\/09\/85b89db5-35e2-4865-8828-5c3ed5c6ac6f.jpeg?fit=1080%2C652&ssl=1&resize=350%2C200 1x, https:\/\/i0.wp.com\/www.shqiperia.com\/blog\/wp-content\/uploads\/2023\/09\/85b89db5-35e2-4865-8828-5c3ed5c6ac6f.jpeg?fit=1080%2C652&ssl=1&resize=525%2C300 1.5x, https:\/\/i0.wp.com\/www.shqiperia.com\/blog\/wp-content\/uploads\/2023\/09\/85b89db5-35e2-4865-8828-5c3ed5c6ac6f.jpeg?fit=1080%2C652&ssl=1&resize=700%2C400 2x, https:\/\/i0.wp.com\/www.shqiperia.com\/blog\/wp-content\/uploads\/2023\/09\/85b89db5-35e2-4865-8828-5c3ed5c6ac6f.jpeg?fit=1080%2C652&ssl=1&resize=1050%2C600 3x"},"classes":[]},{"id":56404,"url":"https:\/\/www.shqiperia.com\/blog\/lufta-ne-ukraine-kercenon-sigurine-ushqimore-ne-ballkanin-perendimor\/","url_meta":{"origin":54554,"position":2},"title":"Lufta n\u00eb Ukrain\u00eb k\u00ebrc\u00ebnon sigurin\u00eb ushqimore n\u00eb Ballkanin Per\u00ebndimor.","author":"Kurt Farka","date":"April 5, 2022","format":false,"excerpt":"Lufta n\u00eb Ukrain\u00eb k\u00ebrc\u00ebnon sigurin\u00eb ushqimore n\u00eb Ballkanin Per\u00ebndimor. 5 Prill 2022 Drith\u00ebrat zakonisht mbillen n\u00eb mars dhe korret n\u00eb ver\u00eb; pasiguria rreth luft\u00ebs ka bindur tashm\u00eb shum\u00eb fermer\u00eb ukrainas q\u00eb t\u00eb heqin dor\u00eb nga ky sezon, q\u00eb do t\u00eb thot\u00eb se edhe n\u00ebse lufta p\u00ebrfundon shpejt, mungesat mund t\u00eb\u2026","rel":"","context":"In &quot;Blogu i Udh\u00ebtarit&quot;","block_context":{"text":"Blogu i Udh\u00ebtarit","link":"https:\/\/www.shqiperia.com\/blog\/category\/blogu-i-udhetarit\/"},"img":{"alt_text":"","src":"https:\/\/i0.wp.com\/www.shqiperia.com\/blog\/wp-content\/uploads\/2022\/04\/Foto-ilustruese-Gruri-i-Ukraines.png?fit=590%2C354&ssl=1&resize=350%2C200","width":350,"height":200,"srcset":"https:\/\/i0.wp.com\/www.shqiperia.com\/blog\/wp-content\/uploads\/2022\/04\/Foto-ilustruese-Gruri-i-Ukraines.png?fit=590%2C354&ssl=1&resize=350%2C200 1x, https:\/\/i0.wp.com\/www.shqiperia.com\/blog\/wp-content\/uploads\/2022\/04\/Foto-ilustruese-Gruri-i-Ukraines.png?fit=590%2C354&ssl=1&resize=525%2C300 1.5x"},"classes":[]},{"id":58849,"url":"https:\/\/www.shqiperia.com\/blog\/kosova-paralajmeron-fundin-e-ballkanit-te-hapur-gjermania-do-i-jape-goditjen-perfundimtare-dyshes-rama-vucic-duke-riaktivizuar-procesin-e-berlinit\/","url_meta":{"origin":54554,"position":3},"title":"Kosova paralajm\u00ebron fundin e \u201cBallkanit t\u00eb hapur\u201d. &#8211; Gjermania do i jap\u00eb goditjen p\u00ebrfundimtare dyshes Rama-Vu\u00e7i\u00e7 duke riaktivizuar Procesin e Berlinit","author":"Kurt Farka","date":"June 10, 2022","format":false,"excerpt":"10 QERSHOR 2022 Gjermania i jep p\u00ebrpar\u00ebsi procesit t\u00eb integrimit n\u00eb Bashkimin Europian t\u00eb 6 vendeve t\u00eb Ballkanit Per\u00ebndimor n\u00ebp\u00ebrmjet nism\u00ebs Procesi i Berlinit, duke anashkaluar plot\u00ebsisht projektin rus \u201cBallkani i Hapur\u201d i marr\u00eb n\u00eb mbrojtje s\u00eb fundmi nga diplomati i lart\u00eb rus Sergei Lavrov . Kosova ka paralajm\u00ebruar se\u2026","rel":"","context":"In &quot;Blogu i Udh\u00ebtarit&quot;","block_context":{"text":"Blogu i Udh\u00ebtarit","link":"https:\/\/www.shqiperia.com\/blog\/category\/blogu-i-udhetarit\/"},"img":{"alt_text":"","src":"https:\/\/i0.wp.com\/www.shqiperia.com\/blog\/wp-content\/uploads\/2022\/06\/800-0-62a2dc5363c00.png?fit=800%2C389&ssl=1&resize=350%2C200","width":350,"height":200,"srcset":"https:\/\/i0.wp.com\/www.shqiperia.com\/blog\/wp-content\/uploads\/2022\/06\/800-0-62a2dc5363c00.png?fit=800%2C389&ssl=1&resize=350%2C200 1x, https:\/\/i0.wp.com\/www.shqiperia.com\/blog\/wp-content\/uploads\/2022\/06\/800-0-62a2dc5363c00.png?fit=800%2C389&ssl=1&resize=525%2C300 1.5x, https:\/\/i0.wp.com\/www.shqiperia.com\/blog\/wp-content\/uploads\/2022\/06\/800-0-62a2dc5363c00.png?fit=800%2C389&ssl=1&resize=700%2C400 2x"},"classes":[]},{"id":50851,"url":"https:\/\/www.shqiperia.com\/blog\/der-spiegel-ballkani-kercenohet-nga-nje-konflikt-i-ri-be-nuk-ofron-asnje-perspektive-po-u-le-hapesire-rusise-dhe-kines\/","url_meta":{"origin":54554,"position":4},"title":"\u201cDer Spiegel\u201d: &#8211; Ballkani k\u00ebrc\u00ebnohet nga nj\u00eb konflikt i ri! BE nuk ofron asnj\u00eb perspektiv\u00eb, po u l\u00eb hap\u00ebsir\u00eb Rusis\u00eb dhe Kin\u00ebs","author":"Kurt Farka","date":"October 24, 2021","format":false,"excerpt":"\u201cDer Spiegel\u201d: - Ballkani k\u00ebrc\u00ebnohet nga nj\u00eb konflikt i ri! BE nuk ofron asnj\u00eb perspektiv\u00eb, po u l\u00eb hap\u00ebsir\u00eb Rusis\u00eb dhe Kin\u00ebs 24 Tetor 2021 Revista gjermane \u201cDer Spiegel\u201d paralajm\u00ebron se Ballkani k\u00ebrc\u00ebnohet nga nj\u00eb konflikt t\u00eb ri. P\u00ebr k\u00ebt\u00eb 'Der Spiegel\u201d ia hedh fajin BE, e cila me politik\u00ebn\u2026","rel":"","context":"In &quot;Blogu i Udh\u00ebtarit&quot;","block_context":{"text":"Blogu i Udh\u00ebtarit","link":"https:\/\/www.shqiperia.com\/blog\/category\/blogu-i-udhetarit\/"},"img":{"alt_text":"","src":"https:\/\/i0.wp.com\/www.shqiperia.com\/blog\/wp-content\/uploads\/2021\/10\/1635056940_sper687x450.jpg?fit=780%2C440&ssl=1&resize=350%2C200","width":350,"height":200,"srcset":"https:\/\/i0.wp.com\/www.shqiperia.com\/blog\/wp-content\/uploads\/2021\/10\/1635056940_sper687x450.jpg?fit=780%2C440&ssl=1&resize=350%2C200 1x, https:\/\/i0.wp.com\/www.shqiperia.com\/blog\/wp-content\/uploads\/2021\/10\/1635056940_sper687x450.jpg?fit=780%2C440&ssl=1&resize=525%2C300 1.5x, https:\/\/i0.wp.com\/www.shqiperia.com\/blog\/wp-content\/uploads\/2021\/10\/1635056940_sper687x450.jpg?fit=780%2C440&ssl=1&resize=700%2C400 2x"},"classes":[]},{"id":56492,"url":"https:\/\/www.shqiperia.com\/blog\/rama-nuk-i-ndahet-ballkanit-te-hapur-voa-serbia-kunder-sanksioneve-ndaj-rusise\/","url_meta":{"origin":54554,"position":5},"title":"Rama nuk i ndahet Ballkanit t\u00eb Hapur.\u00a0 VOA: &#8211; Serbia, kund\u00ebr sanksioneve ndaj Rusis\u00eb","author":"Kurt Farka","date":"April 8, 2022","format":false,"excerpt":"Rama nuk i ndahet Ballkanit t\u00eb Hapur.\u00a0 VOA: - Serbia, kund\u00ebr sanksioneve ndaj Rusis\u00eb 7 Prill 2022 Gazeta Dita Kryeministri Edi Rama komentoi sot mb\u00ebshtetjen q\u00eb sipas tij mori nga publiku p\u00ebrmes K\u00ebshillimit Komb\u00ebtar nisma e Ballkanit t\u00eb Hapur, nj\u00eb proces q\u00eb ai shprehu s\u00ebrish vendosm\u00ebrin\u00eb p\u00ebr t\u00eb ecur p\u00ebrpara.\u2026","rel":"","context":"In &quot;Blogu i Udh\u00ebtarit&quot;","block_context":{"text":"Blogu i Udh\u00ebtarit","link":"https:\/\/www.shqiperia.com\/blog\/category\/blogu-i-udhetarit\/"},"img":{"alt_text":"","src":"https:\/\/i0.wp.com\/www.shqiperia.com\/blog\/wp-content\/uploads\/2022\/04\/rama-vucic.jpg?fit=1200%2C675&ssl=1&resize=350%2C200","width":350,"height":200,"srcset":"https:\/\/i0.wp.com\/www.shqiperia.com\/blog\/wp-content\/uploads\/2022\/04\/rama-vucic.jpg?fit=1200%2C675&ssl=1&resize=350%2C200 1x, https:\/\/i0.wp.com\/www.shqiperia.com\/blog\/wp-content\/uploads\/2022\/04\/rama-vucic.jpg?fit=1200%2C675&ssl=1&resize=525%2C300 1.5x, https:\/\/i0.wp.com\/www.shqiperia.com\/blog\/wp-content\/uploads\/2022\/04\/rama-vucic.jpg?fit=1200%2C675&ssl=1&resize=700%2C400 2x, https:\/\/i0.wp.com\/www.shqiperia.com\/blog\/wp-content\/uploads\/2022\/04\/rama-vucic.jpg?fit=1200%2C675&ssl=1&resize=1050%2C600 3x"},"classes":[]}],"_links":{"self":[{"href":"https:\/\/www.shqiperia.com\/blog\/wp-json\/wp\/v2\/posts\/54554","targetHints":{"allow":["GET"]}}],"collection":[{"href":"https:\/\/www.shqiperia.com\/blog\/wp-json\/wp\/v2\/posts"}],"about":[{"href":"https:\/\/www.shqiperia.com\/blog\/wp-json\/wp\/v2\/types\/post"}],"author":[{"embeddable":true,"href":"https:\/\/www.shqiperia.com\/blog\/wp-json\/wp\/v2\/users\/9"}],"replies":[{"embeddable":true,"href":"https:\/\/www.shqiperia.com\/blog\/wp-json\/wp\/v2\/comments?post=54554"}],"version-history":[{"count":1,"href":"https:\/\/www.shqiperia.com\/blog\/wp-json\/wp\/v2\/posts\/54554\/revisions"}],"predecessor-version":[{"id":54556,"href":"https:\/\/www.shqiperia.com\/blog\/wp-json\/wp\/v2\/posts\/54554\/revisions\/54556"}],"wp:featuredmedia":[{"embeddable":true,"href":"https:\/\/www.shqiperia.com\/blog\/wp-json\/wp\/v2\/media\/54555"}],"wp:attachment":[{"href":"https:\/\/www.shqiperia.com\/blog\/wp-json\/wp\/v2\/media?parent=54554"}],"wp:term":[{"taxonomy":"category","embeddable":true,"href":"https:\/\/www.shqiperia.com\/blog\/wp-json\/wp\/v2\/categories?post=54554"},{"taxonomy":"post_tag","embeddable":true,"href":"https:\/\/www.shqiperia.com\/blog\/wp-json\/wp\/v2\/tags?post=54554"}],"curies":[{"name":"wp","href":"https:\/\/api.w.org\/{rel}","templated":true}]}}