{"id":54551,"date":"2022-02-25T22:57:00","date_gmt":"2022-02-25T22:57:00","guid":{"rendered":"https:\/\/www.shqiperia.com\/blog\/?p=54551"},"modified":"2022-02-25T22:57:00","modified_gmt":"2022-02-25T22:57:00","slug":"vjen-ndihma-e-pare-ushtarake-e-pranuar-publikisht-ndaj-ukraines-solidarizohet-polonia","status":"publish","type":"post","link":"https:\/\/www.shqiperia.com\/blog\/vjen-ndihma-e-pare-ushtarake-e-pranuar-publikisht-ndaj-ukraines-solidarizohet-polonia\/","title":{"rendered":"Vjen ndihma e par\u00eb ushtarake e pranuar publikisht ndaj Ukrain\u00ebs, solidarizohet Polonia"},"content":{"rendered":"<p><img data-recalc-dims=\"1\" loading=\"lazy\" decoding=\"async\" data-attachment-id=\"54552\" data-permalink=\"https:\/\/www.shqiperia.com\/blog\/vjen-ndihma-e-pare-ushtarake-e-pranuar-publikisht-ndaj-ukraines-solidarizohet-polonia\/640-0-274468714-503598751125791-345210764337319426-n-1645819444\/\" data-orig-file=\"https:\/\/i0.wp.com\/www.shqiperia.com\/blog\/wp-content\/uploads\/2022\/02\/640-0-274468714-503598751125791-345210764337319426-n-1645819444.jpg?fit=640%2C389&amp;ssl=1\" data-orig-size=\"640,389\" data-comments-opened=\"1\" data-image-meta=\"{&quot;aperture&quot;:&quot;0&quot;,&quot;credit&quot;:&quot;&quot;,&quot;camera&quot;:&quot;&quot;,&quot;caption&quot;:&quot;&quot;,&quot;created_timestamp&quot;:&quot;0&quot;,&quot;copyright&quot;:&quot;&quot;,&quot;focal_length&quot;:&quot;0&quot;,&quot;iso&quot;:&quot;0&quot;,&quot;shutter_speed&quot;:&quot;0&quot;,&quot;title&quot;:&quot;&quot;,&quot;orientation&quot;:&quot;0&quot;}\" data-image-title=\"-640-0-274468714-503598751125791-345210764337319426-n-1645819444\" data-image-description=\"\" data-image-caption=\"\" data-medium-file=\"https:\/\/i0.wp.com\/www.shqiperia.com\/blog\/wp-content\/uploads\/2022\/02\/640-0-274468714-503598751125791-345210764337319426-n-1645819444.jpg?fit=300%2C182&amp;ssl=1\" data-large-file=\"https:\/\/i0.wp.com\/www.shqiperia.com\/blog\/wp-content\/uploads\/2022\/02\/640-0-274468714-503598751125791-345210764337319426-n-1645819444.jpg?fit=640%2C389&amp;ssl=1\" class=\"alignnone  wp-image-54552\" alt=\"\" src=\"https:\/\/i0.wp.com\/www.shqiperia.com\/blog\/wp-content\/uploads\/2022\/02\/640-0-274468714-503598751125791-345210764337319426-n-1645819444.jpg?resize=590%2C358&#038;ssl=1\" width=\"590\" height=\"358\" srcset=\"https:\/\/i0.wp.com\/www.shqiperia.com\/blog\/wp-content\/uploads\/2022\/02\/640-0-274468714-503598751125791-345210764337319426-n-1645819444.jpg?resize=300%2C182&amp;ssl=1 300w, https:\/\/i0.wp.com\/www.shqiperia.com\/blog\/wp-content\/uploads\/2022\/02\/640-0-274468714-503598751125791-345210764337319426-n-1645819444.jpg?resize=450%2C274&amp;ssl=1 450w, https:\/\/i0.wp.com\/www.shqiperia.com\/blog\/wp-content\/uploads\/2022\/02\/640-0-274468714-503598751125791-345210764337319426-n-1645819444.jpg?resize=600%2C365&amp;ssl=1 600w, https:\/\/i0.wp.com\/www.shqiperia.com\/blog\/wp-content\/uploads\/2022\/02\/640-0-274468714-503598751125791-345210764337319426-n-1645819444.jpg?resize=400%2C243&amp;ssl=1 400w, https:\/\/i0.wp.com\/www.shqiperia.com\/blog\/wp-content\/uploads\/2022\/02\/640-0-274468714-503598751125791-345210764337319426-n-1645819444.jpg?w=640&amp;ssl=1 640w\" sizes=\"auto, (max-width: 590px) 100vw, 590px\" \/><\/p>\n<p>Vjen ndihma e par\u00eb ushtarake e pranuar publikisht ndaj Ukrain\u00ebs, solidarizohet Polonia<\/p>\n<p>Nga OraNews<\/p>\n<p>25 Shkurt 20222<\/p>\n<p>Polonia ka d\u00ebrguar nj\u00eb autokolon\u00eb me municion n\u00eb Ukrain\u00eb, sipas ministrit t\u00eb Mbrojtjes t\u00eb vendit Mariusz B\u0142aszczak.<\/p>\n<p>K\u00ebshtu ajo b\u00ebhet d\u00ebrgesa e par\u00eb t\u00eb pranuar publikisht e ndihm\u00ebs ushtarake n\u00eb Ukrain\u00eb q\u00eb nga fillimi i pushtimit rus.<\/p>\n<p>\u201cNj\u00eb kolon\u00eb municionesh q\u00eb po i dhurojm\u00eb Ukrain\u00ebs ka mb\u00ebrritur tashm\u00eb tek fqinj\u00ebt tan\u00eb. Ne q\u00ebndrojm\u00eb pran\u00eb ukrainasve dhe tregojm\u00eb solidaritet kund\u00ebr agresionit rus\u201d, tha ai n\u00eb nj\u00eb postim n\u00eb Twitter.<\/p>\n<p>Postimi n\u00eb Twitter nuk p\u00ebrshkruante as llojin e municionit q\u00eb Polonia u d\u00ebrgoi ukrainasve dhe as sasin\u00eb.<\/p>\n","protected":false},"excerpt":{"rendered":"<p>Vjen ndihma e par\u00eb ushtarake e pranuar publikisht ndaj Ukrain\u00ebs, solidarizohet Polonia Nga OraNews 25 Shkurt 20222 Polonia ka d\u00ebrguar nj\u00eb autokolon\u00eb me municion n\u00eb Ukrain\u00eb, sipas ministrit t\u00eb Mbrojtjes t\u00eb vendit Mariusz B\u0142aszczak. K\u00ebshtu ajo b\u00ebhet d\u00ebrgesa e par\u00eb t\u00eb pranuar publikisht e ndihm\u00ebs ushtarake n\u00eb Ukrain\u00eb q\u00eb nga fillimi i pushtimit rus. \u201cNj\u00eb [&hellip;]<\/p>\n","protected":false},"author":9,"featured_media":54552,"comment_status":"open","ping_status":"open","sticky":false,"template":"","format":"standard","meta":{"jetpack_post_was_ever_published":false,"_jetpack_newsletter_access":"","_jetpack_dont_email_post_to_subs":false,"_jetpack_newsletter_tier_id":0,"_jetpack_memberships_contains_paywalled_content":false,"_jetpack_memberships_contains_paid_content":false,"footnotes":"","jetpack_publicize_message":"","jetpack_publicize_feature_enabled":true,"jetpack_social_post_already_shared":true,"jetpack_social_options":{"image_generator_settings":{"template":"highway","default_image_id":0,"font":"","enabled":false},"version":2}},"categories":[27,1,35],"tags":[],"class_list":["post-54551","post","type-post","status-publish","format-standard","has-post-thumbnail","hentry","category-blogu-i-udhetarit","category-njoftime-shtypi","category-shoqerore"],"jetpack_publicize_connections":[],"jetpack_featured_media_url":"https:\/\/i0.wp.com\/www.shqiperia.com\/blog\/wp-content\/uploads\/2022\/02\/640-0-274468714-503598751125791-345210764337319426-n-1645819444.jpg?fit=640%2C389&ssl=1","jetpack_sharing_enabled":true,"jetpack_shortlink":"https:\/\/wp.me\/p5Z6wp-ebR","jetpack-related-posts":[{"id":53672,"url":"https:\/\/www.shqiperia.com\/blog\/lufte-mes-ukraines-dhe-rusise-shba-ja-dergon-ne-ukraine-ndihme-vdekjeprurese-ushtarake\/","url_meta":{"origin":54551,"position":0},"title":"Luft\u00eb mes Ukrain\u00ebs dhe Rusis\u00eb? &#8211; SHBA-ja d\u00ebrgon n\u00eb Ukrain\u00eb \u201cndihm\u00eb vdekjeprur\u00ebse\u201d ushtarake","author":"Kurt Farka","date":"February 2, 2022","format":false,"excerpt":"Luft\u00eb mes Ukrain\u00ebs dhe Rusis\u00eb? - SHBA-ja d\u00ebrgon n\u00eb Ukrain\u00eb \u201cndihm\u00eb vdekjeprur\u00ebse\u201d ushtarake 23 JANAR 2022 Rreth 90 ton\u00eb t\u00eb \u201cndihm\u00ebs vdekjeprur\u00ebse\u201d t\u00eb Shteteve t\u00eb Bashkuara ka arritur n\u00eb Ukrain\u00eb, teksa tensionet jan\u00eb t\u00eb larta p\u00ebr shkak t\u00eb grumbullimit t\u00eb ushtris\u00eb ruse p\u00ebrgjat\u00eb kufirit me Ukrain\u00ebn. Kjo ishte d\u00ebrgesa e\u2026","rel":"","context":"In &quot;Blogu i Udh\u00ebtarit&quot;","block_context":{"text":"Blogu i Udh\u00ebtarit","link":"https:\/\/www.shqiperia.com\/blog\/category\/blogu-i-udhetarit\/"},"img":{"alt_text":"","src":"https:\/\/i0.wp.com\/www.shqiperia.com\/blog\/wp-content\/uploads\/2022\/02\/640-0-61ed1150e65ca.png?fit=640%2C339&ssl=1&resize=350%2C200","width":350,"height":200,"srcset":"https:\/\/i0.wp.com\/www.shqiperia.com\/blog\/wp-content\/uploads\/2022\/02\/640-0-61ed1150e65ca.png?fit=640%2C339&ssl=1&resize=350%2C200 1x, https:\/\/i0.wp.com\/www.shqiperia.com\/blog\/wp-content\/uploads\/2022\/02\/640-0-61ed1150e65ca.png?fit=640%2C339&ssl=1&resize=525%2C300 1.5x"},"classes":[]},{"id":79943,"url":"https:\/\/www.shqiperia.com\/blog\/kosova-i-jep-lajmin-e-rendesishem-ukraines-do-te-dergojme-mjete-luftarake-dhe-blinde\/","url_meta":{"origin":54551,"position":1},"title":"Kosova i jep lajmin e r\u00ebnd\u00ebsish\u00ebm Ukrain\u00ebs: &#8211; Do t\u00eb d\u00ebrgojm\u00eb mjete luftarake dhe blinde","author":"Kurt Farka","date":"April 7, 2024","format":false,"excerpt":"7 Prill 2024 Ashtu si\u00e7 kishte shprehur angazhimin edhe m\u00eb her\u00ebt, Kosova ka d\u00ebrguar disa ndihma ushtarake p\u00ebr Ukrain\u00ebn, e cila prej m\u00eb shum\u00eb se dy vitesh po p\u00ebrballet me nj\u00eb sulm t\u00eb paprecedent nga Rusia, fundi i s\u00eb cilit ende nuk shihet. N\u00eb nj\u00eb intervist\u00eb p\u00ebr mediat turke, ministri\u2026","rel":"","context":"In &quot;Blogu i Udh\u00ebtarit&quot;","block_context":{"text":"Blogu i Udh\u00ebtarit","link":"https:\/\/www.shqiperia.com\/blog\/category\/blogu-i-udhetarit\/"},"img":{"alt_text":"","src":"https:\/\/i0.wp.com\/www.shqiperia.com\/blog\/wp-content\/uploads\/2024\/04\/800-0-66129e229875c.jpg?fit=800%2C451&ssl=1&resize=350%2C200","width":350,"height":200,"srcset":"https:\/\/i0.wp.com\/www.shqiperia.com\/blog\/wp-content\/uploads\/2024\/04\/800-0-66129e229875c.jpg?fit=800%2C451&ssl=1&resize=350%2C200 1x, https:\/\/i0.wp.com\/www.shqiperia.com\/blog\/wp-content\/uploads\/2024\/04\/800-0-66129e229875c.jpg?fit=800%2C451&ssl=1&resize=525%2C300 1.5x, https:\/\/i0.wp.com\/www.shqiperia.com\/blog\/wp-content\/uploads\/2024\/04\/800-0-66129e229875c.jpg?fit=800%2C451&ssl=1&resize=700%2C400 2x"},"classes":[]},{"id":54787,"url":"https:\/\/www.shqiperia.com\/blog\/ndihma-ushtarake-nga-e-gjithe-bota-drejt-ukraines-kush-po-lufton-ke\/","url_meta":{"origin":54551,"position":2},"title":"Ndihma ushtarake nga e gjith\u00eb bota drejt Ukrain\u00ebs \u2013 kush po lufton k\u00eb?","author":"Kurt Farka","date":"March 2, 2022","format":false,"excerpt":"Ndihma ushtarake nga e gjith\u00eb bota drejt Ukrain\u00ebs \u2013 kush po lufton k\u00eb? 1 Mars 2022 Edhe shtete neutrale si Suedia kan\u00eb nisur t\u00eb d\u00ebrgojn\u00eb arm\u00eb dhe ndihma ushtarake drejt Ukrain\u00ebs. N\u00eb nj\u00eb koh\u00eb kur konflikti po avancon dita dit\u00ebs, duket se shum\u00eb shpejt ai mund t\u00eb kthehet n\u00eb nj\u00eb\u2026","rel":"","context":"In &quot;Blogu i Udh\u00ebtarit&quot;","block_context":{"text":"Blogu i Udh\u00ebtarit","link":"https:\/\/www.shqiperia.com\/blog\/category\/blogu-i-udhetarit\/"},"img":{"alt_text":"","src":"https:\/\/i0.wp.com\/www.shqiperia.com\/blog\/wp-content\/uploads\/2022\/03\/prishtina-entry-view-picture-west-55469194.jpg?fit=905%2C450&ssl=1&resize=350%2C200","width":350,"height":200,"srcset":"https:\/\/i0.wp.com\/www.shqiperia.com\/blog\/wp-content\/uploads\/2022\/03\/prishtina-entry-view-picture-west-55469194.jpg?fit=905%2C450&ssl=1&resize=350%2C200 1x, https:\/\/i0.wp.com\/www.shqiperia.com\/blog\/wp-content\/uploads\/2022\/03\/prishtina-entry-view-picture-west-55469194.jpg?fit=905%2C450&ssl=1&resize=525%2C300 1.5x, https:\/\/i0.wp.com\/www.shqiperia.com\/blog\/wp-content\/uploads\/2022\/03\/prishtina-entry-view-picture-west-55469194.jpg?fit=905%2C450&ssl=1&resize=700%2C400 2x"},"classes":[]},{"id":69754,"url":"https:\/\/www.shqiperia.com\/blog\/polonia-ukraines-avionet-tane-do-te-vine-shume-shpejt-per-ju\/","url_meta":{"origin":54551,"position":3},"title":"Polonia-Ukrain\u00ebs: &#8211; Avion\u00ebt tan\u00eb do t\u00eb vin\u00eb shum\u00eb shpejt p\u00ebr ju","author":"Kurt Farka","date":"March 17, 2023","format":false,"excerpt":"17 Mars 2023 \u201cPolonia do t\u00eb dor\u00ebzoj\u00eb kat\u00ebr avion\u00eb luftarak\u00eb t\u00eb epok\u00ebs sovjetike MiG-29 n\u00eb Ukrain\u00eb n\u00eb dit\u00ebt e ardhshme\u201d, tha presidenti Andrzej Duda. Polonia \u00ebsht\u00eb vendi i par\u00eb q\u00eb zyrtarisht angazhohet p\u00ebr d\u00ebrgimin e avion\u00ebve luftarak\u00eb n\u00eb Ukrain\u00eb, p\u00ebr t\u00eb cil\u00ebn Kievi thot\u00eb se i duhet urgjentisht p\u00ebr t\u00eb\u2026","rel":"","context":"In &quot;Blogu i Udh\u00ebtarit&quot;","block_context":{"text":"Blogu i Udh\u00ebtarit","link":"https:\/\/www.shqiperia.com\/blog\/category\/blogu-i-udhetarit\/"},"img":{"alt_text":"","src":"https:\/\/i0.wp.com\/www.shqiperia.com\/blog\/wp-content\/uploads\/2023\/03\/Capture-399-770x433-1.jpg?fit=770%2C433&ssl=1&resize=350%2C200","width":350,"height":200,"srcset":"https:\/\/i0.wp.com\/www.shqiperia.com\/blog\/wp-content\/uploads\/2023\/03\/Capture-399-770x433-1.jpg?fit=770%2C433&ssl=1&resize=350%2C200 1x, https:\/\/i0.wp.com\/www.shqiperia.com\/blog\/wp-content\/uploads\/2023\/03\/Capture-399-770x433-1.jpg?fit=770%2C433&ssl=1&resize=525%2C300 1.5x, https:\/\/i0.wp.com\/www.shqiperia.com\/blog\/wp-content\/uploads\/2023\/03\/Capture-399-770x433-1.jpg?fit=770%2C433&ssl=1&resize=700%2C400 2x"},"classes":[]},{"id":55341,"url":"https:\/\/www.shqiperia.com\/blog\/rusia-do-te-perdore-trupat-e-ukrainasve-te-vdekur-per-nje-sulm-te-rreme-ne-cernobil\/","url_meta":{"origin":54551,"position":4},"title":"Rusia do t\u00eb p\u00ebrdor\u00eb trupat e ukrainasve t\u00eb vdekur p\u00ebr nj\u00eb sulm t\u00eb rrem\u00eb n\u00eb \u00c7ernobil","author":"Kurt Farka","date":"March 12, 2022","format":false,"excerpt":"Rusia do t\u00eb p\u00ebrdor\u00eb trupat e ukrainasve t\u00eb vdekur p\u00ebr nj\u00eb sulm t\u00eb rrem\u00eb n\u00eb \u00c7ernobil 12 MARS 2022 Rusia po grumbullon trupat e ukrainasve t\u00eb vdekur p\u00ebr t\u00eb organizuar nj\u00eb sulm t\u00eb rrem\u00eb n\u00eb \u00c7ernobil , duke l\u00ebshuar mbetje radioaktive n\u00eb nj\u00eb \u2018katastrof\u00eb t\u00eb shkaktuar nga njeriu\u2019 q\u00eb do\u2026","rel":"","context":"In &quot;Blogu i Udh\u00ebtarit&quot;","block_context":{"text":"Blogu i Udh\u00ebtarit","link":"https:\/\/www.shqiperia.com\/blog\/category\/blogu-i-udhetarit\/"},"img":{"alt_text":"","src":"https:\/\/i0.wp.com\/www.shqiperia.com\/blog\/wp-content\/uploads\/2022\/03\/Cernobili.png?fit=640%2C362&ssl=1&resize=350%2C200","width":350,"height":200,"srcset":"https:\/\/i0.wp.com\/www.shqiperia.com\/blog\/wp-content\/uploads\/2022\/03\/Cernobili.png?fit=640%2C362&ssl=1&resize=350%2C200 1x, https:\/\/i0.wp.com\/www.shqiperia.com\/blog\/wp-content\/uploads\/2022\/03\/Cernobili.png?fit=640%2C362&ssl=1&resize=525%2C300 1.5x"},"classes":[]},{"id":80403,"url":"https:\/\/www.shqiperia.com\/blog\/pentagoni-1-miliard-dollare-ndihme-te-re-ushtarake-per-ukrainen\/","url_meta":{"origin":54551,"position":5},"title":"Pentagoni, 1 miliard dollar\u00eb ndihm\u00eb t\u00eb re ushtarake p\u00ebr Ukrain\u00ebn","author":"Kurt Farka","date":"April 23, 2024","format":false,"excerpt":"23 Prill 2024 Zyrtar\u00ebt amerikan\u00eb thon\u00eb se Pentagoni \u00ebsht\u00eb gati t\u00eb d\u00ebrgoj\u00eb 1 miliard dollar\u00eb ndihm\u00eb t\u00eb re ushtarake n\u00eb Ukrain\u00eb. Njoftimi vjen nd\u00ebrsa Senati fillon debatin mbi ligjin e shum\u00ebpritur, q\u00eb parashikon ndihm\u00eb ushtarake p\u00ebr Kievit, p\u00ebr t\u00eb zmbrapsur trupat ruse. Vendimi i b\u00ebr\u00eb publik t\u00eb mart\u00ebn vjen pas\u2026","rel":"","context":"In &quot;Blogu i Udh\u00ebtarit&quot;","block_context":{"text":"Blogu i Udh\u00ebtarit","link":"https:\/\/www.shqiperia.com\/blog\/category\/blogu-i-udhetarit\/"},"img":{"alt_text":"","src":"https:\/\/i0.wp.com\/www.shqiperia.com\/blog\/wp-content\/uploads\/2024\/04\/Pentagon-1.jpg?fit=919%2C525&ssl=1&resize=350%2C200","width":350,"height":200,"srcset":"https:\/\/i0.wp.com\/www.shqiperia.com\/blog\/wp-content\/uploads\/2024\/04\/Pentagon-1.jpg?fit=919%2C525&ssl=1&resize=350%2C200 1x, https:\/\/i0.wp.com\/www.shqiperia.com\/blog\/wp-content\/uploads\/2024\/04\/Pentagon-1.jpg?fit=919%2C525&ssl=1&resize=525%2C300 1.5x, https:\/\/i0.wp.com\/www.shqiperia.com\/blog\/wp-content\/uploads\/2024\/04\/Pentagon-1.jpg?fit=919%2C525&ssl=1&resize=700%2C400 2x"},"classes":[]}],"_links":{"self":[{"href":"https:\/\/www.shqiperia.com\/blog\/wp-json\/wp\/v2\/posts\/54551","targetHints":{"allow":["GET"]}}],"collection":[{"href":"https:\/\/www.shqiperia.com\/blog\/wp-json\/wp\/v2\/posts"}],"about":[{"href":"https:\/\/www.shqiperia.com\/blog\/wp-json\/wp\/v2\/types\/post"}],"author":[{"embeddable":true,"href":"https:\/\/www.shqiperia.com\/blog\/wp-json\/wp\/v2\/users\/9"}],"replies":[{"embeddable":true,"href":"https:\/\/www.shqiperia.com\/blog\/wp-json\/wp\/v2\/comments?post=54551"}],"version-history":[{"count":1,"href":"https:\/\/www.shqiperia.com\/blog\/wp-json\/wp\/v2\/posts\/54551\/revisions"}],"predecessor-version":[{"id":54553,"href":"https:\/\/www.shqiperia.com\/blog\/wp-json\/wp\/v2\/posts\/54551\/revisions\/54553"}],"wp:featuredmedia":[{"embeddable":true,"href":"https:\/\/www.shqiperia.com\/blog\/wp-json\/wp\/v2\/media\/54552"}],"wp:attachment":[{"href":"https:\/\/www.shqiperia.com\/blog\/wp-json\/wp\/v2\/media?parent=54551"}],"wp:term":[{"taxonomy":"category","embeddable":true,"href":"https:\/\/www.shqiperia.com\/blog\/wp-json\/wp\/v2\/categories?post=54551"},{"taxonomy":"post_tag","embeddable":true,"href":"https:\/\/www.shqiperia.com\/blog\/wp-json\/wp\/v2\/tags?post=54551"}],"curies":[{"name":"wp","href":"https:\/\/api.w.org\/{rel}","templated":true}]}}