{"id":54548,"date":"2022-02-25T20:40:22","date_gmt":"2022-02-25T20:40:22","guid":{"rendered":"https:\/\/www.shqiperia.com\/blog\/?p=54548"},"modified":"2022-02-25T20:40:22","modified_gmt":"2022-02-25T20:40:22","slug":"suedia-i-pergjigjet-dhembe-per-dhembe-rusise-pas-kercenimit-qe-mori-sot-zbardhet-mesazhi-i-fuqishem","status":"publish","type":"post","link":"https:\/\/www.shqiperia.com\/blog\/suedia-i-pergjigjet-dhembe-per-dhembe-rusise-pas-kercenimit-qe-mori-sot-zbardhet-mesazhi-i-fuqishem\/","title":{"rendered":"Suedia i p\u00ebrgjigjet \u201cdh\u00ebmb\u00eb p\u00ebr dh\u00ebmb\u00eb\u201d Rusis\u00eb pas k\u00ebrc\u00ebnimit q\u00eb mori sot, zbardhet mesazhi i fuqish\u00ebm"},"content":{"rendered":"<div id=\"attachment_54549\" style=\"width: 597px\" class=\"wp-caption alignnone\"><img data-recalc-dims=\"1\" loading=\"lazy\" decoding=\"async\" aria-describedby=\"caption-attachment-54549\" data-attachment-id=\"54549\" data-permalink=\"https:\/\/www.shqiperia.com\/blog\/suedia-i-pergjigjet-dhembe-per-dhembe-rusise-pas-kercenimit-qe-mori-sot-zbardhet-mesazhi-i-fuqishem\/kryeministrja-suedeze-magdalena-andersson\/\" data-orig-file=\"https:\/\/i0.wp.com\/www.shqiperia.com\/blog\/wp-content\/uploads\/2022\/02\/kryeministrja-suedeze-Magdalena-Andersson.jpeg?fit=800%2C427&amp;ssl=1\" data-orig-size=\"800,427\" data-comments-opened=\"1\" data-image-meta=\"{&quot;aperture&quot;:&quot;0&quot;,&quot;credit&quot;:&quot;&quot;,&quot;camera&quot;:&quot;&quot;,&quot;caption&quot;:&quot;&quot;,&quot;created_timestamp&quot;:&quot;0&quot;,&quot;copyright&quot;:&quot;&quot;,&quot;focal_length&quot;:&quot;0&quot;,&quot;iso&quot;:&quot;0&quot;,&quot;shutter_speed&quot;:&quot;0&quot;,&quot;title&quot;:&quot;&quot;,&quot;orientation&quot;:&quot;0&quot;}\" data-image-title=\"kryeministrja suedeze Magdalena Andersson\" data-image-description=\"\" data-image-caption=\"&lt;p&gt;kryeministrja suedeze Magdalena Andersson&lt;\/p&gt;\n\" data-medium-file=\"https:\/\/i0.wp.com\/www.shqiperia.com\/blog\/wp-content\/uploads\/2022\/02\/kryeministrja-suedeze-Magdalena-Andersson.jpeg?fit=300%2C160&amp;ssl=1\" data-large-file=\"https:\/\/i0.wp.com\/www.shqiperia.com\/blog\/wp-content\/uploads\/2022\/02\/kryeministrja-suedeze-Magdalena-Andersson.jpeg?fit=800%2C427&amp;ssl=1\" class=\" wp-image-54549\" alt=\"\" src=\"https:\/\/i0.wp.com\/www.shqiperia.com\/blog\/wp-content\/uploads\/2022\/02\/kryeministrja-suedeze-Magdalena-Andersson.jpeg?resize=587%2C313&#038;ssl=1\" width=\"587\" height=\"313\" srcset=\"https:\/\/i0.wp.com\/www.shqiperia.com\/blog\/wp-content\/uploads\/2022\/02\/kryeministrja-suedeze-Magdalena-Andersson.jpeg?resize=300%2C160&amp;ssl=1 300w, https:\/\/i0.wp.com\/www.shqiperia.com\/blog\/wp-content\/uploads\/2022\/02\/kryeministrja-suedeze-Magdalena-Andersson.jpeg?resize=768%2C410&amp;ssl=1 768w, https:\/\/i0.wp.com\/www.shqiperia.com\/blog\/wp-content\/uploads\/2022\/02\/kryeministrja-suedeze-Magdalena-Andersson.jpeg?resize=450%2C240&amp;ssl=1 450w, https:\/\/i0.wp.com\/www.shqiperia.com\/blog\/wp-content\/uploads\/2022\/02\/kryeministrja-suedeze-Magdalena-Andersson.jpeg?resize=600%2C320&amp;ssl=1 600w, https:\/\/i0.wp.com\/www.shqiperia.com\/blog\/wp-content\/uploads\/2022\/02\/kryeministrja-suedeze-Magdalena-Andersson.jpeg?resize=400%2C214&amp;ssl=1 400w, https:\/\/i0.wp.com\/www.shqiperia.com\/blog\/wp-content\/uploads\/2022\/02\/kryeministrja-suedeze-Magdalena-Andersson.jpeg?w=800&amp;ssl=1 800w\" sizes=\"auto, (max-width: 587px) 100vw, 587px\" \/><p id=\"caption-attachment-54549\" class=\"wp-caption-text\">kryeministrja suedeze Magdalena Andersson<\/p><\/div>\n<p>Suedia i p\u00ebrgjigjet \u201cdh\u00ebmb\u00eb p\u00ebr dh\u00ebmb\u00eb\u201d Rusis\u00eb pas k\u00ebrc\u00ebnimit q\u00eb mori sot, zbardhet mesazhi i fuqish\u00ebm<\/p>\n<p>25 SHKURT 2022<\/p>\n<p>Gjat\u00eb nj\u00eb konference p\u00ebr shtyp, kryeministrja suedeze Magdalena Andersson ka th\u00ebn\u00eb se Suedia e vendos vet\u00eb politik\u00ebn e saj t\u00eb siguris\u00eb, shkruan media suedeze, expressen.se.<\/p>\n<p>\u201c\u00cbsht\u00eb e r\u00ebnd\u00ebsishme n\u00eb k\u00ebt\u00eb situat\u00eb q\u00eb t\u00eb ket\u00eb stabilitet dhe parashikueshm\u00ebri n\u00eb linj\u00ebn e politik\u00ebs suedeze t\u00eb siguris\u00eb.<\/p>\n<p>Suedia ka b\u00ebr\u00eb investime reale n\u00eb vitet e fundit n\u00eb mbrojtjen suedeze p\u00ebr t\u00eb qen\u00eb n\u00eb gjendje t\u00eb forcoj\u00eb aft\u00ebsit\u00eb tona ushtarake dhe ne gjithashtu kemi forcuar, thelluar dhe rritur numrin e bashk\u00ebpunimeve me vende dhe organizata t\u00eb tjera\u201d, tha Andersson.<\/p>\n<p>Ajo po ashtu shtoi se Suedia ka nj\u00eb marr\u00ebdh\u00ebnie t\u00eb ngusht\u00eb me NATO-n.<\/p>\n<p>Gazeta Sot<\/p>\n","protected":false},"excerpt":{"rendered":"<p>Suedia i p\u00ebrgjigjet \u201cdh\u00ebmb\u00eb p\u00ebr dh\u00ebmb\u00eb\u201d Rusis\u00eb pas k\u00ebrc\u00ebnimit q\u00eb mori sot, zbardhet mesazhi i fuqish\u00ebm 25 SHKURT 2022 Gjat\u00eb nj\u00eb konference p\u00ebr shtyp, kryeministrja suedeze Magdalena Andersson ka th\u00ebn\u00eb se Suedia e vendos vet\u00eb politik\u00ebn e saj t\u00eb siguris\u00eb, shkruan media suedeze, expressen.se. \u201c\u00cbsht\u00eb e r\u00ebnd\u00ebsishme n\u00eb k\u00ebt\u00eb situat\u00eb q\u00eb t\u00eb ket\u00eb stabilitet dhe [&hellip;]<\/p>\n","protected":false},"author":9,"featured_media":54549,"comment_status":"open","ping_status":"open","sticky":false,"template":"","format":"standard","meta":{"jetpack_post_was_ever_published":false,"_jetpack_newsletter_access":"","_jetpack_dont_email_post_to_subs":false,"_jetpack_newsletter_tier_id":0,"_jetpack_memberships_contains_paywalled_content":false,"_jetpack_memberships_contains_paid_content":false,"footnotes":"","jetpack_publicize_message":"","jetpack_publicize_feature_enabled":true,"jetpack_social_post_already_shared":true,"jetpack_social_options":{"image_generator_settings":{"template":"highway","default_image_id":0,"font":"","enabled":false},"version":2}},"categories":[27,2],"tags":[],"class_list":["post-54548","post","type-post","status-publish","format-standard","has-post-thumbnail","hentry","category-blogu-i-udhetarit","category-politika"],"jetpack_publicize_connections":[],"jetpack_featured_media_url":"https:\/\/i0.wp.com\/www.shqiperia.com\/blog\/wp-content\/uploads\/2022\/02\/kryeministrja-suedeze-Magdalena-Andersson.jpeg?fit=800%2C427&ssl=1","jetpack_sharing_enabled":true,"jetpack_shortlink":"https:\/\/wp.me\/p5Z6wp-ebO","jetpack-related-posts":[{"id":41883,"url":"https:\/\/www.shqiperia.com\/blog\/shoqerimi-me-dhune-i-gazetareve-ne-proteste-reagon-ambasadorja-suedeze-jemi-te-shqetesuar-kur-mesojme-se\/","url_meta":{"origin":54548,"position":0},"title":"Shoq\u00ebrimi me dhun\u00eb i gazetar\u00ebve n\u00eb protest\u00eb\/ Reagon ambasadorja suedeze: Jemi t\u00eb shqet\u00ebsuar kur m\u00ebsojm\u00eb se\u2026","author":"Kurt Farka","date":"December 14, 2020","format":false,"excerpt":"Shoq\u00ebrimi me dhun\u00eb i gazetar\u00ebve n\u00eb protest\u00eb\/ Reagon ambasadorja suedeze: Jemi t\u00eb shqet\u00ebsuar kur m\u00ebsojm\u00eb se\u2026 14 dhjetor 2020 N\u00eb protestat e fundit p\u00ebr vrasjen e Klodian Rash\u00ebs u ndaluan edhe\u00a0gazetar\u00eb, t\u00eb cil\u00ebt\u00a0akuzuan uniformat blu se i shoq\u00ebruan me dhun\u00eb nd\u00ebrkoh\u00eb q\u00eb raportonin. Nj\u00eb reagim lidhur me k\u00ebt\u00eb \u00e7\u00ebshtje ka\u2026","rel":"","context":"In &quot;Blogu i Udh\u00ebtarit&quot;","block_context":{"text":"Blogu i Udh\u00ebtarit","link":"https:\/\/www.shqiperia.com\/blog\/category\/blogu-i-udhetarit\/"},"img":{"alt_text":"","src":"https:\/\/i0.wp.com\/www.shqiperia.com\/blog\/wp-content\/uploads\/2020\/12\/ambasadorjasuedeze-300x190.jpg?resize=350%2C200&ssl=1","width":350,"height":200},"classes":[]},{"id":39339,"url":"https:\/\/www.shqiperia.com\/blog\/gazetaret-kryqezojne-ramen-ne-konferencen-me-ministren-suedeze-rama-ligji-antishpifje-do-kaloje-jam-krenar\/","url_meta":{"origin":54548,"position":1},"title":"Gazetar\u00ebt \u201ckryq\u00ebzojn\u00eb\u201d Ram\u00ebn n\u00eb konferenc\u00ebn me ministren suedeze. Rama: &#8211; Ligji antishpifje do kaloj\u00eb, jam krenar!","author":"Kurt Farka","date":"October 7, 2020","format":false,"excerpt":"Gazetar\u00ebt \u201ckryq\u00ebzojn\u00eb\u201d Ram\u00ebn n\u00eb konferenc\u00ebn me ministren suedeze. Rama: - Ligji antishpifje do kaloj\u00eb, jam krenar! 07\/10\/2020 Kryeministri Edi Rama nuk heq dor\u00eb nga i ashtuquajturi Ligji \u201cAntishpifje\u201d N\u00eb konferenc\u00ebn e p\u00ebrbashk\u00ebt p\u00ebr gazetar\u00ebt me ministren e Pun\u00ebve t\u00eb Jashtme t\u00eb Suedis\u00eb, Ann Linde, kryeministri Edi Rama b\u00ebri t\u00eb ditur\u2026","rel":"","context":"In &quot;Blogu i Udh\u00ebtarit&quot;","block_context":{"text":"Blogu i Udh\u00ebtarit","link":"https:\/\/www.shqiperia.com\/blog\/category\/blogu-i-udhetarit\/"},"img":{"alt_text":"","src":"https:\/\/i0.wp.com\/www.shqiperia.com\/blog\/wp-content\/uploads\/2020\/10\/Edi-Rama-2.jpg?fit=480%2C264&ssl=1&resize=350%2C200","width":350,"height":200},"classes":[]},{"id":57828,"url":"https:\/\/www.shqiperia.com\/blog\/paralajmerimi-i-rusise-arme-berthamore-nese-finlanda-dhe-suedia-lejojne-bazat-ushtarake-pas-anetaresimit-ne-nato\/","url_meta":{"origin":54548,"position":2},"title":"Paralajm\u00ebrimi i Rusis\u00eb: Arm\u00eb b\u00ebrthamore n\u00ebse Finlanda dhe Suedia lejojn\u00eb bazat ushtarake pas an\u00ebtar\u00ebsimit n\u00eb NATO","author":"Kurt Farka","date":"May 16, 2022","format":false,"excerpt":"16 Maji 2022\u00a0 Televizioni shtet\u00ebror rus ka deklaruar se Moska mund t\u00eb vendos\u00eb arm\u00eb b\u00ebrthamore taktike n\u00eb kufijt\u00eb e saj evropian\u00eb, n\u00ebse Finlanda dhe Suedia lejojn\u00eb bazat ushtarake n\u00eb territorin e tyre pas an\u00ebtar\u00ebsimit n\u00eb NATO. Social Demokrat\u00ebt e Suedis\u00eb than\u00eb dje se kishin hequr dor\u00eb nga kund\u00ebrshtimi i tyre\u2026","rel":"","context":"In &quot;Blogu i Udh\u00ebtarit&quot;","block_context":{"text":"Blogu i Udh\u00ebtarit","link":"https:\/\/www.shqiperia.com\/blog\/category\/blogu-i-udhetarit\/"},"img":{"alt_text":"","src":"https:\/\/i0.wp.com\/www.shqiperia.com\/blog\/wp-content\/uploads\/2022\/05\/4444-1-770x408-1-e1652699598769-905x450-1.jpg?fit=905%2C450&ssl=1&resize=350%2C200","width":350,"height":200,"srcset":"https:\/\/i0.wp.com\/www.shqiperia.com\/blog\/wp-content\/uploads\/2022\/05\/4444-1-770x408-1-e1652699598769-905x450-1.jpg?fit=905%2C450&ssl=1&resize=350%2C200 1x, https:\/\/i0.wp.com\/www.shqiperia.com\/blog\/wp-content\/uploads\/2022\/05\/4444-1-770x408-1-e1652699598769-905x450-1.jpg?fit=905%2C450&ssl=1&resize=525%2C300 1.5x, https:\/\/i0.wp.com\/www.shqiperia.com\/blog\/wp-content\/uploads\/2022\/05\/4444-1-770x408-1-e1652699598769-905x450-1.jpg?fit=905%2C450&ssl=1&resize=700%2C400 2x"},"classes":[]},{"id":56142,"url":"https:\/\/www.shqiperia.com\/blog\/avione-ruse-me-arme-atomike-shkelin-hapesiren-ajrore-ky-shtet-evropian-sapo-ngriti-alarmin\/","url_meta":{"origin":54548,"position":3},"title":"Avion\u00eb rus\u00eb me arm\u00eb atomike shkelin hap\u00ebsir\u00ebn ajrore.  &#8211; Ky shtet evropian sapo ngriti alarmin","author":"Kurt Farka","date":"March 31, 2022","format":false,"excerpt":"Avion\u00eb rus\u00eb me arm\u00eb atomike shkelin hap\u00ebsir\u00ebn ajrore. - Ky shtet evropian sapo ngriti alarmin 31 MARS 2022 Dy avion\u00ebt rus\u00eb q\u00eb shkel\u00ebn hap\u00ebsir\u00ebn ajrore suedeze n\u00eb fillim t\u00eb k\u00ebtij muaji ishin t\u00eb pajisur me arm\u00eb b\u00ebrthamore. Fluturimi i tyre pran\u00eb ishullit Gotland m\u00eb 2 mars, po cil\u00ebsohet si nj\u00eb\u2026","rel":"","context":"In &quot;Blogu i Udh\u00ebtarit&quot;","block_context":{"text":"Blogu i Udh\u00ebtarit","link":"https:\/\/www.shqiperia.com\/blog\/category\/blogu-i-udhetarit\/"},"img":{"alt_text":"","src":"https:\/\/i0.wp.com\/www.shqiperia.com\/blog\/wp-content\/uploads\/2022\/03\/800-0-624599dfd80ea.jpg?fit=800%2C421&ssl=1&resize=350%2C200","width":350,"height":200,"srcset":"https:\/\/i0.wp.com\/www.shqiperia.com\/blog\/wp-content\/uploads\/2022\/03\/800-0-624599dfd80ea.jpg?fit=800%2C421&ssl=1&resize=350%2C200 1x, https:\/\/i0.wp.com\/www.shqiperia.com\/blog\/wp-content\/uploads\/2022\/03\/800-0-624599dfd80ea.jpg?fit=800%2C421&ssl=1&resize=525%2C300 1.5x, https:\/\/i0.wp.com\/www.shqiperia.com\/blog\/wp-content\/uploads\/2022\/03\/800-0-624599dfd80ea.jpg?fit=800%2C421&ssl=1&resize=700%2C400 2x"},"classes":[]},{"id":45355,"url":"https:\/\/www.shqiperia.com\/blog\/flet-mjeku-sali-berisha-te-pezullohet-menjehere-kerkese-urgjente-edi-rames\/","url_meta":{"origin":54548,"position":4},"title":"Flet mjeku Sali Berisha:- \u201cT\u00eb pezullohet menj\u00ebher\u00eb\u201d. K\u00ebrkes\u00eb urgjente Edi Ram\u00ebs","author":"Kurt Farka","date":"March 16, 2021","format":false,"excerpt":"Flet mjeku Sali Berisha:- \u201cT\u00eb pezullohet menj\u00ebher\u00eb\u201d. K\u00ebrkes\u00eb urgjente Edi Ram\u00ebs 16 MARS 2021 Ish-kryeministri Sali Berisha teksa citon mediat europiane t\u00eb cilat shkruajn\u00eb se vaksina AstraZeneca \u00ebsht\u00eb pezulluar n\u00eb Europ\u00eb sepse shkakton mpiksje gjaku, ka k\u00ebrkuar q\u00eb edhe Shqip\u00ebria t\u00eb b\u00ebj\u00eb t\u00eb nj\u00ebjt\u00ebn gj\u00eb. Postimi i Berish\u00ebs Pezullohet perdorimi\u2026","rel":"","context":"In &quot;Blogu i Udh\u00ebtarit&quot;","block_context":{"text":"Blogu i Udh\u00ebtarit","link":"https:\/\/www.shqiperia.com\/blog\/category\/blogu-i-udhetarit\/"},"img":{"alt_text":"","src":"https:\/\/i0.wp.com\/www.shqiperia.com\/blog\/wp-content\/uploads\/2021\/03\/sali-berisha-1.jpg?fit=960%2C617&ssl=1&resize=350%2C200","width":350,"height":200,"srcset":"https:\/\/i0.wp.com\/www.shqiperia.com\/blog\/wp-content\/uploads\/2021\/03\/sali-berisha-1.jpg?fit=960%2C617&ssl=1&resize=350%2C200 1x, https:\/\/i0.wp.com\/www.shqiperia.com\/blog\/wp-content\/uploads\/2021\/03\/sali-berisha-1.jpg?fit=960%2C617&ssl=1&resize=525%2C300 1.5x, https:\/\/i0.wp.com\/www.shqiperia.com\/blog\/wp-content\/uploads\/2021\/03\/sali-berisha-1.jpg?fit=960%2C617&ssl=1&resize=700%2C400 2x"},"classes":[]},{"id":56955,"url":"https:\/\/www.shqiperia.com\/blog\/pershkallezohen-tensionet-rusia-paralajmeron-suedine-dhe-finlanden\/","url_meta":{"origin":54548,"position":5},"title":"P\u00ebrshkall\u00ebzohen tensionet. &#8211; Rusia paralajm\u00ebron Suedin\u00eb dhe Finland\u00ebn","author":"Kurt Farka","date":"April 20, 2022","format":false,"excerpt":"P\u00ebrshkall\u00ebzohen tensionet. - Rusia paralajm\u00ebron Suedin\u00eb dhe Finland\u00ebn 20 PRILL 2022 Rusia ka paralajm\u00ebruar Suedin\u00eb dhe Finland\u00ebn p\u00ebrmes kanaleve diplomatike dypal\u00ebshe p\u00ebr pasojat e an\u00ebtar\u00ebsimit n\u00eb NATO. Lajmi u b\u00eb i ditur nga z\u00ebdh\u00ebn\u00ebsja e Ministris\u00eb s\u00eb Jashtme Maria Zakharova. \u201cNe kemi l\u00ebshuar t\u00eb gjitha paralajm\u00ebrimet tona si publikisht ashtu\u2026","rel":"","context":"In &quot;Blogu i Udh\u00ebtarit&quot;","block_context":{"text":"Blogu i Udh\u00ebtarit","link":"https:\/\/www.shqiperia.com\/blog\/category\/blogu-i-udhetarit\/"},"img":{"alt_text":"","src":"https:\/\/i0.wp.com\/www.shqiperia.com\/blog\/wp-content\/uploads\/2022\/04\/zedhenesja-e-Ministrise-se-Jashtme-Maria-Zakharova..jpg?fit=800%2C446&ssl=1&resize=350%2C200","width":350,"height":200,"srcset":"https:\/\/i0.wp.com\/www.shqiperia.com\/blog\/wp-content\/uploads\/2022\/04\/zedhenesja-e-Ministrise-se-Jashtme-Maria-Zakharova..jpg?fit=800%2C446&ssl=1&resize=350%2C200 1x, https:\/\/i0.wp.com\/www.shqiperia.com\/blog\/wp-content\/uploads\/2022\/04\/zedhenesja-e-Ministrise-se-Jashtme-Maria-Zakharova..jpg?fit=800%2C446&ssl=1&resize=525%2C300 1.5x, https:\/\/i0.wp.com\/www.shqiperia.com\/blog\/wp-content\/uploads\/2022\/04\/zedhenesja-e-Ministrise-se-Jashtme-Maria-Zakharova..jpg?fit=800%2C446&ssl=1&resize=700%2C400 2x"},"classes":[]}],"_links":{"self":[{"href":"https:\/\/www.shqiperia.com\/blog\/wp-json\/wp\/v2\/posts\/54548","targetHints":{"allow":["GET"]}}],"collection":[{"href":"https:\/\/www.shqiperia.com\/blog\/wp-json\/wp\/v2\/posts"}],"about":[{"href":"https:\/\/www.shqiperia.com\/blog\/wp-json\/wp\/v2\/types\/post"}],"author":[{"embeddable":true,"href":"https:\/\/www.shqiperia.com\/blog\/wp-json\/wp\/v2\/users\/9"}],"replies":[{"embeddable":true,"href":"https:\/\/www.shqiperia.com\/blog\/wp-json\/wp\/v2\/comments?post=54548"}],"version-history":[{"count":1,"href":"https:\/\/www.shqiperia.com\/blog\/wp-json\/wp\/v2\/posts\/54548\/revisions"}],"predecessor-version":[{"id":54550,"href":"https:\/\/www.shqiperia.com\/blog\/wp-json\/wp\/v2\/posts\/54548\/revisions\/54550"}],"wp:featuredmedia":[{"embeddable":true,"href":"https:\/\/www.shqiperia.com\/blog\/wp-json\/wp\/v2\/media\/54549"}],"wp:attachment":[{"href":"https:\/\/www.shqiperia.com\/blog\/wp-json\/wp\/v2\/media?parent=54548"}],"wp:term":[{"taxonomy":"category","embeddable":true,"href":"https:\/\/www.shqiperia.com\/blog\/wp-json\/wp\/v2\/categories?post=54548"},{"taxonomy":"post_tag","embeddable":true,"href":"https:\/\/www.shqiperia.com\/blog\/wp-json\/wp\/v2\/tags?post=54548"}],"curies":[{"name":"wp","href":"https:\/\/api.w.org\/{rel}","templated":true}]}}