{"id":54545,"date":"2022-02-25T20:26:20","date_gmt":"2022-02-25T20:26:20","guid":{"rendered":"https:\/\/www.shqiperia.com\/blog\/?p=54545"},"modified":"2022-02-25T20:26:20","modified_gmt":"2022-02-25T20:26:20","slug":"nje-deshtim-i-politikes-dhe-i-njerezimit-papa-jep-mesazhin-e-tij-kunder-luftes-ne-ukraine-ne-tre-gjuhe-te-ndryshme","status":"publish","type":"post","link":"https:\/\/www.shqiperia.com\/blog\/nje-deshtim-i-politikes-dhe-i-njerezimit-papa-jep-mesazhin-e-tij-kunder-luftes-ne-ukraine-ne-tre-gjuhe-te-ndryshme\/","title":{"rendered":"Nj\u00eb d\u00ebshtim i politik\u00ebs dhe i njer\u00ebzimit. Papa jep mesazhin e tij kund\u00ebr luft\u00ebs n\u00eb Ukrain\u00eb n\u00eb tre gjuh\u00eb t\u00eb ndryshme"},"content":{"rendered":"<div id=\"attachment_54546\" style=\"width: 587px\" class=\"wp-caption alignnone\"><img data-recalc-dims=\"1\" loading=\"lazy\" decoding=\"async\" aria-describedby=\"caption-attachment-54546\" data-attachment-id=\"54546\" data-permalink=\"https:\/\/www.shqiperia.com\/blog\/nje-deshtim-i-politikes-dhe-i-njerezimit-papa-jep-mesazhin-e-tij-kunder-luftes-ne-ukraine-ne-tre-gjuhe-te-ndryshme\/800-0-621939a087cfc\/\" data-orig-file=\"https:\/\/i0.wp.com\/www.shqiperia.com\/blog\/wp-content\/uploads\/2022\/02\/800-0-621939a087cfc.jpg?fit=745%2C448&amp;ssl=1\" data-orig-size=\"745,448\" data-comments-opened=\"1\" data-image-meta=\"{&quot;aperture&quot;:&quot;0&quot;,&quot;credit&quot;:&quot;&quot;,&quot;camera&quot;:&quot;&quot;,&quot;caption&quot;:&quot;&quot;,&quot;created_timestamp&quot;:&quot;0&quot;,&quot;copyright&quot;:&quot;&quot;,&quot;focal_length&quot;:&quot;0&quot;,&quot;iso&quot;:&quot;0&quot;,&quot;shutter_speed&quot;:&quot;0&quot;,&quot;title&quot;:&quot;&quot;,&quot;orientation&quot;:&quot;0&quot;}\" data-image-title=\"Papa Francesku\" data-image-description=\"\" data-image-caption=\"&lt;p&gt;Papa Francesku&lt;\/p&gt;\n\" data-medium-file=\"https:\/\/i0.wp.com\/www.shqiperia.com\/blog\/wp-content\/uploads\/2022\/02\/800-0-621939a087cfc.jpg?fit=300%2C180&amp;ssl=1\" data-large-file=\"https:\/\/i0.wp.com\/www.shqiperia.com\/blog\/wp-content\/uploads\/2022\/02\/800-0-621939a087cfc.jpg?fit=745%2C448&amp;ssl=1\" class=\" wp-image-54546\" alt=\"\" src=\"https:\/\/i0.wp.com\/www.shqiperia.com\/blog\/wp-content\/uploads\/2022\/02\/800-0-621939a087cfc.jpg?resize=577%2C346&#038;ssl=1\" width=\"577\" height=\"346\" srcset=\"https:\/\/i0.wp.com\/www.shqiperia.com\/blog\/wp-content\/uploads\/2022\/02\/800-0-621939a087cfc.jpg?resize=300%2C180&amp;ssl=1 300w, https:\/\/i0.wp.com\/www.shqiperia.com\/blog\/wp-content\/uploads\/2022\/02\/800-0-621939a087cfc.jpg?resize=450%2C271&amp;ssl=1 450w, https:\/\/i0.wp.com\/www.shqiperia.com\/blog\/wp-content\/uploads\/2022\/02\/800-0-621939a087cfc.jpg?resize=600%2C361&amp;ssl=1 600w, https:\/\/i0.wp.com\/www.shqiperia.com\/blog\/wp-content\/uploads\/2022\/02\/800-0-621939a087cfc.jpg?resize=400%2C241&amp;ssl=1 400w, https:\/\/i0.wp.com\/www.shqiperia.com\/blog\/wp-content\/uploads\/2022\/02\/800-0-621939a087cfc.jpg?w=745&amp;ssl=1 745w\" sizes=\"auto, (max-width: 577px) 100vw, 577px\" \/><p id=\"caption-attachment-54546\" class=\"wp-caption-text\">Papa Francesku<\/p><\/div>\n<p>Nj\u00eb d\u00ebshtim i politik\u00ebs dhe i njer\u00ebzimit. Papa jep mesazhin e tij kund\u00ebr luft\u00ebs n\u00eb Ukrain\u00eb n\u00eb tre gjuh\u00eb t\u00eb ndryshme<\/p>\n<p>25 SHKURT 2022<\/p>\n<p>Papa Fran\u00e7esku ka postuar nj\u00eb mesazh kund\u00ebr luft\u00ebs n\u00eb Ukrain\u00eb n\u00ebp\u00ebrmjet nj\u00eb postimi n\u00eb T\u00ebitter. Papa i \u00ebsht\u00eb drejtuar bot\u00ebs n\u00eb gjuh\u00ebn ukrainase, rusisht dhe anglisht.<\/p>\n<p>Ai shkruan se \u201c\u00e7do luft\u00eb e b\u00ebn bot\u00ebn m\u00eb keq nga se ka qen\u00eb m\u00eb par\u00eb\u201d.<\/p>\n<p>Papa thot\u00eb se lufta \u00ebsht\u00eb d\u00ebshtim i politik\u00ebs dhe njer\u00ebzimit duke e quajtur luft\u00ebn si kapitullin m\u00eb t\u00eb turpsh\u00ebm.<\/p>\n<p>\u201cLufta \u00ebsht\u00eb nj\u00eb d\u00ebshtim i politik\u00ebs dhe njer\u00ebzimit. \u00cbsht\u00eb kapitulli m\u00eb i turpsh\u00ebm i nj\u00eb disfat\u00eb ther\u00ebse para fuqis\u00eb e t\u00eb s\u00eb keqes\u201d, shkruhet n\u00eb postimin e Pap\u00ebs n\u00eb T\u00ebitter.<\/p>\n<p>Gazeta Sot<\/p>\n","protected":false},"excerpt":{"rendered":"<p>Nj\u00eb d\u00ebshtim i politik\u00ebs dhe i njer\u00ebzimit. Papa jep mesazhin e tij kund\u00ebr luft\u00ebs n\u00eb Ukrain\u00eb n\u00eb tre gjuh\u00eb t\u00eb ndryshme 25 SHKURT 2022 Papa Fran\u00e7esku ka postuar nj\u00eb mesazh kund\u00ebr luft\u00ebs n\u00eb Ukrain\u00eb n\u00ebp\u00ebrmjet nj\u00eb postimi n\u00eb T\u00ebitter. Papa i \u00ebsht\u00eb drejtuar bot\u00ebs n\u00eb gjuh\u00ebn ukrainase, rusisht dhe anglisht. Ai shkruan se \u201c\u00e7do luft\u00eb [&hellip;]<\/p>\n","protected":false},"author":9,"featured_media":54546,"comment_status":"open","ping_status":"open","sticky":false,"template":"","format":"standard","meta":{"jetpack_post_was_ever_published":false,"_jetpack_newsletter_access":"","_jetpack_dont_email_post_to_subs":false,"_jetpack_newsletter_tier_id":0,"_jetpack_memberships_contains_paywalled_content":false,"_jetpack_memberships_contains_paid_content":false,"footnotes":"","jetpack_publicize_message":"","jetpack_publicize_feature_enabled":true,"jetpack_social_post_already_shared":true,"jetpack_social_options":{"image_generator_settings":{"template":"highway","default_image_id":0,"font":"","enabled":false},"version":2}},"categories":[27,1,35],"tags":[],"class_list":["post-54545","post","type-post","status-publish","format-standard","has-post-thumbnail","hentry","category-blogu-i-udhetarit","category-njoftime-shtypi","category-shoqerore"],"jetpack_publicize_connections":[],"jetpack_featured_media_url":"https:\/\/i0.wp.com\/www.shqiperia.com\/blog\/wp-content\/uploads\/2022\/02\/800-0-621939a087cfc.jpg?fit=745%2C448&ssl=1","jetpack_sharing_enabled":true,"jetpack_shortlink":"https:\/\/wp.me\/p5Z6wp-ebL","jetpack-related-posts":[{"id":59071,"url":"https:\/\/www.shqiperia.com\/blog\/interviste-e-papa-francesku-ai-denoi-egersine-dhe-mizorine-e-trupave-ruse\/","url_meta":{"origin":54545,"position":0},"title":"Intervist\u00eb e Papa Fran\u00e7esku, Ai d\u00ebnoi \u201ceg\u00ebrsin\u00eb dhe mizorin\u00eb e trupave ruse\u201d","author":"Kurt Farka","date":"June 14, 2022","format":false,"excerpt":"14 Qershor 2022 Papa Fran\u00e7esku ka deklaruar se pushtimi i Ukrain\u00ebs nga Rusia \u2018ndoshta ka qen\u00eb i provokuar\u2019 teksa iu referua nj\u00eb bisede n\u00eb prag t\u00eb luft\u00ebs, n\u00eb t\u00eb cil\u00ebn u paralajm\u00ebrua se NATO kishte arritur n\u00eb dyert e Mosk\u00ebs.\u00a0 N\u00eb nj\u00eb intervist\u00eb p\u00ebr revist\u00ebn jezuite La Civilt\u00e0 Cattolica, t\u00eb\u2026","rel":"","context":"In &quot;Blogu i Udh\u00ebtarit&quot;","block_context":{"text":"Blogu i Udh\u00ebtarit","link":"https:\/\/www.shqiperia.com\/blog\/category\/blogu-i-udhetarit\/"},"img":{"alt_text":"","src":"https:\/\/i0.wp.com\/www.shqiperia.com\/blog\/wp-content\/uploads\/2022\/06\/Papa-Francesku.jpg?fit=500%2C297&ssl=1&resize=350%2C200","width":350,"height":200},"classes":[]},{"id":57105,"url":"https:\/\/www.shqiperia.com\/blog\/papa-francesku-i-ashper-me-rusine-anulon-takimin-me-patriarkun-ortodoks-rus\/","url_meta":{"origin":54545,"position":1},"title":"Papa Fran\u00e7esku i ashp\u00ebr me Rusin\u00eb, anulon takimin me patriarkun ortodoks rus","author":"Kurt Farka","date":"April 23, 2022","format":false,"excerpt":"Papa Fran\u00e7esku i ashp\u00ebr me Rusin\u00eb, anulon takimin me patriarkun ortodoks rus 22 PRILL 2022 Papa Fran\u00e7esku ka th\u00ebn\u00eb se ka hequr dor\u00eb nga planet p\u00ebr t\u2019u takuar n\u00eb qershor me Patriarkun Ortodoks rus Kirill, nj\u00eb aleat i presidentit rus Vladimir Putin i cili ka mb\u00ebshtetur luft\u00ebn e Mosk\u00ebs n\u00eb\u2026","rel":"","context":"In &quot;Blogu i Udh\u00ebtarit&quot;","block_context":{"text":"Blogu i Udh\u00ebtarit","link":"https:\/\/www.shqiperia.com\/blog\/category\/blogu-i-udhetarit\/"},"img":{"alt_text":"","src":"https:\/\/i0.wp.com\/www.shqiperia.com\/blog\/wp-content\/uploads\/2022\/04\/800-0-62630cc386aa9.jpg?fit=800%2C402&ssl=1&resize=350%2C200","width":350,"height":200,"srcset":"https:\/\/i0.wp.com\/www.shqiperia.com\/blog\/wp-content\/uploads\/2022\/04\/800-0-62630cc386aa9.jpg?fit=800%2C402&ssl=1&resize=350%2C200 1x, https:\/\/i0.wp.com\/www.shqiperia.com\/blog\/wp-content\/uploads\/2022\/04\/800-0-62630cc386aa9.jpg?fit=800%2C402&ssl=1&resize=525%2C300 1.5x, https:\/\/i0.wp.com\/www.shqiperia.com\/blog\/wp-content\/uploads\/2022\/04\/800-0-62630cc386aa9.jpg?fit=800%2C402&ssl=1&resize=700%2C400 2x"},"classes":[]},{"id":57554,"url":"https:\/\/www.shqiperia.com\/blog\/papa-franceskut-i-soset-durimi-zbulon-hapin-e-radhes-per-te-ndihmuar-ukrainen\/","url_meta":{"origin":54545,"position":2},"title":"Papa Fran\u00e7eskut i soset durimi, zbulon hapin e radh\u00ebs p\u00ebr t\u00eb ndihmuar Ukrain\u00ebn","author":"Kurt Farka","date":"May 4, 2022","format":false,"excerpt":"Papa Fran\u00e7eskut i soset durimi, zbulon hapin e radh\u00ebs p\u00ebr t\u00eb ndihmuar Ukrain\u00ebn 3 MAJ 2022 Papa Fran\u00e7esku ka deklaruar dit\u00ebn e sotme teksa b\u00ebnte nj\u00eb vler\u00ebsim t\u00eb p\u00ebrpjekjeve t\u00eb Vatikanit p\u00ebr t\u00eb ndalur konfliktin n\u00eb Ukrain\u00eb. \u201cP\u00ebr momentin nuk do t\u00eb shkoj n\u00eb Kiev. Un\u00eb d\u00ebrgova kardinalin Michael Czerny\u2026","rel":"","context":"In &quot;Blogu i Udh\u00ebtarit&quot;","block_context":{"text":"Blogu i Udh\u00ebtarit","link":"https:\/\/www.shqiperia.com\/blog\/category\/blogu-i-udhetarit\/"},"img":{"alt_text":"","src":"https:\/\/i0.wp.com\/www.shqiperia.com\/blog\/wp-content\/uploads\/2022\/05\/800-0-627178a26026b.jpg?fit=800%2C426&ssl=1&resize=350%2C200","width":350,"height":200,"srcset":"https:\/\/i0.wp.com\/www.shqiperia.com\/blog\/wp-content\/uploads\/2022\/05\/800-0-627178a26026b.jpg?fit=800%2C426&ssl=1&resize=350%2C200 1x, https:\/\/i0.wp.com\/www.shqiperia.com\/blog\/wp-content\/uploads\/2022\/05\/800-0-627178a26026b.jpg?fit=800%2C426&ssl=1&resize=525%2C300 1.5x, https:\/\/i0.wp.com\/www.shqiperia.com\/blog\/wp-content\/uploads\/2022\/05\/800-0-627178a26026b.jpg?fit=800%2C426&ssl=1&resize=700%2C400 2x"},"classes":[]},{"id":57129,"url":"https:\/\/www.shqiperia.com\/blog\/pashket-ortodokse-papa-francesku-ben-serish-thirrje-te-ndalet-perfundimisht-lufta-ne-ukraine\/","url_meta":{"origin":54545,"position":3},"title":"Pashk\u00ebt Ortodokse. \u00a0Papa Fran\u00e7esku b\u00ebn s\u00ebrish thirrje: &#8211; T\u00eb ndalet p\u00ebrfundimisht lufta n\u00eb Ukrain\u00eb","author":"Kurt Farka","date":"April 24, 2022","format":false,"excerpt":"Pashk\u00ebt Ortodokse. \u00a0Papa Fran\u00e7esku b\u00ebn s\u00ebrish thirrje: - T\u00eb ndalet p\u00ebrfundimisht lufta n\u00eb Ukrain\u00eb 24 Prill 2022 Papa Fran\u00e7esku ka shfryt\u00ebzuar fundjav\u00ebn e Pashk\u00ebve Ortodokse duke b\u00ebr\u00eb thirrke p\u00ebr arm\u00ebpushim t\u00eb luft\u00ebs n\u00eb Ukrain\u00eb \u201cq\u00eb t\u00eb leht\u00ebsohen vuajtjet e njer\u00ebzve t\u00eb rraskapitur\u201d. Teksa flamuri i Ukrain\u00ebs fluturoi mes besimtar\u00ebve t\u00eb\u2026","rel":"","context":"In &quot;Blogu i Udh\u00ebtarit&quot;","block_context":{"text":"Blogu i Udh\u00ebtarit","link":"https:\/\/www.shqiperia.com\/blog\/category\/blogu-i-udhetarit\/"},"img":{"alt_text":"","src":"https:\/\/i0.wp.com\/www.shqiperia.com\/blog\/wp-content\/uploads\/2022\/04\/Pashket-Ortodokse.-Papa-Francesku-ben-serish-thirrje-Te-ndalet-perfundimisht-lufta-ne-Ukraine.png?fit=500%2C252&ssl=1&resize=350%2C200","width":350,"height":200},"classes":[]},{"id":66240,"url":"https:\/\/www.shqiperia.com\/blog\/nga-lufta-e-trete-boterore-deri-ne-ardhjen-e-antikrishtit-profecite-e-nostradamusit-per-vitin-2023\/","url_meta":{"origin":54545,"position":4},"title":"Nga Lufta e Tret\u00eb Bot\u00ebrore deri n\u00eb ardhjen e Antikrishtit. &#8211; Profecit\u00eb e Nostradamusit p\u00ebr vitin 2023","author":"Kurt Farka","date":"January 13, 2023","format":false,"excerpt":"13 Janar 2023 Parashikime t\u00eb k\u00ebqija p\u00ebr vitin 2023, sipas parashikimeve t\u00eb Nostradamusit, mjekut-farmacist t\u00eb famsh\u00ebm q\u00eb jetoi n\u00eb Franc\u00eb n\u00eb shekullin e 16-t\u00eb dhe la shkrimet e tij duke b\u00ebr\u00eb parashikime t\u00eb zymta p\u00ebr t\u00eb ardhmen\u2026 deri n\u00eb vitin 3797! Pothuajse t\u00eb gjitha parashikimet e tij kan\u00eb t\u00eb b\u00ebjn\u00eb\u2026","rel":"","context":"In &quot;Blogu i Udh\u00ebtarit&quot;","block_context":{"text":"Blogu i Udh\u00ebtarit","link":"https:\/\/www.shqiperia.com\/blog\/category\/blogu-i-udhetarit\/"},"img":{"alt_text":"","src":"https:\/\/i0.wp.com\/www.shqiperia.com\/blog\/wp-content\/uploads\/2023\/01\/dfhfdf-1024x575-1.jpg?fit=1024%2C575&ssl=1&resize=350%2C200","width":350,"height":200,"srcset":"https:\/\/i0.wp.com\/www.shqiperia.com\/blog\/wp-content\/uploads\/2023\/01\/dfhfdf-1024x575-1.jpg?fit=1024%2C575&ssl=1&resize=350%2C200 1x, https:\/\/i0.wp.com\/www.shqiperia.com\/blog\/wp-content\/uploads\/2023\/01\/dfhfdf-1024x575-1.jpg?fit=1024%2C575&ssl=1&resize=525%2C300 1.5x, https:\/\/i0.wp.com\/www.shqiperia.com\/blog\/wp-content\/uploads\/2023\/01\/dfhfdf-1024x575-1.jpg?fit=1024%2C575&ssl=1&resize=700%2C400 2x"},"classes":[]},{"id":84097,"url":"https:\/\/www.shqiperia.com\/blog\/papa-francesku-fjalim-ne-nje-xhami-dhe-ben-thirrje-qe-te-mos-perdoret-feja-per-nxitje-konflikti\/","url_meta":{"origin":54545,"position":5},"title":"Papa Francesku fjalim n\u00eb nj\u00eb xhami dhe b\u00ebn thirrje q\u00eb: &#8211; T\u00eb mos p\u00ebrdoret feja p\u00ebr nxitje konflikti","author":"Kurt Farka","date":"September 5, 2024","format":false,"excerpt":"5 Shtator 2024 Papa Fran\u00e7esku paralajm\u00ebroi kund\u00ebr p\u00ebrdorimit t\u00eb fes\u00eb p\u00ebr t\u00eb nxitur konflikte. Ky apel u b\u00eb n\u00eb kuad\u00ebr t\u00eb nj\u00eb deklarate q\u00eb ai n\u00ebnshkroi me imamin e madh t\u00eb Indonezis\u00eb, para mbajtjes s\u00eb nj\u00eb meshe n\u00eb Xhakart\u00eb. N\u00ebnshkrimi i deklarat\u00ebs n\u00eb xhamin\u00eb Istiqlal, ishte nj\u00eb prej hapave t\u00eb\u2026","rel":"","context":"In &quot;Kultura&quot;","block_context":{"text":"Kultura","link":"https:\/\/www.shqiperia.com\/blog\/category\/kultura\/"},"img":{"alt_text":"","src":"https:\/\/i0.wp.com\/www.shqiperia.com\/blog\/wp-content\/uploads\/2024\/09\/640-0-7f6f827aa8675c9fb80aec7740b59f1b.jpg?fit=640%2C333&ssl=1&resize=350%2C200","width":350,"height":200,"srcset":"https:\/\/i0.wp.com\/www.shqiperia.com\/blog\/wp-content\/uploads\/2024\/09\/640-0-7f6f827aa8675c9fb80aec7740b59f1b.jpg?fit=640%2C333&ssl=1&resize=350%2C200 1x, https:\/\/i0.wp.com\/www.shqiperia.com\/blog\/wp-content\/uploads\/2024\/09\/640-0-7f6f827aa8675c9fb80aec7740b59f1b.jpg?fit=640%2C333&ssl=1&resize=525%2C300 1.5x"},"classes":[]}],"_links":{"self":[{"href":"https:\/\/www.shqiperia.com\/blog\/wp-json\/wp\/v2\/posts\/54545","targetHints":{"allow":["GET"]}}],"collection":[{"href":"https:\/\/www.shqiperia.com\/blog\/wp-json\/wp\/v2\/posts"}],"about":[{"href":"https:\/\/www.shqiperia.com\/blog\/wp-json\/wp\/v2\/types\/post"}],"author":[{"embeddable":true,"href":"https:\/\/www.shqiperia.com\/blog\/wp-json\/wp\/v2\/users\/9"}],"replies":[{"embeddable":true,"href":"https:\/\/www.shqiperia.com\/blog\/wp-json\/wp\/v2\/comments?post=54545"}],"version-history":[{"count":1,"href":"https:\/\/www.shqiperia.com\/blog\/wp-json\/wp\/v2\/posts\/54545\/revisions"}],"predecessor-version":[{"id":54547,"href":"https:\/\/www.shqiperia.com\/blog\/wp-json\/wp\/v2\/posts\/54545\/revisions\/54547"}],"wp:featuredmedia":[{"embeddable":true,"href":"https:\/\/www.shqiperia.com\/blog\/wp-json\/wp\/v2\/media\/54546"}],"wp:attachment":[{"href":"https:\/\/www.shqiperia.com\/blog\/wp-json\/wp\/v2\/media?parent=54545"}],"wp:term":[{"taxonomy":"category","embeddable":true,"href":"https:\/\/www.shqiperia.com\/blog\/wp-json\/wp\/v2\/categories?post=54545"},{"taxonomy":"post_tag","embeddable":true,"href":"https:\/\/www.shqiperia.com\/blog\/wp-json\/wp\/v2\/tags?post=54545"}],"curies":[{"name":"wp","href":"https:\/\/api.w.org\/{rel}","templated":true}]}}