{"id":54541,"date":"2022-02-25T17:24:51","date_gmt":"2022-02-25T17:24:51","guid":{"rendered":"https:\/\/www.shqiperia.com\/blog\/?p=54541"},"modified":"2022-02-25T17:24:51","modified_gmt":"2022-02-25T17:24:51","slug":"kendi-i-fotografise-vitali-klickov-kryetari-i-bashkise-se-kievit-ne-lufte","status":"publish","type":"post","link":"https:\/\/www.shqiperia.com\/blog\/kendi-i-fotografise-vitali-klickov-kryetari-i-bashkise-se-kievit-ne-lufte\/","title":{"rendered":"Kendi i Fotografise: Vitali Klickov, kryetari i Bashkis\u00eb s\u00eb Kievit ne lufte.\u00a0"},"content":{"rendered":"<div id=\"attachment_54542\" style=\"width: 596px\" class=\"wp-caption alignnone\"><img data-recalc-dims=\"1\" loading=\"lazy\" decoding=\"async\" aria-describedby=\"caption-attachment-54542\" data-attachment-id=\"54542\" data-permalink=\"https:\/\/www.shqiperia.com\/blog\/kendi-i-fotografise-vitali-klickov-kryetari-i-bashkise-se-kievit-ne-lufte\/vitali-klickov-kryetari-i-bashkise-se-kievit-ne-lufte-2\/\" data-orig-file=\"https:\/\/i0.wp.com\/www.shqiperia.com\/blog\/wp-content\/uploads\/2022\/02\/Vitali-Klickov-kryetari-i-Bashkise-se-Kievit-ne-lufte.-2.jpg?fit=1068%2C624&amp;ssl=1\" data-orig-size=\"1068,624\" data-comments-opened=\"1\" data-image-meta=\"{&quot;aperture&quot;:&quot;0&quot;,&quot;credit&quot;:&quot;&quot;,&quot;camera&quot;:&quot;&quot;,&quot;caption&quot;:&quot;&quot;,&quot;created_timestamp&quot;:&quot;0&quot;,&quot;copyright&quot;:&quot;&quot;,&quot;focal_length&quot;:&quot;0&quot;,&quot;iso&quot;:&quot;0&quot;,&quot;shutter_speed&quot;:&quot;0&quot;,&quot;title&quot;:&quot;&quot;,&quot;orientation&quot;:&quot;0&quot;}\" data-image-title=\"Vitali Klickov, kryetari i Bashkis\u00eb s\u00eb Kievit ne lufte.\u00a0 (2)\" data-image-description=\"\" data-image-caption=\"&lt;p&gt;Vitali Klickov, kryetari i Bashkis\u00eb s\u00eb Kievit ne lufte.\u00a0&lt;\/p&gt;\n\" data-medium-file=\"https:\/\/i0.wp.com\/www.shqiperia.com\/blog\/wp-content\/uploads\/2022\/02\/Vitali-Klickov-kryetari-i-Bashkise-se-Kievit-ne-lufte.-2.jpg?fit=300%2C175&amp;ssl=1\" data-large-file=\"https:\/\/i0.wp.com\/www.shqiperia.com\/blog\/wp-content\/uploads\/2022\/02\/Vitali-Klickov-kryetari-i-Bashkise-se-Kievit-ne-lufte.-2.jpg?fit=1024%2C598&amp;ssl=1\" class=\" wp-image-54542\" alt=\"\" src=\"https:\/\/i0.wp.com\/www.shqiperia.com\/blog\/wp-content\/uploads\/2022\/02\/Vitali-Klickov-kryetari-i-Bashkise-se-Kievit-ne-lufte.-2.jpg?resize=586%2C344&#038;ssl=1\" width=\"586\" height=\"344\" srcset=\"https:\/\/i0.wp.com\/www.shqiperia.com\/blog\/wp-content\/uploads\/2022\/02\/Vitali-Klickov-kryetari-i-Bashkise-se-Kievit-ne-lufte.-2.jpg?resize=300%2C175&amp;ssl=1 300w, https:\/\/i0.wp.com\/www.shqiperia.com\/blog\/wp-content\/uploads\/2022\/02\/Vitali-Klickov-kryetari-i-Bashkise-se-Kievit-ne-lufte.-2.jpg?resize=768%2C449&amp;ssl=1 768w, https:\/\/i0.wp.com\/www.shqiperia.com\/blog\/wp-content\/uploads\/2022\/02\/Vitali-Klickov-kryetari-i-Bashkise-se-Kievit-ne-lufte.-2.jpg?resize=450%2C263&amp;ssl=1 450w, https:\/\/i0.wp.com\/www.shqiperia.com\/blog\/wp-content\/uploads\/2022\/02\/Vitali-Klickov-kryetari-i-Bashkise-se-Kievit-ne-lufte.-2.jpg?resize=600%2C351&amp;ssl=1 600w, https:\/\/i0.wp.com\/www.shqiperia.com\/blog\/wp-content\/uploads\/2022\/02\/Vitali-Klickov-kryetari-i-Bashkise-se-Kievit-ne-lufte.-2.jpg?resize=400%2C234&amp;ssl=1 400w\" sizes=\"auto, (max-width: 586px) 100vw, 586px\" \/><p id=\"caption-attachment-54542\" class=\"wp-caption-text\">Vitali Klickov, kryetari i Bashkis\u00eb s\u00eb Kievit ne lufte.<\/p><\/div>\n<p><span>Personi q\u00eb shihni n\u00eb foto \u00ebsht\u00eb Vitali Klickov, kryetari i Bashkis\u00eb s\u00eb Kievit.\u00a0<\/span><\/p>\n<p><span>B\u00ebhet me dije se Vitali sot ka dal\u00eb t\u00eb mbroj\u00eb atdheun e tij, familjen dhe f\u00ebmij\u00ebt e tij, duke u prir\u00eb forcave mbrojt\u00ebse ukrainase. Duket se bota ka ende burra t\u00eb v\u00ebrtet\u00eb.<\/span><\/p>\n<p><span>Dhe v\u00ebrteton se kjo e sotmja \u00ebsht\u00eb akoma nj\u00eb dit\u00eb e mir\u00eb p\u00ebr njer\u00ebzimin.<\/span><\/p>\n<div id=\"attachment_54543\" style=\"width: 739px\" class=\"wp-caption alignnone\"><img data-recalc-dims=\"1\" loading=\"lazy\" decoding=\"async\" aria-describedby=\"caption-attachment-54543\" data-attachment-id=\"54543\" data-permalink=\"https:\/\/www.shqiperia.com\/blog\/kendi-i-fotografise-vitali-klickov-kryetari-i-bashkise-se-kievit-ne-lufte\/vitali-klickov-kryetari-i-bashkise-se-kievit-ne-lufte\/\" data-orig-file=\"https:\/\/i0.wp.com\/www.shqiperia.com\/blog\/wp-content\/uploads\/2022\/02\/Vitali-Klickov-kryetari-i-Bashkise-se-Kievit-ne-lufte.-.jpg?fit=1068%2C1260&amp;ssl=1\" data-orig-size=\"1068,1260\" data-comments-opened=\"1\" data-image-meta=\"{&quot;aperture&quot;:&quot;0&quot;,&quot;credit&quot;:&quot;&quot;,&quot;camera&quot;:&quot;&quot;,&quot;caption&quot;:&quot;&quot;,&quot;created_timestamp&quot;:&quot;0&quot;,&quot;copyright&quot;:&quot;&quot;,&quot;focal_length&quot;:&quot;0&quot;,&quot;iso&quot;:&quot;0&quot;,&quot;shutter_speed&quot;:&quot;0&quot;,&quot;title&quot;:&quot;&quot;,&quot;orientation&quot;:&quot;0&quot;}\" data-image-title=\"Vitali Klickov, kryetari i Bashkis\u00eb s\u00eb Kievit ne lufte.\u00a0\" data-image-description=\"\" data-image-caption=\"&lt;p&gt;Vitali Klickov, kryetari i Bashkis\u00eb s\u00eb Kievit ne lufte.\u00a0&lt;\/p&gt;\n\" data-medium-file=\"https:\/\/i0.wp.com\/www.shqiperia.com\/blog\/wp-content\/uploads\/2022\/02\/Vitali-Klickov-kryetari-i-Bashkise-se-Kievit-ne-lufte.-.jpg?fit=254%2C300&amp;ssl=1\" data-large-file=\"https:\/\/i0.wp.com\/www.shqiperia.com\/blog\/wp-content\/uploads\/2022\/02\/Vitali-Klickov-kryetari-i-Bashkise-se-Kievit-ne-lufte.-.jpg?fit=868%2C1024&amp;ssl=1\" class=\" wp-image-54543\" alt=\"\" src=\"https:\/\/i0.wp.com\/www.shqiperia.com\/blog\/wp-content\/uploads\/2022\/02\/Vitali-Klickov-kryetari-i-Bashkise-se-Kievit-ne-lufte.-.jpg?resize=729%2C861&#038;ssl=1\" width=\"729\" height=\"861\" srcset=\"https:\/\/i0.wp.com\/www.shqiperia.com\/blog\/wp-content\/uploads\/2022\/02\/Vitali-Klickov-kryetari-i-Bashkise-se-Kievit-ne-lufte.-.jpg?resize=254%2C300&amp;ssl=1 254w, https:\/\/i0.wp.com\/www.shqiperia.com\/blog\/wp-content\/uploads\/2022\/02\/Vitali-Klickov-kryetari-i-Bashkise-se-Kievit-ne-lufte.-.jpg?resize=868%2C1024&amp;ssl=1 868w, https:\/\/i0.wp.com\/www.shqiperia.com\/blog\/wp-content\/uploads\/2022\/02\/Vitali-Klickov-kryetari-i-Bashkise-se-Kievit-ne-lufte.-.jpg?resize=768%2C906&amp;ssl=1 768w, https:\/\/i0.wp.com\/www.shqiperia.com\/blog\/wp-content\/uploads\/2022\/02\/Vitali-Klickov-kryetari-i-Bashkise-se-Kievit-ne-lufte.-.jpg?resize=450%2C531&amp;ssl=1 450w, https:\/\/i0.wp.com\/www.shqiperia.com\/blog\/wp-content\/uploads\/2022\/02\/Vitali-Klickov-kryetari-i-Bashkise-se-Kievit-ne-lufte.-.jpg?resize=600%2C708&amp;ssl=1 600w, https:\/\/i0.wp.com\/www.shqiperia.com\/blog\/wp-content\/uploads\/2022\/02\/Vitali-Klickov-kryetari-i-Bashkise-se-Kievit-ne-lufte.-.jpg?resize=400%2C472&amp;ssl=1 400w, https:\/\/i0.wp.com\/www.shqiperia.com\/blog\/wp-content\/uploads\/2022\/02\/Vitali-Klickov-kryetari-i-Bashkise-se-Kievit-ne-lufte.-.jpg?w=1068&amp;ssl=1 1068w\" sizes=\"auto, (max-width: 729px) 100vw, 729px\" \/><p id=\"caption-attachment-54543\" class=\"wp-caption-text\">Vitali Klickov, kryetari i Bashkis\u00eb s\u00eb Kievit ne lufte.<\/p><\/div>\n<p>Foto e huazuar nga: FB &#8211; Gazeta Shqip<\/p>\n","protected":false},"excerpt":{"rendered":"<p>Personi q\u00eb shihni n\u00eb foto \u00ebsht\u00eb Vitali Klickov, kryetari i Bashkis\u00eb s\u00eb Kievit.\u00a0 B\u00ebhet me dije se Vitali sot ka dal\u00eb t\u00eb mbroj\u00eb atdheun e tij, familjen dhe f\u00ebmij\u00ebt e tij, duke u prir\u00eb forcave mbrojt\u00ebse ukrainase. Duket se bota ka ende burra t\u00eb v\u00ebrtet\u00eb. Dhe v\u00ebrteton se kjo e sotmja \u00ebsht\u00eb akoma nj\u00eb dit\u00eb [&hellip;]<\/p>\n","protected":false},"author":9,"featured_media":54542,"comment_status":"open","ping_status":"open","sticky":false,"template":"","format":"standard","meta":{"jetpack_post_was_ever_published":false,"_jetpack_newsletter_access":"","_jetpack_dont_email_post_to_subs":false,"_jetpack_newsletter_tier_id":0,"_jetpack_memberships_contains_paywalled_content":false,"_jetpack_memberships_contains_paid_content":false,"footnotes":"","jetpack_publicize_message":"","jetpack_publicize_feature_enabled":true,"jetpack_social_post_already_shared":true,"jetpack_social_options":{"image_generator_settings":{"template":"highway","default_image_id":0,"font":"","enabled":false},"version":2}},"categories":[27,10,35],"tags":[],"class_list":["post-54541","post","type-post","status-publish","format-standard","has-post-thumbnail","hentry","category-blogu-i-udhetarit","category-kultura","category-shoqerore"],"jetpack_publicize_connections":[],"jetpack_featured_media_url":"https:\/\/i0.wp.com\/www.shqiperia.com\/blog\/wp-content\/uploads\/2022\/02\/Vitali-Klickov-kryetari-i-Bashkise-se-Kievit-ne-lufte.-2.jpg?fit=1068%2C624&ssl=1","jetpack_sharing_enabled":true,"jetpack_shortlink":"https:\/\/wp.me\/p5Z6wp-ebH","jetpack-related-posts":[{"id":56339,"url":"https:\/\/www.shqiperia.com\/blog\/po-kthehet-ne-nje-sebrenice-te-re-pamje-tragjike-nga-ukraina-njerez-me-duar-te-lidhura-e-te-ekzekutuar-mbushin-rruget-foto9\/","url_meta":{"origin":54541,"position":0},"title":"\u201cPo kthehet n\u00eb nj\u00eb Sebrenic\u00eb t\u00eb re!\u201d\/ Pamje tragjike nga Ukraina: Njer\u00ebz me duar t\u00eb lidhura e t\u00eb ekzekutuar mbushin rrug\u00ebt! (FOTO+9)","author":"Kurt Farka","date":"April 4, 2022","format":false,"excerpt":"\u201cPo kthehet n\u00eb nj\u00eb Sebrenic\u00eb t\u00eb re!\u201d\/ Pamje tragjike nga Ukraina: Njer\u00ebz me duar t\u00eb lidhura e t\u00eb ekzekutuar mbushin rrug\u00ebt! (FOTO+9) - 04.04.22 Trupat ruse t\u00eb akuzuar p\u00ebr masakrimin, torturimin dhe brutalizimin e qindra civil\u00ebve n\u00eb periferi t\u00eb Kievit, mund t\u00eb ken\u00eb kryer mizori edhe m\u00eb t\u00eb k\u00ebqija n\u00eb\u2026","rel":"","context":"In &quot;Blogu i Udh\u00ebtarit&quot;","block_context":{"text":"Blogu i Udh\u00ebtarit","link":"https:\/\/www.shqiperia.com\/blog\/category\/blogu-i-udhetarit\/"},"img":{"alt_text":"","src":"https:\/\/i0.wp.com\/www.shqiperia.com\/blog\/wp-content\/uploads\/2022\/04\/Pamje-cnjerzore-tragjike-nga-Ukraina-Njerez-me-duar-te-lidhura-e-te-ekzekutuar-mbushin-rruget.jpg?fit=714%2C372&ssl=1&resize=350%2C200","width":350,"height":200,"srcset":"https:\/\/i0.wp.com\/www.shqiperia.com\/blog\/wp-content\/uploads\/2022\/04\/Pamje-cnjerzore-tragjike-nga-Ukraina-Njerez-me-duar-te-lidhura-e-te-ekzekutuar-mbushin-rruget.jpg?fit=714%2C372&ssl=1&resize=350%2C200 1x, https:\/\/i0.wp.com\/www.shqiperia.com\/blog\/wp-content\/uploads\/2022\/04\/Pamje-cnjerzore-tragjike-nga-Ukraina-Njerez-me-duar-te-lidhura-e-te-ekzekutuar-mbushin-rruget.jpg?fit=714%2C372&ssl=1&resize=525%2C300 1.5x, https:\/\/i0.wp.com\/www.shqiperia.com\/blog\/wp-content\/uploads\/2022\/04\/Pamje-cnjerzore-tragjike-nga-Ukraina-Njerez-me-duar-te-lidhura-e-te-ekzekutuar-mbushin-rruget.jpg?fit=714%2C372&ssl=1&resize=700%2C400 2x"},"classes":[]},{"id":54565,"url":"https:\/\/www.shqiperia.com\/blog\/krematorium-levizes-per-te-eliminuar-ushtaret-e-vrare-ruse\/","url_meta":{"origin":54541,"position":1},"title":"Krematorium l\u00ebviz\u00ebs p\u00ebr &#8220;t\u00eb eliminuar&#8221; ushtar\u00ebt e vrar\u00eb rus\u00eb","author":"Kurt Farka","date":"February 26, 2022","format":false,"excerpt":"Krematorium l\u00ebviz\u00ebs p\u00ebr \"t\u00eb eliminuar\" ushtar\u00ebt e vrar\u00eb rus\u00eb Nga OraNews 25 Shkurt 20225 Forcat ruse kan\u00eb krematorium l\u00ebviz\u00ebs ku mund t\u00eb digjen ushtar\u00ebt e vrar\u00eb gjat\u00eb sulmit ka konfirmuar Fox News. Krematoriumi i l\u00ebvizsh\u00ebm \u00ebsht\u00eb par\u00eb mes trupave ruse nd\u00ebrsa vazhdojn\u00eb sulmin e tyre n\u00eb Ukrain\u00eb. Sekretari britanik i\u2026","rel":"","context":"In &quot;Blogu i Udh\u00ebtarit&quot;","block_context":{"text":"Blogu i Udh\u00ebtarit","link":"https:\/\/www.shqiperia.com\/blog\/category\/blogu-i-udhetarit\/"},"img":{"alt_text":"","src":"https:\/\/i0.wp.com\/www.shqiperia.com\/blog\/wp-content\/uploads\/2022\/02\/Krematorium-levizes-per-te-eliminuar-ushtaret-e-vrare-ruse.jpg?fit=640%2C360&ssl=1&resize=350%2C200","width":350,"height":200,"srcset":"https:\/\/i0.wp.com\/www.shqiperia.com\/blog\/wp-content\/uploads\/2022\/02\/Krematorium-levizes-per-te-eliminuar-ushtaret-e-vrare-ruse.jpg?fit=640%2C360&ssl=1&resize=350%2C200 1x, https:\/\/i0.wp.com\/www.shqiperia.com\/blog\/wp-content\/uploads\/2022\/02\/Krematorium-levizes-per-te-eliminuar-ushtaret-e-vrare-ruse.jpg?fit=640%2C360&ssl=1&resize=525%2C300 1.5x"},"classes":[]},{"id":64180,"url":"https:\/\/www.shqiperia.com\/blog\/qellohet-me-thike-kryetari-i-bashkise-divjake-dhe-shoferi-i-tij\/","url_meta":{"origin":54541,"position":2},"title":"Q\u00ebllohet me thik\u00eb Kryetari i Bashkis\u00eb Divjak\u00eb dhe shoferi i tij","author":"Kurt Farka","date":"November 11, 2022","format":false,"excerpt":"11 Nentor 2022 Kryetari i Bashkis\u00eb Divjak\u00eb, Fredi Kokoneshi \u00ebsht\u00eb plagosur me thik\u00eb, duke mbetur i plagosur r\u00ebnd\u00eb. Kryebashkiaku \u00ebsht\u00eb plagosur nga nj\u00eb person i cili m\u00eb par\u00eb ka qen\u00eb punonj\u00ebs i Bashkis\u00eb s\u00eb Divjak\u00ebs. Autori i ngjarjes \u00ebsht\u00eb Ergest Xhelili, ish punonj\u00ebs i IT-s\u00eb n\u00eb Bashki, i cili \u00ebsht\u00eb\u2026","rel":"","context":"In &quot;Blogu i Udh\u00ebtarit&quot;","block_context":{"text":"Blogu i Udh\u00ebtarit","link":"https:\/\/www.shqiperia.com\/blog\/category\/blogu-i-udhetarit\/"},"img":{"alt_text":"","src":"https:\/\/i0.wp.com\/www.shqiperia.com\/blog\/wp-content\/uploads\/2022\/11\/FREDI-770x433-1.jpg?fit=770%2C433&ssl=1&resize=350%2C200","width":350,"height":200,"srcset":"https:\/\/i0.wp.com\/www.shqiperia.com\/blog\/wp-content\/uploads\/2022\/11\/FREDI-770x433-1.jpg?fit=770%2C433&ssl=1&resize=350%2C200 1x, https:\/\/i0.wp.com\/www.shqiperia.com\/blog\/wp-content\/uploads\/2022\/11\/FREDI-770x433-1.jpg?fit=770%2C433&ssl=1&resize=525%2C300 1.5x, https:\/\/i0.wp.com\/www.shqiperia.com\/blog\/wp-content\/uploads\/2022\/11\/FREDI-770x433-1.jpg?fit=770%2C433&ssl=1&resize=700%2C400 2x"},"classes":[]},{"id":56313,"url":"https:\/\/www.shqiperia.com\/blog\/mobilizimi-i-ukrainasve-ne-mbrojtje-te-veprave-artistike\/","url_meta":{"origin":54541,"position":3},"title":"Mobilizimi i ukrainasve n\u00eb mbrojtje t\u00eb veprave artistike","author":"Kurt Farka","date":"April 3, 2022","format":false,"excerpt":"Mobilizimi i ukrainasve n\u00eb mbrojtje t\u00eb veprave artistike 30 mars 2022 Punonj\u00ebsit e institucioneve publike dhe vullnetar\u00ebt po p\u00ebrpiqen t\u00eb mbrojn\u00eb bustet dhe statujat e vendosura para kishave dhe galerive t\u00eb artit n\u00eb Kiev, duke i rrethuar ato me thas\u00eb r\u00ebre dhe d\u00ebrrasa, raportojn\u00eb mediat bot\u00ebrore. Pas sulmeve ruse n\u00eb\u2026","rel":"","context":"In &quot;Arte&quot;","block_context":{"text":"Arte","link":"https:\/\/www.shqiperia.com\/blog\/category\/arte\/"},"img":{"alt_text":"","src":"https:\/\/i0.wp.com\/www.shqiperia.com\/blog\/wp-content\/uploads\/2022\/04\/auto_ShtatoreUkraina1648623920.jpg?fit=900%2C521&ssl=1&resize=350%2C200","width":350,"height":200,"srcset":"https:\/\/i0.wp.com\/www.shqiperia.com\/blog\/wp-content\/uploads\/2022\/04\/auto_ShtatoreUkraina1648623920.jpg?fit=900%2C521&ssl=1&resize=350%2C200 1x, https:\/\/i0.wp.com\/www.shqiperia.com\/blog\/wp-content\/uploads\/2022\/04\/auto_ShtatoreUkraina1648623920.jpg?fit=900%2C521&ssl=1&resize=525%2C300 1.5x, https:\/\/i0.wp.com\/www.shqiperia.com\/blog\/wp-content\/uploads\/2022\/04\/auto_ShtatoreUkraina1648623920.jpg?fit=900%2C521&ssl=1&resize=700%2C400 2x"},"classes":[]},{"id":97372,"url":"https:\/\/www.shqiperia.com\/blog\/kryetari-i-bashkise-gjirokaster-flamur-golemi-paraqitet-ne-spak\/","url_meta":{"origin":54541,"position":4},"title":"Kryetari i Bashkis\u00eb Gjirokast\u00ebr, Flamur Golemi paraqitet n\u00eb SPAK","author":"Kurt Farka","date":"February 5, 2026","format":false,"excerpt":"5 Shkurt 2026 Kryetari i bashkis\u00eb s\u00eb Gjirokastr\u00ebs, Flamur Golemi \u00ebsht\u00eb paraqitur mesdit\u00ebn e k\u00ebsaj t\u00eb enjteje n\u00eb Prokurorin\u00eb e Posa\u00e7me p\u00ebr Korrupsionin dhe Krimin e Organizuar n\u00eb SPAK. Aktualisht nuk ka informacion zyrtar mbi arsyet e thirrjes s\u00eb tij.","rel":"","context":"In &quot;Njoftime Shtypi&quot;","block_context":{"text":"Njoftime Shtypi","link":"https:\/\/www.shqiperia.com\/blog\/category\/njoftime-shtypi\/"},"img":{"alt_text":"","src":"https:\/\/i0.wp.com\/www.shqiperia.com\/blog\/wp-content\/uploads\/2026\/02\/flamur-golemi-ne-spa.jpg?fit=753%2C450&ssl=1&resize=350%2C200","width":350,"height":200,"srcset":"https:\/\/i0.wp.com\/www.shqiperia.com\/blog\/wp-content\/uploads\/2026\/02\/flamur-golemi-ne-spa.jpg?fit=753%2C450&ssl=1&resize=350%2C200 1x, https:\/\/i0.wp.com\/www.shqiperia.com\/blog\/wp-content\/uploads\/2026\/02\/flamur-golemi-ne-spa.jpg?fit=753%2C450&ssl=1&resize=525%2C300 1.5x, https:\/\/i0.wp.com\/www.shqiperia.com\/blog\/wp-content\/uploads\/2026\/02\/flamur-golemi-ne-spa.jpg?fit=753%2C450&ssl=1&resize=700%2C400 2x"},"classes":[]},{"id":56572,"url":"https:\/\/www.shqiperia.com\/blog\/britania-premton-rindertimin-e-kievit-zelensky-kerkon-embargo-te-naftes-ruse-e-gjithe-europa-ne-objektivin-e-putin\/","url_meta":{"origin":54541,"position":5},"title":"Britania premton rind\u00ebrtimin e Kievit.\u00a0 Zelensky k\u00ebrkon embargo t\u00eb naft\u00ebs ruse: &#8211; E gjith\u00eb Europa n\u00eb objektivin e Putin!","author":"Kurt Farka","date":"April 10, 2022","format":false,"excerpt":"Britania premton rind\u00ebrtimin e Kievit.\u00a0 Zelensky k\u00ebrkon embargo t\u00eb naft\u00ebs ruse: - E gjith\u00eb Europa n\u00eb objektivin e Putin! 10 Prill 2022 Sot \u00ebsht\u00eb duke u zhvilluar dita e 46-t\u00eb e luft\u00ebs n\u00eb Ukrain\u00eb. Instituti Amerikan p\u00ebr Studimin e Luft\u00ebs deklaron se forcat ukrainase ruajn\u00eb kontrollin mbi pozicionet mbrojt\u00ebse n\u00eb\u2026","rel":"","context":"In &quot;Blogu i Udh\u00ebtarit&quot;","block_context":{"text":"Blogu i Udh\u00ebtarit","link":"https:\/\/www.shqiperia.com\/blog\/category\/blogu-i-udhetarit\/"},"img":{"alt_text":"","src":"https:\/\/i0.wp.com\/www.shqiperia.com\/blog\/wp-content\/uploads\/2022\/04\/borisss-6-905x450-1.png?fit=905%2C450&ssl=1&resize=350%2C200","width":350,"height":200,"srcset":"https:\/\/i0.wp.com\/www.shqiperia.com\/blog\/wp-content\/uploads\/2022\/04\/borisss-6-905x450-1.png?fit=905%2C450&ssl=1&resize=350%2C200 1x, https:\/\/i0.wp.com\/www.shqiperia.com\/blog\/wp-content\/uploads\/2022\/04\/borisss-6-905x450-1.png?fit=905%2C450&ssl=1&resize=525%2C300 1.5x, https:\/\/i0.wp.com\/www.shqiperia.com\/blog\/wp-content\/uploads\/2022\/04\/borisss-6-905x450-1.png?fit=905%2C450&ssl=1&resize=700%2C400 2x"},"classes":[]}],"_links":{"self":[{"href":"https:\/\/www.shqiperia.com\/blog\/wp-json\/wp\/v2\/posts\/54541","targetHints":{"allow":["GET"]}}],"collection":[{"href":"https:\/\/www.shqiperia.com\/blog\/wp-json\/wp\/v2\/posts"}],"about":[{"href":"https:\/\/www.shqiperia.com\/blog\/wp-json\/wp\/v2\/types\/post"}],"author":[{"embeddable":true,"href":"https:\/\/www.shqiperia.com\/blog\/wp-json\/wp\/v2\/users\/9"}],"replies":[{"embeddable":true,"href":"https:\/\/www.shqiperia.com\/blog\/wp-json\/wp\/v2\/comments?post=54541"}],"version-history":[{"count":1,"href":"https:\/\/www.shqiperia.com\/blog\/wp-json\/wp\/v2\/posts\/54541\/revisions"}],"predecessor-version":[{"id":54544,"href":"https:\/\/www.shqiperia.com\/blog\/wp-json\/wp\/v2\/posts\/54541\/revisions\/54544"}],"wp:featuredmedia":[{"embeddable":true,"href":"https:\/\/www.shqiperia.com\/blog\/wp-json\/wp\/v2\/media\/54542"}],"wp:attachment":[{"href":"https:\/\/www.shqiperia.com\/blog\/wp-json\/wp\/v2\/media?parent=54541"}],"wp:term":[{"taxonomy":"category","embeddable":true,"href":"https:\/\/www.shqiperia.com\/blog\/wp-json\/wp\/v2\/categories?post=54541"},{"taxonomy":"post_tag","embeddable":true,"href":"https:\/\/www.shqiperia.com\/blog\/wp-json\/wp\/v2\/tags?post=54541"}],"curies":[{"name":"wp","href":"https:\/\/api.w.org\/{rel}","templated":true}]}}