{"id":54533,"date":"2022-02-25T16:55:42","date_gmt":"2022-02-25T16:55:42","guid":{"rendered":"https:\/\/www.shqiperia.com\/blog\/?p=54533"},"modified":"2022-02-26T12:56:29","modified_gmt":"2022-02-26T12:56:29","slug":"shqiperia-konfirmon-dergimin-e-trupave-ne-kosove-perkrah-nato-s","status":"publish","type":"post","link":"https:\/\/www.shqiperia.com\/blog\/shqiperia-konfirmon-dergimin-e-trupave-ne-kosove-perkrah-nato-s\/","title":{"rendered":"Shqip\u00ebria konfirmon d\u00ebrgimin e trupave n\u00eb Kosov\u00eb perkrah Nato-s"},"content":{"rendered":"<div id=\"attachment_54538\" style=\"width: 664px\" class=\"wp-caption alignnone\"><img data-recalc-dims=\"1\" loading=\"lazy\" decoding=\"async\" aria-describedby=\"caption-attachment-54538\" data-attachment-id=\"54538\" data-permalink=\"https:\/\/www.shqiperia.com\/blog\/shqiperia-konfirmon-dergimin-e-trupave-ne-kosove-perkrah-nato-s\/kohe-te-reja-por-vazhdimsi-gjithmone-bashke-2\/\" data-orig-file=\"https:\/\/i0.wp.com\/www.shqiperia.com\/blog\/wp-content\/uploads\/2022\/02\/Kohe-te-reja-por-vazhdimsi.-Gjithmone-Bashke-1.jpg?fit=675%2C490&amp;ssl=1\" data-orig-size=\"675,490\" data-comments-opened=\"1\" data-image-meta=\"{&quot;aperture&quot;:&quot;0&quot;,&quot;credit&quot;:&quot;&quot;,&quot;camera&quot;:&quot;&quot;,&quot;caption&quot;:&quot;&quot;,&quot;created_timestamp&quot;:&quot;0&quot;,&quot;copyright&quot;:&quot;&quot;,&quot;focal_length&quot;:&quot;0&quot;,&quot;iso&quot;:&quot;0&quot;,&quot;shutter_speed&quot;:&quot;0&quot;,&quot;title&quot;:&quot;&quot;,&quot;orientation&quot;:&quot;0&quot;}\" data-image-title=\"Kohe te reja, por vazhdimsi. Gjithmone Bashke\" data-image-description=\"\" data-image-caption=\"&lt;p&gt;Foto Ilustruese: -Kohe te reja, por vazhdimsi. Gjithmone Bashke&lt;\/p&gt;\n\" data-medium-file=\"https:\/\/i0.wp.com\/www.shqiperia.com\/blog\/wp-content\/uploads\/2022\/02\/Kohe-te-reja-por-vazhdimsi.-Gjithmone-Bashke-1.jpg?fit=300%2C218&amp;ssl=1\" data-large-file=\"https:\/\/i0.wp.com\/www.shqiperia.com\/blog\/wp-content\/uploads\/2022\/02\/Kohe-te-reja-por-vazhdimsi.-Gjithmone-Bashke-1.jpg?fit=675%2C490&amp;ssl=1\" class=\" wp-image-54538\" alt=\"\" src=\"https:\/\/i0.wp.com\/www.shqiperia.com\/blog\/wp-content\/uploads\/2022\/02\/Kohe-te-reja-por-vazhdimsi.-Gjithmone-Bashke-1.jpg?resize=654%2C475&#038;ssl=1\" width=\"654\" height=\"475\" srcset=\"https:\/\/i0.wp.com\/www.shqiperia.com\/blog\/wp-content\/uploads\/2022\/02\/Kohe-te-reja-por-vazhdimsi.-Gjithmone-Bashke-1.jpg?resize=300%2C218&amp;ssl=1 300w, https:\/\/i0.wp.com\/www.shqiperia.com\/blog\/wp-content\/uploads\/2022\/02\/Kohe-te-reja-por-vazhdimsi.-Gjithmone-Bashke-1.jpg?resize=450%2C327&amp;ssl=1 450w, https:\/\/i0.wp.com\/www.shqiperia.com\/blog\/wp-content\/uploads\/2022\/02\/Kohe-te-reja-por-vazhdimsi.-Gjithmone-Bashke-1.jpg?resize=600%2C436&amp;ssl=1 600w, https:\/\/i0.wp.com\/www.shqiperia.com\/blog\/wp-content\/uploads\/2022\/02\/Kohe-te-reja-por-vazhdimsi.-Gjithmone-Bashke-1.jpg?resize=400%2C290&amp;ssl=1 400w, https:\/\/i0.wp.com\/www.shqiperia.com\/blog\/wp-content\/uploads\/2022\/02\/Kohe-te-reja-por-vazhdimsi.-Gjithmone-Bashke-1.jpg?w=675&amp;ssl=1 675w\" sizes=\"auto, (max-width: 654px) 100vw, 654px\" \/><p id=\"caption-attachment-54538\" class=\"wp-caption-text\">Foto Ilustruese: -Kohe te reja, por vazhdimsi. Gjithmone Bashke<\/p><\/div>\n<p>Shqip\u00ebria konfirmon d\u00ebrgimin e trupave n\u00eb Kosov\u00eb perkrah Nato-s<\/p>\n<p>25 Shkurt 2022<\/p>\n<p>Ministria e Mbrojtjes s\u00eb Shqip\u00ebris\u00eb tha t\u00eb premten se ka nisur p\u00ebr n\u00eb Kosov\u00eb nj\u00eb grup prej 30 efektiv\u00ebs komando nga Forcat e Armatosura.<\/p>\n<p>Ky kontingjent do t\u2019i bashkohet forcave t\u00eb Misionit t\u00eb NATO-s n\u00eb Kosov\u00eb, KFOR.<\/p>\n<p>Ministri i Mbrojtjes, Niko Peleshi, tha se ky mision n\u00eb Kosov\u00eb do t\u00eb kontribuoj\u00eb p\u00ebr paqen n\u00eb rajonin e Ballkanit Per\u00ebndimor, teksa jan\u00eb rritur tensionet pas nisjes s\u00eb pushtimit t\u00eb Ukrain\u00ebs nga Rusia.<\/p>\n<p>\u201cN\u00eb k\u00ebto dit\u00eb t\u00eb sfiduara t\u00eb paqes dhe siguris\u00eb globale kjo e shton dyfish e rrit v\u00ebmendjen, por edhe p\u00ebrgjegjshm\u00ebrin\u00eb e secilit prej nesh e secilit prej jush p\u00ebr t\u00eb sh\u00ebrbyer me profesionaliz\u00ebm, me disiplin\u00eb ushtarake, me dinjitet n\u00eb respektim t\u00eb kodit t\u00eb etik\u00ebs dhe t\u00eb vlerave t\u00eb aleanc\u00ebs ton\u00eb\u201d, tha ai sipas nj\u00eb komunikate t\u00eb Ministris\u00eb s\u00eb Mbrojtjes.<\/p>\n<p>Nd\u00ebrkaq, shefi i Shtabit t\u00eb P\u00ebrgjithsh\u00ebm t\u00eb Forcave t\u00eb Armatosura, gjeneralmajor, Bajram Begaj, tha se d\u00ebrgimi i forcave n\u00eb Kosov\u00eb po b\u00ebhet n\u00eb nj\u00eb moment t\u00eb \u201cturbullt\u201d t\u00eb siguris\u00eb n\u00eb krahun lindor t\u00eb aleanc\u00ebs.<\/p>\n<p>\u201cSiguria globale \u00ebsht\u00eb m\u00eb shum\u00eb se kurr\u00eb ndonj\u00ebher\u00eb e rrezikuar dhe e k\u00ebrc\u00ebnuar. Rajoni dhe vendi yn\u00eb nuk jan\u00eb imun\u00eb ndaj k\u00ebtyre veprimeve t\u00eb Rusis\u00eb\u201d, tha ai.<\/p>\n<p>Efektiv\u00ebt shqiptar\u00eb do t\u00eb sh\u00ebrbejn\u00eb p\u00ebrkrah trupave t\u00eb Kroacis\u00eb dhe Italis\u00eb.<\/p>\n<p>D\u00ebrgimi i trupave shqiptare n\u00eb Kosov\u00eb vjen nj\u00eb dit\u00eb pasi NATO tha se \u00ebsht\u00eb e p\u00ebrkushtuar q\u00eb t\u00eb garantoj\u00eb siguri n\u00eb Kosov\u00eb dhe n\u00eb mbar\u00eb Ballkanin Per\u00ebndimor.\/REL<\/p>\n<p>Gazeta Panorama<\/p>\n","protected":false},"excerpt":{"rendered":"<p>Shqip\u00ebria konfirmon d\u00ebrgimin e trupave n\u00eb Kosov\u00eb perkrah Nato-s 25 Shkurt 2022 Ministria e Mbrojtjes s\u00eb Shqip\u00ebris\u00eb tha t\u00eb premten se ka nisur p\u00ebr n\u00eb Kosov\u00eb nj\u00eb grup prej 30 efektiv\u00ebs komando nga Forcat e Armatosura. Ky kontingjent do t\u2019i bashkohet forcave t\u00eb Misionit t\u00eb NATO-s n\u00eb Kosov\u00eb, KFOR. Ministri i Mbrojtjes, Niko Peleshi, tha [&hellip;]<\/p>\n","protected":false},"author":9,"featured_media":54536,"comment_status":"open","ping_status":"open","sticky":false,"template":"","format":"standard","meta":{"jetpack_post_was_ever_published":false,"_jetpack_newsletter_access":"","_jetpack_dont_email_post_to_subs":false,"_jetpack_newsletter_tier_id":0,"_jetpack_memberships_contains_paywalled_content":false,"_jetpack_memberships_contains_paid_content":false,"footnotes":"","jetpack_publicize_message":"","jetpack_publicize_feature_enabled":true,"jetpack_social_post_already_shared":true,"jetpack_social_options":{"image_generator_settings":{"template":"highway","default_image_id":0,"font":"","enabled":false},"version":2}},"categories":[27,1,35],"tags":[],"class_list":["post-54533","post","type-post","status-publish","format-standard","has-post-thumbnail","hentry","category-blogu-i-udhetarit","category-njoftime-shtypi","category-shoqerore"],"jetpack_publicize_connections":[],"jetpack_featured_media_url":"https:\/\/i0.wp.com\/www.shqiperia.com\/blog\/wp-content\/uploads\/2022\/02\/Kohe-te-reja-por-vazhdimsi.-Gjithmone-Bashke.jpg?fit=675%2C490&ssl=1","jetpack_sharing_enabled":true,"jetpack_shortlink":"https:\/\/wp.me\/p5Z6wp-ebz","jetpack-related-posts":[{"id":74029,"url":"https:\/\/www.shqiperia.com\/blog\/kreu-kfor-it-ngre-alarmin-ne-bruksel-gjendja-ne-kosove-vazhdon-te-jete-shume-e-paqendrueshme\/","url_meta":{"origin":54533,"position":0},"title":"Kreu KFOR-it ngre alarmin n\u00eb Bruksel: Gjendja n\u00eb Kosov\u00eb vazhdon t\u00eb jet\u00eb \u201cshum\u00eb e paq\u00ebndrueshme\u201d","author":"Kurt Farka","date":"September 6, 2023","format":false,"excerpt":"6 Shtator 2023 Gjendja n\u00eb Kosov\u00eb vazhdon t\u00eb jet\u00eb \u201cshum\u00eb e paq\u00ebndrueshme\u201d ndon\u00ebse situata e siguris\u00eb \u00ebsht\u00eb qet\u00ebsuar n\u00eb krahasim me majin kur shp\u00ebrtheu dhuna, deklaroi komandanti i trupave t\u00eb NATO-s n\u00eb Kosov\u00eb t\u00eb m\u00ebrkur\u00ebn. Gjeneral majori Italian Angelo Michele Ristuccia, komandant i trupave paqeruajt\u00ebse t\u00eb NATO-s n\u00eb Kosov\u00eb, tha\u2026","rel":"","context":"In &quot;Blogu i Udh\u00ebtarit&quot;","block_context":{"text":"Blogu i Udh\u00ebtarit","link":"https:\/\/www.shqiperia.com\/blog\/category\/blogu-i-udhetarit\/"},"img":{"alt_text":"","src":"https:\/\/i0.wp.com\/www.shqiperia.com\/blog\/wp-content\/uploads\/2023\/09\/800-0-5c26cefe28ccacdad011adba61d90ed6.jpg?fit=800%2C455&ssl=1&resize=350%2C200","width":350,"height":200,"srcset":"https:\/\/i0.wp.com\/www.shqiperia.com\/blog\/wp-content\/uploads\/2023\/09\/800-0-5c26cefe28ccacdad011adba61d90ed6.jpg?fit=800%2C455&ssl=1&resize=350%2C200 1x, https:\/\/i0.wp.com\/www.shqiperia.com\/blog\/wp-content\/uploads\/2023\/09\/800-0-5c26cefe28ccacdad011adba61d90ed6.jpg?fit=800%2C455&ssl=1&resize=525%2C300 1.5x, https:\/\/i0.wp.com\/www.shqiperia.com\/blog\/wp-content\/uploads\/2023\/09\/800-0-5c26cefe28ccacdad011adba61d90ed6.jpg?fit=800%2C455&ssl=1&resize=700%2C400 2x"},"classes":[]},{"id":74680,"url":"https:\/\/www.shqiperia.com\/blog\/pas-sulmit-terrorist-ne-veri-200-trupa-britanike-te-nato-s-mberrijne-ne-kosove-si-forca-shtese-per-kfor\/","url_meta":{"origin":54533,"position":1},"title":"Pas sulmit terrorist n\u00eb Veri, 200 trupa britanike t\u00eb NATO-s mb\u00ebrrijn\u00eb n\u00eb Kosov\u00eb si forca shtes\u00eb p\u00ebr KFOR","author":"Kurt Farka","date":"October 6, 2023","format":false,"excerpt":"6 Tetor 2023 NATO-ja njoftoi se 200 ushtar\u00eb britanik\u00eb kan\u00eb mb\u00ebrritur n\u00eb Kosov\u00eb t\u00eb premten, p\u00ebr ta p\u00ebrforcuar misionin e saj paqeruajt\u00ebs Kosov\u00eb, KFOR, pas sulmit vdekjeprur\u00ebs ndaj Policis\u00eb s\u00eb Kosov\u00ebs n\u00eb veri t\u00eb vendit muajin e kaluar dhe rritjes s\u00eb tensioneve n\u00eb rajon. \u201cZhvendosja e trupave \u00ebsht\u00eb nj\u00eb hap\u2026","rel":"","context":"In &quot;Blogu i Udh\u00ebtarit&quot;","block_context":{"text":"Blogu i Udh\u00ebtarit","link":"https:\/\/www.shqiperia.com\/blog\/category\/blogu-i-udhetarit\/"},"img":{"alt_text":"","src":"https:\/\/i0.wp.com\/www.shqiperia.com\/blog\/wp-content\/uploads\/2023\/10\/NATO.jpeg?fit=1200%2C675&ssl=1&resize=350%2C200","width":350,"height":200,"srcset":"https:\/\/i0.wp.com\/www.shqiperia.com\/blog\/wp-content\/uploads\/2023\/10\/NATO.jpeg?fit=1200%2C675&ssl=1&resize=350%2C200 1x, https:\/\/i0.wp.com\/www.shqiperia.com\/blog\/wp-content\/uploads\/2023\/10\/NATO.jpeg?fit=1200%2C675&ssl=1&resize=525%2C300 1.5x, https:\/\/i0.wp.com\/www.shqiperia.com\/blog\/wp-content\/uploads\/2023\/10\/NATO.jpeg?fit=1200%2C675&ssl=1&resize=700%2C400 2x, https:\/\/i0.wp.com\/www.shqiperia.com\/blog\/wp-content\/uploads\/2023\/10\/NATO.jpeg?fit=1200%2C675&ssl=1&resize=1050%2C600 3x"},"classes":[]},{"id":87501,"url":"https:\/\/www.shqiperia.com\/blog\/pentagoni-e-konfirmon-trupat-e-korese-se-veriut-luftojne-me-ruset-kunder-ukraines\/","url_meta":{"origin":54533,"position":2},"title":"Pentagoni e konfirmon: Trupat e Kores\u00eb s\u00eb Veriut luftojn\u00eb me rus\u00ebt kund\u00ebr Ukrain\u00ebs","author":"Kurt Farka","date":"December 17, 2024","format":false,"excerpt":"17 Dhjetor 2024 Sipas nj\u00eb vler\u00ebsimi t\u00eb fundit t\u00eb Pentagonit, trupat e Kores\u00eb s\u00eb Veriut po luftojn\u00eb dhe po vdesin p\u00ebrkrah forcave ruse si pjes\u00eb e luft\u00ebs s\u00eb Mosk\u00ebs kund\u00ebr Ukrain\u00ebs. \u201cUshtar\u00ebt e Kores\u00eb s\u00eb Veriut jan\u00eb angazhuar n\u00eb luftime n\u00eb Kursk, s\u00eb bashku me forcat ruse\u201d, u tha t\u00eb\u2026","rel":"","context":"In &quot;Blogu i Udh\u00ebtarit&quot;","block_context":{"text":"Blogu i Udh\u00ebtarit","link":"https:\/\/www.shqiperia.com\/blog\/category\/blogu-i-udhetarit\/"},"img":{"alt_text":"","src":"https:\/\/i0.wp.com\/www.shqiperia.com\/blog\/wp-content\/uploads\/2024\/12\/ushtria-e-Korese-se-Veriut1.jpg?fit=792%2C450&ssl=1&resize=350%2C200","width":350,"height":200,"srcset":"https:\/\/i0.wp.com\/www.shqiperia.com\/blog\/wp-content\/uploads\/2024\/12\/ushtria-e-Korese-se-Veriut1.jpg?fit=792%2C450&ssl=1&resize=350%2C200 1x, https:\/\/i0.wp.com\/www.shqiperia.com\/blog\/wp-content\/uploads\/2024\/12\/ushtria-e-Korese-se-Veriut1.jpg?fit=792%2C450&ssl=1&resize=525%2C300 1.5x, https:\/\/i0.wp.com\/www.shqiperia.com\/blog\/wp-content\/uploads\/2024\/12\/ushtria-e-Korese-se-Veriut1.jpg?fit=792%2C450&ssl=1&resize=700%2C400 2x"},"classes":[]},{"id":35988,"url":"https:\/\/www.shqiperia.com\/blog\/zbulohet-dokumenti-i-senatit-te-shba-per-dialogun-kosove-serbi-mbajtjen-e-trupave-dhe-rolin-e-rusise\/","url_meta":{"origin":54533,"position":3},"title":"Zbulohet dokumenti i senatit t\u00eb ShBA p\u00ebr dialogun Kosov\u00eb-Serbi, mbajtjen e trupave dhe rolin e Rusis\u00eb","author":"Kurt Farka","date":"July 2, 2020","format":false,"excerpt":"Zbulohet dokumenti i senatit t\u00eb ShBA p\u00ebr dialogun Kosov\u00eb-Serbi, mbajtjen e trupave dhe rolin e Rusis\u00eb 2 korrik 2020 Komiteti i Senatit Amerikan p\u00ebr Forcat e Armatosura ka publikuar n\u00eb faqen e vet zyrtare\u00a0 nj\u00eb dokument ku theksohet se Shtetet e Bashkuara t\u00eb Amerik\u00ebs duhet t\u00eb vazhdojn\u00eb p\u00ebrkrahjen p\u00ebr Kosov\u00ebn\u2026","rel":"","context":"In &quot;Blogu i Udh\u00ebtarit&quot;","block_context":{"text":"Blogu i Udh\u00ebtarit","link":"https:\/\/www.shqiperia.com\/blog\/category\/blogu-i-udhetarit\/"},"img":{"alt_text":"","src":"https:\/\/i0.wp.com\/www.shqiperia.com\/blog\/wp-content\/uploads\/2020\/07\/senat.jpg?fit=650%2C434&ssl=1&resize=350%2C200","width":350,"height":200,"srcset":"https:\/\/i0.wp.com\/www.shqiperia.com\/blog\/wp-content\/uploads\/2020\/07\/senat.jpg?fit=650%2C434&ssl=1&resize=350%2C200 1x, https:\/\/i0.wp.com\/www.shqiperia.com\/blog\/wp-content\/uploads\/2020\/07\/senat.jpg?fit=650%2C434&ssl=1&resize=525%2C300 1.5x"},"classes":[]},{"id":76627,"url":"https:\/\/www.shqiperia.com\/blog\/rreziku-nga-sulmet-serbe-shqiperia-do-te-dergoje-trupa-shtese-ne-misionin-paqeruajtes-te-nato-s-ne-kosove\/","url_meta":{"origin":54533,"position":4},"title":"Rreziku nga sulmet serbe: &#8211; Shqip\u00ebria do t\u00eb d\u00ebrgoj\u00eb trupa shtes\u00eb n\u00eb misionin paqeruajt\u00ebs t\u00eb NATO-s n\u00eb Kosov\u00eb","author":"Kurt Farka","date":"December 25, 2023","format":false,"excerpt":"25 Dhjetor 2023 Shqip\u00ebria do t\u00eb d\u00ebrgoj\u00eb trupa shtes\u00eb n\u00eb misionin paqeruajt\u00ebs t\u00eb NATO-s n\u00eb Kosov\u00eb. Shtimi i forcave t\u00eb KFOR-it n\u00eb Kosov\u00eb vjen pas sulmit terrorist serb m\u00eb 24 shtator n\u00eb Banjsk\u00eb, n\u00eb veri t\u00eb Kosov\u00ebs. Ambasadori i Shqip\u00ebris\u00eb n\u00eb Kosov\u00eb, Petrit Malaj, duke folur p\u00ebr situat\u00ebn e siguris\u00eb\u2026","rel":"","context":"In &quot;Blogu i Udh\u00ebtarit&quot;","block_context":{"text":"Blogu i Udh\u00ebtarit","link":"https:\/\/www.shqiperia.com\/blog\/category\/blogu-i-udhetarit\/"},"img":{"alt_text":"","src":"https:\/\/i0.wp.com\/www.shqiperia.com\/blog\/wp-content\/uploads\/2023\/12\/800-0-6588a165a724b.jpg?fit=800%2C420&ssl=1&resize=350%2C200","width":350,"height":200,"srcset":"https:\/\/i0.wp.com\/www.shqiperia.com\/blog\/wp-content\/uploads\/2023\/12\/800-0-6588a165a724b.jpg?fit=800%2C420&ssl=1&resize=350%2C200 1x, https:\/\/i0.wp.com\/www.shqiperia.com\/blog\/wp-content\/uploads\/2023\/12\/800-0-6588a165a724b.jpg?fit=800%2C420&ssl=1&resize=525%2C300 1.5x, https:\/\/i0.wp.com\/www.shqiperia.com\/blog\/wp-content\/uploads\/2023\/12\/800-0-6588a165a724b.jpg?fit=800%2C420&ssl=1&resize=700%2C400 2x"},"classes":[]},{"id":74541,"url":"https:\/\/www.shqiperia.com\/blog\/jens-stoltenberg-njoftoi-se-eshte-marre-vendimi-per-shtimin-e-numrit-te-forcave-te-nato-s-ne-kosove\/","url_meta":{"origin":54533,"position":5},"title":"Jens Stoltenberg njoftoi se \u00ebsht\u00eb marr\u00eb vendimi p\u00ebr shtimin e numrit t\u00eb forcave t\u00eb NATO-s n\u00eb Kosov\u00eb.","author":"Kurt Farka","date":"September 30, 2023","format":false,"excerpt":"30 Shtator 2023 Per\u00ebndimi ka \u201cblinduar\u201d dit\u00ebn e djeshme Kosov\u00ebn e rrezikuar nga skenar\u00eb destabilizues q\u00eb thuren nga Moska dhe zbatohen nga Beogradi.\u00a0\u00a0 Sekretari i P\u00ebrgjithsh\u00ebm i NATO-s, Jens Stoltenberg, njoftoi se \u00ebsht\u00eb marr\u00eb vendimi p\u00ebr shtimin e numrit t\u00eb forcave t\u00eb NATO-s n\u00eb Kosov\u00eb. Ky komunikim i shefit t\u00eb\u2026","rel":"","context":"In &quot;Blogu i Udh\u00ebtarit&quot;","block_context":{"text":"Blogu i Udh\u00ebtarit","link":"https:\/\/www.shqiperia.com\/blog\/category\/blogu-i-udhetarit\/"},"img":{"alt_text":"","src":"https:\/\/i0.wp.com\/www.shqiperia.com\/blog\/wp-content\/uploads\/2023\/09\/800-0-6517d6d0d904d.png?fit=800%2C524&ssl=1&resize=350%2C200","width":350,"height":200,"srcset":"https:\/\/i0.wp.com\/www.shqiperia.com\/blog\/wp-content\/uploads\/2023\/09\/800-0-6517d6d0d904d.png?fit=800%2C524&ssl=1&resize=350%2C200 1x, https:\/\/i0.wp.com\/www.shqiperia.com\/blog\/wp-content\/uploads\/2023\/09\/800-0-6517d6d0d904d.png?fit=800%2C524&ssl=1&resize=525%2C300 1.5x, https:\/\/i0.wp.com\/www.shqiperia.com\/blog\/wp-content\/uploads\/2023\/09\/800-0-6517d6d0d904d.png?fit=800%2C524&ssl=1&resize=700%2C400 2x"},"classes":[]}],"_links":{"self":[{"href":"https:\/\/www.shqiperia.com\/blog\/wp-json\/wp\/v2\/posts\/54533","targetHints":{"allow":["GET"]}}],"collection":[{"href":"https:\/\/www.shqiperia.com\/blog\/wp-json\/wp\/v2\/posts"}],"about":[{"href":"https:\/\/www.shqiperia.com\/blog\/wp-json\/wp\/v2\/types\/post"}],"author":[{"embeddable":true,"href":"https:\/\/www.shqiperia.com\/blog\/wp-json\/wp\/v2\/users\/9"}],"replies":[{"embeddable":true,"href":"https:\/\/www.shqiperia.com\/blog\/wp-json\/wp\/v2\/comments?post=54533"}],"version-history":[{"count":5,"href":"https:\/\/www.shqiperia.com\/blog\/wp-json\/wp\/v2\/posts\/54533\/revisions"}],"predecessor-version":[{"id":54596,"href":"https:\/\/www.shqiperia.com\/blog\/wp-json\/wp\/v2\/posts\/54533\/revisions\/54596"}],"wp:featuredmedia":[{"embeddable":true,"href":"https:\/\/www.shqiperia.com\/blog\/wp-json\/wp\/v2\/media\/54536"}],"wp:attachment":[{"href":"https:\/\/www.shqiperia.com\/blog\/wp-json\/wp\/v2\/media?parent=54533"}],"wp:term":[{"taxonomy":"category","embeddable":true,"href":"https:\/\/www.shqiperia.com\/blog\/wp-json\/wp\/v2\/categories?post=54533"},{"taxonomy":"post_tag","embeddable":true,"href":"https:\/\/www.shqiperia.com\/blog\/wp-json\/wp\/v2\/tags?post=54533"}],"curies":[{"name":"wp","href":"https:\/\/api.w.org\/{rel}","templated":true}]}}