{"id":54530,"date":"2022-02-25T16:47:53","date_gmt":"2022-02-25T16:47:53","guid":{"rendered":"https:\/\/www.shqiperia.com\/blog\/?p=54530"},"modified":"2022-02-25T16:47:53","modified_gmt":"2022-02-25T16:47:53","slug":"erdogan-nato-duhet-te-ndermarre-hapa-me-te-vendosur-me-keshilla-e-pamundur-te-arrish-ndokund","status":"publish","type":"post","link":"https:\/\/www.shqiperia.com\/blog\/erdogan-nato-duhet-te-ndermarre-hapa-me-te-vendosur-me-keshilla-e-pamundur-te-arrish-ndokund\/","title":{"rendered":"Erdogan: &#8211; NATO duhet t\u00eb nd\u00ebrmarr\u00eb hapa m\u00eb t\u00eb vendosur, me k\u00ebshilla e pamundur t\u00eb arrish ndokund &#8230;"},"content":{"rendered":"<div id=\"attachment_54531\" style=\"width: 612px\" class=\"wp-caption alignnone\"><img data-recalc-dims=\"1\" loading=\"lazy\" decoding=\"async\" aria-describedby=\"caption-attachment-54531\" data-attachment-id=\"54531\" data-permalink=\"https:\/\/www.shqiperia.com\/blog\/erdogan-nato-duhet-te-ndermarre-hapa-me-te-vendosur-me-keshilla-e-pamundur-te-arrish-ndokund\/erdogan-3\/\" data-orig-file=\"https:\/\/i0.wp.com\/www.shqiperia.com\/blog\/wp-content\/uploads\/2022\/02\/Erdogan.jpg?fit=640%2C363&amp;ssl=1\" data-orig-size=\"640,363\" data-comments-opened=\"1\" data-image-meta=\"{&quot;aperture&quot;:&quot;0&quot;,&quot;credit&quot;:&quot;&quot;,&quot;camera&quot;:&quot;&quot;,&quot;caption&quot;:&quot;&quot;,&quot;created_timestamp&quot;:&quot;0&quot;,&quot;copyright&quot;:&quot;&quot;,&quot;focal_length&quot;:&quot;0&quot;,&quot;iso&quot;:&quot;0&quot;,&quot;shutter_speed&quot;:&quot;0&quot;,&quot;title&quot;:&quot;&quot;,&quot;orientation&quot;:&quot;0&quot;}\" data-image-title=\"Erdogan\" data-image-description=\"\" data-image-caption=\"&lt;p&gt;Erdogan&lt;\/p&gt;\n\" data-medium-file=\"https:\/\/i0.wp.com\/www.shqiperia.com\/blog\/wp-content\/uploads\/2022\/02\/Erdogan.jpg?fit=300%2C170&amp;ssl=1\" data-large-file=\"https:\/\/i0.wp.com\/www.shqiperia.com\/blog\/wp-content\/uploads\/2022\/02\/Erdogan.jpg?fit=640%2C363&amp;ssl=1\" class=\" wp-image-54531\" alt=\"\" src=\"https:\/\/i0.wp.com\/www.shqiperia.com\/blog\/wp-content\/uploads\/2022\/02\/Erdogan.jpg?resize=602%2C341&#038;ssl=1\" width=\"602\" height=\"341\" srcset=\"https:\/\/i0.wp.com\/www.shqiperia.com\/blog\/wp-content\/uploads\/2022\/02\/Erdogan.jpg?resize=300%2C170&amp;ssl=1 300w, https:\/\/i0.wp.com\/www.shqiperia.com\/blog\/wp-content\/uploads\/2022\/02\/Erdogan.jpg?resize=450%2C255&amp;ssl=1 450w, https:\/\/i0.wp.com\/www.shqiperia.com\/blog\/wp-content\/uploads\/2022\/02\/Erdogan.jpg?resize=600%2C340&amp;ssl=1 600w, https:\/\/i0.wp.com\/www.shqiperia.com\/blog\/wp-content\/uploads\/2022\/02\/Erdogan.jpg?resize=400%2C227&amp;ssl=1 400w, https:\/\/i0.wp.com\/www.shqiperia.com\/blog\/wp-content\/uploads\/2022\/02\/Erdogan.jpg?w=640&amp;ssl=1 640w\" sizes=\"auto, (max-width: 602px) 100vw, 602px\" \/><p id=\"caption-attachment-54531\" class=\"wp-caption-text\">Erdogan<\/p><\/div>\n<p>Erdogan: &#8211; NATO duhet t\u00eb nd\u00ebrmarr\u00eb hapa m\u00eb t\u00eb vendosur, me k\u00ebshilla e pamundur t\u00eb arrish ndokund &#8230;<\/p>\n<p>25 SHKURT 2022<\/p>\n<p>Presidenti i Turqis\u00eb, Recep Tayyip Erdogan, ka deklaruar se NATO duhet t\u00eb kishte nd\u00ebrmarr\u00eb hapa m\u00eb t\u00eb vendosur, nd\u00ebrsa nd\u00ebrhyrja ushtarake ruse n\u00eb Ukrain\u00eb vazhdon.<\/p>\n<p>Presidenti Erdo?an kritikoi q\u00ebndrimin per\u00ebndimor kund\u00ebr sulmit rus ndaj fqinjit t\u00eb saj, duke theksuar se ata ende i japin k\u00ebshilla.<\/p>\n<p>&#8220;T\u00eb gjith\u00eb i japin k\u00ebshilla Ukrain\u00ebs. Sigurisht, m\u00eb k\u00ebshilla \u00ebsht\u00eb e pamundur t\u00eb arrish ndokund&#8221;, tha presidenti turk.<\/p>\n<p>Duke folur para gazetar\u00ebve n\u00eb Stamboll, presidenti Erdo?an tha: &#8220;Bashkimi Evropian (BE), si dhe i gjith\u00eb mentaliteti i tyre per\u00ebndimor, p\u00ebr fat t\u00eb keq, nuk kan\u00eb marr\u00eb nj\u00eb q\u00ebndrim serioz dhe t\u00eb vendosur p\u00ebr momentin (n\u00eb Ukrain\u00eb)&#8221;.<\/p>\n<p>N\u00eb lidhje me komentet e presidentit t\u00eb Ukrain\u00ebs, Volodymyr Zelensky, se ata n\u00eb k\u00ebt\u00eb luft\u00eb e lan\u00eb &#8220;t\u00eb vet\u00ebm&#8221;, Erdogan tha se k\u00ebshillat e Per\u00ebndimit dhe d\u00ebshtimi p\u00ebr t\u00eb treguar nj\u00eb q\u00ebndrim t\u00eb vendosur &#8220;nuk p\u00ebrputhet me miq\u00ebsin\u00eb apo solidaritetin&#8221;.<\/p>\n<p>M\u00eb her\u00ebt, Zelensky n\u00eb nj\u00eb video-mesazh t\u00eb shp\u00ebrndar\u00eb n\u00eb mediat sociale se deklaroi se:&#8221;K\u00ebt\u00eb m\u00ebngjes ne po mbrojm\u00eb t\u00eb vet\u00ebm shtetin ton\u00eb&#8230; Fuqit\u00eb m\u00eb t\u00eb m\u00ebdha t\u00eb bot\u00ebs po shikojn\u00eb nga larg&#8221;.<\/p>\n<p>M\u00eb von\u00eb gjat\u00eb dit\u00ebs, NATO do t\u00eb mbaj\u00eb nj\u00eb takim virtual t\u00eb krer\u00ebve t\u00eb shteteve dhe qeverive t\u00eb Aleanc\u00ebs p\u00ebr t\u00eb diskutuar pasojat e sulmit t\u00eb Rusis\u00eb n\u00eb Ukrain\u00eb, ku do t\u00eb marr\u00eb pjes\u00eb edhe presidenti turk.<\/p>\n<p>&#8220;Nuk duhet t\u00eb kthehet n\u00eb nj\u00eb grup t\u00eb thjesht\u00eb d\u00ebnimi, NATO duhet t\u00eb jet\u00eb m\u00eb e vendosur&#8221;, tha Erdo?an, duke iu referuar samitit t\u00eb NATO-s. Duke sfiduar k\u00ebrc\u00ebnimet e sanksioneve nga Per\u00ebndimi, Moska n\u00eb fillim t\u00eb k\u00ebsaj jave njohu zyrtarisht rajonet e Ukrain\u00ebs Donetsk dhe Luhansk si shtete t\u00eb pavarura, pas \u00e7ka dje nisi operacionet ushtarake n\u00eb Ukrain\u00eb.<\/p>\n<p>\u201cMendimi yn\u00eb p\u00ebr q\u00ebndrimin e NATO-s, ka qen\u00eb tep\u00ebr i qart\u00eb. Nuk duhet t\u00eb kthehet n\u00eb nj\u00eb d\u00ebnim t\u00eb zakonsh\u00ebm, duhet t\u00eb nd\u00ebrmarrim hapa m\u00eb t\u00eb vendosur\u201d, citohet Erdogan nga mediat turke.<\/p>\n<p>\u201cNuk do t\u00eb ishte e drejt\u00eb q\u00eb nga takimi yn\u00eb t\u00eb dal\u00eb vet\u00ebm ky mesazh. N\u00eb mbledhjen q\u00eb do t\u00eb zhvillojm\u00eb sot pasdite, do t\u00eb shohim edhe mendimet e lider\u00ebve t\u00eb tjer\u00eb. Kemi zhvilluar nj\u00eb bised\u00eb t\u00eb qart\u00eb me Stoltenberg dhe sot do t\u00eb flasim me t\u00eb gjith\u00eb t\u00eb tjer\u00ebt\u201d.<\/p>\n<p>Presidenti turk, denoncoi vendimin e Vladimir Putin p\u00ebr t\u00eb njohur pavar\u00ebsin\u00eb e dy krahinave separatiste n\u00eb Ukrain\u00eb duke e quajtur \u201ct\u00eb papranuesh\u00ebm\u201d. T\u00eb nj\u00ebjtin q\u00ebndrim mbajti edhe pas nisjes s\u00eb sulmit t\u00eb Rusis\u00eb.<\/p>\n<p>Tensionet filluan t\u00eb p\u00ebrshkall\u00ebzohen n\u00eb fund t\u00eb vitit t\u00eb kaluar kur Ukraina, SHBA-ja dhe aleat\u00ebt e saj akuzuan Rusin\u00eb p\u00ebr grumbullimin e dhjet\u00ebra mij\u00ebra trupave n\u00eb kufirin me Ukrain\u00ebn. Rusia n\u00eb vazhdim\u00ebsi mohonte akuzat se po p\u00ebrgatitej t\u00eb pushtonte fqinjin e saj per\u00ebndimor.<\/p>\n<p>Gazeta Shqip<\/p>\n","protected":false},"excerpt":{"rendered":"<p>Erdogan: &#8211; NATO duhet t\u00eb nd\u00ebrmarr\u00eb hapa m\u00eb t\u00eb vendosur, me k\u00ebshilla e pamundur t\u00eb arrish ndokund &#8230; 25 SHKURT 2022 Presidenti i Turqis\u00eb, Recep Tayyip Erdogan, ka deklaruar se NATO duhet t\u00eb kishte nd\u00ebrmarr\u00eb hapa m\u00eb t\u00eb vendosur, nd\u00ebrsa nd\u00ebrhyrja ushtarake ruse n\u00eb Ukrain\u00eb vazhdon. Presidenti Erdo?an kritikoi q\u00ebndrimin per\u00ebndimor kund\u00ebr sulmit rus ndaj [&hellip;]<\/p>\n","protected":false},"author":9,"featured_media":54531,"comment_status":"open","ping_status":"open","sticky":false,"template":"","format":"standard","meta":{"jetpack_post_was_ever_published":false,"_jetpack_newsletter_access":"","_jetpack_dont_email_post_to_subs":false,"_jetpack_newsletter_tier_id":0,"_jetpack_memberships_contains_paywalled_content":false,"_jetpack_memberships_contains_paid_content":false,"footnotes":"","jetpack_publicize_message":"","jetpack_publicize_feature_enabled":true,"jetpack_social_post_already_shared":true,"jetpack_social_options":{"image_generator_settings":{"template":"highway","default_image_id":0,"font":"","enabled":false},"version":2}},"categories":[27,2,35],"tags":[],"class_list":["post-54530","post","type-post","status-publish","format-standard","has-post-thumbnail","hentry","category-blogu-i-udhetarit","category-politika","category-shoqerore"],"jetpack_publicize_connections":[],"jetpack_featured_media_url":"https:\/\/i0.wp.com\/www.shqiperia.com\/blog\/wp-content\/uploads\/2022\/02\/Erdogan.jpg?fit=640%2C363&ssl=1","jetpack_sharing_enabled":true,"jetpack_shortlink":"https:\/\/wp.me\/p5Z6wp-ebw","jetpack-related-posts":[{"id":58315,"url":"https:\/\/www.shqiperia.com\/blog\/erdogan-nuk-e-ndryshon-qendrimin-ndaj-finlandes-dhe-suedise\/","url_meta":{"origin":54530,"position":0},"title":"Erdogan nuk e ndryshon q\u00ebndrimin ndaj Finland\u00ebs dhe Suedis\u00eb","author":"Kurt Farka","date":"May 30, 2022","format":false,"excerpt":"29 Maj 20221 Presidenti i Turqis\u00eb, Recep Tayyip Erdogan, u tha gazetar\u00ebve se ai ende synon q\u00eb t\u00eb bllokoj\u00eb an\u00ebtar\u00ebsimin n\u00eb NATO t\u00eb Finland\u00ebs dhe Suedis\u00eb. Erdogan tha se takimet e zhvilluara gjat\u00eb k\u00ebsaj jave me delegacionet e k\u00ebtyre dy shteteve nuk ishin \u201cn\u00eb nivelin e pritsh\u00ebm\u201d, duke theksuar se\u2026","rel":"","context":"In &quot;Blogu i Udh\u00ebtarit&quot;","block_context":{"text":"Blogu i Udh\u00ebtarit","link":"https:\/\/www.shqiperia.com\/blog\/category\/blogu-i-udhetarit\/"},"img":{"alt_text":"","src":"https:\/\/i0.wp.com\/www.shqiperia.com\/blog\/wp-content\/uploads\/2022\/05\/NATO.jpg?fit=1200%2C832&ssl=1&resize=350%2C200","width":350,"height":200,"srcset":"https:\/\/i0.wp.com\/www.shqiperia.com\/blog\/wp-content\/uploads\/2022\/05\/NATO.jpg?fit=1200%2C832&ssl=1&resize=350%2C200 1x, https:\/\/i0.wp.com\/www.shqiperia.com\/blog\/wp-content\/uploads\/2022\/05\/NATO.jpg?fit=1200%2C832&ssl=1&resize=525%2C300 1.5x, https:\/\/i0.wp.com\/www.shqiperia.com\/blog\/wp-content\/uploads\/2022\/05\/NATO.jpg?fit=1200%2C832&ssl=1&resize=700%2C400 2x, https:\/\/i0.wp.com\/www.shqiperia.com\/blog\/wp-content\/uploads\/2022\/05\/NATO.jpg?fit=1200%2C832&ssl=1&resize=1050%2C600 3x"},"classes":[]},{"id":54768,"url":"https:\/\/www.shqiperia.com\/blog\/erdogan-ne-e-njohim-kosoven-si-anetare-te-nato-s\/","url_meta":{"origin":54530,"position":1},"title":"Erdogan: &#8211; Ne e njohim Kosov\u00ebn si an\u00ebtare t\u00eb NATO-s","author":"Kurt Farka","date":"March 1, 2022","format":false,"excerpt":"Erdogan: - Ne e njohim Kosov\u00ebn si an\u00ebtare t\u00eb NATO-s Nga OraNews 1 Mars 2022 Presidenti i Turqis\u00eb, Rexhep Tajiip Erdogan, \u00ebsht\u00eb shprehur se Turqia e njeh Kosov\u00ebn si an\u00ebtare t\u00eb NATO-s\u00eb. K\u00ebt\u00eb deklarat\u00eb presidenti turk e tha se n\u00eb konferenc\u00ebn e p\u00ebrbashk\u00ebt p\u00ebr mediat n\u00eb Ankara me presidenten e\u2026","rel":"","context":"In &quot;Blogu i Udh\u00ebtarit&quot;","block_context":{"text":"Blogu i Udh\u00ebtarit","link":"https:\/\/www.shqiperia.com\/blog\/category\/blogu-i-udhetarit\/"},"img":{"alt_text":"","src":"https:\/\/i0.wp.com\/www.shqiperia.com\/blog\/wp-content\/uploads\/2022\/03\/640-0-rexhep-taip-erdogan-1646158844.jpg?fit=640%2C357&ssl=1&resize=350%2C200","width":350,"height":200,"srcset":"https:\/\/i0.wp.com\/www.shqiperia.com\/blog\/wp-content\/uploads\/2022\/03\/640-0-rexhep-taip-erdogan-1646158844.jpg?fit=640%2C357&ssl=1&resize=350%2C200 1x, https:\/\/i0.wp.com\/www.shqiperia.com\/blog\/wp-content\/uploads\/2022\/03\/640-0-rexhep-taip-erdogan-1646158844.jpg?fit=640%2C357&ssl=1&resize=525%2C300 1.5x"},"classes":[]},{"id":54823,"url":"https:\/\/www.shqiperia.com\/blog\/vucic-zbulon-planet-e-okb-do-perjashtojne-rusine-pastaj-do-pranojne-kete-shtet\/","url_meta":{"origin":54530,"position":2},"title":"Vu\u00e7i\u00e7 \u2018zbulon\u2019 planet e OKB: &#8211; Do p\u00ebrjashtojn\u00eb Rusin\u00eb, pastaj do pranojn\u00eb k\u00ebt\u00eb shtet","author":"Kurt Farka","date":"March 2, 2022","format":false,"excerpt":"Vu\u00e7i\u00e7 \u2018zbulon\u2019 planet e OKB: - Do p\u00ebrjashtojn\u00eb Rusin\u00eb, pastaj do pranojn\u00eb k\u00ebt\u00eb shtet 2 MARS 2022 Presidenti i Serbis\u00eb, Aleksandar Vu\u00e7iq, tha se nisma e radh\u00ebs e bashk\u00ebsis\u00eb nd\u00ebrkomb\u00ebtare mund t\u00eb jet\u00eb p\u00ebrjashtimi i Federat\u00ebs Ruse nga Kombet e Bashkuara p\u00ebr t\u00eb p\u00ebrshpejtuar an\u00ebtar\u00ebsimin e Kosov\u00ebs n\u00eb k\u00ebt\u00eb organizat\u00eb.\u2026","rel":"","context":"In &quot;Blogu i Udh\u00ebtarit&quot;","block_context":{"text":"Blogu i Udh\u00ebtarit","link":"https:\/\/www.shqiperia.com\/blog\/category\/blogu-i-udhetarit\/"},"img":{"alt_text":"","src":"https:\/\/i0.wp.com\/www.shqiperia.com\/blog\/wp-content\/uploads\/2022\/03\/Atalayar_presidente-serbio-Aleksandar-Vucic.jpeg?fit=730%2C380&ssl=1&resize=350%2C200","width":350,"height":200,"srcset":"https:\/\/i0.wp.com\/www.shqiperia.com\/blog\/wp-content\/uploads\/2022\/03\/Atalayar_presidente-serbio-Aleksandar-Vucic.jpeg?fit=730%2C380&ssl=1&resize=350%2C200 1x, https:\/\/i0.wp.com\/www.shqiperia.com\/blog\/wp-content\/uploads\/2022\/03\/Atalayar_presidente-serbio-Aleksandar-Vucic.jpeg?fit=730%2C380&ssl=1&resize=525%2C300 1.5x, https:\/\/i0.wp.com\/www.shqiperia.com\/blog\/wp-content\/uploads\/2022\/03\/Atalayar_presidente-serbio-Aleksandar-Vucic.jpeg?fit=730%2C380&ssl=1&resize=700%2C400 2x"},"classes":[]},{"id":94333,"url":"https:\/\/www.shqiperia.com\/blog\/pas-paqes-ne-gaza-trump-zotohet-se-do-te-perfundoje-luften-ne-ukraine\/","url_meta":{"origin":54530,"position":3},"title":"Pas paqes n\u00eb Gaza, Trump zotohet se do t\u00eb p\u00ebrfundoj\u00eb luft\u00ebn n\u00eb Ukrain\u00eb","author":"Kurt Farka","date":"October 18, 2025","format":false,"excerpt":"18 Tetor 2025 Presidenti i SHBA-s\u00eb, Donald Trump, \u00ebsht\u00eb i vendosur t\u00eb siguroj\u00eb nj\u00eb marr\u00ebveshje tjet\u00ebr q\u00eb do t\u00eb \u00e7oj\u00eb n\u00eb p\u00ebrfundimin e luft\u00ebs n\u00eb Ukrain\u00eb, pas suksesit me arm\u00ebpushimin n\u00eb Gaza dhe kthimin e pengjeve izraelite. K\u00ebshilla e fundit e presidentit amerikan p\u00ebr p\u00ebrfaq\u00ebsuesin e posa\u00e7\u00ebm presidencial p\u00ebr misionet\u2026","rel":"","context":"In &quot;Blogu i Udh\u00ebtarit&quot;","block_context":{"text":"Blogu i Udh\u00ebtarit","link":"https:\/\/www.shqiperia.com\/blog\/category\/blogu-i-udhetarit\/"},"img":{"alt_text":"","src":"https:\/\/i0.wp.com\/www.shqiperia.com\/blog\/wp-content\/uploads\/2025\/10\/49d4fa07-ap25290735014210-1140x570-1.webp?fit=1140%2C570&ssl=1&resize=350%2C200","width":350,"height":200,"srcset":"https:\/\/i0.wp.com\/www.shqiperia.com\/blog\/wp-content\/uploads\/2025\/10\/49d4fa07-ap25290735014210-1140x570-1.webp?fit=1140%2C570&ssl=1&resize=350%2C200 1x, https:\/\/i0.wp.com\/www.shqiperia.com\/blog\/wp-content\/uploads\/2025\/10\/49d4fa07-ap25290735014210-1140x570-1.webp?fit=1140%2C570&ssl=1&resize=525%2C300 1.5x, https:\/\/i0.wp.com\/www.shqiperia.com\/blog\/wp-content\/uploads\/2025\/10\/49d4fa07-ap25290735014210-1140x570-1.webp?fit=1140%2C570&ssl=1&resize=700%2C400 2x, https:\/\/i0.wp.com\/www.shqiperia.com\/blog\/wp-content\/uploads\/2025\/10\/49d4fa07-ap25290735014210-1140x570-1.webp?fit=1140%2C570&ssl=1&resize=1050%2C600 3x"},"classes":[]},{"id":71812,"url":"https:\/\/www.shqiperia.com\/blog\/tensionet-ne-veri-nato-del-me-thirrjen-e-forte-per-kosoven\/","url_meta":{"origin":54530,"position":4},"title":"Tensionet n\u00eb Veri, NATO del me thirrjen e fort\u00eb p\u00ebr Kosov\u00ebn","author":"Kurt Farka","date":"May 28, 2023","format":false,"excerpt":"28 Maji 2023 Sekretari i P\u00ebrgjithsh\u00ebm i NATO-s, Jens Stoltenberg ka th\u00ebn\u00eb se Kosova duhet t\u00eb ul\u00eb tensionet dhe t\u00eb mos nd\u00ebrmarr\u00eb hapa destabilizues. Pas takimit me P\u00ebrfaq\u00ebsuesin e Lart\u00eb t\u00eb BE-s\u00eb, Josep Borrel, Stoltenberg tha se Prishtina duhet t\u00eb mos e p\u00ebrshkall\u00ebzoj\u00eb situat\u00ebn dhe t\u00eb mos marr\u00eb hapa t\u00eb\u2026","rel":"","context":"In &quot;Blogu i Udh\u00ebtarit&quot;","block_context":{"text":"Blogu i Udh\u00ebtarit","link":"https:\/\/www.shqiperia.com\/blog\/category\/blogu-i-udhetarit\/"},"img":{"alt_text":"","src":"https:\/\/i0.wp.com\/www.shqiperia.com\/blog\/wp-content\/uploads\/2023\/05\/800-0-930693dbf29944f2f56e18788f4355ea.jpg?fit=800%2C500&ssl=1&resize=350%2C200","width":350,"height":200,"srcset":"https:\/\/i0.wp.com\/www.shqiperia.com\/blog\/wp-content\/uploads\/2023\/05\/800-0-930693dbf29944f2f56e18788f4355ea.jpg?fit=800%2C500&ssl=1&resize=350%2C200 1x, https:\/\/i0.wp.com\/www.shqiperia.com\/blog\/wp-content\/uploads\/2023\/05\/800-0-930693dbf29944f2f56e18788f4355ea.jpg?fit=800%2C500&ssl=1&resize=525%2C300 1.5x, https:\/\/i0.wp.com\/www.shqiperia.com\/blog\/wp-content\/uploads\/2023\/05\/800-0-930693dbf29944f2f56e18788f4355ea.jpg?fit=800%2C500&ssl=1&resize=700%2C400 2x"},"classes":[]},{"id":59526,"url":"https:\/\/www.shqiperia.com\/blog\/erdogan-kercenon-me-daljen-nga-nato-ja-pse-konflikti-i-ndezur-mes-greqise-dhe-turqise-mund-te-shkaktoje-lufte-ne-rajon\/","url_meta":{"origin":54530,"position":5},"title":"Erdogan k\u00ebrc\u00ebnon me daljen nga NATO. Ja pse konflikti i ndezur mes Greqis\u00eb dhe Turqis\u00eb mund t\u00eb shkaktoj\u00eb luft\u00eb n\u00eb rajon","author":"Kurt Farka","date":"June 29, 2022","format":false,"excerpt":"29 Qershor 2022 Ajo q\u00eb n\u00eb fakt duhet t\u00eb pranojm\u00eb dhe q\u00eb \u00ebsht\u00eb nj\u00eb fakt \u00ebsht\u00eb se pushtimi rus i Ukrain\u00ebs i ka dh\u00ebn\u00eb NATO-s, nj\u00eb ndjenj\u00eb, q\u00ebllim t\u00eb ri dhe unitet. Por mesa duket dikush ka harruar t\u2019ia thot\u00eb di\u00e7ka t\u00eb till\u00eb Rexhep Tajip Erdoganit. Gjat\u00eb nisjes s\u00eb tij\u2026","rel":"","context":"In &quot;Kultura&quot;","block_context":{"text":"Kultura","link":"https:\/\/www.shqiperia.com\/blog\/category\/kultura\/"},"img":{"alt_text":"","src":"https:\/\/i0.wp.com\/www.shqiperia.com\/blog\/wp-content\/uploads\/2022\/06\/800-0-62bbfa5d64718.jpg?fit=800%2C533&ssl=1&resize=350%2C200","width":350,"height":200,"srcset":"https:\/\/i0.wp.com\/www.shqiperia.com\/blog\/wp-content\/uploads\/2022\/06\/800-0-62bbfa5d64718.jpg?fit=800%2C533&ssl=1&resize=350%2C200 1x, https:\/\/i0.wp.com\/www.shqiperia.com\/blog\/wp-content\/uploads\/2022\/06\/800-0-62bbfa5d64718.jpg?fit=800%2C533&ssl=1&resize=525%2C300 1.5x, https:\/\/i0.wp.com\/www.shqiperia.com\/blog\/wp-content\/uploads\/2022\/06\/800-0-62bbfa5d64718.jpg?fit=800%2C533&ssl=1&resize=700%2C400 2x"},"classes":[]}],"_links":{"self":[{"href":"https:\/\/www.shqiperia.com\/blog\/wp-json\/wp\/v2\/posts\/54530","targetHints":{"allow":["GET"]}}],"collection":[{"href":"https:\/\/www.shqiperia.com\/blog\/wp-json\/wp\/v2\/posts"}],"about":[{"href":"https:\/\/www.shqiperia.com\/blog\/wp-json\/wp\/v2\/types\/post"}],"author":[{"embeddable":true,"href":"https:\/\/www.shqiperia.com\/blog\/wp-json\/wp\/v2\/users\/9"}],"replies":[{"embeddable":true,"href":"https:\/\/www.shqiperia.com\/blog\/wp-json\/wp\/v2\/comments?post=54530"}],"version-history":[{"count":1,"href":"https:\/\/www.shqiperia.com\/blog\/wp-json\/wp\/v2\/posts\/54530\/revisions"}],"predecessor-version":[{"id":54532,"href":"https:\/\/www.shqiperia.com\/blog\/wp-json\/wp\/v2\/posts\/54530\/revisions\/54532"}],"wp:featuredmedia":[{"embeddable":true,"href":"https:\/\/www.shqiperia.com\/blog\/wp-json\/wp\/v2\/media\/54531"}],"wp:attachment":[{"href":"https:\/\/www.shqiperia.com\/blog\/wp-json\/wp\/v2\/media?parent=54530"}],"wp:term":[{"taxonomy":"category","embeddable":true,"href":"https:\/\/www.shqiperia.com\/blog\/wp-json\/wp\/v2\/categories?post=54530"},{"taxonomy":"post_tag","embeddable":true,"href":"https:\/\/www.shqiperia.com\/blog\/wp-json\/wp\/v2\/tags?post=54530"}],"curies":[{"name":"wp","href":"https:\/\/api.w.org\/{rel}","templated":true}]}}