{"id":54468,"date":"2022-02-24T17:17:06","date_gmt":"2022-02-24T17:17:06","guid":{"rendered":"https:\/\/www.shqiperia.com\/blog\/?p=54468"},"modified":"2022-02-24T17:17:06","modified_gmt":"2022-02-24T17:17:06","slug":"proteste-para-ambasades-ruse-ne-tirane","status":"publish","type":"post","link":"https:\/\/www.shqiperia.com\/blog\/proteste-para-ambasades-ruse-ne-tirane\/","title":{"rendered":"Proteste para Ambasades Ruse ne Tirane"},"content":{"rendered":"<p><img data-recalc-dims=\"1\" loading=\"lazy\" decoding=\"async\" data-attachment-id=\"54469\" data-permalink=\"https:\/\/www.shqiperia.com\/blog\/proteste-para-ambasades-ruse-ne-tirane\/800-0-6217b9441564f\/\" data-orig-file=\"https:\/\/i0.wp.com\/www.shqiperia.com\/blog\/wp-content\/uploads\/2022\/02\/800-0-6217b9441564f.jpg?fit=800%2C409&amp;ssl=1\" data-orig-size=\"800,409\" data-comments-opened=\"1\" data-image-meta=\"{&quot;aperture&quot;:&quot;0&quot;,&quot;credit&quot;:&quot;&quot;,&quot;camera&quot;:&quot;&quot;,&quot;caption&quot;:&quot;&quot;,&quot;created_timestamp&quot;:&quot;0&quot;,&quot;copyright&quot;:&quot;&quot;,&quot;focal_length&quot;:&quot;0&quot;,&quot;iso&quot;:&quot;0&quot;,&quot;shutter_speed&quot;:&quot;0&quot;,&quot;title&quot;:&quot;&quot;,&quot;orientation&quot;:&quot;0&quot;}\" data-image-title=\"-800-0-6217b9441564f\" data-image-description=\"\" data-image-caption=\"\" data-medium-file=\"https:\/\/i0.wp.com\/www.shqiperia.com\/blog\/wp-content\/uploads\/2022\/02\/800-0-6217b9441564f.jpg?fit=300%2C153&amp;ssl=1\" data-large-file=\"https:\/\/i0.wp.com\/www.shqiperia.com\/blog\/wp-content\/uploads\/2022\/02\/800-0-6217b9441564f.jpg?fit=800%2C409&amp;ssl=1\" class=\"alignnone  wp-image-54469\" alt=\"\" src=\"https:\/\/i0.wp.com\/www.shqiperia.com\/blog\/wp-content\/uploads\/2022\/02\/800-0-6217b9441564f.jpg?resize=639%2C326&#038;ssl=1\" width=\"639\" height=\"326\" srcset=\"https:\/\/i0.wp.com\/www.shqiperia.com\/blog\/wp-content\/uploads\/2022\/02\/800-0-6217b9441564f.jpg?resize=300%2C153&amp;ssl=1 300w, https:\/\/i0.wp.com\/www.shqiperia.com\/blog\/wp-content\/uploads\/2022\/02\/800-0-6217b9441564f.jpg?resize=768%2C393&amp;ssl=1 768w, https:\/\/i0.wp.com\/www.shqiperia.com\/blog\/wp-content\/uploads\/2022\/02\/800-0-6217b9441564f.jpg?resize=450%2C230&amp;ssl=1 450w, https:\/\/i0.wp.com\/www.shqiperia.com\/blog\/wp-content\/uploads\/2022\/02\/800-0-6217b9441564f.jpg?resize=600%2C307&amp;ssl=1 600w, https:\/\/i0.wp.com\/www.shqiperia.com\/blog\/wp-content\/uploads\/2022\/02\/800-0-6217b9441564f.jpg?resize=400%2C205&amp;ssl=1 400w, https:\/\/i0.wp.com\/www.shqiperia.com\/blog\/wp-content\/uploads\/2022\/02\/800-0-6217b9441564f.jpg?w=800&amp;ssl=1 800w\" sizes=\"auto, (max-width: 639px) 100vw, 639px\" \/><\/p>\n<p>Proteste para Ambasades Ruse ne Tirane<\/p>\n<p>24 SHKURT 2022<\/p>\n<p>Qytetar\u00ebt jan\u00eb mbledhur n\u00eb nj\u00eb protest\u00eb para ambasad\u00ebs ruse n\u00eb Tiran\u00eb pas sulmeve t\u00eb Rusis\u00eb n\u00eb Ukrain\u00eb. Ata iu b\u00ebjn\u00eb thirrje qytetar\u00ebve q\u00eb t\u00eb mblidhen n\u00eb protest\u00eb edhe n\u00eb dit\u00ebt n\u00eb vijim p\u00ebr tu treguar qytetar\u00ebve ukrainas se nuk jan\u00eb vet\u00ebm.<\/p>\n<p>\u201cFtes\u00eb p\u00ebr t\u00eb gjith\u00eb qytetar\u00ebt shqiptar\u00eb, ne duhet t\u00eb protestojm\u00eb p\u00ebr nj\u00eb shtet, si\u00e7 rrezikohet Ukraina sot, rrezikohemi ne nes\u00ebr. Shtetet demokratike nuk lihen vet\u00ebm asnj\u00ebher\u00eb. Ne jemi sot t\u00eb mbledhur q\u00eb tu tregojm\u00eb qytetar\u00ebve ukrainas q\u00eb nuk jan\u00eb vet\u00ebm.<\/p>\n<p>Jam nj\u00eb i ri q\u00eb pash njoftimin n\u00eb rrjete sociale dhe u bashkova. Lash pun\u00ebt dhe angazhimet e tjera. Kam shum\u00eb shok\u00eb edhe shoqe, ku kam qen\u00eb para tre viteve p\u00ebr pushime, kam par\u00eb njer\u00ebz t\u00eb mrekulluesh\u00ebm. Shpresoj t\u00eb kemi nj\u00eb qet\u00ebsim t\u00eb situat\u00ebs se do na ndikoj\u00eb t\u00eb gjith\u00ebve\u201d, than\u00eb dy protestues.<\/p>\n<p>Gazeta Sot<\/p>\n","protected":false},"excerpt":{"rendered":"<p>Proteste para Ambasades Ruse ne Tirane 24 SHKURT 2022 Qytetar\u00ebt jan\u00eb mbledhur n\u00eb nj\u00eb protest\u00eb para ambasad\u00ebs ruse n\u00eb Tiran\u00eb pas sulmeve t\u00eb Rusis\u00eb n\u00eb Ukrain\u00eb. Ata iu b\u00ebjn\u00eb thirrje qytetar\u00ebve q\u00eb t\u00eb mblidhen n\u00eb protest\u00eb edhe n\u00eb dit\u00ebt n\u00eb vijim p\u00ebr tu treguar qytetar\u00ebve ukrainas se nuk jan\u00eb vet\u00ebm. \u201cFtes\u00eb p\u00ebr t\u00eb gjith\u00eb qytetar\u00ebt [&hellip;]<\/p>\n","protected":false},"author":9,"featured_media":54469,"comment_status":"open","ping_status":"open","sticky":false,"template":"","format":"standard","meta":{"jetpack_post_was_ever_published":false,"_jetpack_newsletter_access":"","_jetpack_dont_email_post_to_subs":false,"_jetpack_newsletter_tier_id":0,"_jetpack_memberships_contains_paywalled_content":false,"_jetpack_memberships_contains_paid_content":false,"footnotes":"","jetpack_publicize_message":"","jetpack_publicize_feature_enabled":true,"jetpack_social_post_already_shared":true,"jetpack_social_options":{"image_generator_settings":{"template":"highway","default_image_id":0,"font":"","enabled":false},"version":2}},"categories":[27,35],"tags":[],"class_list":["post-54468","post","type-post","status-publish","format-standard","has-post-thumbnail","hentry","category-blogu-i-udhetarit","category-shoqerore"],"jetpack_publicize_connections":[],"jetpack_featured_media_url":"https:\/\/i0.wp.com\/www.shqiperia.com\/blog\/wp-content\/uploads\/2022\/02\/800-0-6217b9441564f.jpg?fit=800%2C409&ssl=1","jetpack_sharing_enabled":true,"jetpack_shortlink":"https:\/\/wp.me\/p5Z6wp-eaw","jetpack-related-posts":[{"id":101492,"url":"https:\/\/www.shqiperia.com\/blog\/diaspora-vijon-te-bashkohet-ne-proteste-sot-thirrje-per-tu-mbledhur-ne-shesh-ne-torino-pisa-e-parma\/","url_meta":{"origin":54468,"position":0},"title":"Diaspora vijon t\u00eb bashkohet n\u00eb protest\u00eb, sot thirrje p\u00ebr tu mbledhur n\u00eb shesh n\u00eb Torino, Pisa e Parma","author":"Kurt Farka","date":"June 14, 2026","format":false,"excerpt":"Nga Alba Kepi Novara, Fermo, Torino, Pistoia, Pisa, Padova, Parma, Milano, Nettuno, Roma. Jan\u00eb me dhjet\u00ebra sheshe italiane ku emigrant\u00ebt shqiptar\u00eb po shprehin solidaritetin dhe zem\u00ebrimin e tyre ndaj qeveris\u00eb s\u00eb Tiran\u00ebs, duke iu bashkuar protestave q\u00eb prej dit\u00ebsh kan\u00eb p\u00ebrfshir\u00eb Shqip\u00ebrin\u00eb. Nj\u00eb jav\u00eb m\u00eb par\u00eb nisi vala e reagimeve\u2026","rel":"","context":"In &quot;Kultura&quot;","block_context":{"text":"Kultura","link":"https:\/\/www.shqiperia.com\/blog\/category\/kultura\/"},"img":{"alt_text":"","src":"https:\/\/i0.wp.com\/www.shqiperia.com\/blog\/wp-content\/uploads\/2026\/06\/auto_93091a9e-06c5-4a5d-a348-76d2c53d80261781418265.jpg?fit=900%2C600&ssl=1&resize=350%2C200","width":350,"height":200,"srcset":"https:\/\/i0.wp.com\/www.shqiperia.com\/blog\/wp-content\/uploads\/2026\/06\/auto_93091a9e-06c5-4a5d-a348-76d2c53d80261781418265.jpg?fit=900%2C600&ssl=1&resize=350%2C200 1x, https:\/\/i0.wp.com\/www.shqiperia.com\/blog\/wp-content\/uploads\/2026\/06\/auto_93091a9e-06c5-4a5d-a348-76d2c53d80261781418265.jpg?fit=900%2C600&ssl=1&resize=525%2C300 1.5x, https:\/\/i0.wp.com\/www.shqiperia.com\/blog\/wp-content\/uploads\/2026\/06\/auto_93091a9e-06c5-4a5d-a348-76d2c53d80261781418265.jpg?fit=900%2C600&ssl=1&resize=700%2C400 2x"},"classes":[]},{"id":100500,"url":"https:\/\/www.shqiperia.com\/blog\/shqiptaria-eshte-me-shkupin-studentet-njoftojne-proteste-ne-sheshin-skenderbej-marshojme-drejt-ambasades-se-maqedonise-se-veriut-ne-tirane\/","url_meta":{"origin":54468,"position":1},"title":"\u201cShqiptaria \u00ebsht\u00eb me Shkupin\u201d\/ Student\u00ebt njoftojn\u00eb protest\u00eb n\u00eb sheshin \u201cSk\u00ebnderbej\u201d: &#8211; Marshojm\u00eb drejt Ambasad\u00ebs s\u00eb Maqedonis\u00eb s\u00eb Veriut n\u00eb Tiran\u00eb","author":"Kurt Farka","date":"May 20, 2026","format":false,"excerpt":"20 Maji 2026 Student\u00ebt shqiptar\u00eb kan\u00eb paralajm\u00ebruar organizimin e nj\u00eb proteste m\u00eb 26 maj n\u00eb Sheshin \u201cSk\u00ebnderbej\u201d n\u00eb Tiran\u00eb, n\u00eb shenj\u00eb solidariteti me zhvillimet e fundit q\u00eb lidhen me \u00e7\u00ebshtjen e gjuh\u00ebs shqipe n\u00eb Maqedonin\u00eb e Veriut. Nisma vjen vet\u00ebm dy dit\u00eb pas protest\u00ebs s\u00eb mbajtur n\u00eb Shkup, ku nj\u00eb\u2026","rel":"","context":"In &quot;Blogu i Udh\u00ebtarit&quot;","block_context":{"text":"Blogu i Udh\u00ebtarit","link":"https:\/\/www.shqiperia.com\/blog\/category\/blogu-i-udhetarit\/"},"img":{"alt_text":"","src":"https:\/\/i0.wp.com\/www.shqiperia.com\/blog\/wp-content\/uploads\/2026\/05\/Capture-126.jpg?fit=699%2C385&ssl=1&resize=350%2C200","width":350,"height":200,"srcset":"https:\/\/i0.wp.com\/www.shqiperia.com\/blog\/wp-content\/uploads\/2026\/05\/Capture-126.jpg?fit=699%2C385&ssl=1&resize=350%2C200 1x, https:\/\/i0.wp.com\/www.shqiperia.com\/blog\/wp-content\/uploads\/2026\/05\/Capture-126.jpg?fit=699%2C385&ssl=1&resize=525%2C300 1.5x"},"classes":[]},{"id":103415,"url":"https:\/\/www.shqiperia.com\/blog\/plot-per-2-muaj-pjesemarrje-masive-e-protestuesve-ne-diten-e-60-te-te-revoltes\/","url_meta":{"origin":54468,"position":2},"title":"Plot p\u00ebr 2 muaj, &#8211; Pjes\u00ebmarrje masive e protestuesve n\u00eb dit\u00ebn e 60-t\u00eb t\u00eb revolt\u00ebs","author":"Kurt Farka","date":"July 29, 2026","format":false,"excerpt":"29 Korrik 2026 Protesta antiqeveritare q\u00eb po mbahet sot n\u00eb Tiran\u00eb ka mbushur plot 60-t\u00eb, duke sh\u00ebnuar dy muaj mobilizim t\u00eb pand\u00ebrprer\u00eb n\u00eb rrug\u00ebt e Tiran\u00ebs. Ajo q\u00eb n\u00eb fillim u duk si nj\u00eb revolt\u00eb e kufizuar kund\u00ebr zhvillimeve n\u00eb Zv\u00ebrnec \u00ebsht\u00eb kthyer n\u00eb nj\u00eb l\u00ebvizje t\u00eb p\u00ebrditshme qytetare, e\u2026","rel":"","context":"In &quot;Blogu i Udh\u00ebtarit&quot;","block_context":{"text":"Blogu i Udh\u00ebtarit","link":"https:\/\/www.shqiperia.com\/blog\/category\/blogu-i-udhetarit\/"},"img":{"alt_text":"","src":"https:\/\/i0.wp.com\/www.shqiperia.com\/blog\/wp-content\/uploads\/2026\/07\/protestuesit11-433x300-2.jpg?fit=433%2C300&ssl=1&resize=350%2C200","width":350,"height":200},"classes":[]},{"id":102508,"url":"https:\/\/www.shqiperia.com\/blog\/ambasadori-i-osbe-se-e-drejta-per-proteste-duhet-te-respektohet\/","url_meta":{"origin":54468,"position":3},"title":"Ambasadori i OSBE-s\u00eb: &#8211; E drejta p\u00ebr protest\u00eb duhet t\u00eb respektohet","author":"Kurt Farka","date":"July 11, 2026","format":false,"excerpt":"11 Korrik 2026 Ambasadori i OSBE-s\u00eb n\u00eb Shqip\u00ebri, Michel Tarran, gjat\u00eb nj\u00eb deklarate p\u00ebr mediat nga Kor\u00e7a, u ndal te e drejta e qytetar\u00ebve p\u00ebr t\u00eb protestuar, n\u00eb kuad\u00ebr t\u00eb tubimeve q\u00eb ndodhin n\u00eb Tiran\u00eb prej 41 dit\u00ebsh, klima politike n\u00eb vend dhe nevoja p\u00ebr forcimin e dialogut mes pal\u00ebve\u2026","rel":"","context":"In &quot;Blogu i Udh\u00ebtarit&quot;","block_context":{"text":"Blogu i Udh\u00ebtarit","link":"https:\/\/www.shqiperia.com\/blog\/category\/blogu-i-udhetarit\/"},"img":{"alt_text":"","src":"https:\/\/i0.wp.com\/www.shqiperia.com\/blog\/wp-content\/uploads\/2026\/07\/tarran_sd.webp?fit=1200%2C675&ssl=1&resize=350%2C200","width":350,"height":200,"srcset":"https:\/\/i0.wp.com\/www.shqiperia.com\/blog\/wp-content\/uploads\/2026\/07\/tarran_sd.webp?fit=1200%2C675&ssl=1&resize=350%2C200 1x, https:\/\/i0.wp.com\/www.shqiperia.com\/blog\/wp-content\/uploads\/2026\/07\/tarran_sd.webp?fit=1200%2C675&ssl=1&resize=525%2C300 1.5x, https:\/\/i0.wp.com\/www.shqiperia.com\/blog\/wp-content\/uploads\/2026\/07\/tarran_sd.webp?fit=1200%2C675&ssl=1&resize=700%2C400 2x, https:\/\/i0.wp.com\/www.shqiperia.com\/blog\/wp-content\/uploads\/2026\/07\/tarran_sd.webp?fit=1200%2C675&ssl=1&resize=1050%2C600 3x"},"classes":[]},{"id":105565,"url":"https:\/\/www.shqiperia.com\/blog\/duhet-te-mobilizohemi-per-mosbindje-civile-me-12-shtator-diaspora-zbarkon-fuqimisht-ne-tirane\/","url_meta":{"origin":54468,"position":4},"title":"&#8220;Duhet t\u00eb mobilizohemi p\u00ebr mosbindje civile&#8221;\/ M\u00eb 12 shtator diaspora &#8216;zbarkon&#8217; fuqimisht n\u00eb Tiran\u00eb.","author":"Kurt Farka","date":"August 31, 2026","format":false,"excerpt":"31 Gusht 2026 Aktivisti shqiptar q\u00eb jeton n\u00eb Britani, Ilir Dedej, i ftuar ne nje lidhje te drejteperdrejte televizive ka komentuar protestat kund\u00ebr qeveris\u00eb, duke deklaruar se pas 93 dit\u00ebsh mobilizimi qytetar, sipas tij, pushteti i kryeministrit Edi Rama \u00ebsht\u00eb dob\u00ebsuar. Dedej tha se protesta duhet t\u00eb shkoj\u00eb p\u00ebrtej tubimeve\u2026","rel":"","context":"In &quot;Blogu i Udh\u00ebtarit&quot;","block_context":{"text":"Blogu i Udh\u00ebtarit","link":"https:\/\/www.shqiperia.com\/blog\/category\/blogu-i-udhetarit\/"},"img":{"alt_text":"","src":"https:\/\/i0.wp.com\/www.shqiperia.com\/blog\/wp-content\/uploads\/2026\/08\/Mijera-emigrante-shqiptare-proteste-ne-Londer.-Foto-Arkiv.jpg?fit=1200%2C675&ssl=1&resize=350%2C200","width":350,"height":200,"srcset":"https:\/\/i0.wp.com\/www.shqiperia.com\/blog\/wp-content\/uploads\/2026\/08\/Mijera-emigrante-shqiptare-proteste-ne-Londer.-Foto-Arkiv.jpg?fit=1200%2C675&ssl=1&resize=350%2C200 1x, https:\/\/i0.wp.com\/www.shqiperia.com\/blog\/wp-content\/uploads\/2026\/08\/Mijera-emigrante-shqiptare-proteste-ne-Londer.-Foto-Arkiv.jpg?fit=1200%2C675&ssl=1&resize=525%2C300 1.5x, https:\/\/i0.wp.com\/www.shqiperia.com\/blog\/wp-content\/uploads\/2026\/08\/Mijera-emigrante-shqiptare-proteste-ne-Londer.-Foto-Arkiv.jpg?fit=1200%2C675&ssl=1&resize=700%2C400 2x, https:\/\/i0.wp.com\/www.shqiperia.com\/blog\/wp-content\/uploads\/2026\/08\/Mijera-emigrante-shqiptare-proteste-ne-Londer.-Foto-Arkiv.jpg?fit=1200%2C675&ssl=1&resize=1050%2C600 3x"},"classes":[]},{"id":102887,"url":"https:\/\/www.shqiperia.com\/blog\/o-sot-ose-kurre-thirrja-e-te-moshuarit-ndaj-qytetareve-dilni-ne-proteste-rama-ka-punuar-kunder-popullit-te-vet\/","url_meta":{"origin":54468,"position":5},"title":"\u201cO sot, ose kurr\u00eb\u201d \u2013 Thirrja e t\u00eb moshuarit ndaj qytetar\u00ebve: &#8211; Dilni n\u00eb protest\u00eb! &#8211; Rama ka punuar kund\u00ebr popullit t\u00eb vet","author":"Kurt Farka","date":"July 18, 2026","format":false,"excerpt":"18 Korrik 2026 Nj\u00eb i moshuar, q\u00eb po merr pjes\u00eb n\u00eb protest\u00ebn kund\u00ebr qeveris\u00eb, iu b\u00ebri thirrje shqiptar\u00ebve kudo q\u00eb jan\u00eb q\u00eb t\u00eb dalin n\u00eb protest\u00eb dhe t\u00eb largojn\u00eb nj\u00ebher\u00eb e mir\u00eb kryeministrin Edi Rama dhe t\u00eb gjith\u00eb klas\u00ebn politike. \u201cThirrje shqiptar\u00ebve hajdeni dilni n\u00eb protest\u00eb. Ta heqim k\u00ebt\u00eb klas\u00eb\u2026","rel":"","context":"In &quot;Blogu i Udh\u00ebtarit&quot;","block_context":{"text":"Blogu i Udh\u00ebtarit","link":"https:\/\/www.shqiperia.com\/blog\/category\/blogu-i-udhetarit\/"},"img":{"alt_text":"","src":"https:\/\/i0.wp.com\/www.shqiperia.com\/blog\/wp-content\/uploads\/2026\/07\/qytetari5-433x300-1.jpg?fit=433%2C300&ssl=1&resize=350%2C200","width":350,"height":200},"classes":[]}],"_links":{"self":[{"href":"https:\/\/www.shqiperia.com\/blog\/wp-json\/wp\/v2\/posts\/54468","targetHints":{"allow":["GET"]}}],"collection":[{"href":"https:\/\/www.shqiperia.com\/blog\/wp-json\/wp\/v2\/posts"}],"about":[{"href":"https:\/\/www.shqiperia.com\/blog\/wp-json\/wp\/v2\/types\/post"}],"author":[{"embeddable":true,"href":"https:\/\/www.shqiperia.com\/blog\/wp-json\/wp\/v2\/users\/9"}],"replies":[{"embeddable":true,"href":"https:\/\/www.shqiperia.com\/blog\/wp-json\/wp\/v2\/comments?post=54468"}],"version-history":[{"count":1,"href":"https:\/\/www.shqiperia.com\/blog\/wp-json\/wp\/v2\/posts\/54468\/revisions"}],"predecessor-version":[{"id":54470,"href":"https:\/\/www.shqiperia.com\/blog\/wp-json\/wp\/v2\/posts\/54468\/revisions\/54470"}],"wp:featuredmedia":[{"embeddable":true,"href":"https:\/\/www.shqiperia.com\/blog\/wp-json\/wp\/v2\/media\/54469"}],"wp:attachment":[{"href":"https:\/\/www.shqiperia.com\/blog\/wp-json\/wp\/v2\/media?parent=54468"}],"wp:term":[{"taxonomy":"category","embeddable":true,"href":"https:\/\/www.shqiperia.com\/blog\/wp-json\/wp\/v2\/categories?post=54468"},{"taxonomy":"post_tag","embeddable":true,"href":"https:\/\/www.shqiperia.com\/blog\/wp-json\/wp\/v2\/tags?post=54468"}],"curies":[{"name":"wp","href":"https:\/\/api.w.org\/{rel}","templated":true}]}}