{"id":54450,"date":"2022-02-24T15:54:13","date_gmt":"2022-02-24T15:54:13","guid":{"rendered":"https:\/\/www.shqiperia.com\/blog\/?p=54450"},"modified":"2022-02-24T15:58:16","modified_gmt":"2022-02-24T15:58:16","slug":"vrases-terrorist-shperthjne-protestat-kunder-putin-ne-londer-pas-sulmeve-ne-ukraine-24-shkurt-2022-duke-valevitur-flamurin-kombetar-te-ukraines-dhe-duke-brohoritur-slo","status":"publish","type":"post","link":"https:\/\/www.shqiperia.com\/blog\/vrases-terrorist-shperthjne-protestat-kunder-putin-ne-londer-pas-sulmeve-ne-ukraine-24-shkurt-2022-duke-valevitur-flamurin-kombetar-te-ukraines-dhe-duke-brohoritur-slo\/","title":{"rendered":"\u201cVras\u00ebs, terrorist\u201d\/ Shp\u00ebrthjn\u00eb protestat kund\u00ebr Putin n\u00eb Lond\u00ebr pas sulmeve n\u00eb Ukrain\u00eb"},"content":{"rendered":"<p><img data-recalc-dims=\"1\" loading=\"lazy\" decoding=\"async\" data-attachment-id=\"54451\" data-permalink=\"https:\/\/www.shqiperia.com\/blog\/vrases-terrorist-shperthjne-protestat-kunder-putin-ne-londer-pas-sulmeve-ne-ukraine-24-shkurt-2022-duke-valevitur-flamurin-kombetar-te-ukraines-dhe-duke-brohoritur-slo\/640-0-6217923fd2fbf\/\" data-orig-file=\"https:\/\/i0.wp.com\/www.shqiperia.com\/blog\/wp-content\/uploads\/2022\/02\/640-0-6217923fd2fbf.jpg?fit=640%2C426&amp;ssl=1\" data-orig-size=\"640,426\" data-comments-opened=\"1\" data-image-meta=\"{&quot;aperture&quot;:&quot;0&quot;,&quot;credit&quot;:&quot;&quot;,&quot;camera&quot;:&quot;&quot;,&quot;caption&quot;:&quot;&quot;,&quot;created_timestamp&quot;:&quot;0&quot;,&quot;copyright&quot;:&quot;&quot;,&quot;focal_length&quot;:&quot;0&quot;,&quot;iso&quot;:&quot;0&quot;,&quot;shutter_speed&quot;:&quot;0&quot;,&quot;title&quot;:&quot;&quot;,&quot;orientation&quot;:&quot;0&quot;}\" data-image-title=\"-640-0-6217923fd2fbf\" data-image-description=\"\" data-image-caption=\"\" data-medium-file=\"https:\/\/i0.wp.com\/www.shqiperia.com\/blog\/wp-content\/uploads\/2022\/02\/640-0-6217923fd2fbf.jpg?fit=300%2C200&amp;ssl=1\" data-large-file=\"https:\/\/i0.wp.com\/www.shqiperia.com\/blog\/wp-content\/uploads\/2022\/02\/640-0-6217923fd2fbf.jpg?fit=640%2C426&amp;ssl=1\" class=\"alignnone wp-image-54451\" alt=\"\" src=\"https:\/\/i0.wp.com\/www.shqiperia.com\/blog\/wp-content\/uploads\/2022\/02\/640-0-6217923fd2fbf.jpg?resize=738%2C492&#038;ssl=1\" width=\"738\" height=\"492\" srcset=\"https:\/\/i0.wp.com\/www.shqiperia.com\/blog\/wp-content\/uploads\/2022\/02\/640-0-6217923fd2fbf.jpg?resize=300%2C200&amp;ssl=1 300w, https:\/\/i0.wp.com\/www.shqiperia.com\/blog\/wp-content\/uploads\/2022\/02\/640-0-6217923fd2fbf.jpg?resize=600%2C399&amp;ssl=1 600w, https:\/\/i0.wp.com\/www.shqiperia.com\/blog\/wp-content\/uploads\/2022\/02\/640-0-6217923fd2fbf.jpg?resize=450%2C300&amp;ssl=1 450w, https:\/\/i0.wp.com\/www.shqiperia.com\/blog\/wp-content\/uploads\/2022\/02\/640-0-6217923fd2fbf.jpg?resize=400%2C266&amp;ssl=1 400w, https:\/\/i0.wp.com\/www.shqiperia.com\/blog\/wp-content\/uploads\/2022\/02\/640-0-6217923fd2fbf.jpg?w=640&amp;ssl=1 640w\" sizes=\"auto, (max-width: 738px) 100vw, 738px\" \/><\/p>\n<p>\u201cVras\u00ebs, terrorist\u201d\/ Shp\u00ebrthjn\u00eb protestat kund\u00ebr Putin n\u00eb Lond\u00ebr pas sulmeve n\u00eb Ukrain\u00eb<\/p>\n<p>24 SHKURT 2022<\/p>\n<p>Duke val\u00ebvitur flamurin komb\u00ebtar t\u00eb Ukrain\u00ebs dhe duke brohoritur slogane kund\u00ebr Rusis\u00eb, disa qindra mb\u00ebshtet\u00ebs pro-ukrainas jan\u00eb mbledhur n\u00eb Downing Street t\u00eb Londr\u00ebs, nd\u00ebrsa protestojn\u00eb kund\u00ebr vendimit t\u00eb Putin.<\/p>\n<p>Disa mbajn\u00eb pankarta me p\u00ebrshkrimet e Vladimir Putin s\u00eb bashku me fjal\u00ebt \u201cterrorist\u201d dhe \u201cvras\u00ebs\u201d, shkruan BBC. Turma n\u00eb nj\u00eb moment vendosi himnin komb\u00ebtar t\u00eb Ukrain\u00ebs dhe ma pas shp\u00ebrthyen duartrokitjet dhe rifilluan brohoritjet; \u201cStop Putin. Ndalo luft\u00ebn\u201d.<\/p>\n<p>Olga Smith, nj\u00eb muzikante, artiste dhe m\u00ebsuese, u transferua n\u00eb Lond\u00ebr nga Ukraina pes\u00eb vjet m\u00eb par\u00eb, nd\u00ebrkoh\u00eb q\u00eb vajza e saj bashk\u00eb me 4 nip\u00ebrit ndodhet atje. Olga tha se vajza e saj e telefonoi n\u00eb or\u00ebt e para p\u00ebr t\u2019i th\u00ebn\u00eb se pushtimi kishte filluar dhe se rajoni i tyre po bombardohej.<\/p>\n<p>Gazeta Shqip<\/p>\n","protected":false},"excerpt":{"rendered":"<p>\u201cVras\u00ebs, terrorist\u201d\/ Shp\u00ebrthjn\u00eb protestat kund\u00ebr Putin n\u00eb Lond\u00ebr pas sulmeve n\u00eb Ukrain\u00eb 24 SHKURT 2022 Duke val\u00ebvitur flamurin komb\u00ebtar t\u00eb Ukrain\u00ebs dhe duke brohoritur slogane kund\u00ebr Rusis\u00eb, disa qindra mb\u00ebshtet\u00ebs pro-ukrainas jan\u00eb mbledhur n\u00eb Downing Street t\u00eb Londr\u00ebs, nd\u00ebrsa protestojn\u00eb kund\u00ebr vendimit t\u00eb Putin. Disa mbajn\u00eb pankarta me p\u00ebrshkrimet e Vladimir Putin s\u00eb bashku me [&hellip;]<\/p>\n","protected":false},"author":9,"featured_media":54451,"comment_status":"open","ping_status":"open","sticky":false,"template":"","format":"standard","meta":{"jetpack_post_was_ever_published":false,"_jetpack_newsletter_access":"","_jetpack_dont_email_post_to_subs":false,"_jetpack_newsletter_tier_id":0,"_jetpack_memberships_contains_paywalled_content":false,"_jetpack_memberships_contains_paid_content":false,"footnotes":"","jetpack_publicize_message":"","jetpack_publicize_feature_enabled":true,"jetpack_social_post_already_shared":true,"jetpack_social_options":{"image_generator_settings":{"template":"highway","default_image_id":0,"font":"","enabled":false},"version":2}},"categories":[27,1],"tags":[],"class_list":["post-54450","post","type-post","status-publish","format-standard","has-post-thumbnail","hentry","category-blogu-i-udhetarit","category-njoftime-shtypi"],"jetpack_publicize_connections":[],"jetpack_featured_media_url":"https:\/\/i0.wp.com\/www.shqiperia.com\/blog\/wp-content\/uploads\/2022\/02\/640-0-6217923fd2fbf.jpg?fit=640%2C426&ssl=1","jetpack_sharing_enabled":true,"jetpack_shortlink":"https:\/\/wp.me\/p5Z6wp-eae","jetpack-related-posts":[{"id":101176,"url":"https:\/\/www.shqiperia.com\/blog\/proteste-edhe-ne-londer-shqiptaret-e-diaspores-kunder-qeverise-rama\/","url_meta":{"origin":54450,"position":0},"title":"Protest\u00eb edhe n\u00eb Lond\u00ebr, shqiptar\u00ebt e diaspor\u00ebs kund\u00ebr qeveris\u00eb Rama","author":"Kurt Farka","date":"June 6, 2026","format":false,"excerpt":"6 Qershor 2026 Nd\u00ebrsa protesta t\u00eb diaspor\u00ebs shqiptare po zhvillohen paralelisht n\u00eb disa qytete t\u00eb Europ\u00ebs dhe Amerik\u00ebs s\u00eb Veriut, edhe Londra \u00ebsht\u00eb b\u00ebr\u00eb pjes\u00eb e k\u00ebsaj vale reagimi kund\u00ebr politikave t\u00eb qeveris\u00eb s\u00eb kryeministrit Edi Rama. Qindra shqiptar\u00eb jan\u00eb mbledhur n\u00eb kryeqytetin britanik me flamuj komb\u00ebtar\u00eb dhe pankarta, duke\u2026","rel":"","context":"In &quot;Blogu i Udh\u00ebtarit&quot;","block_context":{"text":"Blogu i Udh\u00ebtarit","link":"https:\/\/www.shqiperia.com\/blog\/category\/blogu-i-udhetarit\/"},"img":{"alt_text":"","src":"https:\/\/i0.wp.com\/www.shqiperia.com\/blog\/wp-content\/uploads\/2026\/06\/londer-proteste.jpg?fit=900%2C503&ssl=1&resize=350%2C200","width":350,"height":200,"srcset":"https:\/\/i0.wp.com\/www.shqiperia.com\/blog\/wp-content\/uploads\/2026\/06\/londer-proteste.jpg?fit=900%2C503&ssl=1&resize=350%2C200 1x, https:\/\/i0.wp.com\/www.shqiperia.com\/blog\/wp-content\/uploads\/2026\/06\/londer-proteste.jpg?fit=900%2C503&ssl=1&resize=525%2C300 1.5x, https:\/\/i0.wp.com\/www.shqiperia.com\/blog\/wp-content\/uploads\/2026\/06\/londer-proteste.jpg?fit=900%2C503&ssl=1&resize=700%2C400 2x"},"classes":[]},{"id":100428,"url":"https:\/\/www.shqiperia.com\/blog\/financial-times-zbardh-diskutimet-mes-trump-dhe-xi-jinping-putin-mund-te-pendohet-per-pushtimin-e-ukraines\/","url_meta":{"origin":54450,"position":1},"title":"Financial Times zbardh diskutimet mes Trump dhe Xi Jinping: &#8211; Putin mund t\u00eb pendohet p\u00ebr pushtimin e Ukrain\u00ebs","author":"Kurt Farka","date":"May 19, 2026","format":false,"excerpt":"19 Maji 2026 Sipas disa personave t\u00eb njohur me vler\u00ebsimin e SHBA-s\u00eb p\u00ebr samitin e Pekinit dhe t\u00eb cituar nga Financial Times, Xi i b\u00ebri komentet gjat\u00eb bisedimeve t\u00eb gjera q\u00eb p\u00ebrfshinin edhe Ukrain\u00ebn dhe n\u00eb t\u00eb cilat Trump sugjeroi q\u00eb t\u00eb tre udh\u00ebheq\u00ebsit t\u00eb bashk\u00ebpunojn\u00eb kund\u00ebr Gjykat\u00ebs Nd\u00ebrkomb\u00ebtare Penale\u2026","rel":"","context":"In &quot;Blogu i Udh\u00ebtarit&quot;","block_context":{"text":"Blogu i Udh\u00ebtarit","link":"https:\/\/www.shqiperia.com\/blog\/category\/blogu-i-udhetarit\/"},"img":{"alt_text":"","src":"https:\/\/i0.wp.com\/www.shqiperia.com\/blog\/wp-content\/uploads\/2026\/05\/xi-jinping-trump.jpg?fit=532%2C299&ssl=1&resize=350%2C200","width":350,"height":200,"srcset":"https:\/\/i0.wp.com\/www.shqiperia.com\/blog\/wp-content\/uploads\/2026\/05\/xi-jinping-trump.jpg?fit=532%2C299&ssl=1&resize=350%2C200 1x, https:\/\/i0.wp.com\/www.shqiperia.com\/blog\/wp-content\/uploads\/2026\/05\/xi-jinping-trump.jpg?fit=532%2C299&ssl=1&resize=525%2C300 1.5x"},"classes":[]},{"id":104729,"url":"https:\/\/www.shqiperia.com\/blog\/putin-pranon-goditjen-e-ekonomise-ruse-nga-sulmet-ukrainase-na-kane-shkaktuar-deme\/","url_meta":{"origin":54450,"position":2},"title":"Putin pranon goditjen e ekonomis\u00eb ruse nga sulmet ukrainase: &#8211; Na kan\u00eb shkaktuar d\u00ebme","author":"Kurt Farka","date":"August 19, 2026","format":false,"excerpt":"19 Gusht 2026 Presidenti rus Vladimir Putin ka pranuar se fushata me dron\u00eb e Ukrain\u00ebs kund\u00ebr rafinerive dhe infrastruktur\u00ebs s\u00eb saj t\u00eb naft\u00ebs po ndikon n\u00eb ekonomi. Udh\u00ebheq\u00ebsi rus foli m\u00eb her\u00ebt sot n\u00eb K\u00ebshillin p\u00ebr Zhvillim Strategjik dhe Projekte Komb\u00ebtare n\u00eb Mosk\u00eb. Ai mbeti sfidues ndaj ekonomis\u00eb s\u00eb Rusis\u00eb,\u2026","rel":"","context":"In &quot;Blogu i Udh\u00ebtarit&quot;","block_context":{"text":"Blogu i Udh\u00ebtarit","link":"https:\/\/www.shqiperia.com\/blog\/category\/blogu-i-udhetarit\/"},"img":{"alt_text":"","src":"https:\/\/i0.wp.com\/www.shqiperia.com\/blog\/wp-content\/uploads\/2026\/08\/346556f9-e15aa8b0-putin-202.jpg?fit=1008%2C605&ssl=1&resize=350%2C200","width":350,"height":200,"srcset":"https:\/\/i0.wp.com\/www.shqiperia.com\/blog\/wp-content\/uploads\/2026\/08\/346556f9-e15aa8b0-putin-202.jpg?fit=1008%2C605&ssl=1&resize=350%2C200 1x, https:\/\/i0.wp.com\/www.shqiperia.com\/blog\/wp-content\/uploads\/2026\/08\/346556f9-e15aa8b0-putin-202.jpg?fit=1008%2C605&ssl=1&resize=525%2C300 1.5x, https:\/\/i0.wp.com\/www.shqiperia.com\/blog\/wp-content\/uploads\/2026\/08\/346556f9-e15aa8b0-putin-202.jpg?fit=1008%2C605&ssl=1&resize=700%2C400 2x"},"classes":[]},{"id":102587,"url":"https:\/\/www.shqiperia.com\/blog\/dua-lipa-pro-protestave-media-e-brukselit-zeri-i-duhur-ne-kohen-e-duhur-kunder-qeverise-se-rames\/","url_meta":{"origin":54450,"position":3},"title":"Dua Lipa pro protestave\/ Media e Brukselit: &#8211; Z\u00ebri i duhur n\u00eb koh\u00ebn e duhur kund\u00ebr qeveris\u00eb s\u00eb Ram\u00ebs","author":"Kurt Farka","date":"July 13, 2026","format":false,"excerpt":"13 Korrik 2026 Nga Georgi Gotev,\u00a0EU ALIVE Pas gati 50 dit\u00ebsh protestash n\u00eb rrug\u00ebt e Shqip\u00ebris\u00eb, superylli bot\u00ebror Dua Lipa m\u00eb n\u00eb fund ka folur publikisht \u2013 dhe fjal\u00ebt e saj bien si nj\u00eb refren i goditur n\u00eb koh\u00ebn e duhur kund\u00ebr qeveris\u00eb s\u00eb kryeministrit Edi Rama. E lindur n\u00eb\u2026","rel":"","context":"In &quot;Blogu i Udh\u00ebtarit&quot;","block_context":{"text":"Blogu i Udh\u00ebtarit","link":"https:\/\/www.shqiperia.com\/blog\/category\/blogu-i-udhetarit\/"},"img":{"alt_text":"","src":"https:\/\/i0.wp.com\/www.shqiperia.com\/blog\/wp-content\/uploads\/2026\/07\/auto_lipa1783927631.png?fit=900%2C479&ssl=1&resize=350%2C200","width":350,"height":200,"srcset":"https:\/\/i0.wp.com\/www.shqiperia.com\/blog\/wp-content\/uploads\/2026\/07\/auto_lipa1783927631.png?fit=900%2C479&ssl=1&resize=350%2C200 1x, https:\/\/i0.wp.com\/www.shqiperia.com\/blog\/wp-content\/uploads\/2026\/07\/auto_lipa1783927631.png?fit=900%2C479&ssl=1&resize=525%2C300 1.5x, https:\/\/i0.wp.com\/www.shqiperia.com\/blog\/wp-content\/uploads\/2026\/07\/auto_lipa1783927631.png?fit=900%2C479&ssl=1&resize=700%2C400 2x"},"classes":[]},{"id":102857,"url":"https:\/\/www.shqiperia.com\/blog\/shefi-i-cia-trupat-e-putin-nuk-rezistojne-me-shume-se-30-minuta-ne-fushen-e-betejes\/","url_meta":{"origin":54450,"position":4},"title":"Shefi i CIA: &#8211; Trupat e Putin nuk rezistojn\u00eb m\u00eb shum\u00eb se 30 minuta n\u00eb fush\u00ebn e betej\u00ebs","author":"Kurt Farka","date":"July 18, 2026","format":false,"excerpt":"18 Korrok 2026 Jet\u00ebgjat\u00ebsia mesatare p\u00ebr nj\u00eb ushtar rus n\u00eb Ukrain\u00eb \u00ebsht\u00eb midis 20-30 minutash, sipas drejtoriy t\u00eb CIA-s, John Ratcliffe. Duke folur n\u00eb nj\u00eb samit t\u00eb mbrojtjes n\u00eb Pensilvani, ai ia atribuoi kushtet vdekjeprur\u00ebse p\u00ebr forcat e Vladimir Putinit dron\u00ebve luftarak\u00eb t\u00eb Ukrain\u00ebs t\u00eb pajisur me inteligjenc\u00eb artificiale. \u201cAjo\u2026","rel":"","context":"In &quot;Blogu i Udh\u00ebtarit&quot;","block_context":{"text":"Blogu i Udh\u00ebtarit","link":"https:\/\/www.shqiperia.com\/blog\/category\/blogu-i-udhetarit\/"},"img":{"alt_text":"","src":"https:\/\/i0.wp.com\/www.shqiperia.com\/blog\/wp-content\/uploads\/2026\/07\/640-0-97e9a7731bb37e1f1202cb20d23e5cb3.jpeg?fit=640%2C422&ssl=1&resize=350%2C200","width":350,"height":200,"srcset":"https:\/\/i0.wp.com\/www.shqiperia.com\/blog\/wp-content\/uploads\/2026\/07\/640-0-97e9a7731bb37e1f1202cb20d23e5cb3.jpeg?fit=640%2C422&ssl=1&resize=350%2C200 1x, https:\/\/i0.wp.com\/www.shqiperia.com\/blog\/wp-content\/uploads\/2026\/07\/640-0-97e9a7731bb37e1f1202cb20d23e5cb3.jpeg?fit=640%2C422&ssl=1&resize=525%2C300 1.5x"},"classes":[]},{"id":102908,"url":"https:\/\/www.shqiperia.com\/blog\/dua-lipa-i-cileson-frymezim-bbc-artikull-tjeter-per-protestat-kunder-kastes-se-korruptuar\/","url_meta":{"origin":54450,"position":5},"title":"\u201cDua Lipa, i cil\u00ebson frym\u00ebzim\u201d\/ BBC artikull tjet\u00ebr p\u00ebr protestat kund\u00ebr Kast\u00ebs s\u00eb korruptuar","author":"Kurt Farka","date":"July 18, 2026","format":false,"excerpt":"19 Korrik2026 BBC Global Woman i ka kushtuar nj\u00eb artikull protestave q\u00eb po zhvillohen n\u00eb Shqip\u00ebri kund\u00ebr projektit turistik t\u00eb planifikuar n\u00eb zon\u00ebn e mbrojtur t\u00eb Zv\u00ebrnecit dhe ishullit t\u00eb Sazanit, duke i paraqitur ato si nj\u00eb nga l\u00ebvizjet m\u00eb t\u00eb m\u00ebdha qytetare t\u00eb muajve t\u00eb fundit. N\u00eb artikull thuhet\u2026","rel":"","context":"In &quot;Blogu i Udh\u00ebtarit&quot;","block_context":{"text":"Blogu i Udh\u00ebtarit","link":"https:\/\/www.shqiperia.com\/blog\/category\/blogu-i-udhetarit\/"},"img":{"alt_text":"","src":"https:\/\/i0.wp.com\/www.shqiperia.com\/blog\/wp-content\/uploads\/2026\/07\/800-0-6a5ba7ba61b5b.jpg?fit=800%2C484&ssl=1&resize=350%2C200","width":350,"height":200,"srcset":"https:\/\/i0.wp.com\/www.shqiperia.com\/blog\/wp-content\/uploads\/2026\/07\/800-0-6a5ba7ba61b5b.jpg?fit=800%2C484&ssl=1&resize=350%2C200 1x, https:\/\/i0.wp.com\/www.shqiperia.com\/blog\/wp-content\/uploads\/2026\/07\/800-0-6a5ba7ba61b5b.jpg?fit=800%2C484&ssl=1&resize=525%2C300 1.5x, https:\/\/i0.wp.com\/www.shqiperia.com\/blog\/wp-content\/uploads\/2026\/07\/800-0-6a5ba7ba61b5b.jpg?fit=800%2C484&ssl=1&resize=700%2C400 2x"},"classes":[]}],"_links":{"self":[{"href":"https:\/\/www.shqiperia.com\/blog\/wp-json\/wp\/v2\/posts\/54450","targetHints":{"allow":["GET"]}}],"collection":[{"href":"https:\/\/www.shqiperia.com\/blog\/wp-json\/wp\/v2\/posts"}],"about":[{"href":"https:\/\/www.shqiperia.com\/blog\/wp-json\/wp\/v2\/types\/post"}],"author":[{"embeddable":true,"href":"https:\/\/www.shqiperia.com\/blog\/wp-json\/wp\/v2\/users\/9"}],"replies":[{"embeddable":true,"href":"https:\/\/www.shqiperia.com\/blog\/wp-json\/wp\/v2\/comments?post=54450"}],"version-history":[{"count":3,"href":"https:\/\/www.shqiperia.com\/blog\/wp-json\/wp\/v2\/posts\/54450\/revisions"}],"predecessor-version":[{"id":54454,"href":"https:\/\/www.shqiperia.com\/blog\/wp-json\/wp\/v2\/posts\/54450\/revisions\/54454"}],"wp:featuredmedia":[{"embeddable":true,"href":"https:\/\/www.shqiperia.com\/blog\/wp-json\/wp\/v2\/media\/54451"}],"wp:attachment":[{"href":"https:\/\/www.shqiperia.com\/blog\/wp-json\/wp\/v2\/media?parent=54450"}],"wp:term":[{"taxonomy":"category","embeddable":true,"href":"https:\/\/www.shqiperia.com\/blog\/wp-json\/wp\/v2\/categories?post=54450"},{"taxonomy":"post_tag","embeddable":true,"href":"https:\/\/www.shqiperia.com\/blog\/wp-json\/wp\/v2\/tags?post=54450"}],"curies":[{"name":"wp","href":"https:\/\/api.w.org\/{rel}","templated":true}]}}