{"id":54447,"date":"2022-02-24T15:09:20","date_gmt":"2022-02-24T15:09:20","guid":{"rendered":"https:\/\/www.shqiperia.com\/blog\/?p=54447"},"modified":"2022-02-24T15:09:20","modified_gmt":"2022-02-24T15:09:20","slug":"gjendje-lufte-mes-rusise-dhe-ukraines-nato-jep-lajmin-e-rendesishem-per-ballkanin","status":"publish","type":"post","link":"https:\/\/www.shqiperia.com\/blog\/gjendje-lufte-mes-rusise-dhe-ukraines-nato-jep-lajmin-e-rendesishem-per-ballkanin\/","title":{"rendered":"Gjendje lufte mes Rusis\u00eb dhe Ukrain\u00ebs: &#8211; NATO jep lajmin e R\u00cbND\u00cbSISH\u00cbM p\u00ebr Ballkanin"},"content":{"rendered":"<p><img data-recalc-dims=\"1\" loading=\"lazy\" decoding=\"async\" data-attachment-id=\"54448\" data-permalink=\"https:\/\/www.shqiperia.com\/blog\/gjendje-lufte-mes-rusise-dhe-ukraines-nato-jep-lajmin-e-rendesishem-per-ballkanin\/800-0-3bdf2dd28607075ada5f553457191ee0\/\" data-orig-file=\"https:\/\/i0.wp.com\/www.shqiperia.com\/blog\/wp-content\/uploads\/2022\/02\/800-0-3bdf2dd28607075ada5f553457191ee0.jpg?fit=800%2C447&amp;ssl=1\" data-orig-size=\"800,447\" data-comments-opened=\"1\" data-image-meta=\"{&quot;aperture&quot;:&quot;0&quot;,&quot;credit&quot;:&quot;&quot;,&quot;camera&quot;:&quot;&quot;,&quot;caption&quot;:&quot;&quot;,&quot;created_timestamp&quot;:&quot;0&quot;,&quot;copyright&quot;:&quot;&quot;,&quot;focal_length&quot;:&quot;0&quot;,&quot;iso&quot;:&quot;0&quot;,&quot;shutter_speed&quot;:&quot;0&quot;,&quot;title&quot;:&quot;&quot;,&quot;orientation&quot;:&quot;0&quot;}\" data-image-title=\"-800-0-3bdf2dd28607075ada5f553457191ee0\" data-image-description=\"\" data-image-caption=\"\" data-medium-file=\"https:\/\/i0.wp.com\/www.shqiperia.com\/blog\/wp-content\/uploads\/2022\/02\/800-0-3bdf2dd28607075ada5f553457191ee0.jpg?fit=300%2C168&amp;ssl=1\" data-large-file=\"https:\/\/i0.wp.com\/www.shqiperia.com\/blog\/wp-content\/uploads\/2022\/02\/800-0-3bdf2dd28607075ada5f553457191ee0.jpg?fit=800%2C447&amp;ssl=1\" class=\"alignnone  wp-image-54448\" alt=\"\" src=\"https:\/\/i0.wp.com\/www.shqiperia.com\/blog\/wp-content\/uploads\/2022\/02\/800-0-3bdf2dd28607075ada5f553457191ee0.jpg?resize=664%2C372&#038;ssl=1\" width=\"664\" height=\"372\" srcset=\"https:\/\/i0.wp.com\/www.shqiperia.com\/blog\/wp-content\/uploads\/2022\/02\/800-0-3bdf2dd28607075ada5f553457191ee0.jpg?resize=300%2C168&amp;ssl=1 300w, https:\/\/i0.wp.com\/www.shqiperia.com\/blog\/wp-content\/uploads\/2022\/02\/800-0-3bdf2dd28607075ada5f553457191ee0.jpg?resize=768%2C429&amp;ssl=1 768w, https:\/\/i0.wp.com\/www.shqiperia.com\/blog\/wp-content\/uploads\/2022\/02\/800-0-3bdf2dd28607075ada5f553457191ee0.jpg?resize=450%2C251&amp;ssl=1 450w, https:\/\/i0.wp.com\/www.shqiperia.com\/blog\/wp-content\/uploads\/2022\/02\/800-0-3bdf2dd28607075ada5f553457191ee0.jpg?resize=600%2C335&amp;ssl=1 600w, https:\/\/i0.wp.com\/www.shqiperia.com\/blog\/wp-content\/uploads\/2022\/02\/800-0-3bdf2dd28607075ada5f553457191ee0.jpg?resize=400%2C224&amp;ssl=1 400w, https:\/\/i0.wp.com\/www.shqiperia.com\/blog\/wp-content\/uploads\/2022\/02\/800-0-3bdf2dd28607075ada5f553457191ee0.jpg?w=800&amp;ssl=1 800w\" sizes=\"auto, (max-width: 664px) 100vw, 664px\" \/><\/p>\n<p>Gjendje lufte mes Rusis\u00eb dhe Ukrain\u00ebs: &#8211; NATO jep lajmin e R\u00cbND\u00cbSISH\u00cbM p\u00ebr Ballkanin<\/p>\n<p>24 SHKURT 2022<\/p>\n<p>N\u00eb koh\u00ebn kur NATO dhe Bashkimi Evropian jan\u00eb bashkuar p\u00ebr t\u00eb d\u00ebnuar pushtimin rus n\u00eb Ukrain\u00eb, pjes\u00ebtar\u00eb t\u00eb aleanc\u00ebs kan\u00eb th\u00ebn\u00eb p\u00ebr Radion Evropa e Lir\u00eb se jan\u00eb t\u00eb gatsh\u00ebm t\u00eb vazhdojn\u00eb t\u00eb luajn\u00eb rol p\u00ebr t\u00eb mb\u00ebshtetur paqen dhe sigurin\u00eb afatgjate n\u00eb rajonin e Ballkanit Per\u00ebndimor.<\/p>\n<p>\u201cPolitika e NATO-s n\u00eb Kosov\u00eb dhe n\u00eb Ballkanin Per\u00ebndimor ka qen\u00eb konsistente gjat\u00eb t\u00ebr\u00eb koh\u00ebs. Dhe kjo mbetet edhe tash. NATO mbetet t\u00ebr\u00ebsisht e p\u00ebrkushtuar q\u00eb t\u00eb luaj\u00eb rolin e vet n\u00eb mb\u00ebshtetje t\u00eb siguris\u00eb afatgjate p\u00ebrgjat\u00eb Ballkanit Per\u00ebndimor\u201d, ka th\u00ebn\u00eb nj\u00eb zyrtar i NATO-s, kur \u00ebsht\u00eb pyetur n\u00ebse aleanca do t\u00eb rris\u00eb pranin\u00eb n\u00eb rajon p\u00ebr t\u00eb parandaluar ndonj\u00eb destabilizim eventual t\u00eb situat\u00ebs.<\/p>\n<p>NATO n\u00eb Kosov\u00eb ka nj\u00eb mision ushtarak p\u00ebrmes KFOR-it n\u00eb t\u00eb cilin marrin pjes\u00eb edhe trupa nga vendet partnere q\u00eb nuk jan\u00eb an\u00ebtare t\u00eb aleanc\u00ebs.<\/p>\n<p>Nd\u00ebrhyrja e NATO-s, p\u00ebrkat\u00ebsisht dislokimi i trupave paqeruajt\u00ebse t\u00eb KFOR-it m\u00eb 12 qershor, 1999, ka pasuar fushat\u00ebn e sulmeve ajrore t\u00eb aleanc\u00ebs veriatlantike kund\u00ebr caqeve serbe n\u00eb Kosov\u00eb dhe n\u00eb Serbi, q\u00eb ka zgjatur 78 dit\u00eb.<\/p>\n<p>Sulmi i Mosk\u00ebs ndaj Ukrain\u00ebs ka nisur n\u00eb or\u00ebt e para t\u00eb 24 shkurtit. Raketat jan\u00eb nisur n\u00eb aeroporte dhe infrastruktur\u00eb ushtarake n\u00eb rreth 25 qytete.<\/p>\n<p>Presidenti rus, Vladimir Putin ka urdh\u00ebruar \u201coperacion special\u201d p\u00ebr t\u00eb \u00e7militarizuar Ukrain\u00ebn. Veprimi i Kremlinit ka nxitur zem\u00ebrim dhe \u00ebsht\u00eb d\u00ebnuar n\u00eb gjith\u00eb bot\u00ebn.<\/p>\n<p>Shtetet e Bashkuara dhe aleat\u00ebt e kan\u00eb paralajm\u00ebruar sanksione t\u00eb ashpra kund\u00ebr Mosk\u00ebs.<\/p>\n<p>Gazeta Sot<\/p>\n","protected":false},"excerpt":{"rendered":"<p>Gjendje lufte mes Rusis\u00eb dhe Ukrain\u00ebs: &#8211; NATO jep lajmin e R\u00cbND\u00cbSISH\u00cbM p\u00ebr Ballkanin 24 SHKURT 2022 N\u00eb koh\u00ebn kur NATO dhe Bashkimi Evropian jan\u00eb bashkuar p\u00ebr t\u00eb d\u00ebnuar pushtimin rus n\u00eb Ukrain\u00eb, pjes\u00ebtar\u00eb t\u00eb aleanc\u00ebs kan\u00eb th\u00ebn\u00eb p\u00ebr Radion Evropa e Lir\u00eb se jan\u00eb t\u00eb gatsh\u00ebm t\u00eb vazhdojn\u00eb t\u00eb luajn\u00eb rol p\u00ebr t\u00eb mb\u00ebshtetur [&hellip;]<\/p>\n","protected":false},"author":9,"featured_media":54448,"comment_status":"open","ping_status":"open","sticky":false,"template":"","format":"standard","meta":{"jetpack_post_was_ever_published":false,"_jetpack_newsletter_access":"","_jetpack_dont_email_post_to_subs":false,"_jetpack_newsletter_tier_id":0,"_jetpack_memberships_contains_paywalled_content":false,"_jetpack_memberships_contains_paid_content":false,"footnotes":"","jetpack_publicize_message":"","jetpack_publicize_feature_enabled":true,"jetpack_social_post_already_shared":true,"jetpack_social_options":{"image_generator_settings":{"template":"highway","default_image_id":0,"font":"","enabled":false},"version":2}},"categories":[27,1],"tags":[],"class_list":["post-54447","post","type-post","status-publish","format-standard","has-post-thumbnail","hentry","category-blogu-i-udhetarit","category-njoftime-shtypi"],"jetpack_publicize_connections":[],"jetpack_featured_media_url":"https:\/\/i0.wp.com\/www.shqiperia.com\/blog\/wp-content\/uploads\/2022\/02\/800-0-3bdf2dd28607075ada5f553457191ee0.jpg?fit=800%2C447&ssl=1","jetpack_sharing_enabled":true,"jetpack_shortlink":"https:\/\/wp.me\/p5Z6wp-eab","jetpack-related-posts":[{"id":104131,"url":"https:\/\/www.shqiperia.com\/blog\/pse-shba-solli-nje-gjeneral-per-ambasador-ne-tirane-spartak-ngjela-zberthen-levizjen-strategjike-te-uashingtonit\/","url_meta":{"origin":54447,"position":0},"title":"Pse SHBA solli nj\u00eb gjeneral p\u00ebr ambasador n\u00eb Tiran\u00eb, Spartak Ngjela zb\u00ebrthen l\u00ebvizjen strategjike t\u00eb Uashingtonit\u2026","author":"Kurt Farka","date":"August 10, 2026","format":false,"excerpt":"10 Gusht 2026 Konfirmimi i gjeneral-lejtnantit n\u00eb pension Eric Wendt si ambasadori i ri i Shteteve t\u00eb Bashkuara t\u00eb Amerik\u00ebs (SHBA) n\u00eb Shqip\u00ebri ka ndezur diskutime t\u00eb forta p\u00ebr nj\u00eb ndryshim t\u00eb r\u00ebnd\u00ebsish\u00ebm n\u00eb marr\u00ebdh\u00ebniet Tiran\u00eb\u2013Washington. Avokat i njohur, Spartak Ngjela ka reaguar n\u00eb rrjetet social, nd\u00ebrsa e cil\u00ebson k\u00ebt\u00eb\u2026","rel":"","context":"In &quot;Blogu i Udh\u00ebtarit&quot;","block_context":{"text":"Blogu i Udh\u00ebtarit","link":"https:\/\/www.shqiperia.com\/blog\/category\/blogu-i-udhetarit\/"},"img":{"alt_text":"","src":"https:\/\/i0.wp.com\/www.shqiperia.com\/blog\/wp-content\/uploads\/2026\/08\/1200-630-ngjela-1.jpg?fit=1200%2C630&ssl=1&resize=350%2C200","width":350,"height":200,"srcset":"https:\/\/i0.wp.com\/www.shqiperia.com\/blog\/wp-content\/uploads\/2026\/08\/1200-630-ngjela-1.jpg?fit=1200%2C630&ssl=1&resize=350%2C200 1x, https:\/\/i0.wp.com\/www.shqiperia.com\/blog\/wp-content\/uploads\/2026\/08\/1200-630-ngjela-1.jpg?fit=1200%2C630&ssl=1&resize=525%2C300 1.5x, https:\/\/i0.wp.com\/www.shqiperia.com\/blog\/wp-content\/uploads\/2026\/08\/1200-630-ngjela-1.jpg?fit=1200%2C630&ssl=1&resize=700%2C400 2x, https:\/\/i0.wp.com\/www.shqiperia.com\/blog\/wp-content\/uploads\/2026\/08\/1200-630-ngjela-1.jpg?fit=1200%2C630&ssl=1&resize=1050%2C600 3x"},"classes":[]},{"id":79840,"url":"https:\/\/www.shqiperia.com\/blog\/rusia-tenton-te-destabilizoje-ballkanin-perendimor-me-metoda-klasike-ambasadorja-amerikane-ne-nato-po-monitorojme-me-kujdes-cdo-veprim\/","url_meta":{"origin":54447,"position":1},"title":"\u201cRusia tenton t\u00eb destabilizoj\u00eb Ballkanin Per\u00ebndimor me metoda klasike\u201d, ambasadorja amerikane n\u00eb NATO: &#8211; Po monitorojm\u00eb me kujdes \u00e7do veprim","author":"Kurt Farka","date":"April 2, 2024","format":false,"excerpt":"2 Prill 2024 Ambasadorja amerikane n\u00eb selin\u00eb e NATO-s n\u00eb Bruksel, Julianne Smith, ka th\u00ebn\u00eb t\u00eb mart\u00ebn se Rusia \u00ebsht\u00eb duke tentuar t\u00eb destabilizoj\u00eb rajonin e Ballkanit Per\u00ebndimor me metoda klasike, por NATO-ja \u00ebsht\u00eb duke i monitoruar me kujdes k\u00ebto veprime dhe po punon me partner\u00ebt p\u00ebr t\u00eb ruajtur stabilitetin\u2026","rel":"","context":"In &quot;Blogu i Udh\u00ebtarit&quot;","block_context":{"text":"Blogu i Udh\u00ebtarit","link":"https:\/\/www.shqiperia.com\/blog\/category\/blogu-i-udhetarit\/"},"img":{"alt_text":"","src":"https:\/\/i0.wp.com\/www.shqiperia.com\/blog\/wp-content\/uploads\/2024\/04\/640-0-ed69f4d21bd8b3edb9ed9b332e263008.jpg?fit=640%2C417&ssl=1&resize=350%2C200","width":350,"height":200,"srcset":"https:\/\/i0.wp.com\/www.shqiperia.com\/blog\/wp-content\/uploads\/2024\/04\/640-0-ed69f4d21bd8b3edb9ed9b332e263008.jpg?fit=640%2C417&ssl=1&resize=350%2C200 1x, https:\/\/i0.wp.com\/www.shqiperia.com\/blog\/wp-content\/uploads\/2024\/04\/640-0-ed69f4d21bd8b3edb9ed9b332e263008.jpg?fit=640%2C417&ssl=1&resize=525%2C300 1.5x"},"classes":[]},{"id":65041,"url":"https:\/\/www.shqiperia.com\/blog\/nato-jep-alarmin-putin-deshiron-te-gllaberoje-ballkanin-perendimor-a-rrezikon-shqiperia-3-shteteve-u-rrezikohet-ekzistenca\/","url_meta":{"origin":54447,"position":2},"title":"NATO jep alarmin: &#8211; Putin d\u00ebshiron t\u00eb &#8220;gllab\u00ebroj\u00eb&#8221; Ballkanin Per\u00ebndimor! &#8211; A rrezikon Shqip\u00ebria? &#8220;3 shteteve u rrezikohet ekzistenca&#8221;","author":"Kurt Farka","date":"December 1, 2022","format":false,"excerpt":"1 Dhjetor 2022 NATO \u00ebsht\u00eb zotuar t\u00eb ndihmoj\u00eb fqinj\u00ebt e Rusis\u00eb t\u00eb mbijetojn\u00eb si kombe t\u00eb pavarura, duke th\u00ebn\u00eb se rezultati i luft\u00ebs \u00ebsht\u00eb me \"r\u00ebnd\u00ebsi ekzistenciale\" p\u00ebr vende si Moldavia dhe Gjeorgjia. Pas nj\u00eb dite t\u00eb dyt\u00eb t\u00eb bisedimeve midis ministrave t\u00eb jasht\u00ebm t\u00eb NATO-s, p\u00ebrfaq\u00ebsuesi i Estonis\u00eb Urmas\u2026","rel":"","context":"In &quot;Blogu i Udh\u00ebtarit&quot;","block_context":{"text":"Blogu i Udh\u00ebtarit","link":"https:\/\/www.shqiperia.com\/blog\/category\/blogu-i-udhetarit\/"},"img":{"alt_text":"","src":"https:\/\/i0.wp.com\/www.shqiperia.com\/blog\/wp-content\/uploads\/2022\/12\/640-0-638878bbee1fe.jpg?fit=640%2C381&ssl=1&resize=350%2C200","width":350,"height":200,"srcset":"https:\/\/i0.wp.com\/www.shqiperia.com\/blog\/wp-content\/uploads\/2022\/12\/640-0-638878bbee1fe.jpg?fit=640%2C381&ssl=1&resize=350%2C200 1x, https:\/\/i0.wp.com\/www.shqiperia.com\/blog\/wp-content\/uploads\/2022\/12\/640-0-638878bbee1fe.jpg?fit=640%2C381&ssl=1&resize=525%2C300 1.5x"},"classes":[]},{"id":100786,"url":"https:\/\/www.shqiperia.com\/blog\/zhvillohet-ne-tirane-forumi-partneriteti-be-shba-dhe-roli-i-nato-s-e-organizuar-nga-fatmir-mediu\/","url_meta":{"origin":54447,"position":3},"title":"Zhvillohet n\u00eb Tiran\u00eb Forumi, Partneriteti BE\u2013SHBA dhe Roli i NATO-s. E organizuar nga Fatmir Mediu","author":"Kurt Farka","date":"May 31, 2026","format":false,"excerpt":"31 Maji 2026 Kryetari i Partis\u00eb Republikane, Fatmir Mediu, organizoi n\u00eb Tiran\u00eb Forumin Nd\u00ebrkomb\u00ebtar t\u00eb Siguris\u00eb me tem\u00eb \u201cPartneriteti BE\u2013SHBA dhe Roli i Paz\u00ebvend\u00ebsuesh\u00ebm i NATO-s\u201d, me mb\u00ebshtetjen e Kryetarit t\u00eb Kuvendit, z. Niko Peleshi. N\u00eb k\u00ebt\u00eb forum mor\u00ebn pjes\u00eb autoritete t\u00eb larta t\u00eb Kongresit dhe politik\u00ebs amerikane, p\u00ebrfaq\u00ebsues t\u00eb\u2026","rel":"","context":"In &quot;Blogu i Udh\u00ebtarit&quot;","block_context":{"text":"Blogu i Udh\u00ebtarit","link":"https:\/\/www.shqiperia.com\/blog\/category\/blogu-i-udhetarit\/"},"img":{"alt_text":"","src":"https:\/\/i0.wp.com\/www.shqiperia.com\/blog\/wp-content\/uploads\/2026\/05\/fatmir-mediu-konferenca.jpg?fit=900%2C600&ssl=1&resize=350%2C200","width":350,"height":200,"srcset":"https:\/\/i0.wp.com\/www.shqiperia.com\/blog\/wp-content\/uploads\/2026\/05\/fatmir-mediu-konferenca.jpg?fit=900%2C600&ssl=1&resize=350%2C200 1x, https:\/\/i0.wp.com\/www.shqiperia.com\/blog\/wp-content\/uploads\/2026\/05\/fatmir-mediu-konferenca.jpg?fit=900%2C600&ssl=1&resize=525%2C300 1.5x, https:\/\/i0.wp.com\/www.shqiperia.com\/blog\/wp-content\/uploads\/2026\/05\/fatmir-mediu-konferenca.jpg?fit=900%2C600&ssl=1&resize=700%2C400 2x"},"classes":[]},{"id":104089,"url":"https:\/\/www.shqiperia.com\/blog\/ishim-krah-ukraines-qe-diten-e-pare-kosova-i-pergjigjet-zelenskyt-pas-deklarates-ne-takimin-me-vucic\/","url_meta":{"origin":54447,"position":4},"title":"\u201cIshim krah Ukrain\u00ebs q\u00eb dit\u00ebn e par\u00eb\u201d \u2013 Kosova i p\u00ebrgjigjet Zelenskyt, pas deklarat\u00ebs n\u00eb takimin me Vu\u00e7i\u00e7","author":"Kurt Farka","date":"August 9, 2026","format":false,"excerpt":"9 Gusht 2026 Ministri i Jasht\u00ebm n\u00eb detyr\u00eb i Kosov\u00ebs, Glauk Konjufca, ka reaguar ndaj deklarat\u00ebs s\u00eb presidentit ukrainas, Volodymyr Zelensky n\u00eb Beograd, se Ukraina nuk do ta njoh\u00eb Republik\u00ebn e Kosov\u00ebs. Konjufca ka shprehur keqardhje p\u00ebr k\u00ebt\u00eb q\u00ebndrim, duke theksuar se Kosova, q\u00eb nga dita e par\u00eb e agresionit\u2026","rel":"","context":"In &quot;Blogu i Udh\u00ebtarit&quot;","block_context":{"text":"Blogu i Udh\u00ebtarit","link":"https:\/\/www.shqiperia.com\/blog\/category\/blogu-i-udhetarit\/"},"img":{"alt_text":"","src":"https:\/\/i0.wp.com\/www.shqiperia.com\/blog\/wp-content\/uploads\/2026\/08\/2018-02-flamur-jpg.webp?fit=1200%2C675&ssl=1&resize=350%2C200","width":350,"height":200,"srcset":"https:\/\/i0.wp.com\/www.shqiperia.com\/blog\/wp-content\/uploads\/2026\/08\/2018-02-flamur-jpg.webp?fit=1200%2C675&ssl=1&resize=350%2C200 1x, https:\/\/i0.wp.com\/www.shqiperia.com\/blog\/wp-content\/uploads\/2026\/08\/2018-02-flamur-jpg.webp?fit=1200%2C675&ssl=1&resize=525%2C300 1.5x, https:\/\/i0.wp.com\/www.shqiperia.com\/blog\/wp-content\/uploads\/2026\/08\/2018-02-flamur-jpg.webp?fit=1200%2C675&ssl=1&resize=700%2C400 2x, https:\/\/i0.wp.com\/www.shqiperia.com\/blog\/wp-content\/uploads\/2026\/08\/2018-02-flamur-jpg.webp?fit=1200%2C675&ssl=1&resize=1050%2C600 3x"},"classes":[]},{"id":100120,"url":"https:\/\/www.shqiperia.com\/blog\/pse-putin-e-sinjalizoi-tani-fundin-e-luftes-ne-ukraine\/","url_meta":{"origin":54447,"position":5},"title":"Pse Putin e sinjalizoi tani fundin e luft\u00ebs n\u00eb Ukrain\u00eb?","author":"Kurt Farka","date":"May 11, 2026","format":false,"excerpt":"11 Maji 2026 Presidenti rus Vladimir Putin ka b\u00ebr\u00eb deklarata t\u00eb forta s\u00eb fundmi, q\u00eb l\u00ebn\u00eb t\u00eb kuptohet se lufta e Rusis\u00eb me Ukrain\u00ebn mund t\u00eb jet\u00eb \u201cduke u afruar drejt fundit\u201d. Por, nj\u00eb shqyrtim m\u00eb i thell\u00eb i kontekstit tregon se ky nuk \u00ebsht\u00eb nj\u00eb sinjal i qart\u00eb p\u00ebr\u2026","rel":"","context":"In &quot;Njoftime Shtypi&quot;","block_context":{"text":"Njoftime Shtypi","link":"https:\/\/www.shqiperia.com\/blog\/category\/njoftime-shtypi\/"},"img":{"alt_text":"","src":"https:\/\/i0.wp.com\/www.shqiperia.com\/blog\/wp-content\/uploads\/2026\/05\/putin.jpg?fit=768%2C432&ssl=1&resize=350%2C200","width":350,"height":200,"srcset":"https:\/\/i0.wp.com\/www.shqiperia.com\/blog\/wp-content\/uploads\/2026\/05\/putin.jpg?fit=768%2C432&ssl=1&resize=350%2C200 1x, https:\/\/i0.wp.com\/www.shqiperia.com\/blog\/wp-content\/uploads\/2026\/05\/putin.jpg?fit=768%2C432&ssl=1&resize=525%2C300 1.5x, https:\/\/i0.wp.com\/www.shqiperia.com\/blog\/wp-content\/uploads\/2026\/05\/putin.jpg?fit=768%2C432&ssl=1&resize=700%2C400 2x"},"classes":[]}],"_links":{"self":[{"href":"https:\/\/www.shqiperia.com\/blog\/wp-json\/wp\/v2\/posts\/54447","targetHints":{"allow":["GET"]}}],"collection":[{"href":"https:\/\/www.shqiperia.com\/blog\/wp-json\/wp\/v2\/posts"}],"about":[{"href":"https:\/\/www.shqiperia.com\/blog\/wp-json\/wp\/v2\/types\/post"}],"author":[{"embeddable":true,"href":"https:\/\/www.shqiperia.com\/blog\/wp-json\/wp\/v2\/users\/9"}],"replies":[{"embeddable":true,"href":"https:\/\/www.shqiperia.com\/blog\/wp-json\/wp\/v2\/comments?post=54447"}],"version-history":[{"count":1,"href":"https:\/\/www.shqiperia.com\/blog\/wp-json\/wp\/v2\/posts\/54447\/revisions"}],"predecessor-version":[{"id":54449,"href":"https:\/\/www.shqiperia.com\/blog\/wp-json\/wp\/v2\/posts\/54447\/revisions\/54449"}],"wp:featuredmedia":[{"embeddable":true,"href":"https:\/\/www.shqiperia.com\/blog\/wp-json\/wp\/v2\/media\/54448"}],"wp:attachment":[{"href":"https:\/\/www.shqiperia.com\/blog\/wp-json\/wp\/v2\/media?parent=54447"}],"wp:term":[{"taxonomy":"category","embeddable":true,"href":"https:\/\/www.shqiperia.com\/blog\/wp-json\/wp\/v2\/categories?post=54447"},{"taxonomy":"post_tag","embeddable":true,"href":"https:\/\/www.shqiperia.com\/blog\/wp-json\/wp\/v2\/tags?post=54447"}],"curies":[{"name":"wp","href":"https:\/\/api.w.org\/{rel}","templated":true}]}}