{"id":54444,"date":"2022-02-24T14:58:25","date_gmt":"2022-02-24T14:58:25","guid":{"rendered":"https:\/\/www.shqiperia.com\/blog\/?p=54444"},"modified":"2022-02-24T14:58:25","modified_gmt":"2022-02-24T14:58:25","slug":"polonia-del-ne-gatishmeri-totale-per-te-plagosurit-ukrainas-jemi-gati-te-presim-mijera-ushtare-do-te-transportohen-me","status":"publish","type":"post","link":"https:\/\/www.shqiperia.com\/blog\/polonia-del-ne-gatishmeri-totale-per-te-plagosurit-ukrainas-jemi-gati-te-presim-mijera-ushtare-do-te-transportohen-me\/","title":{"rendered":"Polonia del n\u00eb gatishm\u00ebri totale p\u00ebr t\u00eb plagosurit ukrainas: &#8211; Jemi gati t\u00eb presim mij\u00ebra ushtar\u00eb, do t\u00eb transportohen me&#8230;"},"content":{"rendered":"<p><img data-recalc-dims=\"1\" loading=\"lazy\" decoding=\"async\" data-attachment-id=\"54445\" data-permalink=\"https:\/\/www.shqiperia.com\/blog\/polonia-del-ne-gatishmeri-totale-per-te-plagosurit-ukrainas-jemi-gati-te-presim-mijera-ushtare-do-te-transportohen-me\/800-0-62179c36c5b3f\/\" data-orig-file=\"https:\/\/i0.wp.com\/www.shqiperia.com\/blog\/wp-content\/uploads\/2022\/02\/800-0-62179c36c5b3f.jpg?fit=800%2C423&amp;ssl=1\" data-orig-size=\"800,423\" data-comments-opened=\"1\" data-image-meta=\"{&quot;aperture&quot;:&quot;0&quot;,&quot;credit&quot;:&quot;&quot;,&quot;camera&quot;:&quot;&quot;,&quot;caption&quot;:&quot;&quot;,&quot;created_timestamp&quot;:&quot;0&quot;,&quot;copyright&quot;:&quot;&quot;,&quot;focal_length&quot;:&quot;0&quot;,&quot;iso&quot;:&quot;0&quot;,&quot;shutter_speed&quot;:&quot;0&quot;,&quot;title&quot;:&quot;&quot;,&quot;orientation&quot;:&quot;0&quot;}\" data-image-title=\"-800-0-62179c36c5b3f\" data-image-description=\"\" data-image-caption=\"\" data-medium-file=\"https:\/\/i0.wp.com\/www.shqiperia.com\/blog\/wp-content\/uploads\/2022\/02\/800-0-62179c36c5b3f.jpg?fit=300%2C159&amp;ssl=1\" data-large-file=\"https:\/\/i0.wp.com\/www.shqiperia.com\/blog\/wp-content\/uploads\/2022\/02\/800-0-62179c36c5b3f.jpg?fit=800%2C423&amp;ssl=1\" class=\"alignnone  wp-image-54445\" alt=\"\" src=\"https:\/\/i0.wp.com\/www.shqiperia.com\/blog\/wp-content\/uploads\/2022\/02\/800-0-62179c36c5b3f.jpg?resize=575%2C305&#038;ssl=1\" width=\"575\" height=\"305\" srcset=\"https:\/\/i0.wp.com\/www.shqiperia.com\/blog\/wp-content\/uploads\/2022\/02\/800-0-62179c36c5b3f.jpg?resize=300%2C159&amp;ssl=1 300w, https:\/\/i0.wp.com\/www.shqiperia.com\/blog\/wp-content\/uploads\/2022\/02\/800-0-62179c36c5b3f.jpg?resize=768%2C406&amp;ssl=1 768w, https:\/\/i0.wp.com\/www.shqiperia.com\/blog\/wp-content\/uploads\/2022\/02\/800-0-62179c36c5b3f.jpg?resize=450%2C238&amp;ssl=1 450w, https:\/\/i0.wp.com\/www.shqiperia.com\/blog\/wp-content\/uploads\/2022\/02\/800-0-62179c36c5b3f.jpg?resize=600%2C317&amp;ssl=1 600w, https:\/\/i0.wp.com\/www.shqiperia.com\/blog\/wp-content\/uploads\/2022\/02\/800-0-62179c36c5b3f.jpg?resize=400%2C212&amp;ssl=1 400w, https:\/\/i0.wp.com\/www.shqiperia.com\/blog\/wp-content\/uploads\/2022\/02\/800-0-62179c36c5b3f.jpg?w=800&amp;ssl=1 800w\" sizes=\"auto, (max-width: 575px) 100vw, 575px\" \/><\/p>\n<p>Polonia del n\u00eb gatishm\u00ebri totale p\u00ebr t\u00eb plagosurit ukrainas: &#8211; Jemi gati t\u00eb presim mij\u00ebra ushtar\u00eb, do t\u00eb transportohen me&#8230;<\/p>\n<p>24 SHKURT 2022<\/p>\n<p>Polonia po p\u00ebrgatit nj\u00eb tren duke e p\u00ebrshtatur si spital t\u00eb l\u00ebvizsh\u00ebm me t\u00eb cilin do t\u00eb transportohen ukrainasit e plagosur nga pushtimi rus.<\/p>\n<p>K\u00ebshtu ka b\u00ebr\u00eb me dije ministria e Sh\u00ebndet\u00ebsis\u00eb e Polonis\u00eb, zyrtar\u00eb t\u00eb s\u00eb cil\u00ebs kan\u00eb folur p\u00ebr Reuters.<\/p>\n<p>\u201cPolonia po p\u00ebrgatitet t\u00eb pranoj\u00eb emigrant\u00eb nga Ukraina, p\u00ebrfshir\u00eb qytetar\u00ebt ukrainas t\u00eb prekur nga konflikti i armatosur.<\/p>\n<p>Ne do t\u00eb b\u00ebjm\u00eb gjith\u00e7ka p\u00ebr t\u00eb siguruar q\u00eb \u00e7do person q\u00eb hyn n\u00eb territorin e Polonis\u00eb t\u00eb ket\u00eb akses n\u00eb kujdesin sh\u00ebndet\u00ebsor, p\u00ebrfshir\u00eb shtrimin n\u00eb spital. N\u00eb spitale po p\u00ebrgatiten shtret\u00ebr p\u00ebr pranimin e t\u00eb plagosurve\u201d, thuhet ne deklarat\u00eb.<\/p>\n<p>Ministri i Sh\u00ebndet\u00ebsis\u00eb i Polonis\u00eb, Adam Niedzielski, tha se Polonia kishte p\u00ebrgatitur nj\u00eb list\u00eb me 120 spitale ku mund t\u00eb trajtoheshin personat e plagosur nga pushtimi n\u00eb Ukrain\u00eb.<\/p>\n<p>\u201cN\u00eb total, ne vler\u00ebsojm\u00eb p\u00ebr momentin se do t\u00eb kemi mund\u00ebsin\u00eb t\u00eb pranojm\u00eb disa mij\u00ebra pacient\u00eb t\u00eb l\u00ebnduar, p\u00ebrfshir\u00eb ata t\u00eb plagosur r\u00ebnd\u00eb\u201d, tha ai p\u00ebr mediat lokale.<\/p>\n<p>Gazeta Sot<\/p>\n","protected":false},"excerpt":{"rendered":"<p>Polonia del n\u00eb gatishm\u00ebri totale p\u00ebr t\u00eb plagosurit ukrainas: &#8211; Jemi gati t\u00eb presim mij\u00ebra ushtar\u00eb, do t\u00eb transportohen me&#8230; 24 SHKURT 2022 Polonia po p\u00ebrgatit nj\u00eb tren duke e p\u00ebrshtatur si spital t\u00eb l\u00ebvizsh\u00ebm me t\u00eb cilin do t\u00eb transportohen ukrainasit e plagosur nga pushtimi rus. K\u00ebshtu ka b\u00ebr\u00eb me dije ministria e Sh\u00ebndet\u00ebsis\u00eb [&hellip;]<\/p>\n","protected":false},"author":9,"featured_media":54445,"comment_status":"open","ping_status":"open","sticky":false,"template":"","format":"standard","meta":{"jetpack_post_was_ever_published":false,"_jetpack_newsletter_access":"","_jetpack_dont_email_post_to_subs":false,"_jetpack_newsletter_tier_id":0,"_jetpack_memberships_contains_paywalled_content":false,"_jetpack_memberships_contains_paid_content":false,"footnotes":"","jetpack_publicize_message":"","jetpack_publicize_feature_enabled":true,"jetpack_social_post_already_shared":true,"jetpack_social_options":{"image_generator_settings":{"template":"highway","default_image_id":0,"font":"","enabled":false},"version":2}},"categories":[27,35],"tags":[],"class_list":["post-54444","post","type-post","status-publish","format-standard","has-post-thumbnail","hentry","category-blogu-i-udhetarit","category-shoqerore"],"jetpack_publicize_connections":[],"jetpack_featured_media_url":"https:\/\/i0.wp.com\/www.shqiperia.com\/blog\/wp-content\/uploads\/2022\/02\/800-0-62179c36c5b3f.jpg?fit=800%2C423&ssl=1","jetpack_sharing_enabled":true,"jetpack_shortlink":"https:\/\/wp.me\/p5Z6wp-ea8","jetpack-related-posts":[{"id":49364,"url":"https:\/\/www.shqiperia.com\/blog\/pamje-nga-aeroporti-i-kabulit-skena-lufte-pas-shperthimit-te-plagosurit-transportohen-me-mjete-rrethanorelexime-foto\/","url_meta":{"origin":54444,"position":0},"title":"Pamje nga aeroporti i Kabulit. Skena lufte pas shp\u00ebrthimit, t\u00eb plagosurit transportohen me mjete rrethanoreLexime. (Foto)","author":"Kurt Farka","date":"August 26, 2021","format":false,"excerpt":"Pamje nga aeroporti i Kabulit. Skena lufte pas shp\u00ebrthimit, t\u00eb plagosurit transportohen me mjete rrethanoreLexime. (Foto) - 26.08.21 Skena lufte jan\u00eb par\u00eb n\u00eb Kabul pas shp\u00ebrthimit jasht\u00eb aeroportit. Pas sulmit q\u00eb dyshohet t\u00eb ishte kamikaz kan\u00eb mbetur disa t\u00eb plagosur. Nj\u00eb re tymi \u00ebsht\u00eb ngritur mbi qiell teksa panik ka\u2026","rel":"","context":"In &quot;Njoftime Shtypi&quot;","block_context":{"text":"Njoftime Shtypi","link":"https:\/\/www.shqiperia.com\/blog\/category\/njoftime-shtypi\/"},"img":{"alt_text":"","src":"https:\/\/i0.wp.com\/www.shqiperia.com\/blog\/wp-content\/uploads\/2021\/08\/E9uM5v2UUA0y2sY-2.jpg?fit=960%2C569&ssl=1&resize=350%2C200","width":350,"height":200,"srcset":"https:\/\/i0.wp.com\/www.shqiperia.com\/blog\/wp-content\/uploads\/2021\/08\/E9uM5v2UUA0y2sY-2.jpg?fit=960%2C569&ssl=1&resize=350%2C200 1x, https:\/\/i0.wp.com\/www.shqiperia.com\/blog\/wp-content\/uploads\/2021\/08\/E9uM5v2UUA0y2sY-2.jpg?fit=960%2C569&ssl=1&resize=525%2C300 1.5x, https:\/\/i0.wp.com\/www.shqiperia.com\/blog\/wp-content\/uploads\/2021\/08\/E9uM5v2UUA0y2sY-2.jpg?fit=960%2C569&ssl=1&resize=700%2C400 2x"},"classes":[]},{"id":73298,"url":"https:\/\/www.shqiperia.com\/blog\/polonia-do-te-mbylle-kufirin-per-produktet-bujqesore-ukrainase-pas-15-shtatorit\/","url_meta":{"origin":54444,"position":1},"title":"Polonia do t\u00eb mbyll\u00eb kufirin p\u00ebr produktet bujq\u00ebsore ukrainase pas 15 shtatorit","author":"Kurt Farka","date":"August 5, 2023","format":false,"excerpt":"5 Gusht 2023 Ministri polak i Bujq\u00ebsis\u00eb Robert Telus tha se vendi do t\u00eb mbyllte kufirin e tij p\u00ebr grurin ukrainas pas 15 shtatorit. \u201cEdhe n\u00ebse BE nuk merr nj\u00eb vendim t\u00eb till\u00eb, ne do t\u00eb mbyllim kufirin p\u00ebr produktet ukrainase pas 15 shtatorit. Un\u00eb mendoj se disa nga pes\u00eb\u2026","rel":"","context":"In &quot;Blogu i Udh\u00ebtarit&quot;","block_context":{"text":"Blogu i Udh\u00ebtarit","link":"https:\/\/www.shqiperia.com\/blog\/category\/blogu-i-udhetarit\/"},"img":{"alt_text":"","src":"https:\/\/i0.wp.com\/www.shqiperia.com\/blog\/wp-content\/uploads\/2023\/08\/800-0-8763df5fbe98b3704fdef9d65fce7931.jpeg?fit=800%2C457&ssl=1&resize=350%2C200","width":350,"height":200,"srcset":"https:\/\/i0.wp.com\/www.shqiperia.com\/blog\/wp-content\/uploads\/2023\/08\/800-0-8763df5fbe98b3704fdef9d65fce7931.jpeg?fit=800%2C457&ssl=1&resize=350%2C200 1x, https:\/\/i0.wp.com\/www.shqiperia.com\/blog\/wp-content\/uploads\/2023\/08\/800-0-8763df5fbe98b3704fdef9d65fce7931.jpeg?fit=800%2C457&ssl=1&resize=525%2C300 1.5x, https:\/\/i0.wp.com\/www.shqiperia.com\/blog\/wp-content\/uploads\/2023\/08\/800-0-8763df5fbe98b3704fdef9d65fce7931.jpeg?fit=800%2C457&ssl=1&resize=700%2C400 2x"},"classes":[]},{"id":100222,"url":"https:\/\/www.shqiperia.com\/blog\/nato-ne-alarm-avionet-luftarake-ngrihen-ne-poloni-pas-sulmeve-ruse-me-drone\/","url_meta":{"origin":54444,"position":2},"title":"NATO n\u00eb alarm, avion\u00ebt luftarak\u00eb ngrihen n\u00eb Poloni pas sulmeve ruse me dron\u00eb","author":"Kurt Farka","date":"May 13, 2026","format":false,"excerpt":"13 Maji 2026 Sipas ushtris\u00eb polake, sulmet ruse u intensifikuan pas p\u00ebrfundimit t\u00eb arm\u00ebpushimit treditor t\u00eb shpallur nga Moska. Komanda Operacionale e Forcave t\u00eb Armatosura t\u00eb Polonis\u00eb njoftoi se n\u00eb gatishm\u00ebri jan\u00eb vendosur avion\u00eb luftarak\u00eb, helikopter\u00eb, sisteme kund\u00ebrajrore dhe radar\u00eb. \u201cOperacionet kan\u00eb karakter parandalues dhe synojn\u00eb mbrojtjen e hap\u00ebsir\u00ebs ajrore,\u2026","rel":"","context":"In &quot;Blogu i Udh\u00ebtarit&quot;","block_context":{"text":"Blogu i Udh\u00ebtarit","link":"https:\/\/www.shqiperia.com\/blog\/category\/blogu-i-udhetarit\/"},"img":{"alt_text":"","src":"https:\/\/i0.wp.com\/www.shqiperia.com\/blog\/wp-content\/uploads\/2026\/05\/avione-luftarak.jpg?fit=877%2C656&ssl=1&resize=350%2C200","width":350,"height":200,"srcset":"https:\/\/i0.wp.com\/www.shqiperia.com\/blog\/wp-content\/uploads\/2026\/05\/avione-luftarak.jpg?fit=877%2C656&ssl=1&resize=350%2C200 1x, https:\/\/i0.wp.com\/www.shqiperia.com\/blog\/wp-content\/uploads\/2026\/05\/avione-luftarak.jpg?fit=877%2C656&ssl=1&resize=525%2C300 1.5x, https:\/\/i0.wp.com\/www.shqiperia.com\/blog\/wp-content\/uploads\/2026\/05\/avione-luftarak.jpg?fit=877%2C656&ssl=1&resize=700%2C400 2x"},"classes":[]},{"id":64390,"url":"https:\/\/www.shqiperia.com\/blog\/polonia-vendos-ushtrine-ne-gatishmeri-mund-te-aktivizohet-neni-4-i-nato-s\/","url_meta":{"origin":54444,"position":3},"title":"Polonia vendos ushtrin\u00eb n\u00eb gatishm\u00ebri, mund t\u00eb aktivizohet neni 4 i NATO-s","author":"Kurt Farka","date":"November 15, 2022","format":false,"excerpt":"15 Nentor 2022 \u201cUshtria polake \u00ebsht\u00eb v\u00ebn\u00eb n\u00eb gatishm\u00ebri\u201d,\u00a0njoftoi z\u00ebdh\u00ebn\u00ebsi i qeveris\u00eb, pas mbledhjes s\u00eb Komitetit t\u00eb Siguris\u00eb t\u00eb mbajtur sonte n\u00eb Varshav\u00eb. Qeveria polake ka dh\u00ebn\u00eb nj\u00eb reagim zyrtar pas r\u00ebnies s\u00eb raketave ruse k\u00ebt\u00eb mbr\u00ebmje n\u00eb fshatin polak, n\u00eb af\u00ebrsi t\u00eb kufirit me Ukrain\u00ebn. Sky News,\u00a0raporton se qeveria\u2026","rel":"","context":"In &quot;Blogu i Udh\u00ebtarit&quot;","block_context":{"text":"Blogu i Udh\u00ebtarit","link":"https:\/\/www.shqiperia.com\/blog\/category\/blogu-i-udhetarit\/"},"img":{"alt_text":"","src":"https:\/\/i0.wp.com\/www.shqiperia.com\/blog\/wp-content\/uploads\/2022\/11\/640-0-63740acd3f156.jpg?fit=640%2C405&ssl=1&resize=350%2C200","width":350,"height":200,"srcset":"https:\/\/i0.wp.com\/www.shqiperia.com\/blog\/wp-content\/uploads\/2022\/11\/640-0-63740acd3f156.jpg?fit=640%2C405&ssl=1&resize=350%2C200 1x, https:\/\/i0.wp.com\/www.shqiperia.com\/blog\/wp-content\/uploads\/2022\/11\/640-0-63740acd3f156.jpg?fit=640%2C405&ssl=1&resize=525%2C300 1.5x"},"classes":[]},{"id":103297,"url":"https:\/\/www.shqiperia.com\/blog\/rama-nga-baza-ajrore-e-farkes-jemi-gati-tu-shkojme-ne-ndihme-mohon-zjarret-ne-shqiperi-vlora-e-mbuluar-nga-tymi\/","url_meta":{"origin":54444,"position":4},"title":"Rama nga Baza Ajrore e Fark\u00ebs: &#8211; Jemi gati t\u2019u shkojm\u00eb n\u00eb ndihm\u00eb. Mohon Zjarret ne Shqiperi. Vlora e mbuluar nga Tymi","author":"Kurt Farka","date":"July 27, 2026","format":false,"excerpt":"27 Korrik 2026 Kryeministri Edi Rama ka shprehur solidaritetin e Shqip\u00ebris\u00eb me Franc\u00ebn dhe Spanj\u00ebn, t\u00eb cilat po p\u00ebrballen me zjarre t\u00eb p\u00ebrmasave t\u00eb m\u00ebdha, duke theksuar se ndryshimet klimatike po e b\u00ebjn\u00eb k\u00ebt\u00eb fenomen nj\u00eb sfid\u00eb t\u00eb p\u00ebrbashk\u00ebt p\u00ebr t\u00eb gjitha vendet. Gjat\u00eb nj\u00eb takimi n\u00eb Baz\u00ebn Ajrore t\u00eb\u2026","rel":"","context":"In &quot;Blogu i Udh\u00ebtarit&quot;","block_context":{"text":"Blogu i Udh\u00ebtarit","link":"https:\/\/www.shqiperia.com\/blog\/category\/blogu-i-udhetarit\/"},"img":{"alt_text":"","src":"https:\/\/i0.wp.com\/www.shqiperia.com\/blog\/wp-content\/uploads\/2026\/07\/Edi-Rama-2-1.jpg?fit=1200%2C674&ssl=1&resize=350%2C200","width":350,"height":200,"srcset":"https:\/\/i0.wp.com\/www.shqiperia.com\/blog\/wp-content\/uploads\/2026\/07\/Edi-Rama-2-1.jpg?fit=1200%2C674&ssl=1&resize=350%2C200 1x, https:\/\/i0.wp.com\/www.shqiperia.com\/blog\/wp-content\/uploads\/2026\/07\/Edi-Rama-2-1.jpg?fit=1200%2C674&ssl=1&resize=525%2C300 1.5x, https:\/\/i0.wp.com\/www.shqiperia.com\/blog\/wp-content\/uploads\/2026\/07\/Edi-Rama-2-1.jpg?fit=1200%2C674&ssl=1&resize=700%2C400 2x, https:\/\/i0.wp.com\/www.shqiperia.com\/blog\/wp-content\/uploads\/2026\/07\/Edi-Rama-2-1.jpg?fit=1200%2C674&ssl=1&resize=1050%2C600 3x"},"classes":[]},{"id":104983,"url":"https:\/\/www.shqiperia.com\/blog\/dhermi-tymi-i-zjarrit-perhapet-ne-te-gjithe-plazhin-largohen-pushuesit\/","url_meta":{"origin":54444,"position":5},"title":"Dh\u00ebrmi tymi i zjarrit p\u00ebrhapet n\u00eb t\u00eb gjith\u00eb plazhin! Largohen pushuesit","author":"Kurt Farka","date":"August 22, 2026","format":false,"excerpt":"22 Gusht 2026 Nga: Top Channel Zjarri n\u00eb malin e \u00c7ik\u00ebs vazhdon p\u00ebr t\u00eb tret\u00ebn dit\u00eb, nd\u00ebrsa pasditen e sotme flak\u00ebt kan\u00eb zbritur edhe m\u00eb posht\u00eb duke iu afruar fshatit Dh\u00ebrmi. Nga tymi q\u00eb ka p\u00ebrfshir\u00eb k\u00ebt\u00eb zon\u00eb ka larguar dhe pushuesit nga plazhi, pasi era q\u00eb fryn nga jugu\u2026","rel":"","context":"In &quot;Blogu i Udh\u00ebtarit&quot;","block_context":{"text":"Blogu i Udh\u00ebtarit","link":"https:\/\/www.shqiperia.com\/blog\/category\/blogu-i-udhetarit\/"},"img":{"alt_text":"","src":"https:\/\/i0.wp.com\/www.shqiperia.com\/blog\/wp-content\/uploads\/2026\/08\/dhermi-1.webp?fit=1200%2C675&ssl=1&resize=350%2C200","width":350,"height":200,"srcset":"https:\/\/i0.wp.com\/www.shqiperia.com\/blog\/wp-content\/uploads\/2026\/08\/dhermi-1.webp?fit=1200%2C675&ssl=1&resize=350%2C200 1x, https:\/\/i0.wp.com\/www.shqiperia.com\/blog\/wp-content\/uploads\/2026\/08\/dhermi-1.webp?fit=1200%2C675&ssl=1&resize=525%2C300 1.5x, https:\/\/i0.wp.com\/www.shqiperia.com\/blog\/wp-content\/uploads\/2026\/08\/dhermi-1.webp?fit=1200%2C675&ssl=1&resize=700%2C400 2x, https:\/\/i0.wp.com\/www.shqiperia.com\/blog\/wp-content\/uploads\/2026\/08\/dhermi-1.webp?fit=1200%2C675&ssl=1&resize=1050%2C600 3x"},"classes":[]}],"_links":{"self":[{"href":"https:\/\/www.shqiperia.com\/blog\/wp-json\/wp\/v2\/posts\/54444","targetHints":{"allow":["GET"]}}],"collection":[{"href":"https:\/\/www.shqiperia.com\/blog\/wp-json\/wp\/v2\/posts"}],"about":[{"href":"https:\/\/www.shqiperia.com\/blog\/wp-json\/wp\/v2\/types\/post"}],"author":[{"embeddable":true,"href":"https:\/\/www.shqiperia.com\/blog\/wp-json\/wp\/v2\/users\/9"}],"replies":[{"embeddable":true,"href":"https:\/\/www.shqiperia.com\/blog\/wp-json\/wp\/v2\/comments?post=54444"}],"version-history":[{"count":1,"href":"https:\/\/www.shqiperia.com\/blog\/wp-json\/wp\/v2\/posts\/54444\/revisions"}],"predecessor-version":[{"id":54446,"href":"https:\/\/www.shqiperia.com\/blog\/wp-json\/wp\/v2\/posts\/54444\/revisions\/54446"}],"wp:featuredmedia":[{"embeddable":true,"href":"https:\/\/www.shqiperia.com\/blog\/wp-json\/wp\/v2\/media\/54445"}],"wp:attachment":[{"href":"https:\/\/www.shqiperia.com\/blog\/wp-json\/wp\/v2\/media?parent=54444"}],"wp:term":[{"taxonomy":"category","embeddable":true,"href":"https:\/\/www.shqiperia.com\/blog\/wp-json\/wp\/v2\/categories?post=54444"},{"taxonomy":"post_tag","embeddable":true,"href":"https:\/\/www.shqiperia.com\/blog\/wp-json\/wp\/v2\/tags?post=54444"}],"curies":[{"name":"wp","href":"https:\/\/api.w.org\/{rel}","templated":true}]}}