{"id":54440,"date":"2022-02-24T13:50:38","date_gmt":"2022-02-24T13:50:38","guid":{"rendered":"https:\/\/www.shqiperia.com\/blog\/?p=54440"},"modified":"2022-02-24T13:50:38","modified_gmt":"2022-02-24T13:50:38","slug":"lufta-ne-ukraine-presidenti-francez-macron-do-kete-pasoja-ne-jeten-tone-dhe","status":"publish","type":"post","link":"https:\/\/www.shqiperia.com\/blog\/lufta-ne-ukraine-presidenti-francez-macron-do-kete-pasoja-ne-jeten-tone-dhe\/","title":{"rendered":"\u201cLufta n\u00eb Ukrain\u00eb\u201d, Presidenti francez Macron: &#8211; Do ket\u00eb pasoja n\u00eb jet\u00ebn ton\u00eb dhe\u2026"},"content":{"rendered":"<p><img data-recalc-dims=\"1\" loading=\"lazy\" decoding=\"async\" data-attachment-id=\"54441\" data-permalink=\"https:\/\/www.shqiperia.com\/blog\/lufta-ne-ukraine-presidenti-francez-macron-do-kete-pasoja-ne-jeten-tone-dhe\/800-0-24e61f6dde73c4faed0b9c4b553d3cd2\/\" data-orig-file=\"https:\/\/i0.wp.com\/www.shqiperia.com\/blog\/wp-content\/uploads\/2022\/02\/800-0-24e61f6dde73c4faed0b9c4b553d3cd2.jpg?fit=800%2C464&amp;ssl=1\" data-orig-size=\"800,464\" data-comments-opened=\"1\" data-image-meta=\"{&quot;aperture&quot;:&quot;0&quot;,&quot;credit&quot;:&quot;&quot;,&quot;camera&quot;:&quot;&quot;,&quot;caption&quot;:&quot;&quot;,&quot;created_timestamp&quot;:&quot;0&quot;,&quot;copyright&quot;:&quot;&quot;,&quot;focal_length&quot;:&quot;0&quot;,&quot;iso&quot;:&quot;0&quot;,&quot;shutter_speed&quot;:&quot;0&quot;,&quot;title&quot;:&quot;&quot;,&quot;orientation&quot;:&quot;0&quot;}\" data-image-title=\"-800-0-24e61f6dde73c4faed0b9c4b553d3cd2\" data-image-description=\"\" data-image-caption=\"\" data-medium-file=\"https:\/\/i0.wp.com\/www.shqiperia.com\/blog\/wp-content\/uploads\/2022\/02\/800-0-24e61f6dde73c4faed0b9c4b553d3cd2.jpg?fit=300%2C174&amp;ssl=1\" data-large-file=\"https:\/\/i0.wp.com\/www.shqiperia.com\/blog\/wp-content\/uploads\/2022\/02\/800-0-24e61f6dde73c4faed0b9c4b553d3cd2.jpg?fit=800%2C464&amp;ssl=1\" class=\"alignnone  wp-image-54441\" alt=\"\" src=\"https:\/\/i0.wp.com\/www.shqiperia.com\/blog\/wp-content\/uploads\/2022\/02\/800-0-24e61f6dde73c4faed0b9c4b553d3cd2.jpg?resize=552%2C320&#038;ssl=1\" width=\"552\" height=\"320\" srcset=\"https:\/\/i0.wp.com\/www.shqiperia.com\/blog\/wp-content\/uploads\/2022\/02\/800-0-24e61f6dde73c4faed0b9c4b553d3cd2.jpg?resize=300%2C174&amp;ssl=1 300w, https:\/\/i0.wp.com\/www.shqiperia.com\/blog\/wp-content\/uploads\/2022\/02\/800-0-24e61f6dde73c4faed0b9c4b553d3cd2.jpg?resize=768%2C445&amp;ssl=1 768w, https:\/\/i0.wp.com\/www.shqiperia.com\/blog\/wp-content\/uploads\/2022\/02\/800-0-24e61f6dde73c4faed0b9c4b553d3cd2.jpg?resize=450%2C261&amp;ssl=1 450w, https:\/\/i0.wp.com\/www.shqiperia.com\/blog\/wp-content\/uploads\/2022\/02\/800-0-24e61f6dde73c4faed0b9c4b553d3cd2.jpg?resize=600%2C348&amp;ssl=1 600w, https:\/\/i0.wp.com\/www.shqiperia.com\/blog\/wp-content\/uploads\/2022\/02\/800-0-24e61f6dde73c4faed0b9c4b553d3cd2.jpg?resize=400%2C232&amp;ssl=1 400w, https:\/\/i0.wp.com\/www.shqiperia.com\/blog\/wp-content\/uploads\/2022\/02\/800-0-24e61f6dde73c4faed0b9c4b553d3cd2.jpg?w=800&amp;ssl=1 800w\" sizes=\"auto, (max-width: 552px) 100vw, 552px\" \/><\/p>\n<p>\u201cLufta n\u00eb Ukrain\u00eb\u201d, Presidenti francez Macron: &#8211; Do ket\u00eb pasoja n\u00eb jet\u00ebn ton\u00eb dhe\u2026<\/p>\n<p>24 SHKURT 2022<\/p>\n<p>N\u00eb nj\u00eb fjalim televiziv drejtuar kombit t\u00eb tij, presidenti francez Emmanuel Macron tha se Vladimir Putin kishte shp\u00ebrfillur sovranitetin e Ukrain\u00ebs duke shkaktuar \u201csulmin m\u00eb serioz ndaj paqes dhe stabilitetit n\u00eb Evrop\u00eb p\u00ebr dekada t\u00eb t\u00ebra\u201d, raporton The Guardian.<\/p>\n<p>Macron tha se Franca do t\u00eb p\u00ebrgjigjet \u201cpa dob\u00ebsi\u201d dhe \u201cme k\u00ebmb\u00ebngulje, vendosm\u00ebri dhe unitet\u201d.<\/p>\n<p>Vendimet njoftoi presidenti francez do t\u00eb merren sot n\u00eb nj\u00eb takim t\u00eb liderave t\u00eb G7, si dhe n\u00eb K\u00ebshillin Evropian n\u00eb Bruksel dhe nj\u00eb samit t\u00eb NATO-s qe eshte planifikuar per te premten mbrema.<\/p>\n<p>Macron tha se ngjarjet n\u00eb Ukrain\u00eb ishin \u201cnj\u00eb pik\u00eb kthese n\u00eb historin\u00eb e Evrop\u00ebs dhe Franc\u00ebs\u201d, duke shtuar se \u201cato do t\u00eb ken\u00eb pasoja t\u00eb q\u00ebndrueshme dhe t\u00eb thella n\u00eb jet\u00ebn ton\u00eb. Ato do t\u00eb ken\u00eb pasoja n\u00eb gjeopolitik\u00ebn e kontinentit ton\u00eb.\u201d<\/p>\n<p>Sipas mediave nderkombetare, Macron beri te qarte qe sanksionet kund\u00ebr Rusis\u00eb do t\u00eb ishin n\u00eb nj\u00eb nivel me \u201cagresionin p\u00ebr t\u00eb cilin ajo \u00ebsht\u00eb fajtore\u201d.<\/p>\n<p>Presidenti francez tha se nuk do t\u00eb ket\u00eb \u201cdob\u00ebsi\u201d n\u00eb nivelin ushtarak dhe ekonomik, \u201cne do t\u00eb mb\u00ebshtesim Ukrain\u00ebn pa hezitim\u201d dhe \u201cne do t\u00eb mbrojm\u00eb sovranitetin dhe sigurin\u00eb e aleat\u00ebve tan\u00eb\u201d.<\/p>\n<p>Franca ka th\u00ebn\u00eb m\u00eb par\u00eb se ishte gati t\u00eb p\u00ebrforconte pranin\u00eb e saj n\u00eb pozicionet e avancuara t\u00eb NATO-s n\u00eb Rumani dhe t\u00eb d\u00ebrgonte forca shtes\u00eb n\u00eb Rumani. Kjo ka t\u00eb ngjar\u00eb t\u00eb diskutohet nga Franca n\u00eb samitin e NATO-s nes\u00ebr.<\/p>\n<p>Gazeta Sot<\/p>\n","protected":false},"excerpt":{"rendered":"<p>\u201cLufta n\u00eb Ukrain\u00eb\u201d, Presidenti francez Macron: &#8211; Do ket\u00eb pasoja n\u00eb jet\u00ebn ton\u00eb dhe\u2026 24 SHKURT 2022 N\u00eb nj\u00eb fjalim televiziv drejtuar kombit t\u00eb tij, presidenti francez Emmanuel Macron tha se Vladimir Putin kishte shp\u00ebrfillur sovranitetin e Ukrain\u00ebs duke shkaktuar \u201csulmin m\u00eb serioz ndaj paqes dhe stabilitetit n\u00eb Evrop\u00eb p\u00ebr dekada t\u00eb t\u00ebra\u201d, raporton The [&hellip;]<\/p>\n","protected":false},"author":9,"featured_media":54441,"comment_status":"open","ping_status":"open","sticky":false,"template":"","format":"standard","meta":{"jetpack_post_was_ever_published":false,"_jetpack_newsletter_access":"","_jetpack_dont_email_post_to_subs":false,"_jetpack_newsletter_tier_id":0,"_jetpack_memberships_contains_paywalled_content":false,"_jetpack_memberships_contains_paid_content":false,"footnotes":"","jetpack_publicize_message":"","jetpack_publicize_feature_enabled":true,"jetpack_social_post_already_shared":true,"jetpack_social_options":{"image_generator_settings":{"template":"highway","default_image_id":0,"font":"","enabled":false},"version":2}},"categories":[27,1],"tags":[],"class_list":["post-54440","post","type-post","status-publish","format-standard","has-post-thumbnail","hentry","category-blogu-i-udhetarit","category-njoftime-shtypi"],"jetpack_publicize_connections":[],"jetpack_featured_media_url":"https:\/\/i0.wp.com\/www.shqiperia.com\/blog\/wp-content\/uploads\/2022\/02\/800-0-24e61f6dde73c4faed0b9c4b553d3cd2.jpg?fit=800%2C464&ssl=1","jetpack_sharing_enabled":true,"jetpack_shortlink":"https:\/\/wp.me\/p5Z6wp-ea4","jetpack-related-posts":[{"id":102343,"url":"https:\/\/www.shqiperia.com\/blog\/shperthim-prane-hotelit-ku-pritej-te-akomodohej-emmanuel-macron-ne-damask-rriten-masat-e-sigurise\/","url_meta":{"origin":54440,"position":0},"title":"Shp\u00ebrthim pran\u00eb hotelit ku pritej t\u00eb akomodohej Emmanuel Macron n\u00eb Damask\/ Rriten masat e siguris\u00eb","author":"Kurt Farka","date":"July 7, 2026","format":false,"excerpt":"7 Korrik 2026 Nj\u00eb incident i r\u00ebnd\u00eb sigurie \u00ebsht\u00eb regjistruar k\u00ebt\u00eb t\u00eb mart\u00eb n\u00eb Damask, ku nj\u00eb pajisje shp\u00ebrthyese ka shp\u00ebrthyer pran\u00eb hotelit ku ishte planifikuar t\u00eb akomodohej presidenti francez Emmanuel Macron gjat\u00eb vizit\u00ebs s\u00eb tij zyrtare n\u00eb Siri. Sipas raportimeve t\u00eb mediave nd\u00ebrkomb\u00ebtare, shp\u00ebrthimi u shkaktua nga nj\u00eb pajisje\u2026","rel":"","context":"In &quot;Blogu i Udh\u00ebtarit&quot;","block_context":{"text":"Blogu i Udh\u00ebtarit","link":"https:\/\/www.shqiperia.com\/blog\/category\/blogu-i-udhetarit\/"},"img":{"alt_text":"","src":"https:\/\/i0.wp.com\/www.shqiperia.com\/blog\/wp-content\/uploads\/2026\/07\/640-0-ddd-1783413941.png?fit=640%2C449&ssl=1&resize=350%2C200","width":350,"height":200,"srcset":"https:\/\/i0.wp.com\/www.shqiperia.com\/blog\/wp-content\/uploads\/2026\/07\/640-0-ddd-1783413941.png?fit=640%2C449&ssl=1&resize=350%2C200 1x, https:\/\/i0.wp.com\/www.shqiperia.com\/blog\/wp-content\/uploads\/2026\/07\/640-0-ddd-1783413941.png?fit=640%2C449&ssl=1&resize=525%2C300 1.5x"},"classes":[]},{"id":100641,"url":"https:\/\/www.shqiperia.com\/blog\/pershkallezim-i-pamatur-evropa-denon-perdorimin-e-raketes-oreshnik-nga-rusia\/","url_meta":{"origin":54440,"position":1},"title":"\u201cP\u00ebrshkall\u00ebzim i pamatur\u201d\/ Evropa d\u00ebnon p\u00ebrdorimin e raket\u00ebs \u2018Oreshnik\u2019 nga Rusia","author":"Kurt Farka","date":"May 25, 2026","format":false,"excerpt":"25 Maji 2026 P\u00ebrdorimi nga Rusia i raket\u00ebs balistike me rreze t\u00eb mesme veprimi \u201cOreshnik\u201d ka t\u00ebrhequr v\u00ebmendjen nd\u00ebrkomb\u00ebtare dhe ka nxitur reagime t\u00eb forta nga lider\u00ebt europian\u00eb, t\u00eb cil\u00ebt paralajm\u00ebrojn\u00eb p\u00ebr nj\u00eb p\u00ebrshkall\u00ebzim t\u00eb rreziksh\u00ebm t\u00eb luft\u00ebs n\u00eb Ukrain\u00eb. Presidenti ukrainas Volodymyr Zelensky deklaroi t\u00eb diel\u00ebn se Rusia ka\u2026","rel":"","context":"In &quot;Blogu i Udh\u00ebtarit&quot;","block_context":{"text":"Blogu i Udh\u00ebtarit","link":"https:\/\/www.shqiperia.com\/blog\/category\/blogu-i-udhetarit\/"},"img":{"alt_text":"","src":"https:\/\/i0.wp.com\/www.shqiperia.com\/blog\/wp-content\/uploads\/2026\/05\/640-0-5683dcac740cda5830981450847710fa.webp?fit=640%2C360&ssl=1&resize=350%2C200","width":350,"height":200,"srcset":"https:\/\/i0.wp.com\/www.shqiperia.com\/blog\/wp-content\/uploads\/2026\/05\/640-0-5683dcac740cda5830981450847710fa.webp?fit=640%2C360&ssl=1&resize=350%2C200 1x, https:\/\/i0.wp.com\/www.shqiperia.com\/blog\/wp-content\/uploads\/2026\/05\/640-0-5683dcac740cda5830981450847710fa.webp?fit=640%2C360&ssl=1&resize=525%2C300 1.5x"},"classes":[]},{"id":101734,"url":"https:\/\/www.shqiperia.com\/blog\/eurodeputetja-franceze-kritikon-macron-per-takimin-me-ramen-dhe-mbeshtet-protestat-ne-tirane\/","url_meta":{"origin":54440,"position":2},"title":"Eurodeputetja franceze kritikon Macron p\u00ebr takimin me Ram\u00ebn dhe mb\u00ebshtet protestat n\u00eb Tiran\u00eb","author":"Kurt Farka","date":"June 23, 2026","format":false,"excerpt":"23 Qershor 2026 Eurodeputetja franceze Manon Aubry ka reaguar publikisht p\u00ebr zhvillimet e fundit politike n\u00eb Shqip\u00ebri, duke kritikuar presidentin francez Emmanuel Macron p\u00ebr takimin me kryeministrin Edi Rama dhe duke shprehur hapur mb\u00ebshtetjen p\u00ebr protestat qytetare q\u00eb po zhvillohen n\u00eb vend. N\u00eb q\u00ebndrimin e saj, Aubry shfaqet kund\u00ebr asaj\u2026","rel":"","context":"In &quot;Blogu i Udh\u00ebtarit&quot;","block_context":{"text":"Blogu i Udh\u00ebtarit","link":"https:\/\/www.shqiperia.com\/blog\/category\/blogu-i-udhetarit\/"},"img":{"alt_text":"","src":"https:\/\/i0.wp.com\/www.shqiperia.com\/blog\/wp-content\/uploads\/2026\/06\/IMG_3892-1.jpeg?fit=696%2C464&ssl=1&resize=350%2C200","width":350,"height":200,"srcset":"https:\/\/i0.wp.com\/www.shqiperia.com\/blog\/wp-content\/uploads\/2026\/06\/IMG_3892-1.jpeg?fit=696%2C464&ssl=1&resize=350%2C200 1x, https:\/\/i0.wp.com\/www.shqiperia.com\/blog\/wp-content\/uploads\/2026\/06\/IMG_3892-1.jpeg?fit=696%2C464&ssl=1&resize=525%2C300 1.5x"},"classes":[]},{"id":103385,"url":"https:\/\/www.shqiperia.com\/blog\/ermal-beqiri-i-bleu-bashkepunetores-ne-biznes-skaf-1-mln-euro\/","url_meta":{"origin":54440,"position":3},"title":"Ermal Beqiri &#8211; I bleu bashk\u00ebpun\u00ebtores n\u00eb biznes skaf 1 mln euro","author":"Kurt Farka","date":"July 29, 2026","format":false,"excerpt":"\u00a029 Korrik 2026 Ermal Beqiri kishte patent\u00eb piloti, iu gjet\u00ebn GPS gjat\u00eb fluturimit! Pritet ekstradimi, i p\u00eblqente jeta e luksit Biznesmeni Ermal Beqiri ishte nj\u00eb personazh kontrovers, q\u00eb i p\u00eblqente jeta e luksit, i akuzuar si pjes\u00eb e dosjes s\u00eb tender\u00ebve t\u00eb AKSHI-t q\u00eb po hetohet nga SPAK dhe q\u00eb\u2026","rel":"","context":"In &quot;Blogu i Udh\u00ebtarit&quot;","block_context":{"text":"Blogu i Udh\u00ebtarit","link":"https:\/\/www.shqiperia.com\/blog\/category\/blogu-i-udhetarit\/"},"img":{"alt_text":"","src":"https:\/\/i0.wp.com\/www.shqiperia.com\/blog\/wp-content\/uploads\/2026\/07\/ermal-beqiri.jpg?fit=873%2C556&ssl=1&resize=350%2C200","width":350,"height":200,"srcset":"https:\/\/i0.wp.com\/www.shqiperia.com\/blog\/wp-content\/uploads\/2026\/07\/ermal-beqiri.jpg?fit=873%2C556&ssl=1&resize=350%2C200 1x, https:\/\/i0.wp.com\/www.shqiperia.com\/blog\/wp-content\/uploads\/2026\/07\/ermal-beqiri.jpg?fit=873%2C556&ssl=1&resize=525%2C300 1.5x, https:\/\/i0.wp.com\/www.shqiperia.com\/blog\/wp-content\/uploads\/2026\/07\/ermal-beqiri.jpg?fit=873%2C556&ssl=1&resize=700%2C400 2x"},"classes":[]},{"id":101795,"url":"https:\/\/www.shqiperia.com\/blog\/presidenti-begaj-reagon-per-here-te-pare-pas-25-ditesh-nxis-dialogun-me-kryeministrin\/","url_meta":{"origin":54440,"position":4},"title":"Presidenti Begaj reagon p\u00ebr her\u00eb t\u00eb par\u00eb pas 25 ditesh &#8211; Nxis dialogun me Kryeministrin.","author":"Kurt Farka","date":"June 25, 2026","format":false,"excerpt":"25 Qershor 2026 Presidenti\u00a0Bajram Begaj\u00a0ka reaguar p\u00ebr her\u00eb t\u00eb par\u00eb lidhur me protestat q\u00eb po zhvillohen prej 25 dit\u00ebsh radhazi n\u00eb\u00a0Tiran\u00eb, duke theksuar se e drejta e qytetar\u00ebve p\u00ebr t\u2019u shprehur dhe p\u00ebr t\u00eb marr\u00eb pjes\u00eb n\u00eb jet\u00ebn publike \u00ebsht\u00eb nj\u00eb vler\u00eb e mbrojtur nga Kushtetuta. Gjat\u00eb ceremonis\u00eb s\u00eb 100-vjetorit\u2026","rel":"","context":"In &quot;Blogu i Udh\u00ebtarit&quot;","block_context":{"text":"Blogu i Udh\u00ebtarit","link":"https:\/\/www.shqiperia.com\/blog\/category\/blogu-i-udhetarit\/"},"img":{"alt_text":"","src":"https:\/\/i0.wp.com\/www.shqiperia.com\/blog\/wp-content\/uploads\/2026\/06\/719949970_4596076797282254_8971063577264261369_n.jpg?fit=1200%2C873&ssl=1&resize=350%2C200","width":350,"height":200,"srcset":"https:\/\/i0.wp.com\/www.shqiperia.com\/blog\/wp-content\/uploads\/2026\/06\/719949970_4596076797282254_8971063577264261369_n.jpg?fit=1200%2C873&ssl=1&resize=350%2C200 1x, https:\/\/i0.wp.com\/www.shqiperia.com\/blog\/wp-content\/uploads\/2026\/06\/719949970_4596076797282254_8971063577264261369_n.jpg?fit=1200%2C873&ssl=1&resize=525%2C300 1.5x, https:\/\/i0.wp.com\/www.shqiperia.com\/blog\/wp-content\/uploads\/2026\/06\/719949970_4596076797282254_8971063577264261369_n.jpg?fit=1200%2C873&ssl=1&resize=700%2C400 2x, https:\/\/i0.wp.com\/www.shqiperia.com\/blog\/wp-content\/uploads\/2026\/06\/719949970_4596076797282254_8971063577264261369_n.jpg?fit=1200%2C873&ssl=1&resize=1050%2C600 3x"},"classes":[]},{"id":100195,"url":"https:\/\/www.shqiperia.com\/blog\/trump-drejtuar-iranit-udheheqesit-e-tij-ose-do-te-bejne-gjene-e-duhur-ose-ne-do-ta-perfundojme-punen\/","url_meta":{"origin":54440,"position":5},"title":"Trump drejtuar Iranit: &#8211; Udh\u00ebheq\u00ebsit e tij ose do t\u00eb b\u00ebjn\u00eb gj\u00ebn\u00eb e duhur, ose ne do ta p\u00ebrfundojm\u00eb pun\u00ebn","author":"Kurt Farka","date":"May 13, 2026","format":false,"excerpt":"13 Maji 2026 Me mesazhe n\u00eb \u00e7do drejtim, Donald Trump niset p\u00ebr n\u00eb Kin\u00eb ku do t\u00eb takohet me homologun e tij, Xi Jinping. N\u00eb deklaratat p\u00ebr gazetar\u00ebt t\u00eb mart\u00ebn nga Sht\u00ebpia e Bardh\u00eb, presidenti amerikan, pasi e lajkatoi Pekinin duke th\u00ebn\u00eb se \u201cne dhe Kina jemi dy superfuqit\u00eb e\u2026","rel":"","context":"In &quot;Blogu i Udh\u00ebtarit&quot;","block_context":{"text":"Blogu i Udh\u00ebtarit","link":"https:\/\/www.shqiperia.com\/blog\/category\/blogu-i-udhetarit\/"},"img":{"alt_text":"","src":"https:\/\/i0.wp.com\/www.shqiperia.com\/blog\/wp-content\/uploads\/2026\/05\/Trump.webp?fit=1168%2C656&ssl=1&resize=350%2C200","width":350,"height":200,"srcset":"https:\/\/i0.wp.com\/www.shqiperia.com\/blog\/wp-content\/uploads\/2026\/05\/Trump.webp?fit=1168%2C656&ssl=1&resize=350%2C200 1x, https:\/\/i0.wp.com\/www.shqiperia.com\/blog\/wp-content\/uploads\/2026\/05\/Trump.webp?fit=1168%2C656&ssl=1&resize=525%2C300 1.5x, https:\/\/i0.wp.com\/www.shqiperia.com\/blog\/wp-content\/uploads\/2026\/05\/Trump.webp?fit=1168%2C656&ssl=1&resize=700%2C400 2x, https:\/\/i0.wp.com\/www.shqiperia.com\/blog\/wp-content\/uploads\/2026\/05\/Trump.webp?fit=1168%2C656&ssl=1&resize=1050%2C600 3x"},"classes":[]}],"_links":{"self":[{"href":"https:\/\/www.shqiperia.com\/blog\/wp-json\/wp\/v2\/posts\/54440","targetHints":{"allow":["GET"]}}],"collection":[{"href":"https:\/\/www.shqiperia.com\/blog\/wp-json\/wp\/v2\/posts"}],"about":[{"href":"https:\/\/www.shqiperia.com\/blog\/wp-json\/wp\/v2\/types\/post"}],"author":[{"embeddable":true,"href":"https:\/\/www.shqiperia.com\/blog\/wp-json\/wp\/v2\/users\/9"}],"replies":[{"embeddable":true,"href":"https:\/\/www.shqiperia.com\/blog\/wp-json\/wp\/v2\/comments?post=54440"}],"version-history":[{"count":1,"href":"https:\/\/www.shqiperia.com\/blog\/wp-json\/wp\/v2\/posts\/54440\/revisions"}],"predecessor-version":[{"id":54442,"href":"https:\/\/www.shqiperia.com\/blog\/wp-json\/wp\/v2\/posts\/54440\/revisions\/54442"}],"wp:featuredmedia":[{"embeddable":true,"href":"https:\/\/www.shqiperia.com\/blog\/wp-json\/wp\/v2\/media\/54441"}],"wp:attachment":[{"href":"https:\/\/www.shqiperia.com\/blog\/wp-json\/wp\/v2\/media?parent=54440"}],"wp:term":[{"taxonomy":"category","embeddable":true,"href":"https:\/\/www.shqiperia.com\/blog\/wp-json\/wp\/v2\/categories?post=54440"},{"taxonomy":"post_tag","embeddable":true,"href":"https:\/\/www.shqiperia.com\/blog\/wp-json\/wp\/v2\/tags?post=54440"}],"curies":[{"name":"wp","href":"https:\/\/api.w.org\/{rel}","templated":true}]}}